{"id":1947,"date":"2018-10-25T16:19:05","date_gmt":"2018-10-25T18:19:05","guid":{"rendered":"http:\/\/srv.portalnpm.com.br\/?p=1947"},"modified":"2018-10-25T16:19:05","modified_gmt":"2018-10-25T18:19:05","slug":"homem-afirma-ter-visto-e-fotografado-fantasma-em-cemiterio-no-piaui-veja-as-imagens","status":"publish","type":"post","link":"https:\/\/portalnpm.com\/index.php\/2018\/10\/25\/homem-afirma-ter-visto-e-fotografado-fantasma-em-cemiterio-no-piaui-veja-as-imagens\/","title":{"rendered":"Homem afirma ter visto e fotografado \u2018fantasma\u2019 em cemit\u00e9rio no Piau\u00ed; veja as imagens"},"content":{"rendered":"<p style=\"text-align: justify;\">Um homem, que pediu que n\u00e3o tivesse a identidade revelada, procurou o portal Revista AZ,\u00a0para relatar a suposta apari\u00e7\u00e3o \u201cf\u00edsica\u201d de um fantasma em um cemit\u00e9rio da cidade de Esperantina. O caso teria acontecido na madrugada desta quinta-feira (25\/10), no Cemit\u00e9rio S\u00e3o Jo\u00e3o Batista, que fica na frente da ag\u00eancia do Branco do Brasil.<\/p>\n<p style=\"text-align: justify;\">Ele informou que avistou um vulto branco e resolveu fazer o retorno para averiguar. \u201cQuando eu passei, vinha r\u00e1pido e vi um vulto, foi ent\u00e3o que decidi retornar para ver o que era e vi aquele neg\u00f3cio. Peguei o celular e fiz umas fotos que n\u00e3o sa\u00edram boas porque fiquei com medo e fui embora\u201c, disse.<\/p>\n<p style=\"text-align: justify;\">Ainda segundo o relato do homem, o suposto fantasma estava do lado de dentro do cemit\u00e9rio e quando viu o homem parado no carro, o fantasma abriu o port\u00e3o e saiu do cemit\u00e9rio. \u201cQuando aquele neg\u00f3cio me viu, ele abriu o port\u00e3o e come\u00e7ou a mexer a cabe\u00e7a e fazer uns gestos\u201c, disse.<\/p>\n<p style=\"text-align: justify;\">Questionado sobre o suposto fantasma ser algu\u00e9m pregando alguma pegadinha, o homem foi enf\u00e1tico e disse que acreditou que era real. \u201cComo n\u00e3o tinha ningu\u00e9m comigo, \u00e9 dif\u00edcil algu\u00e9m acreditar em mim, mas eu fiz as fotos e l\u00e1 o bicho aparece\u201c, finalizou.<\/p>\n<div class=\"media js-img\" style=\"text-align: justify;\" contenteditable=\"false\">\n<figure><a class=\"imageRevael no-barba\" title=\"\" href=\"https:\/\/storage.stwonline.com.br\/180graus\/uploads\/ckeditor\/pictures\/1959131\/497fdad0-e064-49df-8bdf-32dad421b5dd.jpg\" data-modaal-desc=\"\" data-modaal-scope=\"modaal_1540488990454a64b94466846b\" data-rel=\"lightbox-image-0\" data-rl_title=\"\" data-rl_caption=\"\"><img decoding=\"async\" src=\"https:\/\/storage.stwonline.com.br\/180graus\/uploads\/ckeditor\/pictures\/1959131\/497fdad0-e064-49df-8bdf-32dad421b5dd.jpg\" alt=\"\" \/><\/a><\/figure>\n<\/div>\n<div class=\"media js-img\" style=\"text-align: justify;\" contenteditable=\"false\">\n<figure><a class=\"imageRevael no-barba\" title=\"\" href=\"https:\/\/storage.stwonline.com.br\/180graus\/uploads\/ckeditor\/pictures\/1959132\/homem-diz-ter-visto-espirito-em-esperantina1.png\" data-modaal-desc=\"\" data-modaal-scope=\"modaal_15404889904551bcc191929baf\" data-rel=\"lightbox-image-1\" data-rl_title=\"\" data-rl_caption=\"\"><img decoding=\"async\" src=\"https:\/\/storage.stwonline.com.br\/180graus\/uploads\/ckeditor\/pictures\/1959132\/homem-diz-ter-visto-espirito-em-esperantina1.png\" alt=\"\" \/><\/a><\/figure>\n<\/div>\n<div class=\"media js-img\" style=\"text-align: justify;\" contenteditable=\"false\">\n<figure><a class=\"imageRevael no-barba\" title=\"\" href=\"https:\/\/storage.stwonline.com.br\/180graus\/uploads\/ckeditor\/pictures\/1959133\/homem-diz-ter-visto-espirito-em-esperantina3-1.jpg\" data-modaal-desc=\"\" data-modaal-scope=\"modaal_15404889904559419d9ccee23\" data-rel=\"lightbox-image-2\" data-rl_title=\"\" data-rl_caption=\"\"><img decoding=\"async\" src=\"https:\/\/storage.stwonline.com.br\/180graus\/uploads\/ckeditor\/pictures\/1959133\/homem-diz-ter-visto-espirito-em-esperantina3-1.jpg\" alt=\"\" \/><\/a><\/figure>\n<\/div>\n<div class=\"sourceContainer\">\n<hr \/>\n<p style=\"text-align: justify;\"><strong><span class=\"source\">Fonte:<\/span>\u00a0<span class=\"sourceContent\">RevistaAZ<\/span><\/strong><\/p>\n<\/div>\n","protected":false},"excerpt":{"rendered":"<p>Um homem, que pediu que n\u00e3o tivesse a identidade revelada, procurou o portal Revista AZ,\u00a0para relatar a suposta apari\u00e7\u00e3o \u201cf\u00edsica\u201d de um fantasma em um cemit\u00e9rio da cidade de Esperantina. O caso teria acontecido na madrugada desta quinta-feira (25\/10), no Cemit\u00e9rio S\u00e3o Jo\u00e3o Batista, que fica na frente da ag\u00eancia do Branco do Brasil. Ele &hellip;<\/p>\n","protected":false},"author":3,"featured_media":1948,"comment_status":"open","ping_status":"open","sticky":false,"template":"","format":"standard","meta":{"content-type":"","rop_custom_images_group":[],"rop_custom_messages_group":[],"rop_publish_now":"initial","rop_publish_now_accounts":{"facebook_2648258775420054_1618374048415101":""},"rop_publish_now_history":[],"rop_publish_now_status":"pending","footnotes":"","_jetpack_memberships_contains_paid_content":false},"categories":[113,125],"tags":[1060,1061,459],"yoast_head":"<!-- This site is optimized with the Yoast SEO plugin v22.3 - https:\/\/yoast.com\/wordpress\/plugins\/seo\/ -->\n<title>Homem afirma ter visto e fotografado \u2018fantasma\u2019 em cemit\u00e9rio no Piau\u00ed; veja as imagens - Portal NPM<\/title>\n<meta name=\"robots\" content=\"index, follow, max-snippet:-1, max-image-preview:large, max-video-preview:-1\" \/>\n<link rel=\"canonical\" href=\"https:\/\/portalnpm.com\/index.php\/2018\/10\/25\/homem-afirma-ter-visto-e-fotografado-fantasma-em-cemiterio-no-piaui-veja-as-imagens\/\" \/>\n<meta property=\"og:locale\" content=\"pt_BR\" \/>\n<meta property=\"og:type\" content=\"article\" \/>\n<meta property=\"og:title\" content=\"Homem afirma ter visto e fotografado \u2018fantasma\u2019 em cemit\u00e9rio no Piau\u00ed; veja as imagens - Portal NPM\" \/>\n<meta property=\"og:description\" content=\"Um homem, que pediu que n\u00e3o tivesse a identidade revelada, procurou o portal Revista AZ,\u00a0para relatar a suposta apari\u00e7\u00e3o \u201cf\u00edsica\u201d de um fantasma em um cemit\u00e9rio da cidade de Esperantina. O caso teria acontecido na madrugada desta quinta-feira (25\/10), no Cemit\u00e9rio S\u00e3o Jo\u00e3o Batista, que fica na frente da ag\u00eancia do Branco do Brasil. Ele &hellip;\" \/>\n<meta property=\"og:url\" content=\"https:\/\/portalnpm.com\/index.php\/2018\/10\/25\/homem-afirma-ter-visto-e-fotografado-fantasma-em-cemiterio-no-piaui-veja-as-imagens\/\" \/>\n<meta property=\"og:site_name\" content=\"Portal NPM\" \/>\n<meta property=\"article:published_time\" content=\"2018-10-25T18:19:05+00:00\" \/>\n<meta name=\"author\" content=\"Luis Alberto\" \/>\n<meta name=\"twitter:card\" content=\"summary_large_image\" \/>\n<meta name=\"twitter:label1\" content=\"Escrito por\" \/>\n\t<meta name=\"twitter:data1\" content=\"Luis Alberto\" \/>\n\t<meta name=\"twitter:label2\" content=\"Est. tempo de leitura\" \/>\n\t<meta name=\"twitter:data2\" content=\"1 minuto\" \/>\n<script type=\"application\/ld+json\" class=\"yoast-schema-graph\">{\"@context\":\"https:\/\/schema.org\",\"@graph\":[{\"@type\":\"WebPage\",\"@id\":\"https:\/\/portalnpm.com\/index.php\/2018\/10\/25\/homem-afirma-ter-visto-e-fotografado-fantasma-em-cemiterio-no-piaui-veja-as-imagens\/\",\"url\":\"https:\/\/portalnpm.com\/index.php\/2018\/10\/25\/homem-afirma-ter-visto-e-fotografado-fantasma-em-cemiterio-no-piaui-veja-as-imagens\/\",\"name\":\"Homem afirma ter visto e fotografado \u2018fantasma\u2019 em cemit\u00e9rio no Piau\u00ed; veja as imagens - Portal NPM\",\"isPartOf\":{\"@id\":\"https:\/\/portalnpm.com\/#website\"},\"primaryImageOfPage\":{\"@id\":\"https:\/\/portalnpm.com\/index.php\/2018\/10\/25\/homem-afirma-ter-visto-e-fotografado-fantasma-em-cemiterio-no-piaui-veja-as-imagens\/#primaryimage\"},\"image\":{\"@id\":\"https:\/\/portalnpm.com\/index.php\/2018\/10\/25\/homem-afirma-ter-visto-e-fotografado-fantasma-em-cemiterio-no-piaui-veja-as-imagens\/#primaryimage\"},\"thumbnailUrl\":\"\",\"datePublished\":\"2018-10-25T18:19:05+00:00\",\"dateModified\":\"2018-10-25T18:19:05+00:00\",\"author\":{\"@id\":\"https:\/\/portalnpm.com\/#\/schema\/person\/5c8006acdf71774cd4e7a5ab98482152\"},\"breadcrumb\":{\"@id\":\"https:\/\/portalnpm.com\/index.php\/2018\/10\/25\/homem-afirma-ter-visto-e-fotografado-fantasma-em-cemiterio-no-piaui-veja-as-imagens\/#breadcrumb\"},\"inLanguage\":\"pt-BR\",\"potentialAction\":[{\"@type\":\"ReadAction\",\"target\":[\"https:\/\/portalnpm.com\/index.php\/2018\/10\/25\/homem-afirma-ter-visto-e-fotografado-fantasma-em-cemiterio-no-piaui-veja-as-imagens\/\"]}]},{\"@type\":\"ImageObject\",\"inLanguage\":\"pt-BR\",\"@id\":\"https:\/\/portalnpm.com\/index.php\/2018\/10\/25\/homem-afirma-ter-visto-e-fotografado-fantasma-em-cemiterio-no-piaui-veja-as-imagens\/#primaryimage\",\"url\":\"\",\"contentUrl\":\"\"},{\"@type\":\"BreadcrumbList\",\"@id\":\"https:\/\/portalnpm.com\/index.php\/2018\/10\/25\/homem-afirma-ter-visto-e-fotografado-fantasma-em-cemiterio-no-piaui-veja-as-imagens\/#breadcrumb\",\"itemListElement\":[{\"@type\":\"ListItem\",\"position\":1,\"name\":\"In\u00edcio\",\"item\":\"https:\/\/portalnpm.com\/\"},{\"@type\":\"ListItem\",\"position\":2,\"name\":\"Homem afirma ter visto e fotografado \u2018fantasma\u2019 em cemit\u00e9rio no Piau\u00ed; veja as imagens\"}]},{\"@type\":\"WebSite\",\"@id\":\"https:\/\/portalnpm.com\/#website\",\"url\":\"https:\/\/portalnpm.com\/\",\"name\":\"Portal NPM\",\"description\":\"Not\u00edcias em Primeira M\u00e3o\",\"potentialAction\":[{\"@type\":\"SearchAction\",\"target\":{\"@type\":\"EntryPoint\",\"urlTemplate\":\"https:\/\/portalnpm.com\/?s={search_term_string}\"},\"query-input\":\"required name=search_term_string\"}],\"inLanguage\":\"pt-BR\"},{\"@type\":\"Person\",\"@id\":\"https:\/\/portalnpm.com\/#\/schema\/person\/5c8006acdf71774cd4e7a5ab98482152\",\"name\":\"Luis Alberto\",\"image\":{\"@type\":\"ImageObject\",\"inLanguage\":\"pt-BR\",\"@id\":\"https:\/\/portalnpm.com\/#\/schema\/person\/image\/\",\"url\":\"https:\/\/portalnpm.com\/wp-content\/uploads\/2024\/12\/avatar_user_3_1734699769-96x96.jpeg\",\"contentUrl\":\"https:\/\/portalnpm.com\/wp-content\/uploads\/2024\/12\/avatar_user_3_1734699769-96x96.jpeg\",\"caption\":\"Luis Alberto\"},\"description\":\"Editor-geral do Portal NPM, \u00e9 formado como T\u00e9cnico em Seguran\u00e7a do Trabalho pela Escola Metropolitana de Cursos T\u00e9cnicos. Det\u00e9m ainda licenciatura em Educa\u00e7\u00e3o F\u00edsica e bacharelado em Ci\u00eancias Pol\u00edticas, ambos obtidos pela institui\u00e7\u00e3o Anhanguera\/UNOPAR.\",\"url\":\"https:\/\/portalnpm.com\/index.php\/author\/pereira\/\"}]}<\/script>\n<!-- \/ Yoast SEO plugin. -->","yoast_head_json":{"title":"Homem afirma ter visto e fotografado \u2018fantasma\u2019 em cemit\u00e9rio no Piau\u00ed; veja as imagens - Portal NPM","robots":{"index":"index","follow":"follow","max-snippet":"max-snippet:-1","max-image-preview":"max-image-preview:large","max-video-preview":"max-video-preview:-1"},"canonical":"https:\/\/portalnpm.com\/index.php\/2018\/10\/25\/homem-afirma-ter-visto-e-fotografado-fantasma-em-cemiterio-no-piaui-veja-as-imagens\/","og_locale":"pt_BR","og_type":"article","og_title":"Homem afirma ter visto e fotografado \u2018fantasma\u2019 em cemit\u00e9rio no Piau\u00ed; veja as imagens - Portal NPM","og_description":"Um homem, que pediu que n\u00e3o tivesse a identidade revelada, procurou o portal Revista AZ,\u00a0para relatar a suposta apari\u00e7\u00e3o \u201cf\u00edsica\u201d de um fantasma em um cemit\u00e9rio da cidade de Esperantina. O caso teria acontecido na madrugada desta quinta-feira (25\/10), no Cemit\u00e9rio S\u00e3o Jo\u00e3o Batista, que fica na frente da ag\u00eancia do Branco do Brasil. Ele &hellip;","og_url":"https:\/\/portalnpm.com\/index.php\/2018\/10\/25\/homem-afirma-ter-visto-e-fotografado-fantasma-em-cemiterio-no-piaui-veja-as-imagens\/","og_site_name":"Portal NPM","article_published_time":"2018-10-25T18:19:05+00:00","author":"Luis Alberto","twitter_card":"summary_large_image","twitter_misc":{"Escrito por":"Luis Alberto","Est. tempo de leitura":"1 minuto"},"schema":{"@context":"https:\/\/schema.org","@graph":[{"@type":"WebPage","@id":"https:\/\/portalnpm.com\/index.php\/2018\/10\/25\/homem-afirma-ter-visto-e-fotografado-fantasma-em-cemiterio-no-piaui-veja-as-imagens\/","url":"https:\/\/portalnpm.com\/index.php\/2018\/10\/25\/homem-afirma-ter-visto-e-fotografado-fantasma-em-cemiterio-no-piaui-veja-as-imagens\/","name":"Homem afirma ter visto e fotografado \u2018fantasma\u2019 em cemit\u00e9rio no Piau\u00ed; veja as imagens - Portal NPM","isPartOf":{"@id":"https:\/\/portalnpm.com\/#website"},"primaryImageOfPage":{"@id":"https:\/\/portalnpm.com\/index.php\/2018\/10\/25\/homem-afirma-ter-visto-e-fotografado-fantasma-em-cemiterio-no-piaui-veja-as-imagens\/#primaryimage"},"image":{"@id":"https:\/\/portalnpm.com\/index.php\/2018\/10\/25\/homem-afirma-ter-visto-e-fotografado-fantasma-em-cemiterio-no-piaui-veja-as-imagens\/#primaryimage"},"thumbnailUrl":"","datePublished":"2018-10-25T18:19:05+00:00","dateModified":"2018-10-25T18:19:05+00:00","author":{"@id":"https:\/\/portalnpm.com\/#\/schema\/person\/5c8006acdf71774cd4e7a5ab98482152"},"breadcrumb":{"@id":"https:\/\/portalnpm.com\/index.php\/2018\/10\/25\/homem-afirma-ter-visto-e-fotografado-fantasma-em-cemiterio-no-piaui-veja-as-imagens\/#breadcrumb"},"inLanguage":"pt-BR","potentialAction":[{"@type":"ReadAction","target":["https:\/\/portalnpm.com\/index.php\/2018\/10\/25\/homem-afirma-ter-visto-e-fotografado-fantasma-em-cemiterio-no-piaui-veja-as-imagens\/"]}]},{"@type":"ImageObject","inLanguage":"pt-BR","@id":"https:\/\/portalnpm.com\/index.php\/2018\/10\/25\/homem-afirma-ter-visto-e-fotografado-fantasma-em-cemiterio-no-piaui-veja-as-imagens\/#primaryimage","url":"","contentUrl":""},{"@type":"BreadcrumbList","@id":"https:\/\/portalnpm.com\/index.php\/2018\/10\/25\/homem-afirma-ter-visto-e-fotografado-fantasma-em-cemiterio-no-piaui-veja-as-imagens\/#breadcrumb","itemListElement":[{"@type":"ListItem","position":1,"name":"In\u00edcio","item":"https:\/\/portalnpm.com\/"},{"@type":"ListItem","position":2,"name":"Homem afirma ter visto e fotografado \u2018fantasma\u2019 em cemit\u00e9rio no Piau\u00ed; veja as imagens"}]},{"@type":"WebSite","@id":"https:\/\/portalnpm.com\/#website","url":"https:\/\/portalnpm.com\/","name":"Portal NPM","description":"Not\u00edcias em Primeira M\u00e3o","potentialAction":[{"@type":"SearchAction","target":{"@type":"EntryPoint","urlTemplate":"https:\/\/portalnpm.com\/?s={search_term_string}"},"query-input":"required name=search_term_string"}],"inLanguage":"pt-BR"},{"@type":"Person","@id":"https:\/\/portalnpm.com\/#\/schema\/person\/5c8006acdf71774cd4e7a5ab98482152","name":"Luis Alberto","image":{"@type":"ImageObject","inLanguage":"pt-BR","@id":"https:\/\/portalnpm.com\/#\/schema\/person\/image\/","url":"https:\/\/portalnpm.com\/wp-content\/uploads\/2024\/12\/avatar_user_3_1734699769-96x96.jpeg","contentUrl":"https:\/\/portalnpm.com\/wp-content\/uploads\/2024\/12\/avatar_user_3_1734699769-96x96.jpeg","caption":"Luis Alberto"},"description":"Editor-geral do Portal NPM, \u00e9 formado como T\u00e9cnico em Seguran\u00e7a do Trabalho pela Escola Metropolitana de Cursos T\u00e9cnicos. Det\u00e9m ainda licenciatura em Educa\u00e7\u00e3o F\u00edsica e bacharelado em Ci\u00eancias Pol\u00edticas, ambos obtidos pela institui\u00e7\u00e3o Anhanguera\/UNOPAR.","url":"https:\/\/portalnpm.com\/index.php\/author\/pereira\/"}]}},"jetpack_sharing_enabled":true,"jetpack_featured_media_url":"","_links":{"self":[{"href":"https:\/\/portalnpm.com\/index.php\/wp-json\/wp\/v2\/posts\/1947"}],"collection":[{"href":"https:\/\/portalnpm.com\/index.php\/wp-json\/wp\/v2\/posts"}],"about":[{"href":"https:\/\/portalnpm.com\/index.php\/wp-json\/wp\/v2\/types\/post"}],"author":[{"embeddable":true,"href":"https:\/\/portalnpm.com\/index.php\/wp-json\/wp\/v2\/users\/3"}],"replies":[{"embeddable":true,"href":"https:\/\/portalnpm.com\/index.php\/wp-json\/wp\/v2\/comments?post=1947"}],"version-history":[{"count":0,"href":"https:\/\/portalnpm.com\/index.php\/wp-json\/wp\/v2\/posts\/1947\/revisions"}],"wp:featuredmedia":[{"embeddable":true,"href":"https:\/\/portalnpm.com\/index.php\/wp-json\/"}],"wp:attachment":[{"href":"https:\/\/portalnpm.com\/index.php\/wp-json\/wp\/v2\/media?parent=1947"}],"wp:term":[{"taxonomy":"category","embeddable":true,"href":"https:\/\/portalnpm.com\/index.php\/wp-json\/wp\/v2\/categories?post=1947"},{"taxonomy":"post_tag","embeddable":true,"href":"https:\/\/portalnpm.com\/index.php\/wp-json\/wp\/v2\/tags?post=1947"}],"curies":[{"name":"wp","href":"https:\/\/api.w.org\/{rel}","templated":true}]}}