{"id":1967,"date":"2018-10-27T12:23:51","date_gmt":"2018-10-27T14:23:51","guid":{"rendered":"http:\/\/srv.portalnpm.com.br\/?p=1967"},"modified":"2018-10-27T12:23:51","modified_gmt":"2018-10-27T14:23:51","slug":"joaquim-barbosa-declara-voto-em-fernando-haddad","status":"publish","type":"post","link":"https:\/\/portalnpm.com\/index.php\/2018\/10\/27\/joaquim-barbosa-declara-voto-em-fernando-haddad\/","title":{"rendered":"Joaquim Barbosa declara voto em Fernando Haddad"},"content":{"rendered":"<blockquote><p>Pelo Twitter, ex-ministro do STF explica que votar \u00e9 uma \u201cescolha racional\u201d<\/p><\/blockquote>\n<p style=\"text-align: justify;\">O ex-presidente do Supremo Tribunal Federal (STF) Joaquim Barbosa declarou na manh\u00e3 deste s\u00e1bado voto no candidato do PT, Fernando Haddad. O gesto era esperado pelo petista desde o in\u00edcio do segundo turno, quando come\u00e7ou a costurar alian\u00e7as para tentar superar nas urnas Jair Bolsonaro (PSL).<\/p>\n<p style=\"text-align: justify;\">O ex-ministro explicou, em sua conta no Twitter, que o voto era uma escolha racional, e que como um dos candidatos \u201cinspira\u201d medo, ele optava por Haddad.<\/p>\n<p style=\"text-align: justify;\">\u201cVotar \u00e9 fazer uma escolha racional. Eu, por exemplo, sopesei os aspectos positivos e os negativos dos dois candidatos que restam na disputa. Pela primeira vez em 32 anos de exerc\u00edcio do direito de voto, um candidato me inspira medo. Por isso, votarei em Fernando Haddad.\u201d (Joaquim Barbosa)<\/p>\n<p style=\"text-align: justify;\">Logo ap\u00f3s o primeiro turno,<a title=\"\" href=\"https:\/\/oglobo.globo.com\/brasil\/em-busca-de-apoio-para-segundo-turno-haddad-se-encontra-com-joaquim-barbosa-23149545\">Haddad teve um encontro com Barbosa, em Bras\u00edlia<\/a>\u00a0, na tentativa de construir uma frente democr\u00e1tica.<\/p>\n<p style=\"text-align: justify;\">Barbosa \u00e9 filiado ao PSB. O partido j\u00e1 declarou apoio, no segundo turno, a Haddad. O ex-ministro havia sido convidado pela sua legenda para disputar a Presid\u00eancia da Rep\u00fablica,\u00a0 mas, em maio, decidiu n\u00e3o entrar na disputa pelo Pal\u00e1cio do Planalto por raz\u00e3o &#8220;estritamente pessoal&#8221;.<\/p>\n<p style=\"text-align: justify;\">No Supremo, o ex-ministro foi relator do mensal\u00e3o, primeiro grande esc\u00e2ndalo da era petista no poder, em 2002. Na a\u00e7\u00e3o, Barbosa foi favor\u00e1vel \u00e0s condena\u00e7\u00f5es de dois ex-presidentes do PT: Jos\u00e9 Dirceu e Jos\u00e9 Genoino. A dupla acabou condenada e cumpriu pena de pris\u00e3o.<\/p>\n<p style=\"text-align: justify;\"><strong>Fonte: O Globo<\/strong><\/p>\n","protected":false},"excerpt":{"rendered":"<p>Pelo Twitter, ex-ministro do STF explica que votar \u00e9 uma \u201cescolha racional\u201d O ex-presidente do Supremo Tribunal Federal (STF) Joaquim Barbosa declarou na manh\u00e3 deste s\u00e1bado voto no candidato do PT, Fernando Haddad. O gesto era esperado pelo petista desde o in\u00edcio do segundo turno, quando come\u00e7ou a costurar alian\u00e7as para tentar superar nas urnas &hellip;<\/p>\n","protected":false},"author":4,"featured_media":1968,"comment_status":"open","ping_status":"open","sticky":false,"template":"","format":"standard","meta":{"content-type":"","rop_custom_images_group":[],"rop_custom_messages_group":[],"rop_publish_now":"initial","rop_publish_now_accounts":{"facebook_2648258775420054_1618374048415101":""},"rop_publish_now_history":[],"rop_publish_now_status":"pending","footnotes":"","_jetpack_memberships_contains_paid_content":false},"categories":[113,130],"tags":[1065,744,1066],"yoast_head":"<!-- This site is optimized with the Yoast SEO plugin v22.3 - https:\/\/yoast.com\/wordpress\/plugins\/seo\/ -->\n<title>Joaquim Barbosa declara voto em Fernando Haddad - Portal NPM<\/title>\n<meta name=\"robots\" content=\"index, follow, max-snippet:-1, max-image-preview:large, max-video-preview:-1\" \/>\n<link rel=\"canonical\" href=\"https:\/\/portalnpm.com\/index.php\/2018\/10\/27\/joaquim-barbosa-declara-voto-em-fernando-haddad\/\" \/>\n<meta property=\"og:locale\" content=\"pt_BR\" \/>\n<meta property=\"og:type\" content=\"article\" \/>\n<meta property=\"og:title\" content=\"Joaquim Barbosa declara voto em Fernando Haddad - Portal NPM\" \/>\n<meta property=\"og:description\" content=\"Pelo Twitter, ex-ministro do STF explica que votar \u00e9 uma \u201cescolha racional\u201d O ex-presidente do Supremo Tribunal Federal (STF) Joaquim Barbosa declarou na manh\u00e3 deste s\u00e1bado voto no candidato do PT, Fernando Haddad. O gesto era esperado pelo petista desde o in\u00edcio do segundo turno, quando come\u00e7ou a costurar alian\u00e7as para tentar superar nas urnas &hellip;\" \/>\n<meta property=\"og:url\" content=\"https:\/\/portalnpm.com\/index.php\/2018\/10\/27\/joaquim-barbosa-declara-voto-em-fernando-haddad\/\" \/>\n<meta property=\"og:site_name\" content=\"Portal NPM\" \/>\n<meta property=\"article:published_time\" content=\"2018-10-27T14:23:51+00:00\" \/>\n<meta property=\"og:image\" content=\"https:\/\/portalnpm.com\/wp-content\/uploads\/2018\/10\/xJoaquim-Barbosa.jpg.pagespeed.ic_.WfOX20k0Ad.jpg\" \/>\n\t<meta property=\"og:image:width\" content=\"666\" \/>\n\t<meta property=\"og:image:height\" content=\"375\" \/>\n\t<meta property=\"og:image:type\" content=\"image\/jpeg\" \/>\n<meta name=\"author\" content=\"Reda\u00e7\u00e3o\" \/>\n<meta name=\"twitter:card\" content=\"summary_large_image\" \/>\n<meta name=\"twitter:label1\" content=\"Escrito por\" \/>\n\t<meta name=\"twitter:data1\" content=\"Reda\u00e7\u00e3o\" \/>\n\t<meta name=\"twitter:label2\" content=\"Est. tempo de leitura\" \/>\n\t<meta name=\"twitter:data2\" content=\"1 minuto\" \/>\n<script type=\"application\/ld+json\" class=\"yoast-schema-graph\">{\"@context\":\"https:\/\/schema.org\",\"@graph\":[{\"@type\":\"WebPage\",\"@id\":\"https:\/\/portalnpm.com\/index.php\/2018\/10\/27\/joaquim-barbosa-declara-voto-em-fernando-haddad\/\",\"url\":\"https:\/\/portalnpm.com\/index.php\/2018\/10\/27\/joaquim-barbosa-declara-voto-em-fernando-haddad\/\",\"name\":\"Joaquim Barbosa declara voto em Fernando Haddad - Portal NPM\",\"isPartOf\":{\"@id\":\"https:\/\/portalnpm.com\/#website\"},\"primaryImageOfPage\":{\"@id\":\"https:\/\/portalnpm.com\/index.php\/2018\/10\/27\/joaquim-barbosa-declara-voto-em-fernando-haddad\/#primaryimage\"},\"image\":{\"@id\":\"https:\/\/portalnpm.com\/index.php\/2018\/10\/27\/joaquim-barbosa-declara-voto-em-fernando-haddad\/#primaryimage\"},\"thumbnailUrl\":\"https:\/\/portalnpm.com\/wp-content\/uploads\/2018\/10\/xJoaquim-Barbosa.jpg.pagespeed.ic_.WfOX20k0Ad.jpg\",\"datePublished\":\"2018-10-27T14:23:51+00:00\",\"dateModified\":\"2018-10-27T14:23:51+00:00\",\"author\":{\"@id\":\"https:\/\/portalnpm.com\/#\/schema\/person\/0b5f230ec96cee25504fa328e7f2b733\"},\"breadcrumb\":{\"@id\":\"https:\/\/portalnpm.com\/index.php\/2018\/10\/27\/joaquim-barbosa-declara-voto-em-fernando-haddad\/#breadcrumb\"},\"inLanguage\":\"pt-BR\",\"potentialAction\":[{\"@type\":\"ReadAction\",\"target\":[\"https:\/\/portalnpm.com\/index.php\/2018\/10\/27\/joaquim-barbosa-declara-voto-em-fernando-haddad\/\"]}]},{\"@type\":\"ImageObject\",\"inLanguage\":\"pt-BR\",\"@id\":\"https:\/\/portalnpm.com\/index.php\/2018\/10\/27\/joaquim-barbosa-declara-voto-em-fernando-haddad\/#primaryimage\",\"url\":\"https:\/\/portalnpm.com\/wp-content\/uploads\/2018\/10\/xJoaquim-Barbosa.jpg.pagespeed.ic_.WfOX20k0Ad.jpg\",\"contentUrl\":\"https:\/\/portalnpm.com\/wp-content\/uploads\/2018\/10\/xJoaquim-Barbosa.jpg.pagespeed.ic_.WfOX20k0Ad.jpg\",\"width\":666,\"height\":375},{\"@type\":\"BreadcrumbList\",\"@id\":\"https:\/\/portalnpm.com\/index.php\/2018\/10\/27\/joaquim-barbosa-declara-voto-em-fernando-haddad\/#breadcrumb\",\"itemListElement\":[{\"@type\":\"ListItem\",\"position\":1,\"name\":\"In\u00edcio\",\"item\":\"https:\/\/portalnpm.com\/\"},{\"@type\":\"ListItem\",\"position\":2,\"name\":\"Joaquim Barbosa declara voto em Fernando Haddad\"}]},{\"@type\":\"WebSite\",\"@id\":\"https:\/\/portalnpm.com\/#website\",\"url\":\"https:\/\/portalnpm.com\/\",\"name\":\"Portal NPM\",\"description\":\"Not\u00edcias em Primeira M\u00e3o\",\"potentialAction\":[{\"@type\":\"SearchAction\",\"target\":{\"@type\":\"EntryPoint\",\"urlTemplate\":\"https:\/\/portalnpm.com\/?s={search_term_string}\"},\"query-input\":\"required name=search_term_string\"}],\"inLanguage\":\"pt-BR\"},{\"@type\":\"Person\",\"@id\":\"https:\/\/portalnpm.com\/#\/schema\/person\/0b5f230ec96cee25504fa328e7f2b733\",\"name\":\"Reda\u00e7\u00e3o\",\"image\":{\"@type\":\"ImageObject\",\"inLanguage\":\"pt-BR\",\"@id\":\"https:\/\/portalnpm.com\/#\/schema\/person\/image\/\",\"url\":\"https:\/\/portalnpm.com\/wp-content\/uploads\/2024\/03\/avatar_user_4_1710097212-96x96.png\",\"contentUrl\":\"https:\/\/portalnpm.com\/wp-content\/uploads\/2024\/03\/avatar_user_4_1710097212-96x96.png\",\"caption\":\"Reda\u00e7\u00e3o\"},\"url\":\"https:\/\/portalnpm.com\/index.php\/author\/redacao\/\"}]}<\/script>\n<!-- \/ Yoast SEO plugin. -->","yoast_head_json":{"title":"Joaquim Barbosa declara voto em Fernando Haddad - Portal NPM","robots":{"index":"index","follow":"follow","max-snippet":"max-snippet:-1","max-image-preview":"max-image-preview:large","max-video-preview":"max-video-preview:-1"},"canonical":"https:\/\/portalnpm.com\/index.php\/2018\/10\/27\/joaquim-barbosa-declara-voto-em-fernando-haddad\/","og_locale":"pt_BR","og_type":"article","og_title":"Joaquim Barbosa declara voto em Fernando Haddad - Portal NPM","og_description":"Pelo Twitter, ex-ministro do STF explica que votar \u00e9 uma \u201cescolha racional\u201d O ex-presidente do Supremo Tribunal Federal (STF) Joaquim Barbosa declarou na manh\u00e3 deste s\u00e1bado voto no candidato do PT, Fernando Haddad. O gesto era esperado pelo petista desde o in\u00edcio do segundo turno, quando come\u00e7ou a costurar alian\u00e7as para tentar superar nas urnas &hellip;","og_url":"https:\/\/portalnpm.com\/index.php\/2018\/10\/27\/joaquim-barbosa-declara-voto-em-fernando-haddad\/","og_site_name":"Portal NPM","article_published_time":"2018-10-27T14:23:51+00:00","og_image":[{"width":666,"height":375,"url":"https:\/\/portalnpm.com\/wp-content\/uploads\/2018\/10\/xJoaquim-Barbosa.jpg.pagespeed.ic_.WfOX20k0Ad.jpg","type":"image\/jpeg"}],"author":"Reda\u00e7\u00e3o","twitter_card":"summary_large_image","twitter_misc":{"Escrito por":"Reda\u00e7\u00e3o","Est. tempo de leitura":"1 minuto"},"schema":{"@context":"https:\/\/schema.org","@graph":[{"@type":"WebPage","@id":"https:\/\/portalnpm.com\/index.php\/2018\/10\/27\/joaquim-barbosa-declara-voto-em-fernando-haddad\/","url":"https:\/\/portalnpm.com\/index.php\/2018\/10\/27\/joaquim-barbosa-declara-voto-em-fernando-haddad\/","name":"Joaquim Barbosa declara voto em Fernando Haddad - Portal NPM","isPartOf":{"@id":"https:\/\/portalnpm.com\/#website"},"primaryImageOfPage":{"@id":"https:\/\/portalnpm.com\/index.php\/2018\/10\/27\/joaquim-barbosa-declara-voto-em-fernando-haddad\/#primaryimage"},"image":{"@id":"https:\/\/portalnpm.com\/index.php\/2018\/10\/27\/joaquim-barbosa-declara-voto-em-fernando-haddad\/#primaryimage"},"thumbnailUrl":"https:\/\/portalnpm.com\/wp-content\/uploads\/2018\/10\/xJoaquim-Barbosa.jpg.pagespeed.ic_.WfOX20k0Ad.jpg","datePublished":"2018-10-27T14:23:51+00:00","dateModified":"2018-10-27T14:23:51+00:00","author":{"@id":"https:\/\/portalnpm.com\/#\/schema\/person\/0b5f230ec96cee25504fa328e7f2b733"},"breadcrumb":{"@id":"https:\/\/portalnpm.com\/index.php\/2018\/10\/27\/joaquim-barbosa-declara-voto-em-fernando-haddad\/#breadcrumb"},"inLanguage":"pt-BR","potentialAction":[{"@type":"ReadAction","target":["https:\/\/portalnpm.com\/index.php\/2018\/10\/27\/joaquim-barbosa-declara-voto-em-fernando-haddad\/"]}]},{"@type":"ImageObject","inLanguage":"pt-BR","@id":"https:\/\/portalnpm.com\/index.php\/2018\/10\/27\/joaquim-barbosa-declara-voto-em-fernando-haddad\/#primaryimage","url":"https:\/\/portalnpm.com\/wp-content\/uploads\/2018\/10\/xJoaquim-Barbosa.jpg.pagespeed.ic_.WfOX20k0Ad.jpg","contentUrl":"https:\/\/portalnpm.com\/wp-content\/uploads\/2018\/10\/xJoaquim-Barbosa.jpg.pagespeed.ic_.WfOX20k0Ad.jpg","width":666,"height":375},{"@type":"BreadcrumbList","@id":"https:\/\/portalnpm.com\/index.php\/2018\/10\/27\/joaquim-barbosa-declara-voto-em-fernando-haddad\/#breadcrumb","itemListElement":[{"@type":"ListItem","position":1,"name":"In\u00edcio","item":"https:\/\/portalnpm.com\/"},{"@type":"ListItem","position":2,"name":"Joaquim Barbosa declara voto em Fernando Haddad"}]},{"@type":"WebSite","@id":"https:\/\/portalnpm.com\/#website","url":"https:\/\/portalnpm.com\/","name":"Portal NPM","description":"Not\u00edcias em Primeira M\u00e3o","potentialAction":[{"@type":"SearchAction","target":{"@type":"EntryPoint","urlTemplate":"https:\/\/portalnpm.com\/?s={search_term_string}"},"query-input":"required name=search_term_string"}],"inLanguage":"pt-BR"},{"@type":"Person","@id":"https:\/\/portalnpm.com\/#\/schema\/person\/0b5f230ec96cee25504fa328e7f2b733","name":"Reda\u00e7\u00e3o","image":{"@type":"ImageObject","inLanguage":"pt-BR","@id":"https:\/\/portalnpm.com\/#\/schema\/person\/image\/","url":"https:\/\/portalnpm.com\/wp-content\/uploads\/2024\/03\/avatar_user_4_1710097212-96x96.png","contentUrl":"https:\/\/portalnpm.com\/wp-content\/uploads\/2024\/03\/avatar_user_4_1710097212-96x96.png","caption":"Reda\u00e7\u00e3o"},"url":"https:\/\/portalnpm.com\/index.php\/author\/redacao\/"}]}},"jetpack_sharing_enabled":true,"jetpack_featured_media_url":"https:\/\/portalnpm.com\/wp-content\/uploads\/2018\/10\/xJoaquim-Barbosa.jpg.pagespeed.ic_.WfOX20k0Ad.jpg","_links":{"self":[{"href":"https:\/\/portalnpm.com\/index.php\/wp-json\/wp\/v2\/posts\/1967"}],"collection":[{"href":"https:\/\/portalnpm.com\/index.php\/wp-json\/wp\/v2\/posts"}],"about":[{"href":"https:\/\/portalnpm.com\/index.php\/wp-json\/wp\/v2\/types\/post"}],"author":[{"embeddable":true,"href":"https:\/\/portalnpm.com\/index.php\/wp-json\/wp\/v2\/users\/4"}],"replies":[{"embeddable":true,"href":"https:\/\/portalnpm.com\/index.php\/wp-json\/wp\/v2\/comments?post=1967"}],"version-history":[{"count":0,"href":"https:\/\/portalnpm.com\/index.php\/wp-json\/wp\/v2\/posts\/1967\/revisions"}],"wp:featuredmedia":[{"embeddable":true,"href":"https:\/\/portalnpm.com\/index.php\/wp-json\/wp\/v2\/media\/1968"}],"wp:attachment":[{"href":"https:\/\/portalnpm.com\/index.php\/wp-json\/wp\/v2\/media?parent=1967"}],"wp:term":[{"taxonomy":"category","embeddable":true,"href":"https:\/\/portalnpm.com\/index.php\/wp-json\/wp\/v2\/categories?post=1967"},{"taxonomy":"post_tag","embeddable":true,"href":"https:\/\/portalnpm.com\/index.php\/wp-json\/wp\/v2\/tags?post=1967"}],"curies":[{"name":"wp","href":"https:\/\/api.w.org\/{rel}","templated":true}]}}