{"id":203,"date":"2018-07-29T10:39:20","date_gmt":"2018-07-29T13:39:20","guid":{"rendered":"http:\/\/srv.portalnpm.com.br\/?p=203"},"modified":"2018-07-29T10:39:20","modified_gmt":"2018-07-29T13:39:20","slug":"saude-promove-acao-alusiva-ao-dia-mundial-de-luta-contra-as-hepatites-virais","status":"publish","type":"post","link":"https:\/\/portalnpm.com\/index.php\/2018\/07\/29\/saude-promove-acao-alusiva-ao-dia-mundial-de-luta-contra-as-hepatites-virais\/","title":{"rendered":"Sa\u00fade promove a\u00e7\u00e3o alusiva ao Dia Mundial de Luta Contra as Hepatites Virais"},"content":{"rendered":"<p>A Secretaria Municipal de Sa\u00fade, em parceria com o Centro de Testagem e Aconselhamento (CTA), realizou na manh\u00e3 desta sexta-feira (27) uma a\u00e7\u00e3o em refer\u00eancia ao Dia Mundial da Luta Contra as Hepatites Virais, comemorado neste s\u00e1bado, 28 de julho.<\/p>\n<p>A data representa o \u201cJulho Amarelo\u201d, cor dedicada ao combate \u00e0s hepatites virais no Brasil. A programa\u00e7\u00e3o aconteceu na pra\u00e7a Dr. Sebasti\u00e3o Martins com a realiza\u00e7\u00e3o de duzentas testagens r\u00e1pidas para o diagn\u00f3stico das Hepatites B e C e orienta\u00e7\u00f5es a popula\u00e7\u00e3o sobre os sintomas da doen\u00e7a, formas de cont\u00e1gio, tratamento e preven\u00e7\u00e3o.<\/p>\n<p><img fetchpriority=\"high\" decoding=\"async\" class=\"alignnone size-medium wp-image-204\" src=\"http:\/\/portalnpm.com.br\/wp-content\/uploads\/2018\/07\/SAUDE1-300x201.jpeg\" alt=\"\" width=\"300\" height=\"201\" srcset=\"https:\/\/portalnpm.com\/wp-content\/uploads\/2018\/07\/SAUDE1-300x201.jpeg 300w, https:\/\/portalnpm.com\/wp-content\/uploads\/2018\/07\/SAUDE1-330x220.jpeg 330w, https:\/\/portalnpm.com\/wp-content\/uploads\/2018\/07\/SAUDE1-420x280.jpeg 420w, https:\/\/portalnpm.com\/wp-content\/uploads\/2018\/07\/SAUDE1-615x410.jpeg 615w, https:\/\/portalnpm.com\/wp-content\/uploads\/2018\/07\/SAUDE1.jpeg 640w\" sizes=\"(max-width: 300px) 100vw, 300px\" \/><\/p>\n<p>A realiza\u00e7\u00e3o dos testes \u00e9 feito de forma gratuita, o interessado recebe uma senha e um kit com panfletos e preservativos, ap\u00f3s o cadastro o exame \u00e9 realizado e o resultado entregue em cerca de 10 minutos. De acordo com a coordenadora do CTA, Glorismar Barguil, esta \u00e9 \u201cuma maneira de incentivar o diagn\u00f3stico precoce da doen\u00e7a e do seu tratamento, chamando aten\u00e7\u00e3o da popula\u00e7\u00e3o para a preven\u00e7\u00e3o\u201d, disse.<\/p>\n<p><img decoding=\"async\" class=\"alignnone size-medium wp-image-205\" src=\"http:\/\/portalnpm.com.br\/wp-content\/uploads\/2018\/07\/SAUDE2-300x201.jpeg\" alt=\"\" width=\"300\" height=\"201\" srcset=\"https:\/\/portalnpm.com\/wp-content\/uploads\/2018\/07\/SAUDE2-300x201.jpeg 300w, https:\/\/portalnpm.com\/wp-content\/uploads\/2018\/07\/SAUDE2-330x220.jpeg 330w, https:\/\/portalnpm.com\/wp-content\/uploads\/2018\/07\/SAUDE2-420x280.jpeg 420w, https:\/\/portalnpm.com\/wp-content\/uploads\/2018\/07\/SAUDE2-615x410.jpeg 615w, https:\/\/portalnpm.com\/wp-content\/uploads\/2018\/07\/SAUDE2.jpeg 640w\" sizes=\"(max-width: 300px) 100vw, 300px\" \/><\/p>\n<p><strong>SECOM<\/strong><\/p>\n","protected":false},"excerpt":{"rendered":"<p>A Secretaria Municipal de Sa\u00fade, em parceria com o Centro de Testagem e Aconselhamento (CTA), realizou na manh\u00e3 desta sexta-feira (27) uma a\u00e7\u00e3o em refer\u00eancia ao Dia Mundial da Luta Contra as Hepatites Virais, comemorado neste s\u00e1bado, 28 de julho. A data representa o \u201cJulho Amarelo\u201d, cor dedicada ao combate \u00e0s hepatites virais no Brasil. &hellip;<\/p>\n","protected":false},"author":3,"featured_media":206,"comment_status":"open","ping_status":"open","sticky":false,"template":"","format":"standard","meta":{"content-type":"","rop_custom_images_group":[],"rop_custom_messages_group":[],"rop_publish_now":"initial","rop_publish_now_accounts":{"facebook_2648258775420054_1618374048415101":""},"rop_publish_now_history":[],"rop_publish_now_status":"pending","footnotes":"","_jetpack_memberships_contains_paid_content":false},"categories":[113,384],"tags":[416,417],"yoast_head":"<!-- This site is optimized with the Yoast SEO plugin v22.3 - https:\/\/yoast.com\/wordpress\/plugins\/seo\/ -->\n<title>Sa\u00fade promove a\u00e7\u00e3o alusiva ao Dia Mundial de Luta Contra as Hepatites Virais - Portal NPM<\/title>\n<meta name=\"robots\" content=\"index, follow, max-snippet:-1, max-image-preview:large, max-video-preview:-1\" \/>\n<link rel=\"canonical\" href=\"https:\/\/portalnpm.com\/index.php\/2018\/07\/29\/saude-promove-acao-alusiva-ao-dia-mundial-de-luta-contra-as-hepatites-virais\/\" \/>\n<meta property=\"og:locale\" content=\"pt_BR\" \/>\n<meta property=\"og:type\" content=\"article\" \/>\n<meta property=\"og:title\" content=\"Sa\u00fade promove a\u00e7\u00e3o alusiva ao Dia Mundial de Luta Contra as Hepatites Virais - Portal NPM\" \/>\n<meta property=\"og:description\" content=\"A Secretaria Municipal de Sa\u00fade, em parceria com o Centro de Testagem e Aconselhamento (CTA), realizou na manh\u00e3 desta sexta-feira (27) uma a\u00e7\u00e3o em refer\u00eancia ao Dia Mundial da Luta Contra as Hepatites Virais, comemorado neste s\u00e1bado, 28 de julho. A data representa o \u201cJulho Amarelo\u201d, cor dedicada ao combate \u00e0s hepatites virais no Brasil. &hellip;\" \/>\n<meta property=\"og:url\" content=\"https:\/\/portalnpm.com\/index.php\/2018\/07\/29\/saude-promove-acao-alusiva-ao-dia-mundial-de-luta-contra-as-hepatites-virais\/\" \/>\n<meta property=\"og:site_name\" content=\"Portal NPM\" \/>\n<meta property=\"article:published_time\" content=\"2018-07-29T13:39:20+00:00\" \/>\n<meta name=\"author\" content=\"Luis Alberto\" \/>\n<meta name=\"twitter:card\" content=\"summary_large_image\" \/>\n<meta name=\"twitter:label1\" content=\"Escrito por\" \/>\n\t<meta name=\"twitter:data1\" content=\"Luis Alberto\" \/>\n\t<meta name=\"twitter:label2\" content=\"Est. tempo de leitura\" \/>\n\t<meta name=\"twitter:data2\" content=\"1 minuto\" \/>\n<script type=\"application\/ld+json\" class=\"yoast-schema-graph\">{\"@context\":\"https:\/\/schema.org\",\"@graph\":[{\"@type\":\"WebPage\",\"@id\":\"https:\/\/portalnpm.com\/index.php\/2018\/07\/29\/saude-promove-acao-alusiva-ao-dia-mundial-de-luta-contra-as-hepatites-virais\/\",\"url\":\"https:\/\/portalnpm.com\/index.php\/2018\/07\/29\/saude-promove-acao-alusiva-ao-dia-mundial-de-luta-contra-as-hepatites-virais\/\",\"name\":\"Sa\u00fade promove a\u00e7\u00e3o alusiva ao Dia Mundial de Luta Contra as Hepatites Virais - Portal NPM\",\"isPartOf\":{\"@id\":\"https:\/\/portalnpm.com\/#website\"},\"primaryImageOfPage\":{\"@id\":\"https:\/\/portalnpm.com\/index.php\/2018\/07\/29\/saude-promove-acao-alusiva-ao-dia-mundial-de-luta-contra-as-hepatites-virais\/#primaryimage\"},\"image\":{\"@id\":\"https:\/\/portalnpm.com\/index.php\/2018\/07\/29\/saude-promove-acao-alusiva-ao-dia-mundial-de-luta-contra-as-hepatites-virais\/#primaryimage\"},\"thumbnailUrl\":\"\",\"datePublished\":\"2018-07-29T13:39:20+00:00\",\"dateModified\":\"2018-07-29T13:39:20+00:00\",\"author\":{\"@id\":\"https:\/\/portalnpm.com\/#\/schema\/person\/5c8006acdf71774cd4e7a5ab98482152\"},\"breadcrumb\":{\"@id\":\"https:\/\/portalnpm.com\/index.php\/2018\/07\/29\/saude-promove-acao-alusiva-ao-dia-mundial-de-luta-contra-as-hepatites-virais\/#breadcrumb\"},\"inLanguage\":\"pt-BR\",\"potentialAction\":[{\"@type\":\"ReadAction\",\"target\":[\"https:\/\/portalnpm.com\/index.php\/2018\/07\/29\/saude-promove-acao-alusiva-ao-dia-mundial-de-luta-contra-as-hepatites-virais\/\"]}]},{\"@type\":\"ImageObject\",\"inLanguage\":\"pt-BR\",\"@id\":\"https:\/\/portalnpm.com\/index.php\/2018\/07\/29\/saude-promove-acao-alusiva-ao-dia-mundial-de-luta-contra-as-hepatites-virais\/#primaryimage\",\"url\":\"\",\"contentUrl\":\"\"},{\"@type\":\"BreadcrumbList\",\"@id\":\"https:\/\/portalnpm.com\/index.php\/2018\/07\/29\/saude-promove-acao-alusiva-ao-dia-mundial-de-luta-contra-as-hepatites-virais\/#breadcrumb\",\"itemListElement\":[{\"@type\":\"ListItem\",\"position\":1,\"name\":\"In\u00edcio\",\"item\":\"https:\/\/portalnpm.com\/\"},{\"@type\":\"ListItem\",\"position\":2,\"name\":\"Sa\u00fade promove a\u00e7\u00e3o alusiva ao Dia Mundial de Luta Contra as Hepatites Virais\"}]},{\"@type\":\"WebSite\",\"@id\":\"https:\/\/portalnpm.com\/#website\",\"url\":\"https:\/\/portalnpm.com\/\",\"name\":\"Portal NPM\",\"description\":\"Not\u00edcias em Primeira M\u00e3o\",\"potentialAction\":[{\"@type\":\"SearchAction\",\"target\":{\"@type\":\"EntryPoint\",\"urlTemplate\":\"https:\/\/portalnpm.com\/?s={search_term_string}\"},\"query-input\":\"required name=search_term_string\"}],\"inLanguage\":\"pt-BR\"},{\"@type\":\"Person\",\"@id\":\"https:\/\/portalnpm.com\/#\/schema\/person\/5c8006acdf71774cd4e7a5ab98482152\",\"name\":\"Luis Alberto\",\"image\":{\"@type\":\"ImageObject\",\"inLanguage\":\"pt-BR\",\"@id\":\"https:\/\/portalnpm.com\/#\/schema\/person\/image\/\",\"url\":\"https:\/\/portalnpm.com\/wp-content\/uploads\/2024\/12\/avatar_user_3_1734699769-96x96.jpeg\",\"contentUrl\":\"https:\/\/portalnpm.com\/wp-content\/uploads\/2024\/12\/avatar_user_3_1734699769-96x96.jpeg\",\"caption\":\"Luis Alberto\"},\"description\":\"Editor-geral do Portal NPM, \u00e9 formado como T\u00e9cnico em Seguran\u00e7a do Trabalho pela Escola Metropolitana de Cursos T\u00e9cnicos. Det\u00e9m ainda licenciatura em Educa\u00e7\u00e3o F\u00edsica e bacharelado em Ci\u00eancias Pol\u00edticas, ambos obtidos pela institui\u00e7\u00e3o Anhanguera\/UNOPAR.\",\"url\":\"https:\/\/portalnpm.com\/index.php\/author\/pereira\/\"}]}<\/script>\n<!-- \/ Yoast SEO plugin. -->","yoast_head_json":{"title":"Sa\u00fade promove a\u00e7\u00e3o alusiva ao Dia Mundial de Luta Contra as Hepatites Virais - Portal NPM","robots":{"index":"index","follow":"follow","max-snippet":"max-snippet:-1","max-image-preview":"max-image-preview:large","max-video-preview":"max-video-preview:-1"},"canonical":"https:\/\/portalnpm.com\/index.php\/2018\/07\/29\/saude-promove-acao-alusiva-ao-dia-mundial-de-luta-contra-as-hepatites-virais\/","og_locale":"pt_BR","og_type":"article","og_title":"Sa\u00fade promove a\u00e7\u00e3o alusiva ao Dia Mundial de Luta Contra as Hepatites Virais - Portal NPM","og_description":"A Secretaria Municipal de Sa\u00fade, em parceria com o Centro de Testagem e Aconselhamento (CTA), realizou na manh\u00e3 desta sexta-feira (27) uma a\u00e7\u00e3o em refer\u00eancia ao Dia Mundial da Luta Contra as Hepatites Virais, comemorado neste s\u00e1bado, 28 de julho. A data representa o \u201cJulho Amarelo\u201d, cor dedicada ao combate \u00e0s hepatites virais no Brasil. &hellip;","og_url":"https:\/\/portalnpm.com\/index.php\/2018\/07\/29\/saude-promove-acao-alusiva-ao-dia-mundial-de-luta-contra-as-hepatites-virais\/","og_site_name":"Portal NPM","article_published_time":"2018-07-29T13:39:20+00:00","author":"Luis Alberto","twitter_card":"summary_large_image","twitter_misc":{"Escrito por":"Luis Alberto","Est. tempo de leitura":"1 minuto"},"schema":{"@context":"https:\/\/schema.org","@graph":[{"@type":"WebPage","@id":"https:\/\/portalnpm.com\/index.php\/2018\/07\/29\/saude-promove-acao-alusiva-ao-dia-mundial-de-luta-contra-as-hepatites-virais\/","url":"https:\/\/portalnpm.com\/index.php\/2018\/07\/29\/saude-promove-acao-alusiva-ao-dia-mundial-de-luta-contra-as-hepatites-virais\/","name":"Sa\u00fade promove a\u00e7\u00e3o alusiva ao Dia Mundial de Luta Contra as Hepatites Virais - Portal NPM","isPartOf":{"@id":"https:\/\/portalnpm.com\/#website"},"primaryImageOfPage":{"@id":"https:\/\/portalnpm.com\/index.php\/2018\/07\/29\/saude-promove-acao-alusiva-ao-dia-mundial-de-luta-contra-as-hepatites-virais\/#primaryimage"},"image":{"@id":"https:\/\/portalnpm.com\/index.php\/2018\/07\/29\/saude-promove-acao-alusiva-ao-dia-mundial-de-luta-contra-as-hepatites-virais\/#primaryimage"},"thumbnailUrl":"","datePublished":"2018-07-29T13:39:20+00:00","dateModified":"2018-07-29T13:39:20+00:00","author":{"@id":"https:\/\/portalnpm.com\/#\/schema\/person\/5c8006acdf71774cd4e7a5ab98482152"},"breadcrumb":{"@id":"https:\/\/portalnpm.com\/index.php\/2018\/07\/29\/saude-promove-acao-alusiva-ao-dia-mundial-de-luta-contra-as-hepatites-virais\/#breadcrumb"},"inLanguage":"pt-BR","potentialAction":[{"@type":"ReadAction","target":["https:\/\/portalnpm.com\/index.php\/2018\/07\/29\/saude-promove-acao-alusiva-ao-dia-mundial-de-luta-contra-as-hepatites-virais\/"]}]},{"@type":"ImageObject","inLanguage":"pt-BR","@id":"https:\/\/portalnpm.com\/index.php\/2018\/07\/29\/saude-promove-acao-alusiva-ao-dia-mundial-de-luta-contra-as-hepatites-virais\/#primaryimage","url":"","contentUrl":""},{"@type":"BreadcrumbList","@id":"https:\/\/portalnpm.com\/index.php\/2018\/07\/29\/saude-promove-acao-alusiva-ao-dia-mundial-de-luta-contra-as-hepatites-virais\/#breadcrumb","itemListElement":[{"@type":"ListItem","position":1,"name":"In\u00edcio","item":"https:\/\/portalnpm.com\/"},{"@type":"ListItem","position":2,"name":"Sa\u00fade promove a\u00e7\u00e3o alusiva ao Dia Mundial de Luta Contra as Hepatites Virais"}]},{"@type":"WebSite","@id":"https:\/\/portalnpm.com\/#website","url":"https:\/\/portalnpm.com\/","name":"Portal NPM","description":"Not\u00edcias em Primeira M\u00e3o","potentialAction":[{"@type":"SearchAction","target":{"@type":"EntryPoint","urlTemplate":"https:\/\/portalnpm.com\/?s={search_term_string}"},"query-input":"required name=search_term_string"}],"inLanguage":"pt-BR"},{"@type":"Person","@id":"https:\/\/portalnpm.com\/#\/schema\/person\/5c8006acdf71774cd4e7a5ab98482152","name":"Luis Alberto","image":{"@type":"ImageObject","inLanguage":"pt-BR","@id":"https:\/\/portalnpm.com\/#\/schema\/person\/image\/","url":"https:\/\/portalnpm.com\/wp-content\/uploads\/2024\/12\/avatar_user_3_1734699769-96x96.jpeg","contentUrl":"https:\/\/portalnpm.com\/wp-content\/uploads\/2024\/12\/avatar_user_3_1734699769-96x96.jpeg","caption":"Luis Alberto"},"description":"Editor-geral do Portal NPM, \u00e9 formado como T\u00e9cnico em Seguran\u00e7a do Trabalho pela Escola Metropolitana de Cursos T\u00e9cnicos. Det\u00e9m ainda licenciatura em Educa\u00e7\u00e3o F\u00edsica e bacharelado em Ci\u00eancias Pol\u00edticas, ambos obtidos pela institui\u00e7\u00e3o Anhanguera\/UNOPAR.","url":"https:\/\/portalnpm.com\/index.php\/author\/pereira\/"}]}},"jetpack_sharing_enabled":true,"jetpack_featured_media_url":"","_links":{"self":[{"href":"https:\/\/portalnpm.com\/index.php\/wp-json\/wp\/v2\/posts\/203"}],"collection":[{"href":"https:\/\/portalnpm.com\/index.php\/wp-json\/wp\/v2\/posts"}],"about":[{"href":"https:\/\/portalnpm.com\/index.php\/wp-json\/wp\/v2\/types\/post"}],"author":[{"embeddable":true,"href":"https:\/\/portalnpm.com\/index.php\/wp-json\/wp\/v2\/users\/3"}],"replies":[{"embeddable":true,"href":"https:\/\/portalnpm.com\/index.php\/wp-json\/wp\/v2\/comments?post=203"}],"version-history":[{"count":0,"href":"https:\/\/portalnpm.com\/index.php\/wp-json\/wp\/v2\/posts\/203\/revisions"}],"wp:featuredmedia":[{"embeddable":true,"href":"https:\/\/portalnpm.com\/index.php\/wp-json\/"}],"wp:attachment":[{"href":"https:\/\/portalnpm.com\/index.php\/wp-json\/wp\/v2\/media?parent=203"}],"wp:term":[{"taxonomy":"category","embeddable":true,"href":"https:\/\/portalnpm.com\/index.php\/wp-json\/wp\/v2\/categories?post=203"},{"taxonomy":"post_tag","embeddable":true,"href":"https:\/\/portalnpm.com\/index.php\/wp-json\/wp\/v2\/tags?post=203"}],"curies":[{"name":"wp","href":"https:\/\/api.w.org\/{rel}","templated":true}]}}