{"id":208,"date":"2018-07-29T11:44:45","date_gmt":"2018-07-29T14:44:45","guid":{"rendered":"http:\/\/srv.portalnpm.com.br\/?p=208"},"modified":"2018-07-29T11:44:45","modified_gmt":"2018-07-29T14:44:45","slug":"partido-rede-sustentabilidade-e-instaurado-no-municipio-de-sao-juliao-pi","status":"publish","type":"post","link":"https:\/\/portalnpm.com\/index.php\/2018\/07\/29\/partido-rede-sustentabilidade-e-instaurado-no-municipio-de-sao-juliao-pi\/","title":{"rendered":"Partido Rede Sustentabilidade \u00e9 instaurado no munic\u00edpio de S\u00e3o Juli\u00e3o \u2013 PI"},"content":{"rendered":"<p>O partido pol\u00edtico Rede Sustentabilidade, da ex-ministra e ex-senadora Marina Silva, realizou na noite deste s\u00e1bado, 28 de julho, uma solenidade de instaura\u00e7\u00e3o da sigla no munic\u00edpio de S\u00e3o Juli\u00e3o \u2013 PI.<\/p>\n<p>A solenidade aconteceu na U. E. Alice Rocha e contou com a presen\u00e7a de uma comitiva de Teresina formada pelo porta voz estadual Ildemar Silva, pr\u00e9-candidata a governadora Irm\u00e3 Gra\u00e7a, pr\u00e9-candidato a deputado estadual Alex Melo, coordenadora de organiza\u00e7\u00e3o Gerlandia Amorim, secret\u00e1ria executiva Gercilane Amorim e demais membros da agremia\u00e7\u00e3o partid\u00e1ria.<\/p>\n<p>Diversas autoridades locais prestigiaram o evento como o vice-prefeito Sodson Rocha, a presidente da C\u00e2mara dos Vereadores Ant\u00f4nia Maria, os vereadores Chico Neto e Jo\u00e3o Neto Leal, o secret\u00e1rio de Esporte Josean Pereira, secret\u00e1ria de Cultura Welyda Ramos e demais membros filiados e representante de outros partidos. Tamb\u00e9m estiveram presentes a ex-vereadora de Alegrete do Piau\u00ed, Regina Alencar e o presidente do Rede de Alegrete do Piau\u00ed, Dr. Wescley Alencar.<\/p>\n<figure id=\"attachment_209\" aria-describedby=\"caption-attachment-209\" style=\"width: 300px\" class=\"wp-caption alignnone\"><img fetchpriority=\"high\" decoding=\"async\" class=\"size-medium wp-image-209\" src=\"http:\/\/portalnpm.com.br\/wp-content\/uploads\/2018\/07\/redesj2018-43-300x200.jpg\" alt=\"\" width=\"300\" height=\"200\" srcset=\"https:\/\/portalnpm.com\/wp-content\/uploads\/2018\/07\/redesj2018-43-300x200.jpg 300w, https:\/\/portalnpm.com\/wp-content\/uploads\/2018\/07\/redesj2018-43-768x512.jpg 768w, https:\/\/portalnpm.com\/wp-content\/uploads\/2018\/07\/redesj2018-43-330x220.jpg 330w, https:\/\/portalnpm.com\/wp-content\/uploads\/2018\/07\/redesj2018-43-420x280.jpg 420w, https:\/\/portalnpm.com\/wp-content\/uploads\/2018\/07\/redesj2018-43-615x410.jpg 615w, https:\/\/portalnpm.com\/wp-content\/uploads\/2018\/07\/redesj2018-43.jpg 800w\" sizes=\"(max-width: 300px) 100vw, 300px\" \/><figcaption id=\"caption-attachment-209\" class=\"wp-caption-text\">Presidente do Rede em S\u00e3o Juli\u00e3o, Jos\u00e9 Bento de Lima Alencar \u2013 Foto: Portal \u00c9 Not\u00edcias<\/figcaption><\/figure>\n<p>Para a presid\u00eancia do Rede Sustentabilidade em S\u00e3o Juli\u00e3o \u2013 PI foi eleito o jovem Jos\u00e9 Bento de Lima Alencar.<\/p>\n<p>No uso de sua fala, o jovem de apenas 22 anos, lembrou um pouco da hist\u00f3ria pol\u00edtica de sua fam\u00edlia e disse que pode acrescentar ainda mais na pol\u00edtica s\u00e3ojuli\u00e3oense.<\/p>\n<p>\u201cEncaro como um desafio na minha vida. Sempre gostei e acompanhei a pol\u00edtica de perto, pois vem de sangue, sou neto do ex-prefeito Z\u00e9 Xex\u00ea e pretendo ser fortemente influente na pol\u00edtica de S\u00e3o Juli\u00e3o \u2013 PI\u201d, disse o jovem Jos\u00e9 Bento.<\/p>\n<figure id=\"attachment_210\" aria-describedby=\"caption-attachment-210\" style=\"width: 300px\" class=\"wp-caption alignnone\"><img decoding=\"async\" class=\"size-medium wp-image-210\" src=\"http:\/\/portalnpm.com.br\/wp-content\/uploads\/2018\/07\/redesj2018-44-300x200.jpg\" alt=\"\" width=\"300\" height=\"200\" srcset=\"https:\/\/portalnpm.com\/wp-content\/uploads\/2018\/07\/redesj2018-44-300x200.jpg 300w, https:\/\/portalnpm.com\/wp-content\/uploads\/2018\/07\/redesj2018-44-768x512.jpg 768w, https:\/\/portalnpm.com\/wp-content\/uploads\/2018\/07\/redesj2018-44-330x220.jpg 330w, https:\/\/portalnpm.com\/wp-content\/uploads\/2018\/07\/redesj2018-44-420x280.jpg 420w, https:\/\/portalnpm.com\/wp-content\/uploads\/2018\/07\/redesj2018-44-615x410.jpg 615w, https:\/\/portalnpm.com\/wp-content\/uploads\/2018\/07\/redesj2018-44.jpg 800w\" sizes=\"(max-width: 300px) 100vw, 300px\" \/><figcaption id=\"caption-attachment-210\" class=\"wp-caption-text\">porta voz estadual do Rede Sustentabilidade, Ildemar Silva \u2013 Foto: Portal \u00c9 Not\u00edcias<\/figcaption><\/figure>\n<p>Para o porta voz estadual do Rede Sustentabilidade, Ildemar Silva, \u00a0S\u00e3o Juli\u00e3o \u2013 PI \u00e9 38\u00ba munic\u00edpio do Piau\u00ed a aderir o projeto social de crescimento, justi\u00e7a e inclus\u00e3o social defendido pelo Rede.<\/p>\n<p>\u201cEstamos muito felizes pela receptividade e acolhimento que tivemos no munic\u00edpio de S\u00e3o Juli\u00e3o \u2013 PI. Queremos aqui parabenizar o jovem Jos\u00e9 Bento e todos os filiados que a partir de agora v\u00e3o levar nosso partido \u00e0 frente e serem atuantes no munic\u00edpio\u201d, disse Ildemar Silva.<\/p>\n<p><strong>Sobre o Rede Sustentabilidade<\/strong><\/p>\n<p>A Rede Sustentabilidade \u00e9 fruto de um movimento aberto, aut\u00f4nomo e suprapartid\u00e1rio que re\u00fane brasileiros decididos a reinventar o futuro do pa\u00eds. \u00c9 uma associa\u00e7\u00e3o de cidad\u00e3os e cidad\u00e3s dispostos a contribuir de forma volunt\u00e1ria e colaborativa para aprofundar a democracia no Brasil e superar o monop\u00f3lio partid\u00e1rio da representa\u00e7\u00e3o pol\u00edtica institucional. Aberta ao di\u00e1logo e constru\u00edda com a participa\u00e7\u00e3o direta de seus integrantes, a Rede Sustentabilidade \u00e9 um espa\u00e7o de mobiliza\u00e7\u00e3o e inova\u00e7\u00e3o, no qual floresce uma nova cultura pol\u00edtica. Uma legenda capaz de abrigar candidaturas de cidad\u00e3os que n\u00e3o fa\u00e7am parte de seus quadros, mas que compartilhem de seus ideais, comprometida com a transpar\u00eancia de seus processos internos e empenhada na renova\u00e7\u00e3o de suas lideran\u00e7as.<\/p>\n<p><strong>Fonte: Portal \u00c9 not\u00edcias\u00a0<\/strong><\/p>\n","protected":false},"excerpt":{"rendered":"<p>O partido pol\u00edtico Rede Sustentabilidade, da ex-ministra e ex-senadora Marina Silva, realizou na noite deste s\u00e1bado, 28 de julho, uma solenidade de instaura\u00e7\u00e3o da sigla no munic\u00edpio de S\u00e3o Juli\u00e3o \u2013 PI. A solenidade aconteceu na U. E. Alice Rocha e contou com a presen\u00e7a de uma comitiva de Teresina formada pelo porta voz estadual &hellip;<\/p>\n","protected":false},"author":3,"featured_media":211,"comment_status":"open","ping_status":"open","sticky":false,"template":"","format":"standard","meta":{"content-type":"","rop_custom_images_group":[],"rop_custom_messages_group":[],"rop_publish_now":"initial","rop_publish_now_accounts":{"facebook_2648258775420054_1618374048415101":""},"rop_publish_now_history":[],"rop_publish_now_status":"pending","footnotes":"","_jetpack_memberships_contains_paid_content":false},"categories":[113,109,136],"tags":[418,419,420],"yoast_head":"<!-- This site is optimized with the Yoast SEO plugin v22.3 - https:\/\/yoast.com\/wordpress\/plugins\/seo\/ -->\n<title>Partido Rede Sustentabilidade \u00e9 instaurado no munic\u00edpio de S\u00e3o Juli\u00e3o \u2013 PI - Portal NPM<\/title>\n<meta name=\"robots\" content=\"index, follow, max-snippet:-1, max-image-preview:large, max-video-preview:-1\" \/>\n<link rel=\"canonical\" href=\"https:\/\/portalnpm.com\/index.php\/2018\/07\/29\/partido-rede-sustentabilidade-e-instaurado-no-municipio-de-sao-juliao-pi\/\" \/>\n<meta property=\"og:locale\" content=\"pt_BR\" \/>\n<meta property=\"og:type\" content=\"article\" \/>\n<meta property=\"og:title\" content=\"Partido Rede Sustentabilidade \u00e9 instaurado no munic\u00edpio de S\u00e3o Juli\u00e3o \u2013 PI - Portal NPM\" \/>\n<meta property=\"og:description\" content=\"O partido pol\u00edtico Rede Sustentabilidade, da ex-ministra e ex-senadora Marina Silva, realizou na noite deste s\u00e1bado, 28 de julho, uma solenidade de instaura\u00e7\u00e3o da sigla no munic\u00edpio de S\u00e3o Juli\u00e3o \u2013 PI. A solenidade aconteceu na U. E. Alice Rocha e contou com a presen\u00e7a de uma comitiva de Teresina formada pelo porta voz estadual &hellip;\" \/>\n<meta property=\"og:url\" content=\"https:\/\/portalnpm.com\/index.php\/2018\/07\/29\/partido-rede-sustentabilidade-e-instaurado-no-municipio-de-sao-juliao-pi\/\" \/>\n<meta property=\"og:site_name\" content=\"Portal NPM\" \/>\n<meta property=\"article:published_time\" content=\"2018-07-29T14:44:45+00:00\" \/>\n<meta name=\"author\" content=\"Luis Alberto\" \/>\n<meta name=\"twitter:card\" content=\"summary_large_image\" \/>\n<meta name=\"twitter:label1\" content=\"Escrito por\" \/>\n\t<meta name=\"twitter:data1\" content=\"Luis Alberto\" \/>\n\t<meta name=\"twitter:label2\" content=\"Est. tempo de leitura\" \/>\n\t<meta name=\"twitter:data2\" content=\"3 minutos\" \/>\n<script type=\"application\/ld+json\" class=\"yoast-schema-graph\">{\"@context\":\"https:\/\/schema.org\",\"@graph\":[{\"@type\":\"WebPage\",\"@id\":\"https:\/\/portalnpm.com\/index.php\/2018\/07\/29\/partido-rede-sustentabilidade-e-instaurado-no-municipio-de-sao-juliao-pi\/\",\"url\":\"https:\/\/portalnpm.com\/index.php\/2018\/07\/29\/partido-rede-sustentabilidade-e-instaurado-no-municipio-de-sao-juliao-pi\/\",\"name\":\"Partido Rede Sustentabilidade \u00e9 instaurado no munic\u00edpio de S\u00e3o Juli\u00e3o \u2013 PI - Portal NPM\",\"isPartOf\":{\"@id\":\"https:\/\/portalnpm.com\/#website\"},\"primaryImageOfPage\":{\"@id\":\"https:\/\/portalnpm.com\/index.php\/2018\/07\/29\/partido-rede-sustentabilidade-e-instaurado-no-municipio-de-sao-juliao-pi\/#primaryimage\"},\"image\":{\"@id\":\"https:\/\/portalnpm.com\/index.php\/2018\/07\/29\/partido-rede-sustentabilidade-e-instaurado-no-municipio-de-sao-juliao-pi\/#primaryimage\"},\"thumbnailUrl\":\"\",\"datePublished\":\"2018-07-29T14:44:45+00:00\",\"dateModified\":\"2018-07-29T14:44:45+00:00\",\"author\":{\"@id\":\"https:\/\/portalnpm.com\/#\/schema\/person\/5c8006acdf71774cd4e7a5ab98482152\"},\"breadcrumb\":{\"@id\":\"https:\/\/portalnpm.com\/index.php\/2018\/07\/29\/partido-rede-sustentabilidade-e-instaurado-no-municipio-de-sao-juliao-pi\/#breadcrumb\"},\"inLanguage\":\"pt-BR\",\"potentialAction\":[{\"@type\":\"ReadAction\",\"target\":[\"https:\/\/portalnpm.com\/index.php\/2018\/07\/29\/partido-rede-sustentabilidade-e-instaurado-no-municipio-de-sao-juliao-pi\/\"]}]},{\"@type\":\"ImageObject\",\"inLanguage\":\"pt-BR\",\"@id\":\"https:\/\/portalnpm.com\/index.php\/2018\/07\/29\/partido-rede-sustentabilidade-e-instaurado-no-municipio-de-sao-juliao-pi\/#primaryimage\",\"url\":\"\",\"contentUrl\":\"\"},{\"@type\":\"BreadcrumbList\",\"@id\":\"https:\/\/portalnpm.com\/index.php\/2018\/07\/29\/partido-rede-sustentabilidade-e-instaurado-no-municipio-de-sao-juliao-pi\/#breadcrumb\",\"itemListElement\":[{\"@type\":\"ListItem\",\"position\":1,\"name\":\"In\u00edcio\",\"item\":\"https:\/\/portalnpm.com\/\"},{\"@type\":\"ListItem\",\"position\":2,\"name\":\"Partido Rede Sustentabilidade \u00e9 instaurado no munic\u00edpio de S\u00e3o Juli\u00e3o \u2013 PI\"}]},{\"@type\":\"WebSite\",\"@id\":\"https:\/\/portalnpm.com\/#website\",\"url\":\"https:\/\/portalnpm.com\/\",\"name\":\"Portal NPM\",\"description\":\"Not\u00edcias em Primeira M\u00e3o\",\"potentialAction\":[{\"@type\":\"SearchAction\",\"target\":{\"@type\":\"EntryPoint\",\"urlTemplate\":\"https:\/\/portalnpm.com\/?s={search_term_string}\"},\"query-input\":\"required name=search_term_string\"}],\"inLanguage\":\"pt-BR\"},{\"@type\":\"Person\",\"@id\":\"https:\/\/portalnpm.com\/#\/schema\/person\/5c8006acdf71774cd4e7a5ab98482152\",\"name\":\"Luis Alberto\",\"image\":{\"@type\":\"ImageObject\",\"inLanguage\":\"pt-BR\",\"@id\":\"https:\/\/portalnpm.com\/#\/schema\/person\/image\/\",\"url\":\"https:\/\/portalnpm.com\/wp-content\/uploads\/2024\/12\/avatar_user_3_1734699769-96x96.jpeg\",\"contentUrl\":\"https:\/\/portalnpm.com\/wp-content\/uploads\/2024\/12\/avatar_user_3_1734699769-96x96.jpeg\",\"caption\":\"Luis Alberto\"},\"description\":\"Editor-geral do Portal NPM, \u00e9 formado como T\u00e9cnico em Seguran\u00e7a do Trabalho pela Escola Metropolitana de Cursos T\u00e9cnicos. Det\u00e9m ainda licenciatura em Educa\u00e7\u00e3o F\u00edsica e bacharelado em Ci\u00eancias Pol\u00edticas, ambos obtidos pela institui\u00e7\u00e3o Anhanguera\/UNOPAR.\",\"url\":\"https:\/\/portalnpm.com\/index.php\/author\/pereira\/\"}]}<\/script>\n<!-- \/ Yoast SEO plugin. -->","yoast_head_json":{"title":"Partido Rede Sustentabilidade \u00e9 instaurado no munic\u00edpio de S\u00e3o Juli\u00e3o \u2013 PI - Portal NPM","robots":{"index":"index","follow":"follow","max-snippet":"max-snippet:-1","max-image-preview":"max-image-preview:large","max-video-preview":"max-video-preview:-1"},"canonical":"https:\/\/portalnpm.com\/index.php\/2018\/07\/29\/partido-rede-sustentabilidade-e-instaurado-no-municipio-de-sao-juliao-pi\/","og_locale":"pt_BR","og_type":"article","og_title":"Partido Rede Sustentabilidade \u00e9 instaurado no munic\u00edpio de S\u00e3o Juli\u00e3o \u2013 PI - Portal NPM","og_description":"O partido pol\u00edtico Rede Sustentabilidade, da ex-ministra e ex-senadora Marina Silva, realizou na noite deste s\u00e1bado, 28 de julho, uma solenidade de instaura\u00e7\u00e3o da sigla no munic\u00edpio de S\u00e3o Juli\u00e3o \u2013 PI. A solenidade aconteceu na U. E. Alice Rocha e contou com a presen\u00e7a de uma comitiva de Teresina formada pelo porta voz estadual &hellip;","og_url":"https:\/\/portalnpm.com\/index.php\/2018\/07\/29\/partido-rede-sustentabilidade-e-instaurado-no-municipio-de-sao-juliao-pi\/","og_site_name":"Portal NPM","article_published_time":"2018-07-29T14:44:45+00:00","author":"Luis Alberto","twitter_card":"summary_large_image","twitter_misc":{"Escrito por":"Luis Alberto","Est. tempo de leitura":"3 minutos"},"schema":{"@context":"https:\/\/schema.org","@graph":[{"@type":"WebPage","@id":"https:\/\/portalnpm.com\/index.php\/2018\/07\/29\/partido-rede-sustentabilidade-e-instaurado-no-municipio-de-sao-juliao-pi\/","url":"https:\/\/portalnpm.com\/index.php\/2018\/07\/29\/partido-rede-sustentabilidade-e-instaurado-no-municipio-de-sao-juliao-pi\/","name":"Partido Rede Sustentabilidade \u00e9 instaurado no munic\u00edpio de S\u00e3o Juli\u00e3o \u2013 PI - Portal NPM","isPartOf":{"@id":"https:\/\/portalnpm.com\/#website"},"primaryImageOfPage":{"@id":"https:\/\/portalnpm.com\/index.php\/2018\/07\/29\/partido-rede-sustentabilidade-e-instaurado-no-municipio-de-sao-juliao-pi\/#primaryimage"},"image":{"@id":"https:\/\/portalnpm.com\/index.php\/2018\/07\/29\/partido-rede-sustentabilidade-e-instaurado-no-municipio-de-sao-juliao-pi\/#primaryimage"},"thumbnailUrl":"","datePublished":"2018-07-29T14:44:45+00:00","dateModified":"2018-07-29T14:44:45+00:00","author":{"@id":"https:\/\/portalnpm.com\/#\/schema\/person\/5c8006acdf71774cd4e7a5ab98482152"},"breadcrumb":{"@id":"https:\/\/portalnpm.com\/index.php\/2018\/07\/29\/partido-rede-sustentabilidade-e-instaurado-no-municipio-de-sao-juliao-pi\/#breadcrumb"},"inLanguage":"pt-BR","potentialAction":[{"@type":"ReadAction","target":["https:\/\/portalnpm.com\/index.php\/2018\/07\/29\/partido-rede-sustentabilidade-e-instaurado-no-municipio-de-sao-juliao-pi\/"]}]},{"@type":"ImageObject","inLanguage":"pt-BR","@id":"https:\/\/portalnpm.com\/index.php\/2018\/07\/29\/partido-rede-sustentabilidade-e-instaurado-no-municipio-de-sao-juliao-pi\/#primaryimage","url":"","contentUrl":""},{"@type":"BreadcrumbList","@id":"https:\/\/portalnpm.com\/index.php\/2018\/07\/29\/partido-rede-sustentabilidade-e-instaurado-no-municipio-de-sao-juliao-pi\/#breadcrumb","itemListElement":[{"@type":"ListItem","position":1,"name":"In\u00edcio","item":"https:\/\/portalnpm.com\/"},{"@type":"ListItem","position":2,"name":"Partido Rede Sustentabilidade \u00e9 instaurado no munic\u00edpio de S\u00e3o Juli\u00e3o \u2013 PI"}]},{"@type":"WebSite","@id":"https:\/\/portalnpm.com\/#website","url":"https:\/\/portalnpm.com\/","name":"Portal NPM","description":"Not\u00edcias em Primeira M\u00e3o","potentialAction":[{"@type":"SearchAction","target":{"@type":"EntryPoint","urlTemplate":"https:\/\/portalnpm.com\/?s={search_term_string}"},"query-input":"required name=search_term_string"}],"inLanguage":"pt-BR"},{"@type":"Person","@id":"https:\/\/portalnpm.com\/#\/schema\/person\/5c8006acdf71774cd4e7a5ab98482152","name":"Luis Alberto","image":{"@type":"ImageObject","inLanguage":"pt-BR","@id":"https:\/\/portalnpm.com\/#\/schema\/person\/image\/","url":"https:\/\/portalnpm.com\/wp-content\/uploads\/2024\/12\/avatar_user_3_1734699769-96x96.jpeg","contentUrl":"https:\/\/portalnpm.com\/wp-content\/uploads\/2024\/12\/avatar_user_3_1734699769-96x96.jpeg","caption":"Luis Alberto"},"description":"Editor-geral do Portal NPM, \u00e9 formado como T\u00e9cnico em Seguran\u00e7a do Trabalho pela Escola Metropolitana de Cursos T\u00e9cnicos. Det\u00e9m ainda licenciatura em Educa\u00e7\u00e3o F\u00edsica e bacharelado em Ci\u00eancias Pol\u00edticas, ambos obtidos pela institui\u00e7\u00e3o Anhanguera\/UNOPAR.","url":"https:\/\/portalnpm.com\/index.php\/author\/pereira\/"}]}},"jetpack_sharing_enabled":true,"jetpack_featured_media_url":"","_links":{"self":[{"href":"https:\/\/portalnpm.com\/index.php\/wp-json\/wp\/v2\/posts\/208"}],"collection":[{"href":"https:\/\/portalnpm.com\/index.php\/wp-json\/wp\/v2\/posts"}],"about":[{"href":"https:\/\/portalnpm.com\/index.php\/wp-json\/wp\/v2\/types\/post"}],"author":[{"embeddable":true,"href":"https:\/\/portalnpm.com\/index.php\/wp-json\/wp\/v2\/users\/3"}],"replies":[{"embeddable":true,"href":"https:\/\/portalnpm.com\/index.php\/wp-json\/wp\/v2\/comments?post=208"}],"version-history":[{"count":0,"href":"https:\/\/portalnpm.com\/index.php\/wp-json\/wp\/v2\/posts\/208\/revisions"}],"wp:featuredmedia":[{"embeddable":true,"href":"https:\/\/portalnpm.com\/index.php\/wp-json\/"}],"wp:attachment":[{"href":"https:\/\/portalnpm.com\/index.php\/wp-json\/wp\/v2\/media?parent=208"}],"wp:term":[{"taxonomy":"category","embeddable":true,"href":"https:\/\/portalnpm.com\/index.php\/wp-json\/wp\/v2\/categories?post=208"},{"taxonomy":"post_tag","embeddable":true,"href":"https:\/\/portalnpm.com\/index.php\/wp-json\/wp\/v2\/tags?post=208"}],"curies":[{"name":"wp","href":"https:\/\/api.w.org\/{rel}","templated":true}]}}