{"id":2102,"date":"2018-11-02T22:35:52","date_gmt":"2018-11-03T00:35:52","guid":{"rendered":"http:\/\/srv.portalnpm.com.br\/?p=2102"},"modified":"2018-11-02T22:35:52","modified_gmt":"2018-11-03T00:35:52","slug":"adolescente-de-bicicleta-agarra-em-carroceria-de-caminhao-e-morre-atropelado-em-picos","status":"publish","type":"post","link":"https:\/\/portalnpm.com\/index.php\/2018\/11\/02\/adolescente-de-bicicleta-agarra-em-carroceria-de-caminhao-e-morre-atropelado-em-picos\/","title":{"rendered":"Adolescente de bicicleta agarra em carroceria de caminh\u00e3o e morre atropelado em Picos"},"content":{"rendered":"<p style=\"text-align: justify;\">Por volta das 21h40 desta quinta-feira, 01, um menino de apenas 14 anos morreu ap\u00f3s ser atropelado por um caminh\u00e3o, no bairro Catavento, em Picos.<\/p>\n<p style=\"text-align: justify;\">De acordo com a Pol\u00edcia Rodovi\u00e1ria Federal, o menor vinha agarrado na carroceira do caminh\u00e3o, perdeu o equil\u00edbrio, caiu e foi atropelado pelo mesmo.<\/p>\n<p style=\"text-align: justify;\">A v\u00edtima veio a \u00f3bito no local. O motorista do ve\u00edculo evadiu-se e n\u00e3o foi identificado.<\/p>\n<p style=\"text-align: justify;\">Nossa reda\u00e7\u00e3o buscou o Conselho Tutelar de Picos, que informou que a crian\u00e7a reside no bairro Morada do Sol.<\/p>\n<p style=\"text-align: justify;\">\u201cEstivemos no local e o que colhemos foram informa\u00e7\u00f5es de populares, por algum tempo a v\u00edtima ficou no local, sem ser identificada, pois n\u00e3o portava nenhum documento\u201d, explicou o presidente do Conselho Tutelar, Raimundo Nonato.<\/p>\n<p style=\"text-align: justify;\">Apesar de ter atendido a ocorr\u00eancia, o Conselho Tutelar ainda n\u00e3o possui o nome da v\u00edtima.<\/p>\n<p style=\"text-align: justify;\"><img fetchpriority=\"high\" decoding=\"async\" class=\"alignnone size-full wp-image-43853\" src=\"https:\/\/i0.wp.com\/www.portalenoticias.com.br\/wp-content\/uploads\/2018\/11\/0871b962-67e4-4764-ba33-4d7574787796.jpeg\" sizes=\"(max-width: 700px) 100vw, 700px\" srcset=\"\/\/i0.wp.com\/www.portalenoticias.com.br\/wp-content\/uploads\/2018\/11\/0871b962-67e4-4764-ba33-4d7574787796.jpeg 700w, \/\/i0.wp.com\/www.portalenoticias.com.br\/wp-content\/uploads\/2018\/11\/0871b962-67e4-4764-ba33-4d7574787796-225x300.jpeg 225w, \/\/i0.wp.com\/www.portalenoticias.com.br\/wp-content\/uploads\/2018\/11\/0871b962-67e4-4764-ba33-4d7574787796-696x385.jpeg 696w, \/\/i0.wp.com\/www.portalenoticias.com.br\/wp-content\/uploads\/2018\/11\/0871b962-67e4-4764-ba33-4d7574787796-315x420.jpeg 315w\" alt=\"\" width=\"700\" height=\"933\" \/><img decoding=\"async\" class=\"alignnone size-full wp-image-43854\" src=\"https:\/\/i0.wp.com\/www.portalenoticias.com.br\/wp-content\/uploads\/2018\/11\/2b377869-cce5-4a5b-bbea-5860299e8be9.jpeg\" sizes=\"(max-width: 700px) 100vw, 700px\" srcset=\"\/\/i0.wp.com\/www.portalenoticias.com.br\/wp-content\/uploads\/2018\/11\/2b377869-cce5-4a5b-bbea-5860299e8be9.jpeg 700w, \/\/i0.wp.com\/www.portalenoticias.com.br\/wp-content\/uploads\/2018\/11\/2b377869-cce5-4a5b-bbea-5860299e8be9-225x300.jpeg 225w, \/\/i0.wp.com\/www.portalenoticias.com.br\/wp-content\/uploads\/2018\/11\/2b377869-cce5-4a5b-bbea-5860299e8be9-696x385.jpeg 696w, \/\/i0.wp.com\/www.portalenoticias.com.br\/wp-content\/uploads\/2018\/11\/2b377869-cce5-4a5b-bbea-5860299e8be9-315x420.jpeg 315w\" alt=\"\" width=\"700\" height=\"933\" \/><\/p>\n<p style=\"text-align: justify;\"><strong>Fonte: Picos 40 Graus<\/strong><br \/>\n<strong>Fotos: Meio Norte<\/strong><\/p>\n","protected":false},"excerpt":{"rendered":"<p>Por volta das 21h40 desta quinta-feira, 01, um menino de apenas 14 anos morreu ap\u00f3s ser atropelado por um caminh\u00e3o, no bairro Catavento, em Picos. De acordo com a Pol\u00edcia Rodovi\u00e1ria Federal, o menor vinha agarrado na carroceira do caminh\u00e3o, perdeu o equil\u00edbrio, caiu e foi atropelado pelo mesmo. A v\u00edtima veio a \u00f3bito no &hellip;<\/p>\n","protected":false},"author":3,"featured_media":2103,"comment_status":"open","ping_status":"open","sticky":false,"template":"","format":"standard","meta":{"content-type":"","rop_custom_images_group":[],"rop_custom_messages_group":[],"rop_publish_now":"initial","rop_publish_now_accounts":{"facebook_2648258775420054_1618374048415101":""},"rop_publish_now_history":[],"rop_publish_now_status":"pending","footnotes":"","_jetpack_memberships_contains_paid_content":false},"categories":[113,127],"tags":[722,1254,132,128],"yoast_head":"<!-- This site is optimized with the Yoast SEO plugin v22.3 - https:\/\/yoast.com\/wordpress\/plugins\/seo\/ -->\n<title>Adolescente de bicicleta agarra em carroceria de caminh\u00e3o e morre atropelado em Picos - Portal NPM<\/title>\n<meta name=\"robots\" content=\"index, follow, max-snippet:-1, max-image-preview:large, max-video-preview:-1\" \/>\n<link rel=\"canonical\" href=\"https:\/\/portalnpm.com\/index.php\/2018\/11\/02\/adolescente-de-bicicleta-agarra-em-carroceria-de-caminhao-e-morre-atropelado-em-picos\/\" \/>\n<meta property=\"og:locale\" content=\"pt_BR\" \/>\n<meta property=\"og:type\" content=\"article\" \/>\n<meta property=\"og:title\" content=\"Adolescente de bicicleta agarra em carroceria de caminh\u00e3o e morre atropelado em Picos - Portal NPM\" \/>\n<meta property=\"og:description\" content=\"Por volta das 21h40 desta quinta-feira, 01, um menino de apenas 14 anos morreu ap\u00f3s ser atropelado por um caminh\u00e3o, no bairro Catavento, em Picos. De acordo com a Pol\u00edcia Rodovi\u00e1ria Federal, o menor vinha agarrado na carroceira do caminh\u00e3o, perdeu o equil\u00edbrio, caiu e foi atropelado pelo mesmo. A v\u00edtima veio a \u00f3bito no &hellip;\" \/>\n<meta property=\"og:url\" content=\"https:\/\/portalnpm.com\/index.php\/2018\/11\/02\/adolescente-de-bicicleta-agarra-em-carroceria-de-caminhao-e-morre-atropelado-em-picos\/\" \/>\n<meta property=\"og:site_name\" content=\"Portal NPM\" \/>\n<meta property=\"article:published_time\" content=\"2018-11-03T00:35:52+00:00\" \/>\n<meta property=\"og:image\" content=\"https:\/\/portalnpm.com\/wp-content\/uploads\/2018\/11\/2b377869-cce5-4a5b-bbea-5860299e8be9.jpeg\" \/>\n\t<meta property=\"og:image:width\" content=\"700\" \/>\n\t<meta property=\"og:image:height\" content=\"933\" \/>\n\t<meta property=\"og:image:type\" content=\"image\/jpeg\" \/>\n<meta name=\"author\" content=\"Luis Alberto\" \/>\n<meta name=\"twitter:card\" content=\"summary_large_image\" \/>\n<meta name=\"twitter:label1\" content=\"Escrito por\" \/>\n\t<meta name=\"twitter:data1\" content=\"Luis Alberto\" \/>\n\t<meta name=\"twitter:label2\" content=\"Est. tempo de leitura\" \/>\n\t<meta name=\"twitter:data2\" content=\"1 minuto\" \/>\n<script type=\"application\/ld+json\" class=\"yoast-schema-graph\">{\"@context\":\"https:\/\/schema.org\",\"@graph\":[{\"@type\":\"WebPage\",\"@id\":\"https:\/\/portalnpm.com\/index.php\/2018\/11\/02\/adolescente-de-bicicleta-agarra-em-carroceria-de-caminhao-e-morre-atropelado-em-picos\/\",\"url\":\"https:\/\/portalnpm.com\/index.php\/2018\/11\/02\/adolescente-de-bicicleta-agarra-em-carroceria-de-caminhao-e-morre-atropelado-em-picos\/\",\"name\":\"Adolescente de bicicleta agarra em carroceria de caminh\u00e3o e morre atropelado em Picos - Portal NPM\",\"isPartOf\":{\"@id\":\"https:\/\/portalnpm.com\/#website\"},\"primaryImageOfPage\":{\"@id\":\"https:\/\/portalnpm.com\/index.php\/2018\/11\/02\/adolescente-de-bicicleta-agarra-em-carroceria-de-caminhao-e-morre-atropelado-em-picos\/#primaryimage\"},\"image\":{\"@id\":\"https:\/\/portalnpm.com\/index.php\/2018\/11\/02\/adolescente-de-bicicleta-agarra-em-carroceria-de-caminhao-e-morre-atropelado-em-picos\/#primaryimage\"},\"thumbnailUrl\":\"https:\/\/portalnpm.com\/wp-content\/uploads\/2018\/11\/2b377869-cce5-4a5b-bbea-5860299e8be9.jpeg\",\"datePublished\":\"2018-11-03T00:35:52+00:00\",\"dateModified\":\"2018-11-03T00:35:52+00:00\",\"author\":{\"@id\":\"https:\/\/portalnpm.com\/#\/schema\/person\/5c8006acdf71774cd4e7a5ab98482152\"},\"breadcrumb\":{\"@id\":\"https:\/\/portalnpm.com\/index.php\/2018\/11\/02\/adolescente-de-bicicleta-agarra-em-carroceria-de-caminhao-e-morre-atropelado-em-picos\/#breadcrumb\"},\"inLanguage\":\"pt-BR\",\"potentialAction\":[{\"@type\":\"ReadAction\",\"target\":[\"https:\/\/portalnpm.com\/index.php\/2018\/11\/02\/adolescente-de-bicicleta-agarra-em-carroceria-de-caminhao-e-morre-atropelado-em-picos\/\"]}]},{\"@type\":\"ImageObject\",\"inLanguage\":\"pt-BR\",\"@id\":\"https:\/\/portalnpm.com\/index.php\/2018\/11\/02\/adolescente-de-bicicleta-agarra-em-carroceria-de-caminhao-e-morre-atropelado-em-picos\/#primaryimage\",\"url\":\"https:\/\/portalnpm.com\/wp-content\/uploads\/2018\/11\/2b377869-cce5-4a5b-bbea-5860299e8be9.jpeg\",\"contentUrl\":\"https:\/\/portalnpm.com\/wp-content\/uploads\/2018\/11\/2b377869-cce5-4a5b-bbea-5860299e8be9.jpeg\",\"width\":700,\"height\":933},{\"@type\":\"BreadcrumbList\",\"@id\":\"https:\/\/portalnpm.com\/index.php\/2018\/11\/02\/adolescente-de-bicicleta-agarra-em-carroceria-de-caminhao-e-morre-atropelado-em-picos\/#breadcrumb\",\"itemListElement\":[{\"@type\":\"ListItem\",\"position\":1,\"name\":\"In\u00edcio\",\"item\":\"https:\/\/portalnpm.com\/\"},{\"@type\":\"ListItem\",\"position\":2,\"name\":\"Adolescente de bicicleta agarra em carroceria de caminh\u00e3o e morre atropelado em Picos\"}]},{\"@type\":\"WebSite\",\"@id\":\"https:\/\/portalnpm.com\/#website\",\"url\":\"https:\/\/portalnpm.com\/\",\"name\":\"Portal NPM\",\"description\":\"Not\u00edcias em Primeira M\u00e3o\",\"potentialAction\":[{\"@type\":\"SearchAction\",\"target\":{\"@type\":\"EntryPoint\",\"urlTemplate\":\"https:\/\/portalnpm.com\/?s={search_term_string}\"},\"query-input\":\"required name=search_term_string\"}],\"inLanguage\":\"pt-BR\"},{\"@type\":\"Person\",\"@id\":\"https:\/\/portalnpm.com\/#\/schema\/person\/5c8006acdf71774cd4e7a5ab98482152\",\"name\":\"Luis Alberto\",\"image\":{\"@type\":\"ImageObject\",\"inLanguage\":\"pt-BR\",\"@id\":\"https:\/\/portalnpm.com\/#\/schema\/person\/image\/\",\"url\":\"https:\/\/portalnpm.com\/wp-content\/uploads\/2024\/12\/avatar_user_3_1734699769-96x96.jpeg\",\"contentUrl\":\"https:\/\/portalnpm.com\/wp-content\/uploads\/2024\/12\/avatar_user_3_1734699769-96x96.jpeg\",\"caption\":\"Luis Alberto\"},\"description\":\"Editor-geral do Portal NPM, \u00e9 formado como T\u00e9cnico em Seguran\u00e7a do Trabalho pela Escola Metropolitana de Cursos T\u00e9cnicos. Det\u00e9m ainda licenciatura em Educa\u00e7\u00e3o F\u00edsica e bacharelado em Ci\u00eancias Pol\u00edticas, ambos obtidos pela institui\u00e7\u00e3o Anhanguera\/UNOPAR.\",\"url\":\"https:\/\/portalnpm.com\/index.php\/author\/pereira\/\"}]}<\/script>\n<!-- \/ Yoast SEO plugin. -->","yoast_head_json":{"title":"Adolescente de bicicleta agarra em carroceria de caminh\u00e3o e morre atropelado em Picos - Portal NPM","robots":{"index":"index","follow":"follow","max-snippet":"max-snippet:-1","max-image-preview":"max-image-preview:large","max-video-preview":"max-video-preview:-1"},"canonical":"https:\/\/portalnpm.com\/index.php\/2018\/11\/02\/adolescente-de-bicicleta-agarra-em-carroceria-de-caminhao-e-morre-atropelado-em-picos\/","og_locale":"pt_BR","og_type":"article","og_title":"Adolescente de bicicleta agarra em carroceria de caminh\u00e3o e morre atropelado em Picos - Portal NPM","og_description":"Por volta das 21h40 desta quinta-feira, 01, um menino de apenas 14 anos morreu ap\u00f3s ser atropelado por um caminh\u00e3o, no bairro Catavento, em Picos. De acordo com a Pol\u00edcia Rodovi\u00e1ria Federal, o menor vinha agarrado na carroceira do caminh\u00e3o, perdeu o equil\u00edbrio, caiu e foi atropelado pelo mesmo. A v\u00edtima veio a \u00f3bito no &hellip;","og_url":"https:\/\/portalnpm.com\/index.php\/2018\/11\/02\/adolescente-de-bicicleta-agarra-em-carroceria-de-caminhao-e-morre-atropelado-em-picos\/","og_site_name":"Portal NPM","article_published_time":"2018-11-03T00:35:52+00:00","og_image":[{"width":700,"height":933,"url":"https:\/\/portalnpm.com\/wp-content\/uploads\/2018\/11\/2b377869-cce5-4a5b-bbea-5860299e8be9.jpeg","type":"image\/jpeg"}],"author":"Luis Alberto","twitter_card":"summary_large_image","twitter_misc":{"Escrito por":"Luis Alberto","Est. tempo de leitura":"1 minuto"},"schema":{"@context":"https:\/\/schema.org","@graph":[{"@type":"WebPage","@id":"https:\/\/portalnpm.com\/index.php\/2018\/11\/02\/adolescente-de-bicicleta-agarra-em-carroceria-de-caminhao-e-morre-atropelado-em-picos\/","url":"https:\/\/portalnpm.com\/index.php\/2018\/11\/02\/adolescente-de-bicicleta-agarra-em-carroceria-de-caminhao-e-morre-atropelado-em-picos\/","name":"Adolescente de bicicleta agarra em carroceria de caminh\u00e3o e morre atropelado em Picos - Portal NPM","isPartOf":{"@id":"https:\/\/portalnpm.com\/#website"},"primaryImageOfPage":{"@id":"https:\/\/portalnpm.com\/index.php\/2018\/11\/02\/adolescente-de-bicicleta-agarra-em-carroceria-de-caminhao-e-morre-atropelado-em-picos\/#primaryimage"},"image":{"@id":"https:\/\/portalnpm.com\/index.php\/2018\/11\/02\/adolescente-de-bicicleta-agarra-em-carroceria-de-caminhao-e-morre-atropelado-em-picos\/#primaryimage"},"thumbnailUrl":"https:\/\/portalnpm.com\/wp-content\/uploads\/2018\/11\/2b377869-cce5-4a5b-bbea-5860299e8be9.jpeg","datePublished":"2018-11-03T00:35:52+00:00","dateModified":"2018-11-03T00:35:52+00:00","author":{"@id":"https:\/\/portalnpm.com\/#\/schema\/person\/5c8006acdf71774cd4e7a5ab98482152"},"breadcrumb":{"@id":"https:\/\/portalnpm.com\/index.php\/2018\/11\/02\/adolescente-de-bicicleta-agarra-em-carroceria-de-caminhao-e-morre-atropelado-em-picos\/#breadcrumb"},"inLanguage":"pt-BR","potentialAction":[{"@type":"ReadAction","target":["https:\/\/portalnpm.com\/index.php\/2018\/11\/02\/adolescente-de-bicicleta-agarra-em-carroceria-de-caminhao-e-morre-atropelado-em-picos\/"]}]},{"@type":"ImageObject","inLanguage":"pt-BR","@id":"https:\/\/portalnpm.com\/index.php\/2018\/11\/02\/adolescente-de-bicicleta-agarra-em-carroceria-de-caminhao-e-morre-atropelado-em-picos\/#primaryimage","url":"https:\/\/portalnpm.com\/wp-content\/uploads\/2018\/11\/2b377869-cce5-4a5b-bbea-5860299e8be9.jpeg","contentUrl":"https:\/\/portalnpm.com\/wp-content\/uploads\/2018\/11\/2b377869-cce5-4a5b-bbea-5860299e8be9.jpeg","width":700,"height":933},{"@type":"BreadcrumbList","@id":"https:\/\/portalnpm.com\/index.php\/2018\/11\/02\/adolescente-de-bicicleta-agarra-em-carroceria-de-caminhao-e-morre-atropelado-em-picos\/#breadcrumb","itemListElement":[{"@type":"ListItem","position":1,"name":"In\u00edcio","item":"https:\/\/portalnpm.com\/"},{"@type":"ListItem","position":2,"name":"Adolescente de bicicleta agarra em carroceria de caminh\u00e3o e morre atropelado em Picos"}]},{"@type":"WebSite","@id":"https:\/\/portalnpm.com\/#website","url":"https:\/\/portalnpm.com\/","name":"Portal NPM","description":"Not\u00edcias em Primeira M\u00e3o","potentialAction":[{"@type":"SearchAction","target":{"@type":"EntryPoint","urlTemplate":"https:\/\/portalnpm.com\/?s={search_term_string}"},"query-input":"required name=search_term_string"}],"inLanguage":"pt-BR"},{"@type":"Person","@id":"https:\/\/portalnpm.com\/#\/schema\/person\/5c8006acdf71774cd4e7a5ab98482152","name":"Luis Alberto","image":{"@type":"ImageObject","inLanguage":"pt-BR","@id":"https:\/\/portalnpm.com\/#\/schema\/person\/image\/","url":"https:\/\/portalnpm.com\/wp-content\/uploads\/2024\/12\/avatar_user_3_1734699769-96x96.jpeg","contentUrl":"https:\/\/portalnpm.com\/wp-content\/uploads\/2024\/12\/avatar_user_3_1734699769-96x96.jpeg","caption":"Luis Alberto"},"description":"Editor-geral do Portal NPM, \u00e9 formado como T\u00e9cnico em Seguran\u00e7a do Trabalho pela Escola Metropolitana de Cursos T\u00e9cnicos. Det\u00e9m ainda licenciatura em Educa\u00e7\u00e3o F\u00edsica e bacharelado em Ci\u00eancias Pol\u00edticas, ambos obtidos pela institui\u00e7\u00e3o Anhanguera\/UNOPAR.","url":"https:\/\/portalnpm.com\/index.php\/author\/pereira\/"}]}},"jetpack_sharing_enabled":true,"jetpack_featured_media_url":"https:\/\/portalnpm.com\/wp-content\/uploads\/2018\/11\/2b377869-cce5-4a5b-bbea-5860299e8be9.jpeg","_links":{"self":[{"href":"https:\/\/portalnpm.com\/index.php\/wp-json\/wp\/v2\/posts\/2102"}],"collection":[{"href":"https:\/\/portalnpm.com\/index.php\/wp-json\/wp\/v2\/posts"}],"about":[{"href":"https:\/\/portalnpm.com\/index.php\/wp-json\/wp\/v2\/types\/post"}],"author":[{"embeddable":true,"href":"https:\/\/portalnpm.com\/index.php\/wp-json\/wp\/v2\/users\/3"}],"replies":[{"embeddable":true,"href":"https:\/\/portalnpm.com\/index.php\/wp-json\/wp\/v2\/comments?post=2102"}],"version-history":[{"count":0,"href":"https:\/\/portalnpm.com\/index.php\/wp-json\/wp\/v2\/posts\/2102\/revisions"}],"wp:featuredmedia":[{"embeddable":true,"href":"https:\/\/portalnpm.com\/index.php\/wp-json\/wp\/v2\/media\/2103"}],"wp:attachment":[{"href":"https:\/\/portalnpm.com\/index.php\/wp-json\/wp\/v2\/media?parent=2102"}],"wp:term":[{"taxonomy":"category","embeddable":true,"href":"https:\/\/portalnpm.com\/index.php\/wp-json\/wp\/v2\/categories?post=2102"},{"taxonomy":"post_tag","embeddable":true,"href":"https:\/\/portalnpm.com\/index.php\/wp-json\/wp\/v2\/tags?post=2102"}],"curies":[{"name":"wp","href":"https:\/\/api.w.org\/{rel}","templated":true}]}}