{"id":2191,"date":"2018-11-07T12:19:10","date_gmt":"2018-11-07T14:19:10","guid":{"rendered":"http:\/\/srv.portalnpm.com.br\/?p=2191"},"modified":"2018-11-07T12:19:10","modified_gmt":"2018-11-07T14:19:10","slug":"obras-na-transnordestina-so-serao-retomadas-no-segundo-semestre-de-2019","status":"publish","type":"post","link":"https:\/\/portalnpm.com\/index.php\/2018\/11\/07\/obras-na-transnordestina-so-serao-retomadas-no-segundo-semestre-de-2019\/","title":{"rendered":"Obras na Transnordestina s\u00f3 ser\u00e3o retomadas no segundo semestre de 2019"},"content":{"rendered":"<p style=\"text-align: justify;\">Doze anos se passaram e a Transnordestina, ferrovia s\u00edmbolo da retomada do desenvolvimento do Nordeste, continua inacabada. A Transnordestina Log\u00edstica S.A., empresa privada respons\u00e1vel pela constru\u00e7\u00e3o e opera\u00e7\u00e3o da Ferrovia Nova Transnordestina, deve retomar as obras da ferrovia no segundo semestre de 2019. J\u00e1 foram gastos mais de R$ 6,4 bilh\u00f5es na ferrovia e ainda faltam mais de R$ 6,8 bilh\u00f5es para conclu\u00ed-la. As obras est\u00e3o paradas.<\/p>\n<p style=\"text-align: justify;\">Os novos prazos foram apresentados pela empresa administradora da rodovia \u00e0 Bancada do Nordeste, da C\u00e2mara dos Deputados, durante audi\u00eancia\u00a0em Bras\u00edlia.\u00a0O diretor-presidente da Transnordestina Log\u00edstica, Jorge Luiz de Mello, explicou que agora se trata de apresentar \u00e0 ANTT projetos detalhados de tudo o que precisa ser feito. De um total de 13 lotes, cinco j\u00e1 foram entregues. \u201cQuando entregarmos os 13 e eles terminarem a an\u00e1lise, a situa\u00e7\u00e3o destrava. O que o TCU est\u00e1 cobrando \u00e9 que a ANTT aprove o projeto\u201d, afirmou.<\/p>\n<p style=\"text-align: justify;\">O trecho de Paulistana, conhecido como circuito do min\u00e9rio de ferro, deve ser o primeiro a ser entregue, faltam 15 quil\u00f4metros para a conclus\u00e3o. \u201cUm dos grandes achados \u00e9 entregar primeiro algum porto para gerar opera\u00e7\u00e3o e receita. E vamos priorizar o trecho do Porto de Pec\u00e9m, onde h\u00e1 o circuito do min\u00e9rio, para s\u00f3 depois terminar o outro trecho\u201d, defendeu o diretor de Desenvolvimento da Infraestrutura do Minist\u00e9rio do Planejamento, Desenvolvimento e Gest\u00e3o, Otto Burlier.<\/p>\n<div class=\"image-full\" style=\"text-align: justify;\"><img decoding=\"async\" src=\"https:\/\/redepiaui.com\/media\/image_bank\/2018\/11\/reuniao-em-brasilia-julio-cesar-transnordestina.jpg\" alt=\"reuni\u00e3o em bras\u00edlia j\u00falio c\u00e9sar transnordestina\" width=\"1024\" data-pagespeed-url-hash=\"2617407548\" \/><em>Os novos prazos foram apresentados pela empresa administradora da rodovia \u00e0 Bancada do Nordeste, da C\u00e2mara dos Deputados, durante audi\u00eancia\u00a0em Bras\u00edlia. Foto: Divulga\u00e7\u00e3o<\/em><\/div>\n<div style=\"text-align: justify;\"><\/div>\n<p style=\"text-align: justify;\">O coordenador da Bancada do Nordeste, deputado J\u00falio C\u00e9sar, falou sobre o descaso e reclamou dos preju\u00edzos que a regi\u00e3o acumula com a obra inacabada. \u201c\u00c9 lament\u00e1vel uma obra dessa magnitude passar por tudo isso, j\u00e1 s\u00e3o 12 anos de espera e preju\u00edzos incalcul\u00e1veis na escoa\u00e7\u00e3o de min\u00e9rios e produtos agr\u00edcolas, pronta a contribui\u00e7\u00e3o no PIB seria de R$ 7 bilh\u00f5es por ano, imagine o impacto positivo para o Nordeste\u201d, reclamou.<\/p>\n<p style=\"text-align: justify;\">At\u00e9 dezembro de 2016, foram investidos na ferrovia R$ 6,4 bilh\u00f5es e houve avan\u00e7o f\u00edsico de 52% do total da obra. Faltam ainda R$ 6,8 bilh\u00f5es, totalizando R$ 13,2 bilh\u00f5es. A principal demanda da Transnordestina Log\u00edstica e tamb\u00e9m dos minist\u00e9rios envolvidos com o assunto \u00e9 por um novo parceiro privado estrat\u00e9gico que invista R$ 4,5 bilh\u00f5es.<\/p>\n<p style=\"text-align: justify;\">A constru\u00e7\u00e3o da ferrovia \u2013 uma concess\u00e3o feita pelo governo \u00e0 iniciativa privada \u2013 est\u00e1 praticamente parada desde 2017 por conta de ind\u00edcios de irregularidades flagrados pelo Tribunal de Contas da Uni\u00e3o (TCU). S\u00e3o problemas de governan\u00e7a, qualidade, falta de estudos e desconhecimento de valores, o que levou ao bloqueio das aplica\u00e7\u00f5es de recursos federais.<\/p>\n<div class=\"image-full\" style=\"text-align: justify;\"><img decoding=\"async\" src=\"https:\/\/redepiaui.com\/media\/image_bank\/2018\/11\/transnordestina.jpg\" alt=\"transnordestina\" width=\"500\" data-pagespeed-url-hash=\"4138706018\" \/><\/div>\n<div style=\"text-align: justify;\"><\/div>\n<div style=\"text-align: justify;\"><strong>FONTE:<\/strong>\u00a0Rede Piau\u00ed<\/div>\n","protected":false},"excerpt":{"rendered":"<p>Doze anos se passaram e a Transnordestina, ferrovia s\u00edmbolo da retomada do desenvolvimento do Nordeste, continua inacabada. A Transnordestina Log\u00edstica S.A., empresa privada respons\u00e1vel pela constru\u00e7\u00e3o e opera\u00e7\u00e3o da Ferrovia Nova Transnordestina, deve retomar as obras da ferrovia no segundo semestre de 2019. J\u00e1 foram gastos mais de R$ 6,4 bilh\u00f5es na ferrovia e ainda &hellip;<\/p>\n","protected":false},"author":3,"featured_media":2192,"comment_status":"open","ping_status":"open","sticky":false,"template":"","format":"standard","meta":{"content-type":"","rop_custom_images_group":[],"rop_custom_messages_group":[],"rop_publish_now":"initial","rop_publish_now_accounts":{"facebook_2648258775420054_1618374048415101":""},"rop_publish_now_history":[],"rop_publish_now_status":"pending","footnotes":"","_jetpack_memberships_contains_paid_content":false},"categories":[113,125],"tags":[1298,1299,1300,1301],"yoast_head":"<!-- This site is optimized with the Yoast SEO plugin v22.3 - https:\/\/yoast.com\/wordpress\/plugins\/seo\/ -->\n<title>Obras na Transnordestina s\u00f3 ser\u00e3o retomadas no segundo semestre de 2019 - Portal NPM<\/title>\n<meta name=\"robots\" content=\"index, follow, max-snippet:-1, max-image-preview:large, max-video-preview:-1\" \/>\n<link rel=\"canonical\" href=\"https:\/\/portalnpm.com\/index.php\/2018\/11\/07\/obras-na-transnordestina-so-serao-retomadas-no-segundo-semestre-de-2019\/\" \/>\n<meta property=\"og:locale\" content=\"pt_BR\" \/>\n<meta property=\"og:type\" content=\"article\" \/>\n<meta property=\"og:title\" content=\"Obras na Transnordestina s\u00f3 ser\u00e3o retomadas no segundo semestre de 2019 - Portal NPM\" \/>\n<meta property=\"og:description\" content=\"Doze anos se passaram e a Transnordestina, ferrovia s\u00edmbolo da retomada do desenvolvimento do Nordeste, continua inacabada. A Transnordestina Log\u00edstica S.A., empresa privada respons\u00e1vel pela constru\u00e7\u00e3o e opera\u00e7\u00e3o da Ferrovia Nova Transnordestina, deve retomar as obras da ferrovia no segundo semestre de 2019. J\u00e1 foram gastos mais de R$ 6,4 bilh\u00f5es na ferrovia e ainda &hellip;\" \/>\n<meta property=\"og:url\" content=\"https:\/\/portalnpm.com\/index.php\/2018\/11\/07\/obras-na-transnordestina-so-serao-retomadas-no-segundo-semestre-de-2019\/\" \/>\n<meta property=\"og:site_name\" content=\"Portal NPM\" \/>\n<meta property=\"article:published_time\" content=\"2018-11-07T14:19:10+00:00\" \/>\n<meta name=\"author\" content=\"Luis Alberto\" \/>\n<meta name=\"twitter:card\" content=\"summary_large_image\" \/>\n<meta name=\"twitter:label1\" content=\"Escrito por\" \/>\n\t<meta name=\"twitter:data1\" content=\"Luis Alberto\" \/>\n\t<meta name=\"twitter:label2\" content=\"Est. tempo de leitura\" \/>\n\t<meta name=\"twitter:data2\" content=\"2 minutos\" \/>\n<script type=\"application\/ld+json\" class=\"yoast-schema-graph\">{\"@context\":\"https:\/\/schema.org\",\"@graph\":[{\"@type\":\"WebPage\",\"@id\":\"https:\/\/portalnpm.com\/index.php\/2018\/11\/07\/obras-na-transnordestina-so-serao-retomadas-no-segundo-semestre-de-2019\/\",\"url\":\"https:\/\/portalnpm.com\/index.php\/2018\/11\/07\/obras-na-transnordestina-so-serao-retomadas-no-segundo-semestre-de-2019\/\",\"name\":\"Obras na Transnordestina s\u00f3 ser\u00e3o retomadas no segundo semestre de 2019 - Portal NPM\",\"isPartOf\":{\"@id\":\"https:\/\/portalnpm.com\/#website\"},\"primaryImageOfPage\":{\"@id\":\"https:\/\/portalnpm.com\/index.php\/2018\/11\/07\/obras-na-transnordestina-so-serao-retomadas-no-segundo-semestre-de-2019\/#primaryimage\"},\"image\":{\"@id\":\"https:\/\/portalnpm.com\/index.php\/2018\/11\/07\/obras-na-transnordestina-so-serao-retomadas-no-segundo-semestre-de-2019\/#primaryimage\"},\"thumbnailUrl\":\"\",\"datePublished\":\"2018-11-07T14:19:10+00:00\",\"dateModified\":\"2018-11-07T14:19:10+00:00\",\"author\":{\"@id\":\"https:\/\/portalnpm.com\/#\/schema\/person\/5c8006acdf71774cd4e7a5ab98482152\"},\"breadcrumb\":{\"@id\":\"https:\/\/portalnpm.com\/index.php\/2018\/11\/07\/obras-na-transnordestina-so-serao-retomadas-no-segundo-semestre-de-2019\/#breadcrumb\"},\"inLanguage\":\"pt-BR\",\"potentialAction\":[{\"@type\":\"ReadAction\",\"target\":[\"https:\/\/portalnpm.com\/index.php\/2018\/11\/07\/obras-na-transnordestina-so-serao-retomadas-no-segundo-semestre-de-2019\/\"]}]},{\"@type\":\"ImageObject\",\"inLanguage\":\"pt-BR\",\"@id\":\"https:\/\/portalnpm.com\/index.php\/2018\/11\/07\/obras-na-transnordestina-so-serao-retomadas-no-segundo-semestre-de-2019\/#primaryimage\",\"url\":\"\",\"contentUrl\":\"\"},{\"@type\":\"BreadcrumbList\",\"@id\":\"https:\/\/portalnpm.com\/index.php\/2018\/11\/07\/obras-na-transnordestina-so-serao-retomadas-no-segundo-semestre-de-2019\/#breadcrumb\",\"itemListElement\":[{\"@type\":\"ListItem\",\"position\":1,\"name\":\"In\u00edcio\",\"item\":\"https:\/\/portalnpm.com\/\"},{\"@type\":\"ListItem\",\"position\":2,\"name\":\"Obras na Transnordestina s\u00f3 ser\u00e3o retomadas no segundo semestre de 2019\"}]},{\"@type\":\"WebSite\",\"@id\":\"https:\/\/portalnpm.com\/#website\",\"url\":\"https:\/\/portalnpm.com\/\",\"name\":\"Portal NPM\",\"description\":\"Not\u00edcias em Primeira M\u00e3o\",\"potentialAction\":[{\"@type\":\"SearchAction\",\"target\":{\"@type\":\"EntryPoint\",\"urlTemplate\":\"https:\/\/portalnpm.com\/?s={search_term_string}\"},\"query-input\":\"required name=search_term_string\"}],\"inLanguage\":\"pt-BR\"},{\"@type\":\"Person\",\"@id\":\"https:\/\/portalnpm.com\/#\/schema\/person\/5c8006acdf71774cd4e7a5ab98482152\",\"name\":\"Luis Alberto\",\"image\":{\"@type\":\"ImageObject\",\"inLanguage\":\"pt-BR\",\"@id\":\"https:\/\/portalnpm.com\/#\/schema\/person\/image\/\",\"url\":\"https:\/\/portalnpm.com\/wp-content\/uploads\/2024\/12\/avatar_user_3_1734699769-96x96.jpeg\",\"contentUrl\":\"https:\/\/portalnpm.com\/wp-content\/uploads\/2024\/12\/avatar_user_3_1734699769-96x96.jpeg\",\"caption\":\"Luis Alberto\"},\"description\":\"Editor-geral do Portal NPM, \u00e9 formado como T\u00e9cnico em Seguran\u00e7a do Trabalho pela Escola Metropolitana de Cursos T\u00e9cnicos. Det\u00e9m ainda licenciatura em Educa\u00e7\u00e3o F\u00edsica e bacharelado em Ci\u00eancias Pol\u00edticas, ambos obtidos pela institui\u00e7\u00e3o Anhanguera\/UNOPAR.\",\"url\":\"https:\/\/portalnpm.com\/index.php\/author\/pereira\/\"}]}<\/script>\n<!-- \/ Yoast SEO plugin. -->","yoast_head_json":{"title":"Obras na Transnordestina s\u00f3 ser\u00e3o retomadas no segundo semestre de 2019 - Portal NPM","robots":{"index":"index","follow":"follow","max-snippet":"max-snippet:-1","max-image-preview":"max-image-preview:large","max-video-preview":"max-video-preview:-1"},"canonical":"https:\/\/portalnpm.com\/index.php\/2018\/11\/07\/obras-na-transnordestina-so-serao-retomadas-no-segundo-semestre-de-2019\/","og_locale":"pt_BR","og_type":"article","og_title":"Obras na Transnordestina s\u00f3 ser\u00e3o retomadas no segundo semestre de 2019 - Portal NPM","og_description":"Doze anos se passaram e a Transnordestina, ferrovia s\u00edmbolo da retomada do desenvolvimento do Nordeste, continua inacabada. A Transnordestina Log\u00edstica S.A., empresa privada respons\u00e1vel pela constru\u00e7\u00e3o e opera\u00e7\u00e3o da Ferrovia Nova Transnordestina, deve retomar as obras da ferrovia no segundo semestre de 2019. J\u00e1 foram gastos mais de R$ 6,4 bilh\u00f5es na ferrovia e ainda &hellip;","og_url":"https:\/\/portalnpm.com\/index.php\/2018\/11\/07\/obras-na-transnordestina-so-serao-retomadas-no-segundo-semestre-de-2019\/","og_site_name":"Portal NPM","article_published_time":"2018-11-07T14:19:10+00:00","author":"Luis Alberto","twitter_card":"summary_large_image","twitter_misc":{"Escrito por":"Luis Alberto","Est. tempo de leitura":"2 minutos"},"schema":{"@context":"https:\/\/schema.org","@graph":[{"@type":"WebPage","@id":"https:\/\/portalnpm.com\/index.php\/2018\/11\/07\/obras-na-transnordestina-so-serao-retomadas-no-segundo-semestre-de-2019\/","url":"https:\/\/portalnpm.com\/index.php\/2018\/11\/07\/obras-na-transnordestina-so-serao-retomadas-no-segundo-semestre-de-2019\/","name":"Obras na Transnordestina s\u00f3 ser\u00e3o retomadas no segundo semestre de 2019 - Portal NPM","isPartOf":{"@id":"https:\/\/portalnpm.com\/#website"},"primaryImageOfPage":{"@id":"https:\/\/portalnpm.com\/index.php\/2018\/11\/07\/obras-na-transnordestina-so-serao-retomadas-no-segundo-semestre-de-2019\/#primaryimage"},"image":{"@id":"https:\/\/portalnpm.com\/index.php\/2018\/11\/07\/obras-na-transnordestina-so-serao-retomadas-no-segundo-semestre-de-2019\/#primaryimage"},"thumbnailUrl":"","datePublished":"2018-11-07T14:19:10+00:00","dateModified":"2018-11-07T14:19:10+00:00","author":{"@id":"https:\/\/portalnpm.com\/#\/schema\/person\/5c8006acdf71774cd4e7a5ab98482152"},"breadcrumb":{"@id":"https:\/\/portalnpm.com\/index.php\/2018\/11\/07\/obras-na-transnordestina-so-serao-retomadas-no-segundo-semestre-de-2019\/#breadcrumb"},"inLanguage":"pt-BR","potentialAction":[{"@type":"ReadAction","target":["https:\/\/portalnpm.com\/index.php\/2018\/11\/07\/obras-na-transnordestina-so-serao-retomadas-no-segundo-semestre-de-2019\/"]}]},{"@type":"ImageObject","inLanguage":"pt-BR","@id":"https:\/\/portalnpm.com\/index.php\/2018\/11\/07\/obras-na-transnordestina-so-serao-retomadas-no-segundo-semestre-de-2019\/#primaryimage","url":"","contentUrl":""},{"@type":"BreadcrumbList","@id":"https:\/\/portalnpm.com\/index.php\/2018\/11\/07\/obras-na-transnordestina-so-serao-retomadas-no-segundo-semestre-de-2019\/#breadcrumb","itemListElement":[{"@type":"ListItem","position":1,"name":"In\u00edcio","item":"https:\/\/portalnpm.com\/"},{"@type":"ListItem","position":2,"name":"Obras na Transnordestina s\u00f3 ser\u00e3o retomadas no segundo semestre de 2019"}]},{"@type":"WebSite","@id":"https:\/\/portalnpm.com\/#website","url":"https:\/\/portalnpm.com\/","name":"Portal NPM","description":"Not\u00edcias em Primeira M\u00e3o","potentialAction":[{"@type":"SearchAction","target":{"@type":"EntryPoint","urlTemplate":"https:\/\/portalnpm.com\/?s={search_term_string}"},"query-input":"required name=search_term_string"}],"inLanguage":"pt-BR"},{"@type":"Person","@id":"https:\/\/portalnpm.com\/#\/schema\/person\/5c8006acdf71774cd4e7a5ab98482152","name":"Luis Alberto","image":{"@type":"ImageObject","inLanguage":"pt-BR","@id":"https:\/\/portalnpm.com\/#\/schema\/person\/image\/","url":"https:\/\/portalnpm.com\/wp-content\/uploads\/2024\/12\/avatar_user_3_1734699769-96x96.jpeg","contentUrl":"https:\/\/portalnpm.com\/wp-content\/uploads\/2024\/12\/avatar_user_3_1734699769-96x96.jpeg","caption":"Luis Alberto"},"description":"Editor-geral do Portal NPM, \u00e9 formado como T\u00e9cnico em Seguran\u00e7a do Trabalho pela Escola Metropolitana de Cursos T\u00e9cnicos. Det\u00e9m ainda licenciatura em Educa\u00e7\u00e3o F\u00edsica e bacharelado em Ci\u00eancias Pol\u00edticas, ambos obtidos pela institui\u00e7\u00e3o Anhanguera\/UNOPAR.","url":"https:\/\/portalnpm.com\/index.php\/author\/pereira\/"}]}},"jetpack_sharing_enabled":true,"jetpack_featured_media_url":"","_links":{"self":[{"href":"https:\/\/portalnpm.com\/index.php\/wp-json\/wp\/v2\/posts\/2191"}],"collection":[{"href":"https:\/\/portalnpm.com\/index.php\/wp-json\/wp\/v2\/posts"}],"about":[{"href":"https:\/\/portalnpm.com\/index.php\/wp-json\/wp\/v2\/types\/post"}],"author":[{"embeddable":true,"href":"https:\/\/portalnpm.com\/index.php\/wp-json\/wp\/v2\/users\/3"}],"replies":[{"embeddable":true,"href":"https:\/\/portalnpm.com\/index.php\/wp-json\/wp\/v2\/comments?post=2191"}],"version-history":[{"count":0,"href":"https:\/\/portalnpm.com\/index.php\/wp-json\/wp\/v2\/posts\/2191\/revisions"}],"wp:featuredmedia":[{"embeddable":true,"href":"https:\/\/portalnpm.com\/index.php\/wp-json\/"}],"wp:attachment":[{"href":"https:\/\/portalnpm.com\/index.php\/wp-json\/wp\/v2\/media?parent=2191"}],"wp:term":[{"taxonomy":"category","embeddable":true,"href":"https:\/\/portalnpm.com\/index.php\/wp-json\/wp\/v2\/categories?post=2191"},{"taxonomy":"post_tag","embeddable":true,"href":"https:\/\/portalnpm.com\/index.php\/wp-json\/wp\/v2\/tags?post=2191"}],"curies":[{"name":"wp","href":"https:\/\/api.w.org\/{rel}","templated":true}]}}