{"id":2414,"date":"2018-11-12T11:25:22","date_gmt":"2018-11-12T13:25:22","guid":{"rendered":"http:\/\/srv.portalnpm.com.br\/?p=2414"},"modified":"2018-11-12T11:25:22","modified_gmt":"2018-11-12T13:25:22","slug":"dois-jogos-movimentaram-o-final-de-semana-pelo-campeonato-municipal-de-futebol-amador-de-sao-juliao-pi-2018-veja-fotos","status":"publish","type":"post","link":"https:\/\/portalnpm.com\/index.php\/2018\/11\/12\/dois-jogos-movimentaram-o-final-de-semana-pelo-campeonato-municipal-de-futebol-amador-de-sao-juliao-pi-2018-veja-fotos\/","title":{"rendered":"Dois jogos movimentaram o final de semana pelo Campeonato Municipal de Futebol Amador de S\u00e3o Juli\u00e3o \u2013 PI 2018; veja fotos"},"content":{"rendered":"<p style=\"text-align: justify;\">Mais dois jogos movimentaram o final de semana pelo Campeonato Municipal de Futebol Amador de S\u00e3o Juli\u00e3o \u2013 PI 2018. O referido campeonato \u00e9 organizado pela Prefeitura de S\u00e3o Juli\u00e3o \u2013 PI, na Gest\u00e3o do Prefeito Dr. Jonas, atrav\u00e9s da Secretaria Municipal de Esportes e Lazer.<\/p>\n<p style=\"text-align: justify;\"><strong>Jogo de s\u00e1bado, 10 de novembro<\/strong><\/p>\n<p style=\"text-align: justify;\">No s\u00e1bado, 10 de novembro, pelo Grupo B jogaram Abandonados e BSV (Bairro S\u00e3o Vicente). Com um time bem superior o BSV acabou goleando pelo placar de 4 a 1, com direito a muitos gols perdidos. A goleada s\u00f3 n\u00e3o foi maior porque o goleiro Pipi pegou uma cobran\u00e7a de p\u00eanalti do atacante Jo\u00e3o Paulo.<\/p>\n<p style=\"text-align: justify;\">Destaque para o veterano s\u00e3ojuli\u00e3oense De\u00edlson que marcou um gol e ainda sofreu um p\u00eanalti ajudando seu time na vit\u00f3ria el\u00e1stica por 4 a 1. Ao final do jogo, De\u00edlson foi eleito o melhor da partida e recebeu a medalha do secret\u00e1rio de esporte Josean Pereira e sua equipe.<\/p>\n<p style=\"text-align: justify;\">Com o resultado, o BSV est\u00e1 praticamente garantido na segunda fase do campeonato, com 04 pontos. A equipe do Abandonados ap\u00f3s perder a segunda consecutiva est\u00e1 desclassificada.<\/p>\n<figure id=\"attachment_43902\" class=\"wp-caption alignnone\" style=\"text-align: justify;\"><img fetchpriority=\"high\" decoding=\"async\" class=\"wp-image-43902 size-full\" src=\"https:\/\/i0.wp.com\/www.portalenoticias.com.br\/wp-content\/uploads\/2018\/11\/sjfutdrjonas2018-11.jpg\" sizes=\"(max-width: 800px) 100vw, 800px\" srcset=\"\/\/i0.wp.com\/www.portalenoticias.com.br\/wp-content\/uploads\/2018\/11\/sjfutdrjonas2018-11.jpg 800w, \/\/i0.wp.com\/www.portalenoticias.com.br\/wp-content\/uploads\/2018\/11\/sjfutdrjonas2018-11-300x200.jpg 300w, \/\/i0.wp.com\/www.portalenoticias.com.br\/wp-content\/uploads\/2018\/11\/sjfutdrjonas2018-11-768x512.jpg 768w, \/\/i0.wp.com\/www.portalenoticias.com.br\/wp-content\/uploads\/2018\/11\/sjfutdrjonas2018-11-696x385.jpg 696w, \/\/i0.wp.com\/www.portalenoticias.com.br\/wp-content\/uploads\/2018\/11\/sjfutdrjonas2018-11-630x420.jpg 630w\" alt=\"\" width=\"800\" height=\"533\" \/><figcaption class=\"wp-caption-text\">Bairro S\u00e3o Vicente<\/figcaption><\/figure>\n<figure id=\"attachment_43899\" class=\"wp-caption alignnone\" style=\"text-align: justify;\"><img decoding=\"async\" class=\"wp-image-43899 size-full\" src=\"https:\/\/i0.wp.com\/www.portalenoticias.com.br\/wp-content\/uploads\/2018\/11\/sjfutdrjonas2018-8.jpg\" sizes=\"(max-width: 800px) 100vw, 800px\" srcset=\"\/\/i0.wp.com\/www.portalenoticias.com.br\/wp-content\/uploads\/2018\/11\/sjfutdrjonas2018-8.jpg 800w, \/\/i0.wp.com\/www.portalenoticias.com.br\/wp-content\/uploads\/2018\/11\/sjfutdrjonas2018-8-300x200.jpg 300w, \/\/i0.wp.com\/www.portalenoticias.com.br\/wp-content\/uploads\/2018\/11\/sjfutdrjonas2018-8-768x512.jpg 768w, \/\/i0.wp.com\/www.portalenoticias.com.br\/wp-content\/uploads\/2018\/11\/sjfutdrjonas2018-8-696x385.jpg 696w, \/\/i0.wp.com\/www.portalenoticias.com.br\/wp-content\/uploads\/2018\/11\/sjfutdrjonas2018-8-630x420.jpg 630w\" alt=\"\" width=\"800\" height=\"533\" \/><figcaption class=\"wp-caption-text\">Bairro S\u00e3o Vicente<\/figcaption><\/figure>\n<figure id=\"attachment_42797\" class=\"wp-caption alignnone\" style=\"text-align: justify;\"><img decoding=\"async\" class=\"wp-image-42797 size-full\" src=\"https:\/\/i0.wp.com\/www.portalenoticias.com.br\/wp-content\/uploads\/2018\/10\/futsaj2018campedrjonas-54.jpg\" sizes=\"(max-width: 800px) 100vw, 800px\" srcset=\"\/\/i0.wp.com\/www.portalenoticias.com.br\/wp-content\/uploads\/2018\/10\/futsaj2018campedrjonas-54.jpg 800w, \/\/i0.wp.com\/www.portalenoticias.com.br\/wp-content\/uploads\/2018\/10\/futsaj2018campedrjonas-54-300x200.jpg 300w, \/\/i0.wp.com\/www.portalenoticias.com.br\/wp-content\/uploads\/2018\/10\/futsaj2018campedrjonas-54-768x512.jpg 768w, \/\/i0.wp.com\/www.portalenoticias.com.br\/wp-content\/uploads\/2018\/10\/futsaj2018campedrjonas-54-696x385.jpg 696w, \/\/i0.wp.com\/www.portalenoticias.com.br\/wp-content\/uploads\/2018\/10\/futsaj2018campedrjonas-54-630x420.jpg 630w\" alt=\"\" width=\"800\" height=\"533\" \/><figcaption class=\"wp-caption-text\">Abandonados de Fujona<\/figcaption><\/figure>\n<p style=\"text-align: justify;\"><strong>Classifica\u00e7\u00e3o Grupo B<\/strong><br \/>\n1\u00ba \u2013 BSV \u2013 04 pontos<br \/>\n2\u00ba \u2013 Baix\u00e3o \u2013 03 pontos<br \/>\n3\u00ba \u2013 Real S\u00e3oJu \u2013 01 ponto<br \/>\n4\u00ba \u2013 Abandonados \u2013 00 ponto<\/p>\n<figure id=\"attachment_44419\" class=\"wp-caption alignnone\" style=\"text-align: justify;\"><img loading=\"lazy\" decoding=\"async\" class=\"wp-image-44419 size-full\" src=\"https:\/\/i0.wp.com\/www.portalenoticias.com.br\/wp-content\/uploads\/2018\/11\/futsj2018zean-1.jpg\" sizes=\"(max-width: 739px) 100vw, 739px\" srcset=\"\/\/i0.wp.com\/www.portalenoticias.com.br\/wp-content\/uploads\/2018\/11\/futsj2018zean-1.jpg 739w, \/\/i0.wp.com\/www.portalenoticias.com.br\/wp-content\/uploads\/2018\/11\/futsj2018zean-1-300x209.jpg 300w, \/\/i0.wp.com\/www.portalenoticias.com.br\/wp-content\/uploads\/2018\/11\/futsj2018zean-1-100x70.jpg 100w, \/\/i0.wp.com\/www.portalenoticias.com.br\/wp-content\/uploads\/2018\/11\/futsj2018zean-1-696x385.jpg 696w, \/\/i0.wp.com\/www.portalenoticias.com.br\/wp-content\/uploads\/2018\/11\/futsj2018zean-1-604x420.jpg 604w\" alt=\"\" width=\"739\" height=\"514\" \/><figcaption class=\"wp-caption-text\">De\u00edlson foi eleito o melhor da partida, no jogo de s\u00e1bado, 10 de novembro<\/figcaption><\/figure>\n<p style=\"text-align: justify;\"><strong>Jogo de domingo, 11 de novembro<\/strong><\/p>\n<p style=\"text-align: justify;\">Na tarde deste domingo, 11 de novembro, pelo Grupo A, o Est\u00e1dio \u201cO Otacil\u00e3o\u201d recebeu seu maior p\u00fablico at\u00e9 aqui para prestigiar o cl\u00e1ssico entre Juventude e Fujona.<\/p>\n<p style=\"text-align: justify;\">Com duas equipes bem posicionadas, o jogo foi bastante disputado pelos dois lados do campo. Ainda no primeiro tempo, ap\u00f3s falha de Baino pelo Juventude, o atacante de Fujona, Fernando, acertou um belo chute e marcou 1 a 0 para a Buja.<\/p>\n<p style=\"text-align: justify;\">Vencendo por 1 a 0, o time de Fujona se fechou e segurou durante todo o segundo tempo o magro placar, garantindo assim, sua classifica\u00e7\u00e3o antecipada para a pr\u00f3xima fase do campeonato.<\/p>\n<p style=\"text-align: justify;\">Sempre bem posicionado em campo e autor do \u00fanico gol da partida, o atacante Fernando, de Araripina\/PE, recebeu das m\u00e3os do secret\u00e1rio Josean Pereira e sua equipe a medalha de melhor jogador da partida.<\/p>\n<figure id=\"attachment_43893\" class=\"wp-caption alignnone\" style=\"text-align: justify;\"><img loading=\"lazy\" decoding=\"async\" class=\"wp-image-43893 size-full\" src=\"https:\/\/i0.wp.com\/www.portalenoticias.com.br\/wp-content\/uploads\/2018\/11\/sjfutdrjonas2018-2.jpg\" sizes=\"(max-width: 800px) 100vw, 800px\" srcset=\"\/\/i0.wp.com\/www.portalenoticias.com.br\/wp-content\/uploads\/2018\/11\/sjfutdrjonas2018-2.jpg 800w, \/\/i0.wp.com\/www.portalenoticias.com.br\/wp-content\/uploads\/2018\/11\/sjfutdrjonas2018-2-300x200.jpg 300w, \/\/i0.wp.com\/www.portalenoticias.com.br\/wp-content\/uploads\/2018\/11\/sjfutdrjonas2018-2-768x512.jpg 768w, \/\/i0.wp.com\/www.portalenoticias.com.br\/wp-content\/uploads\/2018\/11\/sjfutdrjonas2018-2-696x385.jpg 696w, \/\/i0.wp.com\/www.portalenoticias.com.br\/wp-content\/uploads\/2018\/11\/sjfutdrjonas2018-2-630x420.jpg 630w\" alt=\"\" width=\"800\" height=\"533\" \/><figcaption class=\"wp-caption-text\">Fujona<\/figcaption><\/figure>\n<figure id=\"attachment_42792\" class=\"wp-caption alignnone\" style=\"text-align: justify;\"><img loading=\"lazy\" decoding=\"async\" class=\"wp-image-42792 size-full\" src=\"https:\/\/i0.wp.com\/www.portalenoticias.com.br\/wp-content\/uploads\/2018\/10\/futsaj2018campedrjonas-42.jpg\" sizes=\"(max-width: 800px) 100vw, 800px\" srcset=\"\/\/i0.wp.com\/www.portalenoticias.com.br\/wp-content\/uploads\/2018\/10\/futsaj2018campedrjonas-42.jpg 800w, \/\/i0.wp.com\/www.portalenoticias.com.br\/wp-content\/uploads\/2018\/10\/futsaj2018campedrjonas-42-300x200.jpg 300w, \/\/i0.wp.com\/www.portalenoticias.com.br\/wp-content\/uploads\/2018\/10\/futsaj2018campedrjonas-42-768x512.jpg 768w, \/\/i0.wp.com\/www.portalenoticias.com.br\/wp-content\/uploads\/2018\/10\/futsaj2018campedrjonas-42-696x385.jpg 696w, \/\/i0.wp.com\/www.portalenoticias.com.br\/wp-content\/uploads\/2018\/10\/futsaj2018campedrjonas-42-630x420.jpg 630w\" alt=\"\" width=\"800\" height=\"533\" \/><figcaption class=\"wp-caption-text\">Fujona<\/figcaption><\/figure>\n<figure id=\"attachment_43907\" class=\"wp-caption alignnone\" style=\"text-align: justify;\"><img loading=\"lazy\" decoding=\"async\" class=\"wp-image-43907 size-full\" src=\"https:\/\/i0.wp.com\/www.portalenoticias.com.br\/wp-content\/uploads\/2018\/11\/sjfutdrjonas2018-16.jpg\" sizes=\"(max-width: 800px) 100vw, 800px\" srcset=\"\/\/i0.wp.com\/www.portalenoticias.com.br\/wp-content\/uploads\/2018\/11\/sjfutdrjonas2018-16.jpg 800w, \/\/i0.wp.com\/www.portalenoticias.com.br\/wp-content\/uploads\/2018\/11\/sjfutdrjonas2018-16-300x200.jpg 300w, \/\/i0.wp.com\/www.portalenoticias.com.br\/wp-content\/uploads\/2018\/11\/sjfutdrjonas2018-16-768x512.jpg 768w, \/\/i0.wp.com\/www.portalenoticias.com.br\/wp-content\/uploads\/2018\/11\/sjfutdrjonas2018-16-696x385.jpg 696w, \/\/i0.wp.com\/www.portalenoticias.com.br\/wp-content\/uploads\/2018\/11\/sjfutdrjonas2018-16-630x420.jpg 630w\" alt=\"\" width=\"800\" height=\"533\" \/><figcaption class=\"wp-caption-text\">Juventude<\/figcaption><\/figure>\n<figure id=\"attachment_43906\" class=\"wp-caption alignnone\" style=\"text-align: justify;\"><img loading=\"lazy\" decoding=\"async\" class=\"wp-image-43906 size-full\" src=\"https:\/\/i0.wp.com\/www.portalenoticias.com.br\/wp-content\/uploads\/2018\/11\/sjfutdrjonas2018-15.jpg\" sizes=\"(max-width: 800px) 100vw, 800px\" srcset=\"\/\/i0.wp.com\/www.portalenoticias.com.br\/wp-content\/uploads\/2018\/11\/sjfutdrjonas2018-15.jpg 800w, \/\/i0.wp.com\/www.portalenoticias.com.br\/wp-content\/uploads\/2018\/11\/sjfutdrjonas2018-15-300x200.jpg 300w, \/\/i0.wp.com\/www.portalenoticias.com.br\/wp-content\/uploads\/2018\/11\/sjfutdrjonas2018-15-768x512.jpg 768w, \/\/i0.wp.com\/www.portalenoticias.com.br\/wp-content\/uploads\/2018\/11\/sjfutdrjonas2018-15-696x385.jpg 696w, \/\/i0.wp.com\/www.portalenoticias.com.br\/wp-content\/uploads\/2018\/11\/sjfutdrjonas2018-15-630x420.jpg 630w\" alt=\"\" width=\"800\" height=\"533\" \/><figcaption class=\"wp-caption-text\">Juventude<\/figcaption><\/figure>\n<p style=\"text-align: justify;\"><strong>Classifica\u00e7\u00e3o do Grupo A:<br \/>\n<\/strong>1\u00ba \u2013 Fujona \u2013 06 pontos \u2013 classificada<br \/>\n2\u00ba \u2013 Santos \u2013 03 pontos<br \/>\n3\u00ba \u2013 Juventude \u2013 01 ponto<br \/>\n4\u00ba \u2013 Camale\u00f5es da BR \u2013 01 ponto<\/p>\n<figure id=\"attachment_44421\" class=\"wp-caption alignnone\" style=\"text-align: justify;\"><img loading=\"lazy\" decoding=\"async\" class=\"wp-image-44421 size-full\" src=\"https:\/\/i0.wp.com\/www.portalenoticias.com.br\/wp-content\/uploads\/2018\/11\/futsj2018zean-3.jpg\" sizes=\"(max-width: 800px) 100vw, 800px\" srcset=\"\/\/i0.wp.com\/www.portalenoticias.com.br\/wp-content\/uploads\/2018\/11\/futsj2018zean-3.jpg 800w, \/\/i0.wp.com\/www.portalenoticias.com.br\/wp-content\/uploads\/2018\/11\/futsj2018zean-3-300x192.jpg 300w, \/\/i0.wp.com\/www.portalenoticias.com.br\/wp-content\/uploads\/2018\/11\/futsj2018zean-3-768x492.jpg 768w, \/\/i0.wp.com\/www.portalenoticias.com.br\/wp-content\/uploads\/2018\/11\/futsj2018zean-3-696x385.jpg 696w, \/\/i0.wp.com\/www.portalenoticias.com.br\/wp-content\/uploads\/2018\/11\/futsj2018zean-3-656x420.jpg 656w\" alt=\"\" width=\"800\" height=\"512\" \/><figcaption class=\"wp-caption-text\">Fernando foi eleito o melhor da partida deste domingo, 11 de novembro<\/figcaption><\/figure>\n<p style=\"text-align: justify;\"><strong>Veja Grupos do Campeonato Municipal de Futebol Amador 2018<\/strong><\/p>\n<p style=\"text-align: justify;\"><img loading=\"lazy\" decoding=\"async\" class=\"alignnone size-full wp-image-42810\" src=\"https:\/\/i0.wp.com\/www.portalenoticias.com.br\/wp-content\/uploads\/2018\/10\/2018camsjdrjonas-3.jpg\" sizes=\"(max-width: 746px) 100vw, 746px\" srcset=\"\/\/i0.wp.com\/www.portalenoticias.com.br\/wp-content\/uploads\/2018\/10\/2018camsjdrjonas-3.jpg 746w, \/\/i0.wp.com\/www.portalenoticias.com.br\/wp-content\/uploads\/2018\/10\/2018camsjdrjonas-3-300x241.jpg 300w, \/\/i0.wp.com\/www.portalenoticias.com.br\/wp-content\/uploads\/2018\/10\/2018camsjdrjonas-3-696x385.jpg 696w, \/\/i0.wp.com\/www.portalenoticias.com.br\/wp-content\/uploads\/2018\/10\/2018camsjdrjonas-3-522x420.jpg 522w\" alt=\"\" width=\"746\" height=\"600\" \/><\/p>\n<p style=\"text-align: justify;\"><strong>Veja Tabela do Campeonato Municipal de Futebol Amador de S\u00e3o Juli\u00e3o \u2013 PI 2018<\/strong><\/p>\n<p style=\"text-align: justify;\"><img loading=\"lazy\" decoding=\"async\" class=\"alignnone size-full wp-image-44417\" src=\"https:\/\/i0.wp.com\/www.portalenoticias.com.br\/wp-content\/uploads\/2018\/11\/futsj2018zean-4.jpg\" sizes=\"(max-width: 516px) 100vw, 516px\" srcset=\"\/\/i0.wp.com\/www.portalenoticias.com.br\/wp-content\/uploads\/2018\/11\/futsj2018zean-4.jpg 516w, \/\/i0.wp.com\/www.portalenoticias.com.br\/wp-content\/uploads\/2018\/11\/futsj2018zean-4-258x300.jpg 258w, \/\/i0.wp.com\/www.portalenoticias.com.br\/wp-content\/uploads\/2018\/11\/futsj2018zean-4-361x420.jpg 361w\" alt=\"\" width=\"516\" height=\"600\" \/><\/p>\n<p style=\"text-align: justify;\"><img loading=\"lazy\" decoding=\"async\" class=\"alignnone size-full wp-image-44421\" src=\"https:\/\/i0.wp.com\/www.portalenoticias.com.br\/wp-content\/uploads\/2018\/11\/futsj2018zean-3.jpg\" sizes=\"(max-width: 800px) 100vw, 800px\" srcset=\"\/\/i0.wp.com\/www.portalenoticias.com.br\/wp-content\/uploads\/2018\/11\/futsj2018zean-3.jpg 800w, \/\/i0.wp.com\/www.portalenoticias.com.br\/wp-content\/uploads\/2018\/11\/futsj2018zean-3-300x192.jpg 300w, \/\/i0.wp.com\/www.portalenoticias.com.br\/wp-content\/uploads\/2018\/11\/futsj2018zean-3-768x492.jpg 768w, \/\/i0.wp.com\/www.portalenoticias.com.br\/wp-content\/uploads\/2018\/11\/futsj2018zean-3-696x385.jpg 696w, \/\/i0.wp.com\/www.portalenoticias.com.br\/wp-content\/uploads\/2018\/11\/futsj2018zean-3-656x420.jpg 656w\" alt=\"\" width=\"800\" height=\"512\" \/><img loading=\"lazy\" decoding=\"async\" class=\"alignnone size-full wp-image-44420\" src=\"https:\/\/i0.wp.com\/www.portalenoticias.com.br\/wp-content\/uploads\/2018\/11\/futsj2018zean-2.jpg\" sizes=\"(max-width: 800px) 100vw, 800px\" srcset=\"\/\/i0.wp.com\/www.portalenoticias.com.br\/wp-content\/uploads\/2018\/11\/futsj2018zean-2.jpg 800w, \/\/i0.wp.com\/www.portalenoticias.com.br\/wp-content\/uploads\/2018\/11\/futsj2018zean-2-300x216.jpg 300w, \/\/i0.wp.com\/www.portalenoticias.com.br\/wp-content\/uploads\/2018\/11\/futsj2018zean-2-768x552.jpg 768w, \/\/i0.wp.com\/www.portalenoticias.com.br\/wp-content\/uploads\/2018\/11\/futsj2018zean-2-696x385.jpg 696w, \/\/i0.wp.com\/www.portalenoticias.com.br\/wp-content\/uploads\/2018\/11\/futsj2018zean-2-584x420.jpg 584w\" alt=\"\" width=\"800\" height=\"575\" \/><img loading=\"lazy\" decoding=\"async\" class=\"alignnone size-full wp-image-44419\" src=\"https:\/\/i0.wp.com\/www.portalenoticias.com.br\/wp-content\/uploads\/2018\/11\/futsj2018zean-1.jpg\" sizes=\"(max-width: 739px) 100vw, 739px\" srcset=\"\/\/i0.wp.com\/www.portalenoticias.com.br\/wp-content\/uploads\/2018\/11\/futsj2018zean-1.jpg 739w, \/\/i0.wp.com\/www.portalenoticias.com.br\/wp-content\/uploads\/2018\/11\/futsj2018zean-1-300x209.jpg 300w, \/\/i0.wp.com\/www.portalenoticias.com.br\/wp-content\/uploads\/2018\/11\/futsj2018zean-1-100x70.jpg 100w, \/\/i0.wp.com\/www.portalenoticias.com.br\/wp-content\/uploads\/2018\/11\/futsj2018zean-1-696x385.jpg 696w, \/\/i0.wp.com\/www.portalenoticias.com.br\/wp-content\/uploads\/2018\/11\/futsj2018zean-1-604x420.jpg 604w\" alt=\"\" width=\"739\" height=\"514\" \/><img loading=\"lazy\" decoding=\"async\" class=\"alignnone size-full wp-image-44418\" src=\"https:\/\/i0.wp.com\/www.portalenoticias.com.br\/wp-content\/uploads\/2018\/11\/futsj2018zean-5.jpg\" sizes=\"(max-width: 800px) 100vw, 800px\" srcset=\"\/\/i0.wp.com\/www.portalenoticias.com.br\/wp-content\/uploads\/2018\/11\/futsj2018zean-5.jpg 800w, \/\/i0.wp.com\/www.portalenoticias.com.br\/wp-content\/uploads\/2018\/11\/futsj2018zean-5-300x200.jpg 300w, \/\/i0.wp.com\/www.portalenoticias.com.br\/wp-content\/uploads\/2018\/11\/futsj2018zean-5-768x511.jpg 768w, \/\/i0.wp.com\/www.portalenoticias.com.br\/wp-content\/uploads\/2018\/11\/futsj2018zean-5-696x385.jpg 696w, \/\/i0.wp.com\/www.portalenoticias.com.br\/wp-content\/uploads\/2018\/11\/futsj2018zean-5-632x420.jpg 632w\" alt=\"\" width=\"800\" height=\"532\" \/><\/p>\n<p style=\"text-align: justify;\"><img loading=\"lazy\" decoding=\"async\" class=\"alignnone size-full wp-image-43905\" src=\"https:\/\/i0.wp.com\/www.portalenoticias.com.br\/wp-content\/uploads\/2018\/11\/sjfutdrjonas2018-14.jpg\" sizes=\"(max-width: 800px) 100vw, 800px\" srcset=\"\/\/i0.wp.com\/www.portalenoticias.com.br\/wp-content\/uploads\/2018\/11\/sjfutdrjonas2018-14.jpg 800w, \/\/i0.wp.com\/www.portalenoticias.com.br\/wp-content\/uploads\/2018\/11\/sjfutdrjonas2018-14-300x200.jpg 300w, \/\/i0.wp.com\/www.portalenoticias.com.br\/wp-content\/uploads\/2018\/11\/sjfutdrjonas2018-14-768x512.jpg 768w, \/\/i0.wp.com\/www.portalenoticias.com.br\/wp-content\/uploads\/2018\/11\/sjfutdrjonas2018-14-696x385.jpg 696w, \/\/i0.wp.com\/www.portalenoticias.com.br\/wp-content\/uploads\/2018\/11\/sjfutdrjonas2018-14-630x420.jpg 630w\" alt=\"\" width=\"800\" height=\"533\" \/><\/p>\n<p style=\"text-align: justify;\"><img loading=\"lazy\" decoding=\"async\" class=\"alignnone size-full wp-image-43894\" src=\"https:\/\/i0.wp.com\/www.portalenoticias.com.br\/wp-content\/uploads\/2018\/11\/sjfutdrjonas2018-3.jpg\" sizes=\"(max-width: 800px) 100vw, 800px\" srcset=\"\/\/i0.wp.com\/www.portalenoticias.com.br\/wp-content\/uploads\/2018\/11\/sjfutdrjonas2018-3.jpg 800w, \/\/i0.wp.com\/www.portalenoticias.com.br\/wp-content\/uploads\/2018\/11\/sjfutdrjonas2018-3-300x200.jpg 300w, \/\/i0.wp.com\/www.portalenoticias.com.br\/wp-content\/uploads\/2018\/11\/sjfutdrjonas2018-3-768x512.jpg 768w, \/\/i0.wp.com\/www.portalenoticias.com.br\/wp-content\/uploads\/2018\/11\/sjfutdrjonas2018-3-696x385.jpg 696w, \/\/i0.wp.com\/www.portalenoticias.com.br\/wp-content\/uploads\/2018\/11\/sjfutdrjonas2018-3-630x420.jpg 630w\" alt=\"\" width=\"800\" height=\"533\" \/><\/p>\n<p style=\"text-align: justify;\"><img loading=\"lazy\" decoding=\"async\" class=\"alignnone size-full wp-image-43408\" src=\"https:\/\/i0.wp.com\/www.portalenoticias.com.br\/wp-content\/uploads\/2018\/10\/jogosab2018sj-13.jpg\" sizes=\"(max-width: 800px) 100vw, 800px\" srcset=\"\/\/i0.wp.com\/www.portalenoticias.com.br\/wp-content\/uploads\/2018\/10\/jogosab2018sj-13.jpg 800w, \/\/i0.wp.com\/www.portalenoticias.com.br\/wp-content\/uploads\/2018\/10\/jogosab2018sj-13-300x200.jpg 300w, \/\/i0.wp.com\/www.portalenoticias.com.br\/wp-content\/uploads\/2018\/10\/jogosab2018sj-13-768x512.jpg 768w, \/\/i0.wp.com\/www.portalenoticias.com.br\/wp-content\/uploads\/2018\/10\/jogosab2018sj-13-696x385.jpg 696w, \/\/i0.wp.com\/www.portalenoticias.com.br\/wp-content\/uploads\/2018\/10\/jogosab2018sj-13-630x420.jpg 630w\" alt=\"\" width=\"800\" height=\"533\" \/><img loading=\"lazy\" decoding=\"async\" class=\"alignnone size-full wp-image-43407\" src=\"https:\/\/i0.wp.com\/www.portalenoticias.com.br\/wp-content\/uploads\/2018\/10\/jogosab2018sj-12.jpg\" sizes=\"(max-width: 800px) 100vw, 800px\" srcset=\"\/\/i0.wp.com\/www.portalenoticias.com.br\/wp-content\/uploads\/2018\/10\/jogosab2018sj-12.jpg 800w, \/\/i0.wp.com\/www.portalenoticias.com.br\/wp-content\/uploads\/2018\/10\/jogosab2018sj-12-300x200.jpg 300w, \/\/i0.wp.com\/www.portalenoticias.com.br\/wp-content\/uploads\/2018\/10\/jogosab2018sj-12-768x512.jpg 768w, \/\/i0.wp.com\/www.portalenoticias.com.br\/wp-content\/uploads\/2018\/10\/jogosab2018sj-12-696x385.jpg 696w, \/\/i0.wp.com\/www.portalenoticias.com.br\/wp-content\/uploads\/2018\/10\/jogosab2018sj-12-630x420.jpg 630w\" alt=\"\" width=\"800\" height=\"533\" \/><img loading=\"lazy\" decoding=\"async\" class=\"alignnone size-full wp-image-43406\" src=\"https:\/\/i0.wp.com\/www.portalenoticias.com.br\/wp-content\/uploads\/2018\/10\/jogosab2018sj-11.jpg\" sizes=\"(max-width: 800px) 100vw, 800px\" srcset=\"\/\/i0.wp.com\/www.portalenoticias.com.br\/wp-content\/uploads\/2018\/10\/jogosab2018sj-11.jpg 800w, \/\/i0.wp.com\/www.portalenoticias.com.br\/wp-content\/uploads\/2018\/10\/jogosab2018sj-11-300x200.jpg 300w, \/\/i0.wp.com\/www.portalenoticias.com.br\/wp-content\/uploads\/2018\/10\/jogosab2018sj-11-768x512.jpg 768w, \/\/i0.wp.com\/www.portalenoticias.com.br\/wp-content\/uploads\/2018\/10\/jogosab2018sj-11-696x385.jpg 696w, \/\/i0.wp.com\/www.portalenoticias.com.br\/wp-content\/uploads\/2018\/10\/jogosab2018sj-11-630x420.jpg 630w\" alt=\"\" width=\"800\" height=\"533\" \/><\/p>\n<p style=\"text-align: justify;\"><strong>Fonte: Portal \u00c9 Not\u00edcias\u00a0<\/strong><\/p>\n","protected":false},"excerpt":{"rendered":"<p>Mais dois jogos movimentaram o final de semana pelo Campeonato Municipal de Futebol Amador de S\u00e3o Juli\u00e3o \u2013 PI 2018. O referido campeonato \u00e9 organizado pela Prefeitura de S\u00e3o Juli\u00e3o \u2013 PI, na Gest\u00e3o do Prefeito Dr. Jonas, atrav\u00e9s da Secretaria Municipal de Esportes e Lazer. Jogo de s\u00e1bado, 10 de novembro No s\u00e1bado, 10 &hellip;<\/p>\n","protected":false},"author":3,"featured_media":2415,"comment_status":"open","ping_status":"open","sticky":false,"template":"","format":"standard","meta":{"content-type":"","rop_custom_images_group":[],"rop_custom_messages_group":[],"rop_publish_now":"initial","rop_publish_now_accounts":{"facebook_2648258775420054_1618374048415101":""},"rop_publish_now_history":[],"rop_publish_now_status":"pending","footnotes":"","_jetpack_memberships_contains_paid_content":false},"categories":[113,108,136],"tags":[107,1067,137],"yoast_head":"<!-- This site is optimized with the Yoast SEO plugin v22.3 - https:\/\/yoast.com\/wordpress\/plugins\/seo\/ -->\n<title>Dois jogos movimentaram o final de semana pelo Campeonato Municipal de Futebol Amador de S\u00e3o Juli\u00e3o \u2013 PI 2018; veja fotos - Portal NPM<\/title>\n<meta name=\"robots\" content=\"index, follow, max-snippet:-1, max-image-preview:large, max-video-preview:-1\" \/>\n<link rel=\"canonical\" href=\"https:\/\/portalnpm.com\/index.php\/2018\/11\/12\/dois-jogos-movimentaram-o-final-de-semana-pelo-campeonato-municipal-de-futebol-amador-de-sao-juliao-pi-2018-veja-fotos\/\" \/>\n<meta property=\"og:locale\" content=\"pt_BR\" \/>\n<meta property=\"og:type\" content=\"article\" \/>\n<meta property=\"og:title\" content=\"Dois jogos movimentaram o final de semana pelo Campeonato Municipal de Futebol Amador de S\u00e3o Juli\u00e3o \u2013 PI 2018; veja fotos - Portal NPM\" \/>\n<meta property=\"og:description\" content=\"Mais dois jogos movimentaram o final de semana pelo Campeonato Municipal de Futebol Amador de S\u00e3o Juli\u00e3o \u2013 PI 2018. O referido campeonato \u00e9 organizado pela Prefeitura de S\u00e3o Juli\u00e3o \u2013 PI, na Gest\u00e3o do Prefeito Dr. Jonas, atrav\u00e9s da Secretaria Municipal de Esportes e Lazer. Jogo de s\u00e1bado, 10 de novembro No s\u00e1bado, 10 &hellip;\" \/>\n<meta property=\"og:url\" content=\"https:\/\/portalnpm.com\/index.php\/2018\/11\/12\/dois-jogos-movimentaram-o-final-de-semana-pelo-campeonato-municipal-de-futebol-amador-de-sao-juliao-pi-2018-veja-fotos\/\" \/>\n<meta property=\"og:site_name\" content=\"Portal NPM\" \/>\n<meta property=\"article:published_time\" content=\"2018-11-12T13:25:22+00:00\" \/>\n<meta property=\"og:image\" content=\"https:\/\/portalnpm.com\/wp-content\/uploads\/2018\/11\/capa20188sjjj.jpg\" \/>\n\t<meta property=\"og:image:width\" content=\"704\" \/>\n\t<meta property=\"og:image:height\" content=\"564\" \/>\n\t<meta property=\"og:image:type\" content=\"image\/jpeg\" \/>\n<meta name=\"author\" content=\"Luis Alberto\" \/>\n<meta name=\"twitter:card\" content=\"summary_large_image\" \/>\n<meta name=\"twitter:label1\" content=\"Escrito por\" \/>\n\t<meta name=\"twitter:data1\" content=\"Luis Alberto\" \/>\n\t<meta name=\"twitter:label2\" content=\"Est. tempo de leitura\" \/>\n\t<meta name=\"twitter:data2\" content=\"2 minutos\" \/>\n<script type=\"application\/ld+json\" class=\"yoast-schema-graph\">{\"@context\":\"https:\/\/schema.org\",\"@graph\":[{\"@type\":\"WebPage\",\"@id\":\"https:\/\/portalnpm.com\/index.php\/2018\/11\/12\/dois-jogos-movimentaram-o-final-de-semana-pelo-campeonato-municipal-de-futebol-amador-de-sao-juliao-pi-2018-veja-fotos\/\",\"url\":\"https:\/\/portalnpm.com\/index.php\/2018\/11\/12\/dois-jogos-movimentaram-o-final-de-semana-pelo-campeonato-municipal-de-futebol-amador-de-sao-juliao-pi-2018-veja-fotos\/\",\"name\":\"Dois jogos movimentaram o final de semana pelo Campeonato Municipal de Futebol Amador de S\u00e3o Juli\u00e3o \u2013 PI 2018; veja fotos - Portal NPM\",\"isPartOf\":{\"@id\":\"https:\/\/portalnpm.com\/#website\"},\"primaryImageOfPage\":{\"@id\":\"https:\/\/portalnpm.com\/index.php\/2018\/11\/12\/dois-jogos-movimentaram-o-final-de-semana-pelo-campeonato-municipal-de-futebol-amador-de-sao-juliao-pi-2018-veja-fotos\/#primaryimage\"},\"image\":{\"@id\":\"https:\/\/portalnpm.com\/index.php\/2018\/11\/12\/dois-jogos-movimentaram-o-final-de-semana-pelo-campeonato-municipal-de-futebol-amador-de-sao-juliao-pi-2018-veja-fotos\/#primaryimage\"},\"thumbnailUrl\":\"https:\/\/portalnpm.com\/wp-content\/uploads\/2018\/11\/capa20188sjjj.jpg\",\"datePublished\":\"2018-11-12T13:25:22+00:00\",\"dateModified\":\"2018-11-12T13:25:22+00:00\",\"author\":{\"@id\":\"https:\/\/portalnpm.com\/#\/schema\/person\/5c8006acdf71774cd4e7a5ab98482152\"},\"breadcrumb\":{\"@id\":\"https:\/\/portalnpm.com\/index.php\/2018\/11\/12\/dois-jogos-movimentaram-o-final-de-semana-pelo-campeonato-municipal-de-futebol-amador-de-sao-juliao-pi-2018-veja-fotos\/#breadcrumb\"},\"inLanguage\":\"pt-BR\",\"potentialAction\":[{\"@type\":\"ReadAction\",\"target\":[\"https:\/\/portalnpm.com\/index.php\/2018\/11\/12\/dois-jogos-movimentaram-o-final-de-semana-pelo-campeonato-municipal-de-futebol-amador-de-sao-juliao-pi-2018-veja-fotos\/\"]}]},{\"@type\":\"ImageObject\",\"inLanguage\":\"pt-BR\",\"@id\":\"https:\/\/portalnpm.com\/index.php\/2018\/11\/12\/dois-jogos-movimentaram-o-final-de-semana-pelo-campeonato-municipal-de-futebol-amador-de-sao-juliao-pi-2018-veja-fotos\/#primaryimage\",\"url\":\"https:\/\/portalnpm.com\/wp-content\/uploads\/2018\/11\/capa20188sjjj.jpg\",\"contentUrl\":\"https:\/\/portalnpm.com\/wp-content\/uploads\/2018\/11\/capa20188sjjj.jpg\",\"width\":704,\"height\":564},{\"@type\":\"BreadcrumbList\",\"@id\":\"https:\/\/portalnpm.com\/index.php\/2018\/11\/12\/dois-jogos-movimentaram-o-final-de-semana-pelo-campeonato-municipal-de-futebol-amador-de-sao-juliao-pi-2018-veja-fotos\/#breadcrumb\",\"itemListElement\":[{\"@type\":\"ListItem\",\"position\":1,\"name\":\"In\u00edcio\",\"item\":\"https:\/\/portalnpm.com\/\"},{\"@type\":\"ListItem\",\"position\":2,\"name\":\"Dois jogos movimentaram o final de semana pelo Campeonato Municipal de Futebol Amador de S\u00e3o Juli\u00e3o \u2013 PI 2018; veja fotos\"}]},{\"@type\":\"WebSite\",\"@id\":\"https:\/\/portalnpm.com\/#website\",\"url\":\"https:\/\/portalnpm.com\/\",\"name\":\"Portal NPM\",\"description\":\"Not\u00edcias em Primeira M\u00e3o\",\"potentialAction\":[{\"@type\":\"SearchAction\",\"target\":{\"@type\":\"EntryPoint\",\"urlTemplate\":\"https:\/\/portalnpm.com\/?s={search_term_string}\"},\"query-input\":\"required name=search_term_string\"}],\"inLanguage\":\"pt-BR\"},{\"@type\":\"Person\",\"@id\":\"https:\/\/portalnpm.com\/#\/schema\/person\/5c8006acdf71774cd4e7a5ab98482152\",\"name\":\"Luis Alberto\",\"image\":{\"@type\":\"ImageObject\",\"inLanguage\":\"pt-BR\",\"@id\":\"https:\/\/portalnpm.com\/#\/schema\/person\/image\/\",\"url\":\"https:\/\/portalnpm.com\/wp-content\/uploads\/2024\/12\/avatar_user_3_1734699769-96x96.jpeg\",\"contentUrl\":\"https:\/\/portalnpm.com\/wp-content\/uploads\/2024\/12\/avatar_user_3_1734699769-96x96.jpeg\",\"caption\":\"Luis Alberto\"},\"description\":\"Editor-geral do Portal NPM, \u00e9 formado como T\u00e9cnico em Seguran\u00e7a do Trabalho pela Escola Metropolitana de Cursos T\u00e9cnicos. Det\u00e9m ainda licenciatura em Educa\u00e7\u00e3o F\u00edsica e bacharelado em Ci\u00eancias Pol\u00edticas, ambos obtidos pela institui\u00e7\u00e3o Anhanguera\/UNOPAR.\",\"url\":\"https:\/\/portalnpm.com\/index.php\/author\/pereira\/\"}]}<\/script>\n<!-- \/ Yoast SEO plugin. -->","yoast_head_json":{"title":"Dois jogos movimentaram o final de semana pelo Campeonato Municipal de Futebol Amador de S\u00e3o Juli\u00e3o \u2013 PI 2018; veja fotos - Portal NPM","robots":{"index":"index","follow":"follow","max-snippet":"max-snippet:-1","max-image-preview":"max-image-preview:large","max-video-preview":"max-video-preview:-1"},"canonical":"https:\/\/portalnpm.com\/index.php\/2018\/11\/12\/dois-jogos-movimentaram-o-final-de-semana-pelo-campeonato-municipal-de-futebol-amador-de-sao-juliao-pi-2018-veja-fotos\/","og_locale":"pt_BR","og_type":"article","og_title":"Dois jogos movimentaram o final de semana pelo Campeonato Municipal de Futebol Amador de S\u00e3o Juli\u00e3o \u2013 PI 2018; veja fotos - Portal NPM","og_description":"Mais dois jogos movimentaram o final de semana pelo Campeonato Municipal de Futebol Amador de S\u00e3o Juli\u00e3o \u2013 PI 2018. O referido campeonato \u00e9 organizado pela Prefeitura de S\u00e3o Juli\u00e3o \u2013 PI, na Gest\u00e3o do Prefeito Dr. Jonas, atrav\u00e9s da Secretaria Municipal de Esportes e Lazer. Jogo de s\u00e1bado, 10 de novembro No s\u00e1bado, 10 &hellip;","og_url":"https:\/\/portalnpm.com\/index.php\/2018\/11\/12\/dois-jogos-movimentaram-o-final-de-semana-pelo-campeonato-municipal-de-futebol-amador-de-sao-juliao-pi-2018-veja-fotos\/","og_site_name":"Portal NPM","article_published_time":"2018-11-12T13:25:22+00:00","og_image":[{"width":704,"height":564,"url":"https:\/\/portalnpm.com\/wp-content\/uploads\/2018\/11\/capa20188sjjj.jpg","type":"image\/jpeg"}],"author":"Luis Alberto","twitter_card":"summary_large_image","twitter_misc":{"Escrito por":"Luis Alberto","Est. tempo de leitura":"2 minutos"},"schema":{"@context":"https:\/\/schema.org","@graph":[{"@type":"WebPage","@id":"https:\/\/portalnpm.com\/index.php\/2018\/11\/12\/dois-jogos-movimentaram-o-final-de-semana-pelo-campeonato-municipal-de-futebol-amador-de-sao-juliao-pi-2018-veja-fotos\/","url":"https:\/\/portalnpm.com\/index.php\/2018\/11\/12\/dois-jogos-movimentaram-o-final-de-semana-pelo-campeonato-municipal-de-futebol-amador-de-sao-juliao-pi-2018-veja-fotos\/","name":"Dois jogos movimentaram o final de semana pelo Campeonato Municipal de Futebol Amador de S\u00e3o Juli\u00e3o \u2013 PI 2018; veja fotos - Portal NPM","isPartOf":{"@id":"https:\/\/portalnpm.com\/#website"},"primaryImageOfPage":{"@id":"https:\/\/portalnpm.com\/index.php\/2018\/11\/12\/dois-jogos-movimentaram-o-final-de-semana-pelo-campeonato-municipal-de-futebol-amador-de-sao-juliao-pi-2018-veja-fotos\/#primaryimage"},"image":{"@id":"https:\/\/portalnpm.com\/index.php\/2018\/11\/12\/dois-jogos-movimentaram-o-final-de-semana-pelo-campeonato-municipal-de-futebol-amador-de-sao-juliao-pi-2018-veja-fotos\/#primaryimage"},"thumbnailUrl":"https:\/\/portalnpm.com\/wp-content\/uploads\/2018\/11\/capa20188sjjj.jpg","datePublished":"2018-11-12T13:25:22+00:00","dateModified":"2018-11-12T13:25:22+00:00","author":{"@id":"https:\/\/portalnpm.com\/#\/schema\/person\/5c8006acdf71774cd4e7a5ab98482152"},"breadcrumb":{"@id":"https:\/\/portalnpm.com\/index.php\/2018\/11\/12\/dois-jogos-movimentaram-o-final-de-semana-pelo-campeonato-municipal-de-futebol-amador-de-sao-juliao-pi-2018-veja-fotos\/#breadcrumb"},"inLanguage":"pt-BR","potentialAction":[{"@type":"ReadAction","target":["https:\/\/portalnpm.com\/index.php\/2018\/11\/12\/dois-jogos-movimentaram-o-final-de-semana-pelo-campeonato-municipal-de-futebol-amador-de-sao-juliao-pi-2018-veja-fotos\/"]}]},{"@type":"ImageObject","inLanguage":"pt-BR","@id":"https:\/\/portalnpm.com\/index.php\/2018\/11\/12\/dois-jogos-movimentaram-o-final-de-semana-pelo-campeonato-municipal-de-futebol-amador-de-sao-juliao-pi-2018-veja-fotos\/#primaryimage","url":"https:\/\/portalnpm.com\/wp-content\/uploads\/2018\/11\/capa20188sjjj.jpg","contentUrl":"https:\/\/portalnpm.com\/wp-content\/uploads\/2018\/11\/capa20188sjjj.jpg","width":704,"height":564},{"@type":"BreadcrumbList","@id":"https:\/\/portalnpm.com\/index.php\/2018\/11\/12\/dois-jogos-movimentaram-o-final-de-semana-pelo-campeonato-municipal-de-futebol-amador-de-sao-juliao-pi-2018-veja-fotos\/#breadcrumb","itemListElement":[{"@type":"ListItem","position":1,"name":"In\u00edcio","item":"https:\/\/portalnpm.com\/"},{"@type":"ListItem","position":2,"name":"Dois jogos movimentaram o final de semana pelo Campeonato Municipal de Futebol Amador de S\u00e3o Juli\u00e3o \u2013 PI 2018; veja fotos"}]},{"@type":"WebSite","@id":"https:\/\/portalnpm.com\/#website","url":"https:\/\/portalnpm.com\/","name":"Portal NPM","description":"Not\u00edcias em Primeira M\u00e3o","potentialAction":[{"@type":"SearchAction","target":{"@type":"EntryPoint","urlTemplate":"https:\/\/portalnpm.com\/?s={search_term_string}"},"query-input":"required name=search_term_string"}],"inLanguage":"pt-BR"},{"@type":"Person","@id":"https:\/\/portalnpm.com\/#\/schema\/person\/5c8006acdf71774cd4e7a5ab98482152","name":"Luis Alberto","image":{"@type":"ImageObject","inLanguage":"pt-BR","@id":"https:\/\/portalnpm.com\/#\/schema\/person\/image\/","url":"https:\/\/portalnpm.com\/wp-content\/uploads\/2024\/12\/avatar_user_3_1734699769-96x96.jpeg","contentUrl":"https:\/\/portalnpm.com\/wp-content\/uploads\/2024\/12\/avatar_user_3_1734699769-96x96.jpeg","caption":"Luis Alberto"},"description":"Editor-geral do Portal NPM, \u00e9 formado como T\u00e9cnico em Seguran\u00e7a do Trabalho pela Escola Metropolitana de Cursos T\u00e9cnicos. Det\u00e9m ainda licenciatura em Educa\u00e7\u00e3o F\u00edsica e bacharelado em Ci\u00eancias Pol\u00edticas, ambos obtidos pela institui\u00e7\u00e3o Anhanguera\/UNOPAR.","url":"https:\/\/portalnpm.com\/index.php\/author\/pereira\/"}]}},"jetpack_sharing_enabled":true,"jetpack_featured_media_url":"https:\/\/portalnpm.com\/wp-content\/uploads\/2018\/11\/capa20188sjjj.jpg","_links":{"self":[{"href":"https:\/\/portalnpm.com\/index.php\/wp-json\/wp\/v2\/posts\/2414"}],"collection":[{"href":"https:\/\/portalnpm.com\/index.php\/wp-json\/wp\/v2\/posts"}],"about":[{"href":"https:\/\/portalnpm.com\/index.php\/wp-json\/wp\/v2\/types\/post"}],"author":[{"embeddable":true,"href":"https:\/\/portalnpm.com\/index.php\/wp-json\/wp\/v2\/users\/3"}],"replies":[{"embeddable":true,"href":"https:\/\/portalnpm.com\/index.php\/wp-json\/wp\/v2\/comments?post=2414"}],"version-history":[{"count":0,"href":"https:\/\/portalnpm.com\/index.php\/wp-json\/wp\/v2\/posts\/2414\/revisions"}],"wp:featuredmedia":[{"embeddable":true,"href":"https:\/\/portalnpm.com\/index.php\/wp-json\/wp\/v2\/media\/2415"}],"wp:attachment":[{"href":"https:\/\/portalnpm.com\/index.php\/wp-json\/wp\/v2\/media?parent=2414"}],"wp:term":[{"taxonomy":"category","embeddable":true,"href":"https:\/\/portalnpm.com\/index.php\/wp-json\/wp\/v2\/categories?post=2414"},{"taxonomy":"post_tag","embeddable":true,"href":"https:\/\/portalnpm.com\/index.php\/wp-json\/wp\/v2\/tags?post=2414"}],"curies":[{"name":"wp","href":"https:\/\/api.w.org\/{rel}","templated":true}]}}