{"id":2454,"date":"2018-11-12T23:16:01","date_gmt":"2018-11-13T01:16:01","guid":{"rendered":"http:\/\/srv.portalnpm.com.br\/?p=2454"},"modified":"2018-11-12T23:16:01","modified_gmt":"2018-11-13T01:16:01","slug":"residencia-de-vereador-e-alvejada-com-tiros-em-cidade-do-piaui","status":"publish","type":"post","link":"https:\/\/portalnpm.com\/index.php\/2018\/11\/12\/residencia-de-vereador-e-alvejada-com-tiros-em-cidade-do-piaui\/","title":{"rendered":"Resid\u00eancia de vereador \u00e9 alvejada com tiros em cidade do Piau\u00ed"},"content":{"rendered":"<p style=\"text-align: justify;\">Na madrugada desse s\u00e1bado (10), entre uma e duas horas da manh\u00e3 houve um atentado contra o Vereador Ampario Gil (PSB), no munic\u00edpio de Reden\u00e7\u00e3o do Gurgueia. Segundo relato de um vigilante, um indiv\u00edduo de baixa estatura e forte, encapuzado chegou \u00e0 casa do Vereador localizada no Bairro Planaltina, entrou por um beco que acessa o quintal da resid\u00eancia, efetuou um tiro na porta da frente e outro disparo numa janela lateral e saiu.<\/p>\n<p style=\"text-align: justify;\">Nesta sexta-feira, ap\u00f3s mais uma sess\u00e3o ordin\u00e1ria na C\u00e2mara e de acaloradas discuss\u00f5es, o mesmo foi para Bom Jesus acompanhado de sua esposa, por\u00e9m pouqu\u00edssimas pessoas sabiam da sua viagem. Ao retornar para sua resid\u00eancia, se deparou com uma movimenta\u00e7\u00e3o de pessoas vizinhas e dois vigilantes noturnos do bairro que observavam e comentavam o ocorrido. Ainda segundo outro vigilante, faz dois dias que este mesmo indiv\u00edduo \u00e9 visto circulando pelas ruas.<\/p>\n<p style=\"text-align: justify;\"><img fetchpriority=\"high\" decoding=\"async\" class=\"alignnone size-full wp-image-44432\" src=\"https:\/\/i0.wp.com\/www.portalenoticias.com.br\/wp-content\/uploads\/2018\/11\/veerpiaui20198-1.jpg\" sizes=\"(max-width: 792px) 100vw, 792px\" srcset=\"\/\/i0.wp.com\/www.portalenoticias.com.br\/wp-content\/uploads\/2018\/11\/veerpiaui20198-1.jpg 792w, \/\/i0.wp.com\/www.portalenoticias.com.br\/wp-content\/uploads\/2018\/11\/veerpiaui20198-1-300x227.jpg 300w, \/\/i0.wp.com\/www.portalenoticias.com.br\/wp-content\/uploads\/2018\/11\/veerpiaui20198-1-768x582.jpg 768w, \/\/i0.wp.com\/www.portalenoticias.com.br\/wp-content\/uploads\/2018\/11\/veerpiaui20198-1-80x60.jpg 80w, \/\/i0.wp.com\/www.portalenoticias.com.br\/wp-content\/uploads\/2018\/11\/veerpiaui20198-1-696x385.jpg 696w, \/\/i0.wp.com\/www.portalenoticias.com.br\/wp-content\/uploads\/2018\/11\/veerpiaui20198-1-554x420.jpg 554w\" alt=\"\" width=\"792\" height=\"600\" \/><\/p>\n<p style=\"text-align: justify;\">Ampario Gil vem desenvolvendo um trabalho de forma contundente na cidade de Reden\u00e7\u00e3o do Gurgueia, inclusive fazendo den\u00fancias junto a \u00f3rg\u00e3os fiscalizadores contra o Prefeito, Procurador, Secret\u00e1rios e Vereadores por quest\u00f5es administrativas diversas. Para o vereador, o \u00fanico problema que tem \u00e9 pol\u00edtico, pois nunca contraiu inimizades pessoais, nunca se envolveu em confus\u00e3o, etc.<\/p>\n<p style=\"text-align: justify;\">O Vereador acionar\u00e1 as autoridades de direito. O proj\u00e9til continua cravado na porta da resid\u00eancia, o que pode servir numa poss\u00edvel investiga\u00e7\u00e3o.<\/p>\n<p style=\"text-align: justify;\"><strong>Fonte:\u00a0Meio Norte<\/strong><\/p>\n","protected":false},"excerpt":{"rendered":"<p>Na madrugada desse s\u00e1bado (10), entre uma e duas horas da manh\u00e3 houve um atentado contra o Vereador Ampario Gil (PSB), no munic\u00edpio de Reden\u00e7\u00e3o do Gurgueia. Segundo relato de um vigilante, um indiv\u00edduo de baixa estatura e forte, encapuzado chegou \u00e0 casa do Vereador localizada no Bairro Planaltina, entrou por um beco que acessa &hellip;<\/p>\n","protected":false},"author":3,"featured_media":2457,"comment_status":"open","ping_status":"open","sticky":false,"template":"","format":"standard","meta":{"content-type":"","rop_custom_images_group":[],"rop_custom_messages_group":[],"rop_publish_now":"initial","rop_publish_now_accounts":{"facebook_2648258775420054_1618374048415101":""},"rop_publish_now_history":[],"rop_publish_now_status":"pending","footnotes":"","_jetpack_memberships_contains_paid_content":false},"categories":[113,145],"tags":[187,1392,493],"yoast_head":"<!-- This site is optimized with the Yoast SEO plugin v22.3 - https:\/\/yoast.com\/wordpress\/plugins\/seo\/ -->\n<title>Resid\u00eancia de vereador \u00e9 alvejada com tiros em cidade do Piau\u00ed - Portal NPM<\/title>\n<meta name=\"robots\" content=\"index, follow, max-snippet:-1, max-image-preview:large, max-video-preview:-1\" \/>\n<link rel=\"canonical\" href=\"https:\/\/portalnpm.com\/index.php\/2018\/11\/12\/residencia-de-vereador-e-alvejada-com-tiros-em-cidade-do-piaui\/\" \/>\n<meta property=\"og:locale\" content=\"pt_BR\" \/>\n<meta property=\"og:type\" content=\"article\" \/>\n<meta property=\"og:title\" content=\"Resid\u00eancia de vereador \u00e9 alvejada com tiros em cidade do Piau\u00ed - Portal NPM\" \/>\n<meta property=\"og:description\" content=\"Na madrugada desse s\u00e1bado (10), entre uma e duas horas da manh\u00e3 houve um atentado contra o Vereador Ampario Gil (PSB), no munic\u00edpio de Reden\u00e7\u00e3o do Gurgueia. Segundo relato de um vigilante, um indiv\u00edduo de baixa estatura e forte, encapuzado chegou \u00e0 casa do Vereador localizada no Bairro Planaltina, entrou por um beco que acessa &hellip;\" \/>\n<meta property=\"og:url\" content=\"https:\/\/portalnpm.com\/index.php\/2018\/11\/12\/residencia-de-vereador-e-alvejada-com-tiros-em-cidade-do-piaui\/\" \/>\n<meta property=\"og:site_name\" content=\"Portal NPM\" \/>\n<meta property=\"article:published_time\" content=\"2018-11-13T01:16:01+00:00\" \/>\n<meta property=\"og:image\" content=\"https:\/\/portalnpm.com\/wp-content\/uploads\/2018\/11\/veerpiaui20198-2.jpg\" \/>\n\t<meta property=\"og:image:width\" content=\"800\" \/>\n\t<meta property=\"og:image:height\" content=\"448\" \/>\n\t<meta property=\"og:image:type\" content=\"image\/jpeg\" \/>\n<meta name=\"author\" content=\"Luis Alberto\" \/>\n<meta name=\"twitter:card\" content=\"summary_large_image\" \/>\n<meta name=\"twitter:label1\" content=\"Escrito por\" \/>\n\t<meta name=\"twitter:data1\" content=\"Luis Alberto\" \/>\n\t<meta name=\"twitter:label2\" content=\"Est. tempo de leitura\" \/>\n\t<meta name=\"twitter:data2\" content=\"1 minuto\" \/>\n<script type=\"application\/ld+json\" class=\"yoast-schema-graph\">{\"@context\":\"https:\/\/schema.org\",\"@graph\":[{\"@type\":\"WebPage\",\"@id\":\"https:\/\/portalnpm.com\/index.php\/2018\/11\/12\/residencia-de-vereador-e-alvejada-com-tiros-em-cidade-do-piaui\/\",\"url\":\"https:\/\/portalnpm.com\/index.php\/2018\/11\/12\/residencia-de-vereador-e-alvejada-com-tiros-em-cidade-do-piaui\/\",\"name\":\"Resid\u00eancia de vereador \u00e9 alvejada com tiros em cidade do Piau\u00ed - Portal NPM\",\"isPartOf\":{\"@id\":\"https:\/\/portalnpm.com\/#website\"},\"primaryImageOfPage\":{\"@id\":\"https:\/\/portalnpm.com\/index.php\/2018\/11\/12\/residencia-de-vereador-e-alvejada-com-tiros-em-cidade-do-piaui\/#primaryimage\"},\"image\":{\"@id\":\"https:\/\/portalnpm.com\/index.php\/2018\/11\/12\/residencia-de-vereador-e-alvejada-com-tiros-em-cidade-do-piaui\/#primaryimage\"},\"thumbnailUrl\":\"https:\/\/portalnpm.com\/wp-content\/uploads\/2018\/11\/veerpiaui20198-2.jpg\",\"datePublished\":\"2018-11-13T01:16:01+00:00\",\"dateModified\":\"2018-11-13T01:16:01+00:00\",\"author\":{\"@id\":\"https:\/\/portalnpm.com\/#\/schema\/person\/5c8006acdf71774cd4e7a5ab98482152\"},\"breadcrumb\":{\"@id\":\"https:\/\/portalnpm.com\/index.php\/2018\/11\/12\/residencia-de-vereador-e-alvejada-com-tiros-em-cidade-do-piaui\/#breadcrumb\"},\"inLanguage\":\"pt-BR\",\"potentialAction\":[{\"@type\":\"ReadAction\",\"target\":[\"https:\/\/portalnpm.com\/index.php\/2018\/11\/12\/residencia-de-vereador-e-alvejada-com-tiros-em-cidade-do-piaui\/\"]}]},{\"@type\":\"ImageObject\",\"inLanguage\":\"pt-BR\",\"@id\":\"https:\/\/portalnpm.com\/index.php\/2018\/11\/12\/residencia-de-vereador-e-alvejada-com-tiros-em-cidade-do-piaui\/#primaryimage\",\"url\":\"https:\/\/portalnpm.com\/wp-content\/uploads\/2018\/11\/veerpiaui20198-2.jpg\",\"contentUrl\":\"https:\/\/portalnpm.com\/wp-content\/uploads\/2018\/11\/veerpiaui20198-2.jpg\",\"width\":800,\"height\":448},{\"@type\":\"BreadcrumbList\",\"@id\":\"https:\/\/portalnpm.com\/index.php\/2018\/11\/12\/residencia-de-vereador-e-alvejada-com-tiros-em-cidade-do-piaui\/#breadcrumb\",\"itemListElement\":[{\"@type\":\"ListItem\",\"position\":1,\"name\":\"In\u00edcio\",\"item\":\"https:\/\/portalnpm.com\/\"},{\"@type\":\"ListItem\",\"position\":2,\"name\":\"Resid\u00eancia de vereador \u00e9 alvejada com tiros em cidade do Piau\u00ed\"}]},{\"@type\":\"WebSite\",\"@id\":\"https:\/\/portalnpm.com\/#website\",\"url\":\"https:\/\/portalnpm.com\/\",\"name\":\"Portal NPM\",\"description\":\"Not\u00edcias em Primeira M\u00e3o\",\"potentialAction\":[{\"@type\":\"SearchAction\",\"target\":{\"@type\":\"EntryPoint\",\"urlTemplate\":\"https:\/\/portalnpm.com\/?s={search_term_string}\"},\"query-input\":\"required name=search_term_string\"}],\"inLanguage\":\"pt-BR\"},{\"@type\":\"Person\",\"@id\":\"https:\/\/portalnpm.com\/#\/schema\/person\/5c8006acdf71774cd4e7a5ab98482152\",\"name\":\"Luis Alberto\",\"image\":{\"@type\":\"ImageObject\",\"inLanguage\":\"pt-BR\",\"@id\":\"https:\/\/portalnpm.com\/#\/schema\/person\/image\/\",\"url\":\"https:\/\/portalnpm.com\/wp-content\/uploads\/2024\/12\/avatar_user_3_1734699769-96x96.jpeg\",\"contentUrl\":\"https:\/\/portalnpm.com\/wp-content\/uploads\/2024\/12\/avatar_user_3_1734699769-96x96.jpeg\",\"caption\":\"Luis Alberto\"},\"description\":\"Editor-geral do Portal NPM, \u00e9 formado como T\u00e9cnico em Seguran\u00e7a do Trabalho pela Escola Metropolitana de Cursos T\u00e9cnicos. Det\u00e9m ainda licenciatura em Educa\u00e7\u00e3o F\u00edsica e bacharelado em Ci\u00eancias Pol\u00edticas, ambos obtidos pela institui\u00e7\u00e3o Anhanguera\/UNOPAR.\",\"url\":\"https:\/\/portalnpm.com\/index.php\/author\/pereira\/\"}]}<\/script>\n<!-- \/ Yoast SEO plugin. -->","yoast_head_json":{"title":"Resid\u00eancia de vereador \u00e9 alvejada com tiros em cidade do Piau\u00ed - Portal NPM","robots":{"index":"index","follow":"follow","max-snippet":"max-snippet:-1","max-image-preview":"max-image-preview:large","max-video-preview":"max-video-preview:-1"},"canonical":"https:\/\/portalnpm.com\/index.php\/2018\/11\/12\/residencia-de-vereador-e-alvejada-com-tiros-em-cidade-do-piaui\/","og_locale":"pt_BR","og_type":"article","og_title":"Resid\u00eancia de vereador \u00e9 alvejada com tiros em cidade do Piau\u00ed - Portal NPM","og_description":"Na madrugada desse s\u00e1bado (10), entre uma e duas horas da manh\u00e3 houve um atentado contra o Vereador Ampario Gil (PSB), no munic\u00edpio de Reden\u00e7\u00e3o do Gurgueia. Segundo relato de um vigilante, um indiv\u00edduo de baixa estatura e forte, encapuzado chegou \u00e0 casa do Vereador localizada no Bairro Planaltina, entrou por um beco que acessa &hellip;","og_url":"https:\/\/portalnpm.com\/index.php\/2018\/11\/12\/residencia-de-vereador-e-alvejada-com-tiros-em-cidade-do-piaui\/","og_site_name":"Portal NPM","article_published_time":"2018-11-13T01:16:01+00:00","og_image":[{"width":800,"height":448,"url":"https:\/\/portalnpm.com\/wp-content\/uploads\/2018\/11\/veerpiaui20198-2.jpg","type":"image\/jpeg"}],"author":"Luis Alberto","twitter_card":"summary_large_image","twitter_misc":{"Escrito por":"Luis Alberto","Est. tempo de leitura":"1 minuto"},"schema":{"@context":"https:\/\/schema.org","@graph":[{"@type":"WebPage","@id":"https:\/\/portalnpm.com\/index.php\/2018\/11\/12\/residencia-de-vereador-e-alvejada-com-tiros-em-cidade-do-piaui\/","url":"https:\/\/portalnpm.com\/index.php\/2018\/11\/12\/residencia-de-vereador-e-alvejada-com-tiros-em-cidade-do-piaui\/","name":"Resid\u00eancia de vereador \u00e9 alvejada com tiros em cidade do Piau\u00ed - Portal NPM","isPartOf":{"@id":"https:\/\/portalnpm.com\/#website"},"primaryImageOfPage":{"@id":"https:\/\/portalnpm.com\/index.php\/2018\/11\/12\/residencia-de-vereador-e-alvejada-com-tiros-em-cidade-do-piaui\/#primaryimage"},"image":{"@id":"https:\/\/portalnpm.com\/index.php\/2018\/11\/12\/residencia-de-vereador-e-alvejada-com-tiros-em-cidade-do-piaui\/#primaryimage"},"thumbnailUrl":"https:\/\/portalnpm.com\/wp-content\/uploads\/2018\/11\/veerpiaui20198-2.jpg","datePublished":"2018-11-13T01:16:01+00:00","dateModified":"2018-11-13T01:16:01+00:00","author":{"@id":"https:\/\/portalnpm.com\/#\/schema\/person\/5c8006acdf71774cd4e7a5ab98482152"},"breadcrumb":{"@id":"https:\/\/portalnpm.com\/index.php\/2018\/11\/12\/residencia-de-vereador-e-alvejada-com-tiros-em-cidade-do-piaui\/#breadcrumb"},"inLanguage":"pt-BR","potentialAction":[{"@type":"ReadAction","target":["https:\/\/portalnpm.com\/index.php\/2018\/11\/12\/residencia-de-vereador-e-alvejada-com-tiros-em-cidade-do-piaui\/"]}]},{"@type":"ImageObject","inLanguage":"pt-BR","@id":"https:\/\/portalnpm.com\/index.php\/2018\/11\/12\/residencia-de-vereador-e-alvejada-com-tiros-em-cidade-do-piaui\/#primaryimage","url":"https:\/\/portalnpm.com\/wp-content\/uploads\/2018\/11\/veerpiaui20198-2.jpg","contentUrl":"https:\/\/portalnpm.com\/wp-content\/uploads\/2018\/11\/veerpiaui20198-2.jpg","width":800,"height":448},{"@type":"BreadcrumbList","@id":"https:\/\/portalnpm.com\/index.php\/2018\/11\/12\/residencia-de-vereador-e-alvejada-com-tiros-em-cidade-do-piaui\/#breadcrumb","itemListElement":[{"@type":"ListItem","position":1,"name":"In\u00edcio","item":"https:\/\/portalnpm.com\/"},{"@type":"ListItem","position":2,"name":"Resid\u00eancia de vereador \u00e9 alvejada com tiros em cidade do Piau\u00ed"}]},{"@type":"WebSite","@id":"https:\/\/portalnpm.com\/#website","url":"https:\/\/portalnpm.com\/","name":"Portal NPM","description":"Not\u00edcias em Primeira M\u00e3o","potentialAction":[{"@type":"SearchAction","target":{"@type":"EntryPoint","urlTemplate":"https:\/\/portalnpm.com\/?s={search_term_string}"},"query-input":"required name=search_term_string"}],"inLanguage":"pt-BR"},{"@type":"Person","@id":"https:\/\/portalnpm.com\/#\/schema\/person\/5c8006acdf71774cd4e7a5ab98482152","name":"Luis Alberto","image":{"@type":"ImageObject","inLanguage":"pt-BR","@id":"https:\/\/portalnpm.com\/#\/schema\/person\/image\/","url":"https:\/\/portalnpm.com\/wp-content\/uploads\/2024\/12\/avatar_user_3_1734699769-96x96.jpeg","contentUrl":"https:\/\/portalnpm.com\/wp-content\/uploads\/2024\/12\/avatar_user_3_1734699769-96x96.jpeg","caption":"Luis Alberto"},"description":"Editor-geral do Portal NPM, \u00e9 formado como T\u00e9cnico em Seguran\u00e7a do Trabalho pela Escola Metropolitana de Cursos T\u00e9cnicos. Det\u00e9m ainda licenciatura em Educa\u00e7\u00e3o F\u00edsica e bacharelado em Ci\u00eancias Pol\u00edticas, ambos obtidos pela institui\u00e7\u00e3o Anhanguera\/UNOPAR.","url":"https:\/\/portalnpm.com\/index.php\/author\/pereira\/"}]}},"jetpack_sharing_enabled":true,"jetpack_featured_media_url":"https:\/\/portalnpm.com\/wp-content\/uploads\/2018\/11\/veerpiaui20198-2.jpg","_links":{"self":[{"href":"https:\/\/portalnpm.com\/index.php\/wp-json\/wp\/v2\/posts\/2454"}],"collection":[{"href":"https:\/\/portalnpm.com\/index.php\/wp-json\/wp\/v2\/posts"}],"about":[{"href":"https:\/\/portalnpm.com\/index.php\/wp-json\/wp\/v2\/types\/post"}],"author":[{"embeddable":true,"href":"https:\/\/portalnpm.com\/index.php\/wp-json\/wp\/v2\/users\/3"}],"replies":[{"embeddable":true,"href":"https:\/\/portalnpm.com\/index.php\/wp-json\/wp\/v2\/comments?post=2454"}],"version-history":[{"count":0,"href":"https:\/\/portalnpm.com\/index.php\/wp-json\/wp\/v2\/posts\/2454\/revisions"}],"wp:featuredmedia":[{"embeddable":true,"href":"https:\/\/portalnpm.com\/index.php\/wp-json\/wp\/v2\/media\/2457"}],"wp:attachment":[{"href":"https:\/\/portalnpm.com\/index.php\/wp-json\/wp\/v2\/media?parent=2454"}],"wp:term":[{"taxonomy":"category","embeddable":true,"href":"https:\/\/portalnpm.com\/index.php\/wp-json\/wp\/v2\/categories?post=2454"},{"taxonomy":"post_tag","embeddable":true,"href":"https:\/\/portalnpm.com\/index.php\/wp-json\/wp\/v2\/tags?post=2454"}],"curies":[{"name":"wp","href":"https:\/\/api.w.org\/{rel}","templated":true}]}}