{"id":2481,"date":"2018-11-13T14:19:39","date_gmt":"2018-11-13T16:19:39","guid":{"rendered":"http:\/\/srv.portalnpm.com.br\/?p=2481"},"modified":"2018-11-13T14:19:39","modified_gmt":"2018-11-13T16:19:39","slug":"aliado-de-bolsonaro-elmano-deve-indicar-nome-para-cargo-federal-no-piaui","status":"publish","type":"post","link":"https:\/\/portalnpm.com\/index.php\/2018\/11\/13\/aliado-de-bolsonaro-elmano-deve-indicar-nome-para-cargo-federal-no-piaui\/","title":{"rendered":"Aliado de Bolsonaro, Elmano deve indicar nome para cargo federal no Piau\u00ed"},"content":{"rendered":"<p style=\"text-align: justify;\">O senador Elmano F\u00e9rrer (Podemos) deve indicar a dire\u00e7\u00e3o de \u00f3rg\u00e3os federais no Piau\u00ed. O parlamentar piauiense \u00e9 cotado para indicar o nome do superintendente do Departamento Nacional de Infraestrutura de Transportes (DNIT) no Estado.<\/p>\n<p style=\"text-align: justify;\">Elmano declarou apoio a Jair Bolsonaro (PSL) logo ap\u00f3s o resultado do primeiro turno da elei\u00e7\u00e3o de outubro. Ele gravou v\u00eddeo com Bolsonaro e pediu votos para o ent\u00e3o candidato do PSL.<\/p>\n<p style=\"text-align: justify;\">Na bancada piauienses no Senado, Elmano \u00e9 no momento o mais pr\u00f3ximo do presidente eleito. O senador eleito Marcelo castro (MDB) j\u00e1 declarou que ser\u00e1 oposi\u00e7\u00e3o a Bolsonaro. O Progressitas, partido presidido nacionalmente pelo senador Ciro Nogueira, ainda n\u00e3o definiu uma posi\u00e7\u00e3o com rela\u00e7\u00e3o ao novo governo.<\/p>\n<p style=\"text-align: justify;\">Na C\u00e2mara Federal quem j\u00e1 declarou apoio ao presidente eleito Jair Bolsoanro foi o deputado federal J\u00falio C\u00e9sar. \u00a0O presidente do PSB no Piau\u00ed pode indicar nomes para \u00f3rg\u00e3os federais ligados ao setor da agricultura.<\/p>\n<p style=\"text-align: justify;\"><strong>Fonte: Cidade Verde\u00a0<\/strong><\/p>\n","protected":false},"excerpt":{"rendered":"<p>O senador Elmano F\u00e9rrer (Podemos) deve indicar a dire\u00e7\u00e3o de \u00f3rg\u00e3os federais no Piau\u00ed. O parlamentar piauiense \u00e9 cotado para indicar o nome do superintendente do Departamento Nacional de Infraestrutura de Transportes (DNIT) no Estado. Elmano declarou apoio a Jair Bolsonaro (PSL) logo ap\u00f3s o resultado do primeiro turno da elei\u00e7\u00e3o de outubro. Ele gravou &hellip;<\/p>\n","protected":false},"author":4,"featured_media":2482,"comment_status":"open","ping_status":"open","sticky":false,"template":"","format":"standard","meta":{"content-type":"","rop_custom_images_group":[],"rop_custom_messages_group":[],"rop_publish_now":"initial","rop_publish_now_accounts":{"facebook_2648258775420054_1618374048415101":""},"rop_publish_now_history":[],"rop_publish_now_status":"pending","footnotes":"","_jetpack_memberships_contains_paid_content":false},"categories":[113,130],"tags":[1397,680,1398,1399],"yoast_head":"<!-- This site is optimized with the Yoast SEO plugin v22.3 - https:\/\/yoast.com\/wordpress\/plugins\/seo\/ -->\n<title>Aliado de Bolsonaro, Elmano deve indicar nome para cargo federal no Piau\u00ed - Portal NPM<\/title>\n<meta name=\"robots\" content=\"index, follow, max-snippet:-1, max-image-preview:large, max-video-preview:-1\" \/>\n<link rel=\"canonical\" href=\"https:\/\/portalnpm.com\/index.php\/2018\/11\/13\/aliado-de-bolsonaro-elmano-deve-indicar-nome-para-cargo-federal-no-piaui\/\" \/>\n<meta property=\"og:locale\" content=\"pt_BR\" \/>\n<meta property=\"og:type\" content=\"article\" \/>\n<meta property=\"og:title\" content=\"Aliado de Bolsonaro, Elmano deve indicar nome para cargo federal no Piau\u00ed - Portal NPM\" \/>\n<meta property=\"og:description\" content=\"O senador Elmano F\u00e9rrer (Podemos) deve indicar a dire\u00e7\u00e3o de \u00f3rg\u00e3os federais no Piau\u00ed. O parlamentar piauiense \u00e9 cotado para indicar o nome do superintendente do Departamento Nacional de Infraestrutura de Transportes (DNIT) no Estado. Elmano declarou apoio a Jair Bolsonaro (PSL) logo ap\u00f3s o resultado do primeiro turno da elei\u00e7\u00e3o de outubro. Ele gravou &hellip;\" \/>\n<meta property=\"og:url\" content=\"https:\/\/portalnpm.com\/index.php\/2018\/11\/13\/aliado-de-bolsonaro-elmano-deve-indicar-nome-para-cargo-federal-no-piaui\/\" \/>\n<meta property=\"og:site_name\" content=\"Portal NPM\" \/>\n<meta property=\"article:published_time\" content=\"2018-11-13T16:19:39+00:00\" \/>\n<meta property=\"og:image\" content=\"https:\/\/portalnpm.com\/wp-content\/uploads\/2018\/11\/a2904d00034e08cab8e6198cc7c38786.jpg\" \/>\n\t<meta property=\"og:image:width\" content=\"750\" \/>\n\t<meta property=\"og:image:height\" content=\"400\" \/>\n\t<meta property=\"og:image:type\" content=\"image\/jpeg\" \/>\n<meta name=\"author\" content=\"Reda\u00e7\u00e3o\" \/>\n<meta name=\"twitter:card\" content=\"summary_large_image\" \/>\n<meta name=\"twitter:label1\" content=\"Escrito por\" \/>\n\t<meta name=\"twitter:data1\" content=\"Reda\u00e7\u00e3o\" \/>\n\t<meta name=\"twitter:label2\" content=\"Est. tempo de leitura\" \/>\n\t<meta name=\"twitter:data2\" content=\"1 minuto\" \/>\n<script type=\"application\/ld+json\" class=\"yoast-schema-graph\">{\"@context\":\"https:\/\/schema.org\",\"@graph\":[{\"@type\":\"WebPage\",\"@id\":\"https:\/\/portalnpm.com\/index.php\/2018\/11\/13\/aliado-de-bolsonaro-elmano-deve-indicar-nome-para-cargo-federal-no-piaui\/\",\"url\":\"https:\/\/portalnpm.com\/index.php\/2018\/11\/13\/aliado-de-bolsonaro-elmano-deve-indicar-nome-para-cargo-federal-no-piaui\/\",\"name\":\"Aliado de Bolsonaro, Elmano deve indicar nome para cargo federal no Piau\u00ed - Portal NPM\",\"isPartOf\":{\"@id\":\"https:\/\/portalnpm.com\/#website\"},\"primaryImageOfPage\":{\"@id\":\"https:\/\/portalnpm.com\/index.php\/2018\/11\/13\/aliado-de-bolsonaro-elmano-deve-indicar-nome-para-cargo-federal-no-piaui\/#primaryimage\"},\"image\":{\"@id\":\"https:\/\/portalnpm.com\/index.php\/2018\/11\/13\/aliado-de-bolsonaro-elmano-deve-indicar-nome-para-cargo-federal-no-piaui\/#primaryimage\"},\"thumbnailUrl\":\"https:\/\/portalnpm.com\/wp-content\/uploads\/2018\/11\/a2904d00034e08cab8e6198cc7c38786.jpg\",\"datePublished\":\"2018-11-13T16:19:39+00:00\",\"dateModified\":\"2018-11-13T16:19:39+00:00\",\"author\":{\"@id\":\"https:\/\/portalnpm.com\/#\/schema\/person\/0b5f230ec96cee25504fa328e7f2b733\"},\"breadcrumb\":{\"@id\":\"https:\/\/portalnpm.com\/index.php\/2018\/11\/13\/aliado-de-bolsonaro-elmano-deve-indicar-nome-para-cargo-federal-no-piaui\/#breadcrumb\"},\"inLanguage\":\"pt-BR\",\"potentialAction\":[{\"@type\":\"ReadAction\",\"target\":[\"https:\/\/portalnpm.com\/index.php\/2018\/11\/13\/aliado-de-bolsonaro-elmano-deve-indicar-nome-para-cargo-federal-no-piaui\/\"]}]},{\"@type\":\"ImageObject\",\"inLanguage\":\"pt-BR\",\"@id\":\"https:\/\/portalnpm.com\/index.php\/2018\/11\/13\/aliado-de-bolsonaro-elmano-deve-indicar-nome-para-cargo-federal-no-piaui\/#primaryimage\",\"url\":\"https:\/\/portalnpm.com\/wp-content\/uploads\/2018\/11\/a2904d00034e08cab8e6198cc7c38786.jpg\",\"contentUrl\":\"https:\/\/portalnpm.com\/wp-content\/uploads\/2018\/11\/a2904d00034e08cab8e6198cc7c38786.jpg\",\"width\":750,\"height\":400},{\"@type\":\"BreadcrumbList\",\"@id\":\"https:\/\/portalnpm.com\/index.php\/2018\/11\/13\/aliado-de-bolsonaro-elmano-deve-indicar-nome-para-cargo-federal-no-piaui\/#breadcrumb\",\"itemListElement\":[{\"@type\":\"ListItem\",\"position\":1,\"name\":\"In\u00edcio\",\"item\":\"https:\/\/portalnpm.com\/\"},{\"@type\":\"ListItem\",\"position\":2,\"name\":\"Aliado de Bolsonaro, Elmano deve indicar nome para cargo federal no Piau\u00ed\"}]},{\"@type\":\"WebSite\",\"@id\":\"https:\/\/portalnpm.com\/#website\",\"url\":\"https:\/\/portalnpm.com\/\",\"name\":\"Portal NPM\",\"description\":\"Not\u00edcias em Primeira M\u00e3o\",\"potentialAction\":[{\"@type\":\"SearchAction\",\"target\":{\"@type\":\"EntryPoint\",\"urlTemplate\":\"https:\/\/portalnpm.com\/?s={search_term_string}\"},\"query-input\":\"required name=search_term_string\"}],\"inLanguage\":\"pt-BR\"},{\"@type\":\"Person\",\"@id\":\"https:\/\/portalnpm.com\/#\/schema\/person\/0b5f230ec96cee25504fa328e7f2b733\",\"name\":\"Reda\u00e7\u00e3o\",\"image\":{\"@type\":\"ImageObject\",\"inLanguage\":\"pt-BR\",\"@id\":\"https:\/\/portalnpm.com\/#\/schema\/person\/image\/\",\"url\":\"https:\/\/portalnpm.com\/wp-content\/uploads\/2024\/03\/avatar_user_4_1710097212-96x96.png\",\"contentUrl\":\"https:\/\/portalnpm.com\/wp-content\/uploads\/2024\/03\/avatar_user_4_1710097212-96x96.png\",\"caption\":\"Reda\u00e7\u00e3o\"},\"url\":\"https:\/\/portalnpm.com\/index.php\/author\/redacao\/\"}]}<\/script>\n<!-- \/ Yoast SEO plugin. -->","yoast_head_json":{"title":"Aliado de Bolsonaro, Elmano deve indicar nome para cargo federal no Piau\u00ed - Portal NPM","robots":{"index":"index","follow":"follow","max-snippet":"max-snippet:-1","max-image-preview":"max-image-preview:large","max-video-preview":"max-video-preview:-1"},"canonical":"https:\/\/portalnpm.com\/index.php\/2018\/11\/13\/aliado-de-bolsonaro-elmano-deve-indicar-nome-para-cargo-federal-no-piaui\/","og_locale":"pt_BR","og_type":"article","og_title":"Aliado de Bolsonaro, Elmano deve indicar nome para cargo federal no Piau\u00ed - Portal NPM","og_description":"O senador Elmano F\u00e9rrer (Podemos) deve indicar a dire\u00e7\u00e3o de \u00f3rg\u00e3os federais no Piau\u00ed. O parlamentar piauiense \u00e9 cotado para indicar o nome do superintendente do Departamento Nacional de Infraestrutura de Transportes (DNIT) no Estado. Elmano declarou apoio a Jair Bolsonaro (PSL) logo ap\u00f3s o resultado do primeiro turno da elei\u00e7\u00e3o de outubro. Ele gravou &hellip;","og_url":"https:\/\/portalnpm.com\/index.php\/2018\/11\/13\/aliado-de-bolsonaro-elmano-deve-indicar-nome-para-cargo-federal-no-piaui\/","og_site_name":"Portal NPM","article_published_time":"2018-11-13T16:19:39+00:00","og_image":[{"width":750,"height":400,"url":"https:\/\/portalnpm.com\/wp-content\/uploads\/2018\/11\/a2904d00034e08cab8e6198cc7c38786.jpg","type":"image\/jpeg"}],"author":"Reda\u00e7\u00e3o","twitter_card":"summary_large_image","twitter_misc":{"Escrito por":"Reda\u00e7\u00e3o","Est. tempo de leitura":"1 minuto"},"schema":{"@context":"https:\/\/schema.org","@graph":[{"@type":"WebPage","@id":"https:\/\/portalnpm.com\/index.php\/2018\/11\/13\/aliado-de-bolsonaro-elmano-deve-indicar-nome-para-cargo-federal-no-piaui\/","url":"https:\/\/portalnpm.com\/index.php\/2018\/11\/13\/aliado-de-bolsonaro-elmano-deve-indicar-nome-para-cargo-federal-no-piaui\/","name":"Aliado de Bolsonaro, Elmano deve indicar nome para cargo federal no Piau\u00ed - Portal NPM","isPartOf":{"@id":"https:\/\/portalnpm.com\/#website"},"primaryImageOfPage":{"@id":"https:\/\/portalnpm.com\/index.php\/2018\/11\/13\/aliado-de-bolsonaro-elmano-deve-indicar-nome-para-cargo-federal-no-piaui\/#primaryimage"},"image":{"@id":"https:\/\/portalnpm.com\/index.php\/2018\/11\/13\/aliado-de-bolsonaro-elmano-deve-indicar-nome-para-cargo-federal-no-piaui\/#primaryimage"},"thumbnailUrl":"https:\/\/portalnpm.com\/wp-content\/uploads\/2018\/11\/a2904d00034e08cab8e6198cc7c38786.jpg","datePublished":"2018-11-13T16:19:39+00:00","dateModified":"2018-11-13T16:19:39+00:00","author":{"@id":"https:\/\/portalnpm.com\/#\/schema\/person\/0b5f230ec96cee25504fa328e7f2b733"},"breadcrumb":{"@id":"https:\/\/portalnpm.com\/index.php\/2018\/11\/13\/aliado-de-bolsonaro-elmano-deve-indicar-nome-para-cargo-federal-no-piaui\/#breadcrumb"},"inLanguage":"pt-BR","potentialAction":[{"@type":"ReadAction","target":["https:\/\/portalnpm.com\/index.php\/2018\/11\/13\/aliado-de-bolsonaro-elmano-deve-indicar-nome-para-cargo-federal-no-piaui\/"]}]},{"@type":"ImageObject","inLanguage":"pt-BR","@id":"https:\/\/portalnpm.com\/index.php\/2018\/11\/13\/aliado-de-bolsonaro-elmano-deve-indicar-nome-para-cargo-federal-no-piaui\/#primaryimage","url":"https:\/\/portalnpm.com\/wp-content\/uploads\/2018\/11\/a2904d00034e08cab8e6198cc7c38786.jpg","contentUrl":"https:\/\/portalnpm.com\/wp-content\/uploads\/2018\/11\/a2904d00034e08cab8e6198cc7c38786.jpg","width":750,"height":400},{"@type":"BreadcrumbList","@id":"https:\/\/portalnpm.com\/index.php\/2018\/11\/13\/aliado-de-bolsonaro-elmano-deve-indicar-nome-para-cargo-federal-no-piaui\/#breadcrumb","itemListElement":[{"@type":"ListItem","position":1,"name":"In\u00edcio","item":"https:\/\/portalnpm.com\/"},{"@type":"ListItem","position":2,"name":"Aliado de Bolsonaro, Elmano deve indicar nome para cargo federal no Piau\u00ed"}]},{"@type":"WebSite","@id":"https:\/\/portalnpm.com\/#website","url":"https:\/\/portalnpm.com\/","name":"Portal NPM","description":"Not\u00edcias em Primeira M\u00e3o","potentialAction":[{"@type":"SearchAction","target":{"@type":"EntryPoint","urlTemplate":"https:\/\/portalnpm.com\/?s={search_term_string}"},"query-input":"required name=search_term_string"}],"inLanguage":"pt-BR"},{"@type":"Person","@id":"https:\/\/portalnpm.com\/#\/schema\/person\/0b5f230ec96cee25504fa328e7f2b733","name":"Reda\u00e7\u00e3o","image":{"@type":"ImageObject","inLanguage":"pt-BR","@id":"https:\/\/portalnpm.com\/#\/schema\/person\/image\/","url":"https:\/\/portalnpm.com\/wp-content\/uploads\/2024\/03\/avatar_user_4_1710097212-96x96.png","contentUrl":"https:\/\/portalnpm.com\/wp-content\/uploads\/2024\/03\/avatar_user_4_1710097212-96x96.png","caption":"Reda\u00e7\u00e3o"},"url":"https:\/\/portalnpm.com\/index.php\/author\/redacao\/"}]}},"jetpack_sharing_enabled":true,"jetpack_featured_media_url":"https:\/\/portalnpm.com\/wp-content\/uploads\/2018\/11\/a2904d00034e08cab8e6198cc7c38786.jpg","_links":{"self":[{"href":"https:\/\/portalnpm.com\/index.php\/wp-json\/wp\/v2\/posts\/2481"}],"collection":[{"href":"https:\/\/portalnpm.com\/index.php\/wp-json\/wp\/v2\/posts"}],"about":[{"href":"https:\/\/portalnpm.com\/index.php\/wp-json\/wp\/v2\/types\/post"}],"author":[{"embeddable":true,"href":"https:\/\/portalnpm.com\/index.php\/wp-json\/wp\/v2\/users\/4"}],"replies":[{"embeddable":true,"href":"https:\/\/portalnpm.com\/index.php\/wp-json\/wp\/v2\/comments?post=2481"}],"version-history":[{"count":0,"href":"https:\/\/portalnpm.com\/index.php\/wp-json\/wp\/v2\/posts\/2481\/revisions"}],"wp:featuredmedia":[{"embeddable":true,"href":"https:\/\/portalnpm.com\/index.php\/wp-json\/wp\/v2\/media\/2482"}],"wp:attachment":[{"href":"https:\/\/portalnpm.com\/index.php\/wp-json\/wp\/v2\/media?parent=2481"}],"wp:term":[{"taxonomy":"category","embeddable":true,"href":"https:\/\/portalnpm.com\/index.php\/wp-json\/wp\/v2\/categories?post=2481"},{"taxonomy":"post_tag","embeddable":true,"href":"https:\/\/portalnpm.com\/index.php\/wp-json\/wp\/v2\/tags?post=2481"}],"curies":[{"name":"wp","href":"https:\/\/api.w.org\/{rel}","templated":true}]}}