{"id":2489,"date":"2018-11-13T14:47:36","date_gmt":"2018-11-13T16:47:36","guid":{"rendered":"http:\/\/srv.portalnpm.com.br\/?p=2489"},"modified":"2018-11-13T14:47:36","modified_gmt":"2018-11-13T16:47:36","slug":"em-reuniao-com-bolsonaro-governador-leva-proposta-para-geracao-de-empregos","status":"publish","type":"post","link":"https:\/\/portalnpm.com\/index.php\/2018\/11\/13\/em-reuniao-com-bolsonaro-governador-leva-proposta-para-geracao-de-empregos\/","title":{"rendered":"Em reuni\u00e3o com Bolsonaro, governador leva proposta para gera\u00e7\u00e3o de empregos"},"content":{"rendered":"<p style=\"text-align: justify;\">O governador Wellington Dias (PT) se reunir\u00e1 amanha com o presidente eleito Jair Bolsonaro (PSL). No encontro, Wellington afirma que vai levar reivindica\u00e7\u00f5es em \u00e1reas como infraestrutura, sa\u00fade e seguran\u00e7a. O encontro ocorrer\u00e1 antes da reuni\u00e3o dos governadores do Nordeste marcada para o dia 21.<\/p>\n<p style=\"text-align: justify;\">Com o PT na oposi\u00e7\u00e3o, Wellington busca uma aproxima\u00e7\u00e3o com o presidente eleito. O Piau\u00ed \u00e9 o Estado que deu a menor vota\u00e7\u00e3o para Bolsonaro no pa\u00eds.<\/p>\n<p style=\"text-align: justify;\">Wellington apresentar\u00e1 proposta para gera\u00e7\u00e3o de mepregos. &#8220;\u00c9 uma agenda em que estarei representando a posi\u00e7\u00e3o da regi\u00e3o Nordeste. Dos meus colegas governadores, alguns est\u00e3o no exterior e em outros compromissos. Est\u00e1 confirmada para o pr\u00f3ximo dia 21 em Bras\u00edlia, uma agenda dos governadores do Nordeste, mas como teve essa agenda ante pauta e recebemos o convite, o objetivo \u00e9 levar uma posi\u00e7\u00e3o que j\u00e1 est\u00e1 nas \u00faltimas cartas dos governadores do Nordeste , um f\u00f3rum que j\u00e1 criamos h\u00e1 alguns anos. Tratamos de temas que n\u00e3o tiveram solu\u00e7\u00e3o \u00e9 que foram tratados nos governos passados. Queremos uma pol\u00edtica para gera\u00e7\u00e3o de emprego. \u00c9 o principal problema do pais. Apresentamos alternativas como no controle fiscal, um espa\u00e7o de investimentos que permita o pais investir em um conjunto de obras que est\u00e3o prontas para andar. Elas geram empregos, mas ao mesmo tempo uma pol\u00edtica industrial focada no potencial de cada regi\u00e3o. Investir em obras estruturantes como Transnordestina e transposi\u00e7\u00e3o do rio S\u00e3o Francisco\u201d, destacou.<\/p>\n<p style=\"text-align: justify;\">O governador tamb\u00e9m levar\u00e1 pedidos com rela\u00e7\u00e3o \u00e0 descentraliza\u00e7\u00e3o de sa\u00fade. \u201cNa sa\u00fade o programa Mais Especialidades deve ter continuidade. \u00c9 um programa que come\u00e7ou e com a descentraliza\u00e7\u00e3o da sa\u00fade vai levar mais sa\u00fade. Na seguran\u00e7a cuidar das fronteiras para n\u00e3o entrar armas e drogas. Um programa Nacional e fundo Nacional de seguran\u00e7a&#8221;, afirmou.<br \/>\nDepois do encontro com Bolsonaro, Wellington ter\u00e1 um encontro com Ricardo Lewandowski. O assunto ser\u00e1 a libera\u00e7\u00e3o de recursos para o Estados.<\/p>\n<p style=\"text-align: justify;\">&#8220;A reten\u00e7\u00e3o de recursos dos Estados \u00e9 ilegal. No momento em que a economia cresce lento com reflexo na arrecada\u00e7\u00e3o. A Uni\u00e3o faz reten\u00e7\u00e3o por meio da desvincula\u00e7\u00e3o da \u00a0DRU &#8211; desvincula\u00e7\u00e3o de Recursos da Uni\u00e3o que era para ser aplicada apenas sobre as receitas da Uni\u00e3o tem sido aplicada nas receitas dos estado e munic\u00edpios. \u00c9 o confisco do dinheiro dos Estados e munic\u00edpios. Receitas dos Estados e munic\u00edpios ficam com a Uni\u00e3o e pagam cr\u00e9ditos da Uni\u00e3o. J\u00e1 soma 30 bilh\u00f5es. O Piau\u00ed deixa de receber R $ 1 bilh\u00e3o&#8221;, disse.<\/p>\n<p style=\"text-align: justify;\"><strong>Fonte: Cidade Verde<\/strong><\/p>\n","protected":false},"excerpt":{"rendered":"<p>O governador Wellington Dias (PT) se reunir\u00e1 amanha com o presidente eleito Jair Bolsonaro (PSL). No encontro, Wellington afirma que vai levar reivindica\u00e7\u00f5es em \u00e1reas como infraestrutura, sa\u00fade e seguran\u00e7a. O encontro ocorrer\u00e1 antes da reuni\u00e3o dos governadores do Nordeste marcada para o dia 21. Com o PT na oposi\u00e7\u00e3o, Wellington busca uma aproxima\u00e7\u00e3o com &hellip;<\/p>\n","protected":false},"author":4,"featured_media":2490,"comment_status":"open","ping_status":"open","sticky":false,"template":"","format":"standard","meta":{"content-type":"","rop_custom_images_group":[],"rop_custom_messages_group":[],"rop_publish_now":"initial","rop_publish_now_accounts":{"facebook_2648258775420054_1618374048415101":""},"rop_publish_now_history":[],"rop_publish_now_status":"pending","footnotes":"","_jetpack_memberships_contains_paid_content":false},"categories":[118,130],"tags":[680,762,402,1406],"yoast_head":"<!-- This site is optimized with the Yoast SEO plugin v22.3 - https:\/\/yoast.com\/wordpress\/plugins\/seo\/ -->\n<title>Em reuni\u00e3o com Bolsonaro, governador leva proposta para gera\u00e7\u00e3o de empregos - Portal NPM<\/title>\n<meta name=\"robots\" content=\"index, follow, max-snippet:-1, max-image-preview:large, max-video-preview:-1\" \/>\n<link rel=\"canonical\" href=\"https:\/\/portalnpm.com\/index.php\/2018\/11\/13\/em-reuniao-com-bolsonaro-governador-leva-proposta-para-geracao-de-empregos\/\" \/>\n<meta property=\"og:locale\" content=\"pt_BR\" \/>\n<meta property=\"og:type\" content=\"article\" \/>\n<meta property=\"og:title\" content=\"Em reuni\u00e3o com Bolsonaro, governador leva proposta para gera\u00e7\u00e3o de empregos - Portal NPM\" \/>\n<meta property=\"og:description\" content=\"O governador Wellington Dias (PT) se reunir\u00e1 amanha com o presidente eleito Jair Bolsonaro (PSL). No encontro, Wellington afirma que vai levar reivindica\u00e7\u00f5es em \u00e1reas como infraestrutura, sa\u00fade e seguran\u00e7a. O encontro ocorrer\u00e1 antes da reuni\u00e3o dos governadores do Nordeste marcada para o dia 21. Com o PT na oposi\u00e7\u00e3o, Wellington busca uma aproxima\u00e7\u00e3o com &hellip;\" \/>\n<meta property=\"og:url\" content=\"https:\/\/portalnpm.com\/index.php\/2018\/11\/13\/em-reuniao-com-bolsonaro-governador-leva-proposta-para-geracao-de-empregos\/\" \/>\n<meta property=\"og:site_name\" content=\"Portal NPM\" \/>\n<meta property=\"article:published_time\" content=\"2018-11-13T16:47:36+00:00\" \/>\n<meta property=\"og:image\" content=\"https:\/\/portalnpm.com\/wp-content\/uploads\/2018\/11\/ce5a5b9e961bcafa4c846ff49f2eb69a.jpg\" \/>\n\t<meta property=\"og:image:width\" content=\"750\" \/>\n\t<meta property=\"og:image:height\" content=\"499\" \/>\n\t<meta property=\"og:image:type\" content=\"image\/jpeg\" \/>\n<meta name=\"author\" content=\"Reda\u00e7\u00e3o\" \/>\n<meta name=\"twitter:card\" content=\"summary_large_image\" \/>\n<meta name=\"twitter:label1\" content=\"Escrito por\" \/>\n\t<meta name=\"twitter:data1\" content=\"Reda\u00e7\u00e3o\" \/>\n\t<meta name=\"twitter:label2\" content=\"Est. tempo de leitura\" \/>\n\t<meta name=\"twitter:data2\" content=\"2 minutos\" \/>\n<script type=\"application\/ld+json\" class=\"yoast-schema-graph\">{\"@context\":\"https:\/\/schema.org\",\"@graph\":[{\"@type\":\"WebPage\",\"@id\":\"https:\/\/portalnpm.com\/index.php\/2018\/11\/13\/em-reuniao-com-bolsonaro-governador-leva-proposta-para-geracao-de-empregos\/\",\"url\":\"https:\/\/portalnpm.com\/index.php\/2018\/11\/13\/em-reuniao-com-bolsonaro-governador-leva-proposta-para-geracao-de-empregos\/\",\"name\":\"Em reuni\u00e3o com Bolsonaro, governador leva proposta para gera\u00e7\u00e3o de empregos - Portal NPM\",\"isPartOf\":{\"@id\":\"https:\/\/portalnpm.com\/#website\"},\"primaryImageOfPage\":{\"@id\":\"https:\/\/portalnpm.com\/index.php\/2018\/11\/13\/em-reuniao-com-bolsonaro-governador-leva-proposta-para-geracao-de-empregos\/#primaryimage\"},\"image\":{\"@id\":\"https:\/\/portalnpm.com\/index.php\/2018\/11\/13\/em-reuniao-com-bolsonaro-governador-leva-proposta-para-geracao-de-empregos\/#primaryimage\"},\"thumbnailUrl\":\"https:\/\/portalnpm.com\/wp-content\/uploads\/2018\/11\/ce5a5b9e961bcafa4c846ff49f2eb69a.jpg\",\"datePublished\":\"2018-11-13T16:47:36+00:00\",\"dateModified\":\"2018-11-13T16:47:36+00:00\",\"author\":{\"@id\":\"https:\/\/portalnpm.com\/#\/schema\/person\/0b5f230ec96cee25504fa328e7f2b733\"},\"breadcrumb\":{\"@id\":\"https:\/\/portalnpm.com\/index.php\/2018\/11\/13\/em-reuniao-com-bolsonaro-governador-leva-proposta-para-geracao-de-empregos\/#breadcrumb\"},\"inLanguage\":\"pt-BR\",\"potentialAction\":[{\"@type\":\"ReadAction\",\"target\":[\"https:\/\/portalnpm.com\/index.php\/2018\/11\/13\/em-reuniao-com-bolsonaro-governador-leva-proposta-para-geracao-de-empregos\/\"]}]},{\"@type\":\"ImageObject\",\"inLanguage\":\"pt-BR\",\"@id\":\"https:\/\/portalnpm.com\/index.php\/2018\/11\/13\/em-reuniao-com-bolsonaro-governador-leva-proposta-para-geracao-de-empregos\/#primaryimage\",\"url\":\"https:\/\/portalnpm.com\/wp-content\/uploads\/2018\/11\/ce5a5b9e961bcafa4c846ff49f2eb69a.jpg\",\"contentUrl\":\"https:\/\/portalnpm.com\/wp-content\/uploads\/2018\/11\/ce5a5b9e961bcafa4c846ff49f2eb69a.jpg\",\"width\":750,\"height\":499},{\"@type\":\"BreadcrumbList\",\"@id\":\"https:\/\/portalnpm.com\/index.php\/2018\/11\/13\/em-reuniao-com-bolsonaro-governador-leva-proposta-para-geracao-de-empregos\/#breadcrumb\",\"itemListElement\":[{\"@type\":\"ListItem\",\"position\":1,\"name\":\"In\u00edcio\",\"item\":\"https:\/\/portalnpm.com\/\"},{\"@type\":\"ListItem\",\"position\":2,\"name\":\"Em reuni\u00e3o com Bolsonaro, governador leva proposta para gera\u00e7\u00e3o de empregos\"}]},{\"@type\":\"WebSite\",\"@id\":\"https:\/\/portalnpm.com\/#website\",\"url\":\"https:\/\/portalnpm.com\/\",\"name\":\"Portal NPM\",\"description\":\"Not\u00edcias em Primeira M\u00e3o\",\"potentialAction\":[{\"@type\":\"SearchAction\",\"target\":{\"@type\":\"EntryPoint\",\"urlTemplate\":\"https:\/\/portalnpm.com\/?s={search_term_string}\"},\"query-input\":\"required name=search_term_string\"}],\"inLanguage\":\"pt-BR\"},{\"@type\":\"Person\",\"@id\":\"https:\/\/portalnpm.com\/#\/schema\/person\/0b5f230ec96cee25504fa328e7f2b733\",\"name\":\"Reda\u00e7\u00e3o\",\"image\":{\"@type\":\"ImageObject\",\"inLanguage\":\"pt-BR\",\"@id\":\"https:\/\/portalnpm.com\/#\/schema\/person\/image\/\",\"url\":\"https:\/\/portalnpm.com\/wp-content\/uploads\/2024\/03\/avatar_user_4_1710097212-96x96.png\",\"contentUrl\":\"https:\/\/portalnpm.com\/wp-content\/uploads\/2024\/03\/avatar_user_4_1710097212-96x96.png\",\"caption\":\"Reda\u00e7\u00e3o\"},\"url\":\"https:\/\/portalnpm.com\/index.php\/author\/redacao\/\"}]}<\/script>\n<!-- \/ Yoast SEO plugin. -->","yoast_head_json":{"title":"Em reuni\u00e3o com Bolsonaro, governador leva proposta para gera\u00e7\u00e3o de empregos - Portal NPM","robots":{"index":"index","follow":"follow","max-snippet":"max-snippet:-1","max-image-preview":"max-image-preview:large","max-video-preview":"max-video-preview:-1"},"canonical":"https:\/\/portalnpm.com\/index.php\/2018\/11\/13\/em-reuniao-com-bolsonaro-governador-leva-proposta-para-geracao-de-empregos\/","og_locale":"pt_BR","og_type":"article","og_title":"Em reuni\u00e3o com Bolsonaro, governador leva proposta para gera\u00e7\u00e3o de empregos - Portal NPM","og_description":"O governador Wellington Dias (PT) se reunir\u00e1 amanha com o presidente eleito Jair Bolsonaro (PSL). No encontro, Wellington afirma que vai levar reivindica\u00e7\u00f5es em \u00e1reas como infraestrutura, sa\u00fade e seguran\u00e7a. O encontro ocorrer\u00e1 antes da reuni\u00e3o dos governadores do Nordeste marcada para o dia 21. Com o PT na oposi\u00e7\u00e3o, Wellington busca uma aproxima\u00e7\u00e3o com &hellip;","og_url":"https:\/\/portalnpm.com\/index.php\/2018\/11\/13\/em-reuniao-com-bolsonaro-governador-leva-proposta-para-geracao-de-empregos\/","og_site_name":"Portal NPM","article_published_time":"2018-11-13T16:47:36+00:00","og_image":[{"width":750,"height":499,"url":"https:\/\/portalnpm.com\/wp-content\/uploads\/2018\/11\/ce5a5b9e961bcafa4c846ff49f2eb69a.jpg","type":"image\/jpeg"}],"author":"Reda\u00e7\u00e3o","twitter_card":"summary_large_image","twitter_misc":{"Escrito por":"Reda\u00e7\u00e3o","Est. tempo de leitura":"2 minutos"},"schema":{"@context":"https:\/\/schema.org","@graph":[{"@type":"WebPage","@id":"https:\/\/portalnpm.com\/index.php\/2018\/11\/13\/em-reuniao-com-bolsonaro-governador-leva-proposta-para-geracao-de-empregos\/","url":"https:\/\/portalnpm.com\/index.php\/2018\/11\/13\/em-reuniao-com-bolsonaro-governador-leva-proposta-para-geracao-de-empregos\/","name":"Em reuni\u00e3o com Bolsonaro, governador leva proposta para gera\u00e7\u00e3o de empregos - Portal NPM","isPartOf":{"@id":"https:\/\/portalnpm.com\/#website"},"primaryImageOfPage":{"@id":"https:\/\/portalnpm.com\/index.php\/2018\/11\/13\/em-reuniao-com-bolsonaro-governador-leva-proposta-para-geracao-de-empregos\/#primaryimage"},"image":{"@id":"https:\/\/portalnpm.com\/index.php\/2018\/11\/13\/em-reuniao-com-bolsonaro-governador-leva-proposta-para-geracao-de-empregos\/#primaryimage"},"thumbnailUrl":"https:\/\/portalnpm.com\/wp-content\/uploads\/2018\/11\/ce5a5b9e961bcafa4c846ff49f2eb69a.jpg","datePublished":"2018-11-13T16:47:36+00:00","dateModified":"2018-11-13T16:47:36+00:00","author":{"@id":"https:\/\/portalnpm.com\/#\/schema\/person\/0b5f230ec96cee25504fa328e7f2b733"},"breadcrumb":{"@id":"https:\/\/portalnpm.com\/index.php\/2018\/11\/13\/em-reuniao-com-bolsonaro-governador-leva-proposta-para-geracao-de-empregos\/#breadcrumb"},"inLanguage":"pt-BR","potentialAction":[{"@type":"ReadAction","target":["https:\/\/portalnpm.com\/index.php\/2018\/11\/13\/em-reuniao-com-bolsonaro-governador-leva-proposta-para-geracao-de-empregos\/"]}]},{"@type":"ImageObject","inLanguage":"pt-BR","@id":"https:\/\/portalnpm.com\/index.php\/2018\/11\/13\/em-reuniao-com-bolsonaro-governador-leva-proposta-para-geracao-de-empregos\/#primaryimage","url":"https:\/\/portalnpm.com\/wp-content\/uploads\/2018\/11\/ce5a5b9e961bcafa4c846ff49f2eb69a.jpg","contentUrl":"https:\/\/portalnpm.com\/wp-content\/uploads\/2018\/11\/ce5a5b9e961bcafa4c846ff49f2eb69a.jpg","width":750,"height":499},{"@type":"BreadcrumbList","@id":"https:\/\/portalnpm.com\/index.php\/2018\/11\/13\/em-reuniao-com-bolsonaro-governador-leva-proposta-para-geracao-de-empregos\/#breadcrumb","itemListElement":[{"@type":"ListItem","position":1,"name":"In\u00edcio","item":"https:\/\/portalnpm.com\/"},{"@type":"ListItem","position":2,"name":"Em reuni\u00e3o com Bolsonaro, governador leva proposta para gera\u00e7\u00e3o de empregos"}]},{"@type":"WebSite","@id":"https:\/\/portalnpm.com\/#website","url":"https:\/\/portalnpm.com\/","name":"Portal NPM","description":"Not\u00edcias em Primeira M\u00e3o","potentialAction":[{"@type":"SearchAction","target":{"@type":"EntryPoint","urlTemplate":"https:\/\/portalnpm.com\/?s={search_term_string}"},"query-input":"required name=search_term_string"}],"inLanguage":"pt-BR"},{"@type":"Person","@id":"https:\/\/portalnpm.com\/#\/schema\/person\/0b5f230ec96cee25504fa328e7f2b733","name":"Reda\u00e7\u00e3o","image":{"@type":"ImageObject","inLanguage":"pt-BR","@id":"https:\/\/portalnpm.com\/#\/schema\/person\/image\/","url":"https:\/\/portalnpm.com\/wp-content\/uploads\/2024\/03\/avatar_user_4_1710097212-96x96.png","contentUrl":"https:\/\/portalnpm.com\/wp-content\/uploads\/2024\/03\/avatar_user_4_1710097212-96x96.png","caption":"Reda\u00e7\u00e3o"},"url":"https:\/\/portalnpm.com\/index.php\/author\/redacao\/"}]}},"jetpack_sharing_enabled":true,"jetpack_featured_media_url":"https:\/\/portalnpm.com\/wp-content\/uploads\/2018\/11\/ce5a5b9e961bcafa4c846ff49f2eb69a.jpg","_links":{"self":[{"href":"https:\/\/portalnpm.com\/index.php\/wp-json\/wp\/v2\/posts\/2489"}],"collection":[{"href":"https:\/\/portalnpm.com\/index.php\/wp-json\/wp\/v2\/posts"}],"about":[{"href":"https:\/\/portalnpm.com\/index.php\/wp-json\/wp\/v2\/types\/post"}],"author":[{"embeddable":true,"href":"https:\/\/portalnpm.com\/index.php\/wp-json\/wp\/v2\/users\/4"}],"replies":[{"embeddable":true,"href":"https:\/\/portalnpm.com\/index.php\/wp-json\/wp\/v2\/comments?post=2489"}],"version-history":[{"count":0,"href":"https:\/\/portalnpm.com\/index.php\/wp-json\/wp\/v2\/posts\/2489\/revisions"}],"wp:featuredmedia":[{"embeddable":true,"href":"https:\/\/portalnpm.com\/index.php\/wp-json\/wp\/v2\/media\/2490"}],"wp:attachment":[{"href":"https:\/\/portalnpm.com\/index.php\/wp-json\/wp\/v2\/media?parent=2489"}],"wp:term":[{"taxonomy":"category","embeddable":true,"href":"https:\/\/portalnpm.com\/index.php\/wp-json\/wp\/v2\/categories?post=2489"},{"taxonomy":"post_tag","embeddable":true,"href":"https:\/\/portalnpm.com\/index.php\/wp-json\/wp\/v2\/tags?post=2489"}],"curies":[{"name":"wp","href":"https:\/\/api.w.org\/{rel}","templated":true}]}}