{"id":2536,"date":"2018-11-15T09:43:52","date_gmt":"2018-11-15T11:43:52","guid":{"rendered":"http:\/\/srv.portalnpm.com.br\/?p=2536"},"modified":"2018-11-15T09:43:52","modified_gmt":"2018-11-15T11:43:52","slug":"piaui-vai-perder-202-medicos-cubanos-atuando-em-102-municipios","status":"publish","type":"post","link":"https:\/\/portalnpm.com\/index.php\/2018\/11\/15\/piaui-vai-perder-202-medicos-cubanos-atuando-em-102-municipios\/","title":{"rendered":"Piau\u00ed vai perder 202 m\u00e9dicos cubanos atuando em 102 munic\u00edpios"},"content":{"rendered":"<p style=\"text-align: justify;\">O\u00a0presidente eleito,<strong>\u00a0Jair Bolsonaro<\/strong>\u00a0(PSL), disse, na quarta-feira, que manter\u00e1 o Programa Mais M\u00e9dicos, mas vai substituir os cerca de 8.500 profissionais cubanos por brasileiros ou estrangeiros. Ele afirmou que os cubanos que quiserem atuar no pa\u00eds devem revalidar os diplomas. A afirma\u00e7\u00e3o ocorre no momento em que Cuba informou que vai se desligar do Programa Mais M\u00e9dicos por n\u00e3o aceitar as exig\u00eancias feitas pelo novo governo, que considera como amea\u00e7a.<\/p>\n<p style=\"text-align: justify;\">A decis\u00e3o de Jair Bolsonaro far\u00e1 que o\u00a0<strong>Piau\u00ed\u00a0<\/strong>perca\u00a0<strong>202 m\u00e9dicos cubanos<\/strong>\u00a0que est\u00e3o atuando no estado, informou a coordenadora da Comiss\u00e3o Coordenadora Estadual do Mais M\u00e9dicos do estado, Idvani Braga.<\/p>\n<p style=\"text-align: justify;\">Ela afirmou que os 202 m\u00e9dicos cubanos est\u00e3o atuando em 102 munic\u00edpios piauienses, atuando em aten\u00e7\u00e3o b\u00e1sica, como atendimento de gestantes fazendo o pr\u00e9-natal, da sa\u00fade de crian\u00e7as e idosos.<\/p>\n<p style=\"text-align: justify;\">Idvani Braga informou que existem munic\u00edpios como Guaribas e Morro Cabe\u00e7a do Tempo que ficar\u00e3o sem m\u00e9dicos com a sa\u00edda dos cubanos.<\/p>\n<p style=\"text-align: justify;\">\u201cO impacto da sa\u00edda dos m\u00e9dicos cubanos \u00e9 grande porque era muito bom que sempre tivesse um m\u00e9dico no postinho de sa\u00fade para atender os pacientes, para acompanhar as vacinas e sa\u00fade das crian\u00e7as, das gestantes, das parturientes. Eles atuavam na aten\u00e7\u00e3o b\u00e1sica, na preven\u00e7\u00e3o das doen\u00e7as\u201d, falou Idvani Braga.<\/p>\n<p style=\"text-align: justify;\">O Programa Mais M\u00e9dicos no Piau\u00ed tem 202 m\u00e9dicos cubanos e 125 brasileiros, sendo que deste, s\u00e3o m\u00e9dicos formados em outros pa\u00edses, mas nascidos no Brasil.<\/p>\n<p style=\"text-align: justify;\">Idvani Braga falou que os m\u00e9dicos cubanos est\u00e3o atuando no Brasil desde 2013, sendo que eles voltavam para Cuba a cada tr\u00eas anos e eram substitu\u00eddos por outros m\u00e9dicos do pa\u00eds.\u00a0No Piau\u00ed, os cubanos correspondem a 61,7% dos habilitados no programa, que possui ao todo 327 m\u00e9dicos ativos atuando em 134 munic\u00edpios.\u00a0Al\u00e9m destes, o Programa Mais M\u00e9dicos tamb\u00e9m possui 34 vagas em aberto para m\u00e9dicos brasileiros.<\/p>\n<p style=\"text-align: justify;\">\u201cEssas vagas s\u00e3o correspondentes aos m\u00e9dicos brasileiros que entraram e depois sa\u00edram do programa, por qualquer motivo, e a reposi\u00e7\u00e3o \u00e9 feita atrav\u00e9s de edital\u201d, explica a coordenadora da Comiss\u00e3o, Idvani Braga. Os profissionais s\u00e3o respons\u00e1veis por atender em especial \u00e0 popula\u00e7\u00e3o carente, em munic\u00edpios que possuem d\u00e9ficit de m\u00e9dicos atuando na sa\u00fade p\u00fablica.<\/p>\n<p style=\"text-align: justify;\">O an\u00fancio sobre o fim da parceria entre Cuba e Brasil no Mais M\u00e9dicos \u00e9 atribu\u00eddo, pelo pa\u00eds caribenho, \u00e0 \u201crefer\u00eancias diretas, depreciativas e amea\u00e7adoras \u00e0 presen\u00e7a de nossos m\u00e9dicos\u201d feitas pelo presidente eleito, Jair Bolsonaro (PSL). Em nota publicada em um jornal cubano, o governo comunicou que as declara\u00e7\u00f5es de Bolsonaro questionam \u201co preparo de nossos m\u00e9dicos e [condicionam] sua perman\u00eancia no programa \u00e0 revalida\u00e7\u00e3o do t\u00edtulo e como \u00fanica forma de se contrat\u00e1-los a forma individual\u201d.<\/p>\n<p style=\"text-align: justify;\">\u201cN\u00e3o \u00e9 aceit\u00e1vel questionar a dignidade, o profissionalismo e o altru\u00edsmo dos colaboradores cubanos que, com o apoio de suas fam\u00edlias, prestam atualmente servi\u00e7os em 67 pa\u00edses. Em 55 anos, 600 mil miss\u00f5es internacionalistas foram realizadas em 164 pa\u00edses, envolvendo mais de 400 mil trabalhadores de sa\u00fade, que em muitos casos cumpriram essa honrosa tarefa em mais de uma ocasi\u00e3o\u201d, disse o governo cubano.<\/p>\n<p style=\"text-align: justify;\">Em suas redes sociais, o presidente eleito Jair Bolsonaro fez cr\u00edticas \u00e0 decis\u00e3o do governo de Cuba. Segundo ele, \u201ca ditadura cubana demonstra grande irresponsabilidade ao desconsiderar os impactos negativos na vida e na sa\u00fade dos brasileiros e na integridade dos cubanos\u201d. O presidente argumentou ainda que havia condicionado a continuidade do programa \u00e0 \u201caplica\u00e7\u00e3o de teste de capacidade, sal\u00e1rio integral aos profissionais cubanos, hoje maior parte destinados \u00e0 ditadura, e a liberdade para trazerem suas fam\u00edlias. Infelizmente, Cuba n\u00e3o aceitou\u201d, alegou.<\/p>\n<p style=\"text-align: justify;\">O programa Mais M\u00e9dicos foi criado em 2013, no governo de Dilma Rousseff (PT), com o objetivo de ampliar a oferta desses profissionais em munic\u00edpios do interior do pa\u00eds.<\/p>\n<figure id=\"attachment_2537\" aria-describedby=\"caption-attachment-2537\" style=\"width: 300px\" class=\"wp-caption alignnone\"><img fetchpriority=\"high\" decoding=\"async\" class=\"size-medium wp-image-2537\" src=\"http:\/\/portalnpm.com.br\/wp-content\/uploads\/2018\/11\/a838dfde-0f37-41cb-bb01-cb3299089630-300x200.jpg\" alt=\"\" width=\"300\" height=\"200\" srcset=\"https:\/\/portalnpm.com\/wp-content\/uploads\/2018\/11\/a838dfde-0f37-41cb-bb01-cb3299089630-300x200.jpg 300w, https:\/\/portalnpm.com\/wp-content\/uploads\/2018\/11\/a838dfde-0f37-41cb-bb01-cb3299089630-330x220.jpg 330w, https:\/\/portalnpm.com\/wp-content\/uploads\/2018\/11\/a838dfde-0f37-41cb-bb01-cb3299089630-420x280.jpg 420w, https:\/\/portalnpm.com\/wp-content\/uploads\/2018\/11\/a838dfde-0f37-41cb-bb01-cb3299089630-615x410.jpg 615w, https:\/\/portalnpm.com\/wp-content\/uploads\/2018\/11\/a838dfde-0f37-41cb-bb01-cb3299089630.jpg 699w\" sizes=\"(max-width: 300px) 100vw, 300px\" \/><figcaption id=\"caption-attachment-2537\" class=\"wp-caption-text\">(Cr\u00e9dito: Ag\u00eancia Brasil)<\/figcaption><\/figure>\n<p>Bolsonaro conversou com a imprensa na tarde de quarta-feira, no Centro Cultural Banco do Brasil (CCBB), sede do governo de transi\u00e7\u00e3o, pouco antes dele deixar a capital federal para retornar ao Rio de Janeiro.<\/p>\n<p>\u201cEstamos formando, tenho certeza, em torno de 20 mil m\u00e9dicos por ano, e a tend\u00eancia \u00e9 aumentar esse n\u00famero. N\u00f3s podemos suprir esse problema com esses m\u00e9dicos. O programa n\u00e3o est\u00e1 suspenso, [m\u00e9dicos] de outros pa\u00edses podem vir para c\u00e1. A partir de janeiro, pretendemos, logicamente, dar uma satisfa\u00e7\u00e3o a essas popula\u00e7\u00f5es que ser\u00e3o desassistidas.\u201d<\/p>\n<p>O presidente eleito acrescentou que sempre foi contra o programa por discordar do modelo de contrata\u00e7\u00e3o dos profissionais cubanos. Segundo ele, h\u00e1 um tratamento \u201cdesumano\u201d por parte das autoridades em rela\u00e7\u00e3o aos m\u00e9dicos. Como exemplo, Bolsonaro citou o fato de alguns profissionais virem para o Brasil, mas deixando as fam\u00edlias em Cuba.<\/p>\n<p>\u201cN\u00e3o \u00e9 novidade para nenhum de voc\u00eas, quando chegou a medida provis\u00f3ria na C\u00e2mara, h\u00e1 cerca de quatro anos, eu fui contra o Mais M\u00e9dicos por alguns motivos que agora tornam-se mais claros. Primeiro, pela quest\u00e3o humanit\u00e1ria. \u00c9 desumano voc\u00ea deixar esses profissionais aqui afastados de seus familiares. Tem muita senhora aqui que est\u00e1 desempenhando essa fun\u00e7\u00e3o de m\u00e9dico e seus filhos menores est\u00e3o em Cuba.\u201d<\/p>\n<p>O presidente eleito acusou o governo cubano de explorar os profissionais e ainda p\u00f4s em d\u00favida a capacidade profissional dos m\u00e9dicos oriundos da ilha. \u201cEm torno de 70% do sal\u00e1rio desses m\u00e9dicos \u00e9 confiscado para a ditadura cubana. E outra coisa, que \u00e9 um desrespeito com quem recebe o tratamento por parte desses cubanos, n\u00e3o temos qualquer comprova\u00e7\u00e3o que eles sejam realmente m\u00e9dicos e estejam aptos a desempenhar sua fun\u00e7\u00e3o\u201d.<\/p>\n<p>Bolsonaro reafirmou a exig\u00eancia que seu governo far\u00e1 para manter os m\u00e9dicos cubanos no programa. \u201cSe fizerem o Revalida, sal\u00e1rio integral e puderem trazer a fam\u00edlia, eu topo continuar o programa.\u201d<\/p>\n<p>Mais cedo, o governo de Cuba informou que deixar\u00e1 de fazer parte do programa Mais M\u00e9dicos. Na justificativa do Minist\u00e9rio da Sa\u00fade cubano, as exig\u00eancias feitas pelo governo eleito s\u00e3o \u201cinaceit\u00e1veis\u201d e \u201cviolam\u201d acordos anteriores.<\/p>\n<p>O contingente de m\u00e9dicos cubanos representa quase metade dos profissionais que atuam no programa, cerca de 18 mil, segundo o governo brasileiro.<\/p>\n<p>A falta de cobertura desses m\u00e9dicos pode deixar mais de 20 milh\u00f5es de pessoas, principalmente das regi\u00f5es mais isoladas e nas periferias de grandes cidades, sem atendimento b\u00e1sico de sa\u00fade.<\/p>\n<p>Bolsonaro prometeu asilo pol\u00edtico aos m\u00e9dicos cubanos que desejarem permanecer no Brasil. \u201cTemos que dar asilo para as pessoas que queiram, n\u00e3o podemos continuar amea\u00e7ando [de expuls\u00e3o do pa\u00eds] como foi no passado. (\u2026) Se eu for presidente, cubano que pedir asilo aqui vai ter.\u201d<\/p>\n<p>A legisla\u00e7\u00e3o prev\u00ea o asilo pol\u00edtico como forma de proteger qualquer cidad\u00e3o estrangeiro que se encontre perseguido em seu territ\u00f3rio por delitos pol\u00edticos, convic\u00e7\u00f5es religiosas ou situa\u00e7\u00f5es raciais.<\/p>\n<p><strong>Fonte:<\/strong>\u00a0Meio Norte<\/p>\n","protected":false},"excerpt":{"rendered":"<p>O\u00a0presidente eleito,\u00a0Jair Bolsonaro\u00a0(PSL), disse, na quarta-feira, que manter\u00e1 o Programa Mais M\u00e9dicos, mas vai substituir os cerca de 8.500 profissionais cubanos por brasileiros ou estrangeiros. Ele afirmou que os cubanos que quiserem atuar no pa\u00eds devem revalidar os diplomas. A afirma\u00e7\u00e3o ocorre no momento em que Cuba informou que vai se desligar do Programa Mais &hellip;<\/p>\n","protected":false},"author":8,"featured_media":2537,"comment_status":"open","ping_status":"open","sticky":false,"template":"","format":"standard","meta":{"content-type":"","rop_custom_images_group":[],"rop_custom_messages_group":[],"rop_publish_now":"initial","rop_publish_now_accounts":{"facebook_2648258775420054_1618374048415101":""},"rop_publish_now_history":[],"rop_publish_now_status":"pending","footnotes":"","_jetpack_memberships_contains_paid_content":false},"categories":[113,125,384],"tags":[1423,1424,187],"yoast_head":"<!-- This site is optimized with the Yoast SEO plugin v22.3 - https:\/\/yoast.com\/wordpress\/plugins\/seo\/ -->\n<title>Piau\u00ed vai perder 202 m\u00e9dicos cubanos atuando em 102 munic\u00edpios - Portal NPM<\/title>\n<meta name=\"robots\" content=\"index, follow, max-snippet:-1, max-image-preview:large, max-video-preview:-1\" \/>\n<link rel=\"canonical\" href=\"https:\/\/portalnpm.com\/index.php\/2018\/11\/15\/piaui-vai-perder-202-medicos-cubanos-atuando-em-102-municipios\/\" \/>\n<meta property=\"og:locale\" content=\"pt_BR\" \/>\n<meta property=\"og:type\" content=\"article\" \/>\n<meta property=\"og:title\" content=\"Piau\u00ed vai perder 202 m\u00e9dicos cubanos atuando em 102 munic\u00edpios - Portal NPM\" \/>\n<meta property=\"og:description\" content=\"O\u00a0presidente eleito,\u00a0Jair Bolsonaro\u00a0(PSL), disse, na quarta-feira, que manter\u00e1 o Programa Mais M\u00e9dicos, mas vai substituir os cerca de 8.500 profissionais cubanos por brasileiros ou estrangeiros. Ele afirmou que os cubanos que quiserem atuar no pa\u00eds devem revalidar os diplomas. A afirma\u00e7\u00e3o ocorre no momento em que Cuba informou que vai se desligar do Programa Mais &hellip;\" \/>\n<meta property=\"og:url\" content=\"https:\/\/portalnpm.com\/index.php\/2018\/11\/15\/piaui-vai-perder-202-medicos-cubanos-atuando-em-102-municipios\/\" \/>\n<meta property=\"og:site_name\" content=\"Portal NPM\" \/>\n<meta property=\"article:published_time\" content=\"2018-11-15T11:43:52+00:00\" \/>\n<meta property=\"og:image\" content=\"https:\/\/portalnpm.com\/wp-content\/uploads\/2018\/11\/a838dfde-0f37-41cb-bb01-cb3299089630.jpg\" \/>\n\t<meta property=\"og:image:width\" content=\"699\" \/>\n\t<meta property=\"og:image:height\" content=\"466\" \/>\n\t<meta property=\"og:image:type\" content=\"image\/jpeg\" \/>\n<meta name=\"author\" content=\"Zenilton Lima\" \/>\n<meta name=\"twitter:card\" content=\"summary_large_image\" \/>\n<meta name=\"twitter:label1\" content=\"Escrito por\" \/>\n\t<meta name=\"twitter:data1\" content=\"Zenilton Lima\" \/>\n\t<meta name=\"twitter:label2\" content=\"Est. tempo de leitura\" \/>\n\t<meta name=\"twitter:data2\" content=\"6 minutos\" \/>\n<script type=\"application\/ld+json\" class=\"yoast-schema-graph\">{\"@context\":\"https:\/\/schema.org\",\"@graph\":[{\"@type\":\"WebPage\",\"@id\":\"https:\/\/portalnpm.com\/index.php\/2018\/11\/15\/piaui-vai-perder-202-medicos-cubanos-atuando-em-102-municipios\/\",\"url\":\"https:\/\/portalnpm.com\/index.php\/2018\/11\/15\/piaui-vai-perder-202-medicos-cubanos-atuando-em-102-municipios\/\",\"name\":\"Piau\u00ed vai perder 202 m\u00e9dicos cubanos atuando em 102 munic\u00edpios - Portal NPM\",\"isPartOf\":{\"@id\":\"https:\/\/portalnpm.com\/#website\"},\"primaryImageOfPage\":{\"@id\":\"https:\/\/portalnpm.com\/index.php\/2018\/11\/15\/piaui-vai-perder-202-medicos-cubanos-atuando-em-102-municipios\/#primaryimage\"},\"image\":{\"@id\":\"https:\/\/portalnpm.com\/index.php\/2018\/11\/15\/piaui-vai-perder-202-medicos-cubanos-atuando-em-102-municipios\/#primaryimage\"},\"thumbnailUrl\":\"https:\/\/portalnpm.com\/wp-content\/uploads\/2018\/11\/a838dfde-0f37-41cb-bb01-cb3299089630.jpg\",\"datePublished\":\"2018-11-15T11:43:52+00:00\",\"dateModified\":\"2018-11-15T11:43:52+00:00\",\"author\":{\"@id\":\"https:\/\/portalnpm.com\/#\/schema\/person\/35cb55186eae3f074b6783da6d35591e\"},\"breadcrumb\":{\"@id\":\"https:\/\/portalnpm.com\/index.php\/2018\/11\/15\/piaui-vai-perder-202-medicos-cubanos-atuando-em-102-municipios\/#breadcrumb\"},\"inLanguage\":\"pt-BR\",\"potentialAction\":[{\"@type\":\"ReadAction\",\"target\":[\"https:\/\/portalnpm.com\/index.php\/2018\/11\/15\/piaui-vai-perder-202-medicos-cubanos-atuando-em-102-municipios\/\"]}]},{\"@type\":\"ImageObject\",\"inLanguage\":\"pt-BR\",\"@id\":\"https:\/\/portalnpm.com\/index.php\/2018\/11\/15\/piaui-vai-perder-202-medicos-cubanos-atuando-em-102-municipios\/#primaryimage\",\"url\":\"https:\/\/portalnpm.com\/wp-content\/uploads\/2018\/11\/a838dfde-0f37-41cb-bb01-cb3299089630.jpg\",\"contentUrl\":\"https:\/\/portalnpm.com\/wp-content\/uploads\/2018\/11\/a838dfde-0f37-41cb-bb01-cb3299089630.jpg\",\"width\":699,\"height\":466,\"caption\":\"(Cr\u00e9dito: Ag\u00eancia Brasil)\"},{\"@type\":\"BreadcrumbList\",\"@id\":\"https:\/\/portalnpm.com\/index.php\/2018\/11\/15\/piaui-vai-perder-202-medicos-cubanos-atuando-em-102-municipios\/#breadcrumb\",\"itemListElement\":[{\"@type\":\"ListItem\",\"position\":1,\"name\":\"In\u00edcio\",\"item\":\"https:\/\/portalnpm.com\/\"},{\"@type\":\"ListItem\",\"position\":2,\"name\":\"Piau\u00ed vai perder 202 m\u00e9dicos cubanos atuando em 102 munic\u00edpios\"}]},{\"@type\":\"WebSite\",\"@id\":\"https:\/\/portalnpm.com\/#website\",\"url\":\"https:\/\/portalnpm.com\/\",\"name\":\"Portal NPM\",\"description\":\"Not\u00edcias em Primeira M\u00e3o\",\"potentialAction\":[{\"@type\":\"SearchAction\",\"target\":{\"@type\":\"EntryPoint\",\"urlTemplate\":\"https:\/\/portalnpm.com\/?s={search_term_string}\"},\"query-input\":\"required name=search_term_string\"}],\"inLanguage\":\"pt-BR\"},{\"@type\":\"Person\",\"@id\":\"https:\/\/portalnpm.com\/#\/schema\/person\/35cb55186eae3f074b6783da6d35591e\",\"name\":\"Zenilton Lima\",\"image\":{\"@type\":\"ImageObject\",\"inLanguage\":\"pt-BR\",\"@id\":\"https:\/\/portalnpm.com\/#\/schema\/person\/image\/\",\"url\":\"https:\/\/portalnpm.com\/wp-content\/uploads\/2024\/12\/avatar_user_8_1733658137-96x96.jpeg\",\"contentUrl\":\"https:\/\/portalnpm.com\/wp-content\/uploads\/2024\/12\/avatar_user_8_1733658137-96x96.jpeg\",\"caption\":\"Zenilton Lima\"},\"url\":\"https:\/\/portalnpm.com\/index.php\/author\/zenilton\/\"}]}<\/script>\n<!-- \/ Yoast SEO plugin. -->","yoast_head_json":{"title":"Piau\u00ed vai perder 202 m\u00e9dicos cubanos atuando em 102 munic\u00edpios - Portal NPM","robots":{"index":"index","follow":"follow","max-snippet":"max-snippet:-1","max-image-preview":"max-image-preview:large","max-video-preview":"max-video-preview:-1"},"canonical":"https:\/\/portalnpm.com\/index.php\/2018\/11\/15\/piaui-vai-perder-202-medicos-cubanos-atuando-em-102-municipios\/","og_locale":"pt_BR","og_type":"article","og_title":"Piau\u00ed vai perder 202 m\u00e9dicos cubanos atuando em 102 munic\u00edpios - Portal NPM","og_description":"O\u00a0presidente eleito,\u00a0Jair Bolsonaro\u00a0(PSL), disse, na quarta-feira, que manter\u00e1 o Programa Mais M\u00e9dicos, mas vai substituir os cerca de 8.500 profissionais cubanos por brasileiros ou estrangeiros. Ele afirmou que os cubanos que quiserem atuar no pa\u00eds devem revalidar os diplomas. A afirma\u00e7\u00e3o ocorre no momento em que Cuba informou que vai se desligar do Programa Mais &hellip;","og_url":"https:\/\/portalnpm.com\/index.php\/2018\/11\/15\/piaui-vai-perder-202-medicos-cubanos-atuando-em-102-municipios\/","og_site_name":"Portal NPM","article_published_time":"2018-11-15T11:43:52+00:00","og_image":[{"width":699,"height":466,"url":"https:\/\/portalnpm.com\/wp-content\/uploads\/2018\/11\/a838dfde-0f37-41cb-bb01-cb3299089630.jpg","type":"image\/jpeg"}],"author":"Zenilton Lima","twitter_card":"summary_large_image","twitter_misc":{"Escrito por":"Zenilton Lima","Est. tempo de leitura":"6 minutos"},"schema":{"@context":"https:\/\/schema.org","@graph":[{"@type":"WebPage","@id":"https:\/\/portalnpm.com\/index.php\/2018\/11\/15\/piaui-vai-perder-202-medicos-cubanos-atuando-em-102-municipios\/","url":"https:\/\/portalnpm.com\/index.php\/2018\/11\/15\/piaui-vai-perder-202-medicos-cubanos-atuando-em-102-municipios\/","name":"Piau\u00ed vai perder 202 m\u00e9dicos cubanos atuando em 102 munic\u00edpios - Portal NPM","isPartOf":{"@id":"https:\/\/portalnpm.com\/#website"},"primaryImageOfPage":{"@id":"https:\/\/portalnpm.com\/index.php\/2018\/11\/15\/piaui-vai-perder-202-medicos-cubanos-atuando-em-102-municipios\/#primaryimage"},"image":{"@id":"https:\/\/portalnpm.com\/index.php\/2018\/11\/15\/piaui-vai-perder-202-medicos-cubanos-atuando-em-102-municipios\/#primaryimage"},"thumbnailUrl":"https:\/\/portalnpm.com\/wp-content\/uploads\/2018\/11\/a838dfde-0f37-41cb-bb01-cb3299089630.jpg","datePublished":"2018-11-15T11:43:52+00:00","dateModified":"2018-11-15T11:43:52+00:00","author":{"@id":"https:\/\/portalnpm.com\/#\/schema\/person\/35cb55186eae3f074b6783da6d35591e"},"breadcrumb":{"@id":"https:\/\/portalnpm.com\/index.php\/2018\/11\/15\/piaui-vai-perder-202-medicos-cubanos-atuando-em-102-municipios\/#breadcrumb"},"inLanguage":"pt-BR","potentialAction":[{"@type":"ReadAction","target":["https:\/\/portalnpm.com\/index.php\/2018\/11\/15\/piaui-vai-perder-202-medicos-cubanos-atuando-em-102-municipios\/"]}]},{"@type":"ImageObject","inLanguage":"pt-BR","@id":"https:\/\/portalnpm.com\/index.php\/2018\/11\/15\/piaui-vai-perder-202-medicos-cubanos-atuando-em-102-municipios\/#primaryimage","url":"https:\/\/portalnpm.com\/wp-content\/uploads\/2018\/11\/a838dfde-0f37-41cb-bb01-cb3299089630.jpg","contentUrl":"https:\/\/portalnpm.com\/wp-content\/uploads\/2018\/11\/a838dfde-0f37-41cb-bb01-cb3299089630.jpg","width":699,"height":466,"caption":"(Cr\u00e9dito: Ag\u00eancia Brasil)"},{"@type":"BreadcrumbList","@id":"https:\/\/portalnpm.com\/index.php\/2018\/11\/15\/piaui-vai-perder-202-medicos-cubanos-atuando-em-102-municipios\/#breadcrumb","itemListElement":[{"@type":"ListItem","position":1,"name":"In\u00edcio","item":"https:\/\/portalnpm.com\/"},{"@type":"ListItem","position":2,"name":"Piau\u00ed vai perder 202 m\u00e9dicos cubanos atuando em 102 munic\u00edpios"}]},{"@type":"WebSite","@id":"https:\/\/portalnpm.com\/#website","url":"https:\/\/portalnpm.com\/","name":"Portal NPM","description":"Not\u00edcias em Primeira M\u00e3o","potentialAction":[{"@type":"SearchAction","target":{"@type":"EntryPoint","urlTemplate":"https:\/\/portalnpm.com\/?s={search_term_string}"},"query-input":"required name=search_term_string"}],"inLanguage":"pt-BR"},{"@type":"Person","@id":"https:\/\/portalnpm.com\/#\/schema\/person\/35cb55186eae3f074b6783da6d35591e","name":"Zenilton Lima","image":{"@type":"ImageObject","inLanguage":"pt-BR","@id":"https:\/\/portalnpm.com\/#\/schema\/person\/image\/","url":"https:\/\/portalnpm.com\/wp-content\/uploads\/2024\/12\/avatar_user_8_1733658137-96x96.jpeg","contentUrl":"https:\/\/portalnpm.com\/wp-content\/uploads\/2024\/12\/avatar_user_8_1733658137-96x96.jpeg","caption":"Zenilton Lima"},"url":"https:\/\/portalnpm.com\/index.php\/author\/zenilton\/"}]}},"jetpack_sharing_enabled":true,"jetpack_featured_media_url":"https:\/\/portalnpm.com\/wp-content\/uploads\/2018\/11\/a838dfde-0f37-41cb-bb01-cb3299089630.jpg","_links":{"self":[{"href":"https:\/\/portalnpm.com\/index.php\/wp-json\/wp\/v2\/posts\/2536"}],"collection":[{"href":"https:\/\/portalnpm.com\/index.php\/wp-json\/wp\/v2\/posts"}],"about":[{"href":"https:\/\/portalnpm.com\/index.php\/wp-json\/wp\/v2\/types\/post"}],"author":[{"embeddable":true,"href":"https:\/\/portalnpm.com\/index.php\/wp-json\/wp\/v2\/users\/8"}],"replies":[{"embeddable":true,"href":"https:\/\/portalnpm.com\/index.php\/wp-json\/wp\/v2\/comments?post=2536"}],"version-history":[{"count":0,"href":"https:\/\/portalnpm.com\/index.php\/wp-json\/wp\/v2\/posts\/2536\/revisions"}],"wp:featuredmedia":[{"embeddable":true,"href":"https:\/\/portalnpm.com\/index.php\/wp-json\/wp\/v2\/media\/2537"}],"wp:attachment":[{"href":"https:\/\/portalnpm.com\/index.php\/wp-json\/wp\/v2\/media?parent=2536"}],"wp:term":[{"taxonomy":"category","embeddable":true,"href":"https:\/\/portalnpm.com\/index.php\/wp-json\/wp\/v2\/categories?post=2536"},{"taxonomy":"post_tag","embeddable":true,"href":"https:\/\/portalnpm.com\/index.php\/wp-json\/wp\/v2\/tags?post=2536"}],"curies":[{"name":"wp","href":"https:\/\/api.w.org\/{rel}","templated":true}]}}