{"id":2567,"date":"2018-11-16T10:57:14","date_gmt":"2018-11-16T12:57:14","guid":{"rendered":"http:\/\/srv.portalnpm.com.br\/?p=2567"},"modified":"2018-11-16T10:57:14","modified_gmt":"2018-11-16T12:57:14","slug":"reporter-andre-luiz-azevedo-e-demitido-pela-globo-apos-36-anos","status":"publish","type":"post","link":"https:\/\/portalnpm.com\/index.php\/2018\/11\/16\/reporter-andre-luiz-azevedo-e-demitido-pela-globo-apos-36-anos\/","title":{"rendered":"Rep\u00f3rter Andr\u00e9 Luiz Azevedo \u00e9 demitido pela Globo ap\u00f3s 36 anos"},"content":{"rendered":"<p style=\"text-align: justify;\">Ap\u00f3s 36 anos, o rep\u00f3rter Andr\u00e9 Luiz Azevedo foi dispensado pela TV Globo, segundo o site NaTelinha. Essa \u00e9 a segunda demiss\u00e3o no jornalismo da emissora neste m\u00eas. No dia 7 de novembro, Izabella Camargo foi dispensada ap\u00f3s voltar de licen\u00e7a-m\u00e9dica.<\/p>\n<p style=\"text-align: justify;\">Andr\u00e9 Luiz Azevedo estava na Globo desde 1982. Ele estava sem muita fun\u00e7\u00e3o na emissora desde que retornou de Portugal, em 2015, quando foi correspondente internacional.<\/p>\n<p style=\"text-align: justify;\">De acordo com o site NaTelinha, o alto sal\u00e1rio do jornalista pesou na decis\u00e3o da empresa. A pol\u00edtica de renova\u00e7\u00e3o da Globo tem feito com que muitos jornalistas experientes sejam dispensados para a contrata\u00e7\u00e3o de jovens com baixos sal\u00e1rios.<\/p>\n<p style=\"text-align: justify;\"><strong>Fonte: Isto \u00c9<\/strong><\/p>\n","protected":false},"excerpt":{"rendered":"<p>Ap\u00f3s 36 anos, o rep\u00f3rter Andr\u00e9 Luiz Azevedo foi dispensado pela TV Globo, segundo o site NaTelinha. Essa \u00e9 a segunda demiss\u00e3o no jornalismo da emissora neste m\u00eas. No dia 7 de novembro, Izabella Camargo foi dispensada ap\u00f3s voltar de licen\u00e7a-m\u00e9dica. Andr\u00e9 Luiz Azevedo estava na Globo desde 1982. Ele estava sem muita fun\u00e7\u00e3o na &hellip;<\/p>\n","protected":false},"author":3,"featured_media":2568,"comment_status":"open","ping_status":"open","sticky":false,"template":"","format":"standard","meta":{"content-type":"","rop_custom_images_group":[],"rop_custom_messages_group":[],"rop_publish_now":"initial","rop_publish_now_accounts":{"facebook_2648258775420054_1618374048415101":""},"rop_publish_now_history":[],"rop_publish_now_status":"pending","footnotes":"","_jetpack_memberships_contains_paid_content":false},"categories":[125],"tags":[1435,895,1436],"yoast_head":"<!-- This site is optimized with the Yoast SEO plugin v22.3 - https:\/\/yoast.com\/wordpress\/plugins\/seo\/ -->\n<title>Rep\u00f3rter Andr\u00e9 Luiz Azevedo \u00e9 demitido pela Globo ap\u00f3s 36 anos - Portal NPM<\/title>\n<meta name=\"robots\" content=\"index, follow, max-snippet:-1, max-image-preview:large, max-video-preview:-1\" \/>\n<link rel=\"canonical\" href=\"https:\/\/portalnpm.com\/index.php\/2018\/11\/16\/reporter-andre-luiz-azevedo-e-demitido-pela-globo-apos-36-anos\/\" \/>\n<meta property=\"og:locale\" content=\"pt_BR\" \/>\n<meta property=\"og:type\" content=\"article\" \/>\n<meta property=\"og:title\" content=\"Rep\u00f3rter Andr\u00e9 Luiz Azevedo \u00e9 demitido pela Globo ap\u00f3s 36 anos - Portal NPM\" \/>\n<meta property=\"og:description\" content=\"Ap\u00f3s 36 anos, o rep\u00f3rter Andr\u00e9 Luiz Azevedo foi dispensado pela TV Globo, segundo o site NaTelinha. Essa \u00e9 a segunda demiss\u00e3o no jornalismo da emissora neste m\u00eas. No dia 7 de novembro, Izabella Camargo foi dispensada ap\u00f3s voltar de licen\u00e7a-m\u00e9dica. Andr\u00e9 Luiz Azevedo estava na Globo desde 1982. Ele estava sem muita fun\u00e7\u00e3o na &hellip;\" \/>\n<meta property=\"og:url\" content=\"https:\/\/portalnpm.com\/index.php\/2018\/11\/16\/reporter-andre-luiz-azevedo-e-demitido-pela-globo-apos-36-anos\/\" \/>\n<meta property=\"og:site_name\" content=\"Portal NPM\" \/>\n<meta property=\"article:published_time\" content=\"2018-11-16T12:57:14+00:00\" \/>\n<meta property=\"og:image\" content=\"https:\/\/portalnpm.com\/wp-content\/uploads\/2018\/11\/IMG-20181116-WA0439.jpg\" \/>\n\t<meta property=\"og:image:width\" content=\"978\" \/>\n\t<meta property=\"og:image:height\" content=\"578\" \/>\n\t<meta property=\"og:image:type\" content=\"image\/jpeg\" \/>\n<meta name=\"author\" content=\"Luis Alberto\" \/>\n<meta name=\"twitter:card\" content=\"summary_large_image\" \/>\n<meta name=\"twitter:label1\" content=\"Escrito por\" \/>\n\t<meta name=\"twitter:data1\" content=\"Luis Alberto\" \/>\n\t<meta name=\"twitter:label2\" content=\"Est. tempo de leitura\" \/>\n\t<meta name=\"twitter:data2\" content=\"1 minuto\" \/>\n<script type=\"application\/ld+json\" class=\"yoast-schema-graph\">{\"@context\":\"https:\/\/schema.org\",\"@graph\":[{\"@type\":\"WebPage\",\"@id\":\"https:\/\/portalnpm.com\/index.php\/2018\/11\/16\/reporter-andre-luiz-azevedo-e-demitido-pela-globo-apos-36-anos\/\",\"url\":\"https:\/\/portalnpm.com\/index.php\/2018\/11\/16\/reporter-andre-luiz-azevedo-e-demitido-pela-globo-apos-36-anos\/\",\"name\":\"Rep\u00f3rter Andr\u00e9 Luiz Azevedo \u00e9 demitido pela Globo ap\u00f3s 36 anos - Portal NPM\",\"isPartOf\":{\"@id\":\"https:\/\/portalnpm.com\/#website\"},\"primaryImageOfPage\":{\"@id\":\"https:\/\/portalnpm.com\/index.php\/2018\/11\/16\/reporter-andre-luiz-azevedo-e-demitido-pela-globo-apos-36-anos\/#primaryimage\"},\"image\":{\"@id\":\"https:\/\/portalnpm.com\/index.php\/2018\/11\/16\/reporter-andre-luiz-azevedo-e-demitido-pela-globo-apos-36-anos\/#primaryimage\"},\"thumbnailUrl\":\"https:\/\/portalnpm.com\/wp-content\/uploads\/2018\/11\/IMG-20181116-WA0439.jpg\",\"datePublished\":\"2018-11-16T12:57:14+00:00\",\"dateModified\":\"2018-11-16T12:57:14+00:00\",\"author\":{\"@id\":\"https:\/\/portalnpm.com\/#\/schema\/person\/5c8006acdf71774cd4e7a5ab98482152\"},\"breadcrumb\":{\"@id\":\"https:\/\/portalnpm.com\/index.php\/2018\/11\/16\/reporter-andre-luiz-azevedo-e-demitido-pela-globo-apos-36-anos\/#breadcrumb\"},\"inLanguage\":\"pt-BR\",\"potentialAction\":[{\"@type\":\"ReadAction\",\"target\":[\"https:\/\/portalnpm.com\/index.php\/2018\/11\/16\/reporter-andre-luiz-azevedo-e-demitido-pela-globo-apos-36-anos\/\"]}]},{\"@type\":\"ImageObject\",\"inLanguage\":\"pt-BR\",\"@id\":\"https:\/\/portalnpm.com\/index.php\/2018\/11\/16\/reporter-andre-luiz-azevedo-e-demitido-pela-globo-apos-36-anos\/#primaryimage\",\"url\":\"https:\/\/portalnpm.com\/wp-content\/uploads\/2018\/11\/IMG-20181116-WA0439.jpg\",\"contentUrl\":\"https:\/\/portalnpm.com\/wp-content\/uploads\/2018\/11\/IMG-20181116-WA0439.jpg\",\"width\":978,\"height\":578},{\"@type\":\"BreadcrumbList\",\"@id\":\"https:\/\/portalnpm.com\/index.php\/2018\/11\/16\/reporter-andre-luiz-azevedo-e-demitido-pela-globo-apos-36-anos\/#breadcrumb\",\"itemListElement\":[{\"@type\":\"ListItem\",\"position\":1,\"name\":\"In\u00edcio\",\"item\":\"https:\/\/portalnpm.com\/\"},{\"@type\":\"ListItem\",\"position\":2,\"name\":\"Rep\u00f3rter Andr\u00e9 Luiz Azevedo \u00e9 demitido pela Globo ap\u00f3s 36 anos\"}]},{\"@type\":\"WebSite\",\"@id\":\"https:\/\/portalnpm.com\/#website\",\"url\":\"https:\/\/portalnpm.com\/\",\"name\":\"Portal NPM\",\"description\":\"Not\u00edcias em Primeira M\u00e3o\",\"potentialAction\":[{\"@type\":\"SearchAction\",\"target\":{\"@type\":\"EntryPoint\",\"urlTemplate\":\"https:\/\/portalnpm.com\/?s={search_term_string}\"},\"query-input\":\"required name=search_term_string\"}],\"inLanguage\":\"pt-BR\"},{\"@type\":\"Person\",\"@id\":\"https:\/\/portalnpm.com\/#\/schema\/person\/5c8006acdf71774cd4e7a5ab98482152\",\"name\":\"Luis Alberto\",\"image\":{\"@type\":\"ImageObject\",\"inLanguage\":\"pt-BR\",\"@id\":\"https:\/\/portalnpm.com\/#\/schema\/person\/image\/\",\"url\":\"https:\/\/portalnpm.com\/wp-content\/uploads\/2024\/12\/avatar_user_3_1734699769-96x96.jpeg\",\"contentUrl\":\"https:\/\/portalnpm.com\/wp-content\/uploads\/2024\/12\/avatar_user_3_1734699769-96x96.jpeg\",\"caption\":\"Luis Alberto\"},\"description\":\"Editor-geral do Portal NPM, \u00e9 formado como T\u00e9cnico em Seguran\u00e7a do Trabalho pela Escola Metropolitana de Cursos T\u00e9cnicos. Det\u00e9m ainda licenciatura em Educa\u00e7\u00e3o F\u00edsica e bacharelado em Ci\u00eancias Pol\u00edticas, ambos obtidos pela institui\u00e7\u00e3o Anhanguera\/UNOPAR.\",\"url\":\"https:\/\/portalnpm.com\/index.php\/author\/pereira\/\"}]}<\/script>\n<!-- \/ Yoast SEO plugin. -->","yoast_head_json":{"title":"Rep\u00f3rter Andr\u00e9 Luiz Azevedo \u00e9 demitido pela Globo ap\u00f3s 36 anos - Portal NPM","robots":{"index":"index","follow":"follow","max-snippet":"max-snippet:-1","max-image-preview":"max-image-preview:large","max-video-preview":"max-video-preview:-1"},"canonical":"https:\/\/portalnpm.com\/index.php\/2018\/11\/16\/reporter-andre-luiz-azevedo-e-demitido-pela-globo-apos-36-anos\/","og_locale":"pt_BR","og_type":"article","og_title":"Rep\u00f3rter Andr\u00e9 Luiz Azevedo \u00e9 demitido pela Globo ap\u00f3s 36 anos - Portal NPM","og_description":"Ap\u00f3s 36 anos, o rep\u00f3rter Andr\u00e9 Luiz Azevedo foi dispensado pela TV Globo, segundo o site NaTelinha. Essa \u00e9 a segunda demiss\u00e3o no jornalismo da emissora neste m\u00eas. No dia 7 de novembro, Izabella Camargo foi dispensada ap\u00f3s voltar de licen\u00e7a-m\u00e9dica. Andr\u00e9 Luiz Azevedo estava na Globo desde 1982. Ele estava sem muita fun\u00e7\u00e3o na &hellip;","og_url":"https:\/\/portalnpm.com\/index.php\/2018\/11\/16\/reporter-andre-luiz-azevedo-e-demitido-pela-globo-apos-36-anos\/","og_site_name":"Portal NPM","article_published_time":"2018-11-16T12:57:14+00:00","og_image":[{"width":978,"height":578,"url":"https:\/\/portalnpm.com\/wp-content\/uploads\/2018\/11\/IMG-20181116-WA0439.jpg","type":"image\/jpeg"}],"author":"Luis Alberto","twitter_card":"summary_large_image","twitter_misc":{"Escrito por":"Luis Alberto","Est. tempo de leitura":"1 minuto"},"schema":{"@context":"https:\/\/schema.org","@graph":[{"@type":"WebPage","@id":"https:\/\/portalnpm.com\/index.php\/2018\/11\/16\/reporter-andre-luiz-azevedo-e-demitido-pela-globo-apos-36-anos\/","url":"https:\/\/portalnpm.com\/index.php\/2018\/11\/16\/reporter-andre-luiz-azevedo-e-demitido-pela-globo-apos-36-anos\/","name":"Rep\u00f3rter Andr\u00e9 Luiz Azevedo \u00e9 demitido pela Globo ap\u00f3s 36 anos - Portal NPM","isPartOf":{"@id":"https:\/\/portalnpm.com\/#website"},"primaryImageOfPage":{"@id":"https:\/\/portalnpm.com\/index.php\/2018\/11\/16\/reporter-andre-luiz-azevedo-e-demitido-pela-globo-apos-36-anos\/#primaryimage"},"image":{"@id":"https:\/\/portalnpm.com\/index.php\/2018\/11\/16\/reporter-andre-luiz-azevedo-e-demitido-pela-globo-apos-36-anos\/#primaryimage"},"thumbnailUrl":"https:\/\/portalnpm.com\/wp-content\/uploads\/2018\/11\/IMG-20181116-WA0439.jpg","datePublished":"2018-11-16T12:57:14+00:00","dateModified":"2018-11-16T12:57:14+00:00","author":{"@id":"https:\/\/portalnpm.com\/#\/schema\/person\/5c8006acdf71774cd4e7a5ab98482152"},"breadcrumb":{"@id":"https:\/\/portalnpm.com\/index.php\/2018\/11\/16\/reporter-andre-luiz-azevedo-e-demitido-pela-globo-apos-36-anos\/#breadcrumb"},"inLanguage":"pt-BR","potentialAction":[{"@type":"ReadAction","target":["https:\/\/portalnpm.com\/index.php\/2018\/11\/16\/reporter-andre-luiz-azevedo-e-demitido-pela-globo-apos-36-anos\/"]}]},{"@type":"ImageObject","inLanguage":"pt-BR","@id":"https:\/\/portalnpm.com\/index.php\/2018\/11\/16\/reporter-andre-luiz-azevedo-e-demitido-pela-globo-apos-36-anos\/#primaryimage","url":"https:\/\/portalnpm.com\/wp-content\/uploads\/2018\/11\/IMG-20181116-WA0439.jpg","contentUrl":"https:\/\/portalnpm.com\/wp-content\/uploads\/2018\/11\/IMG-20181116-WA0439.jpg","width":978,"height":578},{"@type":"BreadcrumbList","@id":"https:\/\/portalnpm.com\/index.php\/2018\/11\/16\/reporter-andre-luiz-azevedo-e-demitido-pela-globo-apos-36-anos\/#breadcrumb","itemListElement":[{"@type":"ListItem","position":1,"name":"In\u00edcio","item":"https:\/\/portalnpm.com\/"},{"@type":"ListItem","position":2,"name":"Rep\u00f3rter Andr\u00e9 Luiz Azevedo \u00e9 demitido pela Globo ap\u00f3s 36 anos"}]},{"@type":"WebSite","@id":"https:\/\/portalnpm.com\/#website","url":"https:\/\/portalnpm.com\/","name":"Portal NPM","description":"Not\u00edcias em Primeira M\u00e3o","potentialAction":[{"@type":"SearchAction","target":{"@type":"EntryPoint","urlTemplate":"https:\/\/portalnpm.com\/?s={search_term_string}"},"query-input":"required name=search_term_string"}],"inLanguage":"pt-BR"},{"@type":"Person","@id":"https:\/\/portalnpm.com\/#\/schema\/person\/5c8006acdf71774cd4e7a5ab98482152","name":"Luis Alberto","image":{"@type":"ImageObject","inLanguage":"pt-BR","@id":"https:\/\/portalnpm.com\/#\/schema\/person\/image\/","url":"https:\/\/portalnpm.com\/wp-content\/uploads\/2024\/12\/avatar_user_3_1734699769-96x96.jpeg","contentUrl":"https:\/\/portalnpm.com\/wp-content\/uploads\/2024\/12\/avatar_user_3_1734699769-96x96.jpeg","caption":"Luis Alberto"},"description":"Editor-geral do Portal NPM, \u00e9 formado como T\u00e9cnico em Seguran\u00e7a do Trabalho pela Escola Metropolitana de Cursos T\u00e9cnicos. Det\u00e9m ainda licenciatura em Educa\u00e7\u00e3o F\u00edsica e bacharelado em Ci\u00eancias Pol\u00edticas, ambos obtidos pela institui\u00e7\u00e3o Anhanguera\/UNOPAR.","url":"https:\/\/portalnpm.com\/index.php\/author\/pereira\/"}]}},"jetpack_sharing_enabled":true,"jetpack_featured_media_url":"https:\/\/portalnpm.com\/wp-content\/uploads\/2018\/11\/IMG-20181116-WA0439.jpg","_links":{"self":[{"href":"https:\/\/portalnpm.com\/index.php\/wp-json\/wp\/v2\/posts\/2567"}],"collection":[{"href":"https:\/\/portalnpm.com\/index.php\/wp-json\/wp\/v2\/posts"}],"about":[{"href":"https:\/\/portalnpm.com\/index.php\/wp-json\/wp\/v2\/types\/post"}],"author":[{"embeddable":true,"href":"https:\/\/portalnpm.com\/index.php\/wp-json\/wp\/v2\/users\/3"}],"replies":[{"embeddable":true,"href":"https:\/\/portalnpm.com\/index.php\/wp-json\/wp\/v2\/comments?post=2567"}],"version-history":[{"count":0,"href":"https:\/\/portalnpm.com\/index.php\/wp-json\/wp\/v2\/posts\/2567\/revisions"}],"wp:featuredmedia":[{"embeddable":true,"href":"https:\/\/portalnpm.com\/index.php\/wp-json\/wp\/v2\/media\/2568"}],"wp:attachment":[{"href":"https:\/\/portalnpm.com\/index.php\/wp-json\/wp\/v2\/media?parent=2567"}],"wp:term":[{"taxonomy":"category","embeddable":true,"href":"https:\/\/portalnpm.com\/index.php\/wp-json\/wp\/v2\/categories?post=2567"},{"taxonomy":"post_tag","embeddable":true,"href":"https:\/\/portalnpm.com\/index.php\/wp-json\/wp\/v2\/tags?post=2567"}],"curies":[{"name":"wp","href":"https:\/\/api.w.org\/{rel}","templated":true}]}}