{"id":2583,"date":"2018-11-16T19:55:16","date_gmt":"2018-11-16T21:55:16","guid":{"rendered":"http:\/\/srv.portalnpm.com.br\/?p=2583"},"modified":"2018-11-16T19:55:16","modified_gmt":"2018-11-16T21:55:16","slug":"em-vila-nova-membros-do-imcp-discutem-melhorias-para-municipios-do-vale-do-itaim","status":"publish","type":"post","link":"https:\/\/portalnpm.com\/index.php\/2018\/11\/16\/em-vila-nova-membros-do-imcp-discutem-melhorias-para-municipios-do-vale-do-itaim\/","title":{"rendered":"Em Vila Nova, Membros do IMCP discutem melhorias para munic\u00edpios do Vale do Itaim"},"content":{"rendered":"<p style=\"text-align: justify;\">Ocorreu na tarde desta quinta-feira, 15, no Posto Vila Nova, localizado no KM 64 da BR-316, em Vila Nova do Piau\u00ed, uma reuni\u00e3o com membros do Instituto de Mobiliza\u00e7\u00e3o e Conscientiza\u00e7\u00e3o Pol\u00edtica do Vale do Itaim (IMCP). O encontro iniciou \u00e0s 15h30, com objetivo de discutir e apresentar solu\u00e7\u00f5es para os problemas regionais e locais que afligem o Estado e os munic\u00edpios do Vale do Itaim.<\/p>\n<p style=\"text-align: justify;\">De acordo com o advogado, Elias Alves, a reuni\u00e3o organizada pelos membros do instituto teve como finalidade fomentar o debate pol\u00edtico em tempo integral e promover semin\u00e1rios, palestras, eventos, concurso de reda\u00e7\u00e3o e entrevistas que possam historicizar cidades como Jaic\u00f3s, S\u00e3o Juli\u00e3o, Bel\u00e9m e Marcol\u00e2ndia. O projeto abrange tamb\u00e9m os munic\u00edpios de Padre Marcos, Campo Grande, Vila Nova, Monsenhor Hip\u00f3lito, Alegrete do Piau\u00ed, Francisco Macedo e Sim\u00f5es.<\/p>\n<p style=\"text-align: justify;\">\u201cA nossa ideia central visa o desenvolvimento social e humano de toda a nossa microrregi\u00e3o que compreende aproximadamente 15 munic\u00edpios. Nossa mobiliza\u00e7\u00e3o \u00e9 em prol da a\u00e7\u00e3o pol\u00edtica, pois o nosso desenvolvimento de forma geral depende da pol\u00edtica e envolve desde os tempos passados, presente e futuro. Dessa forma tudo que temos hoje \u00e9 reflexo do passado\u201d disse.<\/p>\n<p style=\"text-align: justify;\">\u201cA nossa ideia \u00e9 que os jovens possam se mobilizar de forma organizada e integral e que assim possamos discutir pol\u00edtica em semin\u00e1rios, eventos, desenvolvimento social e pol\u00edtico. A reuni\u00e3o foi muito importante porque aqui gera o embri\u00e3o de um instituto no semi\u00e1rido piauiense onde h\u00e1 estiagem, dif\u00edcil desenvolvimento e a defici\u00eancia dos jovens com rela\u00e7\u00e3o a vis\u00e3o de mundo melhor e desenvolvimento\u201d declarou Elias.<\/p>\n<p style=\"text-align: justify;\">Elias afirmou que a reuni\u00e3o concentrou pessoas de v\u00e1rias cidades. \u201cDentro desse quadro existem lideran\u00e7as v\u00e1rios n\u00edveis instrucionais e de diferentes cidades, onde h\u00e1 integra\u00e7\u00e3o daqueles que est\u00e3o encarregados de maior aprofundamento no sentido de desenvolvimento social. Existem pessoas que est\u00e3o tamb\u00e9m inseridas dentro da pol\u00edtica e que podem contribuir bastante para o avan\u00e7o do instituto\u201d pontuou.<\/p>\n<p style=\"text-align: justify;\">Outro fator que foi destacado \u00e9 que o grupo est\u00e1 aberto \u00e0s pessoas que tenham interesses apartid\u00e1rios e que assim assuma a responsabilidade de fazer acontecer de forma diferente, ou seja, com novas ferramentas que caracterizem a pol\u00edtica nova e desgarrem do velho modelo pol\u00edtico.<\/p>\n<p style=\"text-align: justify;\">\u201cEstamos abertos a mais pessoas que tenham vis\u00f5es inovadoras e n\u00e3o estejam atrelados ao velho modelo de se fazer pol\u00edtica. Precisamos de vision\u00e1rios que tragam o desenvolvimento\u201d acrescentou Elias.<\/p>\n<p style=\"text-align: justify;\">Durante a reuni\u00e3o foi apresentado v\u00e1rios fatores como: a cria\u00e7\u00e3o de um instituto ou associa\u00e7\u00e3o para promo\u00e7\u00e3o de debates, semin\u00e1rios e eventos de conscientiza\u00e7\u00e3o, mobiliza\u00e7\u00e3o e politiza\u00e7\u00e3o na regi\u00e3o; filia\u00e7\u00e3o partid\u00e1ria para os apoiadores de Bolsonaro na regi\u00e3o que tiverem interesses em ficarem com os diret\u00f3rios municipais; integra\u00e7\u00e3o dos jovens da regi\u00e3o de Jaic\u00f3s, Bel\u00e9m, Massap\u00ea, Padre Marcos, Sim\u00f5es, Marcol\u00e2ndia, Francisco Macedo, Alegrete, S\u00e3o Juli\u00e3o, Monsenhor Hip\u00f3lito, Campo Grande e Vila Nova, que atrav\u00e9s da uni\u00e3o haver\u00e1 angariamento de investimentos voltados para gera\u00e7\u00e3o de emprego e renda para a regi\u00e3o; cria\u00e7\u00e3o de uma comiss\u00e3o para comparecimento \u00e0 posse em Bras\u00edlia no dia 1\u00ba de janeiro de 2019; cria\u00e7\u00e3o de uma comiss\u00e3o e visita \u00e0 Teresina para di\u00e1logo com F\u00e1bio S\u00e9rvio (PSL); tra\u00e7ar metas para a\u00e7\u00f5es de mobiliza\u00e7\u00e3o e eventos comunit\u00e1rios na regi\u00e3o, oficinas, assist\u00eancia social e outros temas que visam ajudar as comunidades mais carentes da regi\u00e3o com arrecada\u00e7\u00e3o de alimentos, brinquedos, roupas, cal\u00e7ados entre outros.<\/p>\n<p style=\"text-align: justify;\">A realiza\u00e7\u00e3o do encontro reuniu cerca de 17 pessoas e se deu atrav\u00e9s da iniciativa do advogado Elias Alves.<\/p>\n<p style=\"text-align: justify;\"><a class=\"cboxElement\" href=\"http:\/\/cidadesnanet.com\/news\/wp-content\/uploads\/2018\/11\/WhatsApp-Image-2018-11-15-at-19.19.40.jpeg\"><img fetchpriority=\"high\" decoding=\"async\" class=\"alignnone size-full wp-image-516042 colorbox-516041 visible animated\" src=\"http:\/\/cidadesnanet.com\/news\/wp-content\/uploads\/2018\/11\/WhatsApp-Image-2018-11-15-at-19.19.40.jpeg\" sizes=\"(max-width: 1000px) 100vw, 1000px\" srcset=\"http:\/\/cidadesnanet.com\/news\/wp-content\/uploads\/2018\/11\/WhatsApp-Image-2018-11-15-at-19.19.40.jpeg 1000w, http:\/\/cidadesnanet.com\/news\/wp-content\/uploads\/2018\/11\/WhatsApp-Image-2018-11-15-at-19.19.40-300x200.jpeg 300w, http:\/\/cidadesnanet.com\/news\/wp-content\/uploads\/2018\/11\/WhatsApp-Image-2018-11-15-at-19.19.40-768x512.jpeg 768w\" alt=\"\" width=\"1000\" height=\"667\" \/><\/a><a class=\"cboxElement\" href=\"http:\/\/cidadesnanet.com\/news\/wp-content\/uploads\/2018\/11\/WhatsApp-Image-2018-11-15-at-19.19.41.jpeg\"><img decoding=\"async\" class=\"alignnone size-large wp-image-516043 colorbox-516041 visible animated\" src=\"http:\/\/cidadesnanet.com\/news\/wp-content\/uploads\/2018\/11\/WhatsApp-Image-2018-11-15-at-19.19.41.jpeg\" sizes=\"(max-width: 900px) 100vw, 900px\" srcset=\"http:\/\/cidadesnanet.com\/news\/wp-content\/uploads\/2018\/11\/WhatsApp-Image-2018-11-15-at-19.19.41.jpeg 1000w, http:\/\/cidadesnanet.com\/news\/wp-content\/uploads\/2018\/11\/WhatsApp-Image-2018-11-15-at-19.19.41-300x200.jpeg 300w, http:\/\/cidadesnanet.com\/news\/wp-content\/uploads\/2018\/11\/WhatsApp-Image-2018-11-15-at-19.19.41-768x512.jpeg 768w\" alt=\"\" width=\"900\" height=\"600\" \/><\/a><a class=\"cboxElement\" href=\"http:\/\/cidadesnanet.com\/news\/wp-content\/uploads\/2018\/11\/WhatsApp-Image-2018-11-15-at-19.19.42.jpeg\"><img decoding=\"async\" class=\"alignnone size-large wp-image-516044 colorbox-516041 visible animated\" src=\"http:\/\/cidadesnanet.com\/news\/wp-content\/uploads\/2018\/11\/WhatsApp-Image-2018-11-15-at-19.19.42.jpeg\" sizes=\"(max-width: 900px) 100vw, 900px\" srcset=\"http:\/\/cidadesnanet.com\/news\/wp-content\/uploads\/2018\/11\/WhatsApp-Image-2018-11-15-at-19.19.42.jpeg 1000w, http:\/\/cidadesnanet.com\/news\/wp-content\/uploads\/2018\/11\/WhatsApp-Image-2018-11-15-at-19.19.42-300x200.jpeg 300w, http:\/\/cidadesnanet.com\/news\/wp-content\/uploads\/2018\/11\/WhatsApp-Image-2018-11-15-at-19.19.42-768x512.jpeg 768w\" alt=\"\" width=\"900\" height=\"600\" \/><\/a><a class=\"cboxElement\" href=\"http:\/\/cidadesnanet.com\/news\/wp-content\/uploads\/2018\/11\/WhatsApp-Image-2018-11-15-at-19.19.44-1.jpeg\"><img loading=\"lazy\" decoding=\"async\" class=\"alignnone size-large wp-image-516046 colorbox-516041 visible animated\" src=\"http:\/\/cidadesnanet.com\/news\/wp-content\/uploads\/2018\/11\/WhatsApp-Image-2018-11-15-at-19.19.44-1.jpeg\" sizes=\"(max-width: 900px) 100vw, 900px\" srcset=\"http:\/\/cidadesnanet.com\/news\/wp-content\/uploads\/2018\/11\/WhatsApp-Image-2018-11-15-at-19.19.44-1.jpeg 1000w, http:\/\/cidadesnanet.com\/news\/wp-content\/uploads\/2018\/11\/WhatsApp-Image-2018-11-15-at-19.19.44-1-300x200.jpeg 300w, http:\/\/cidadesnanet.com\/news\/wp-content\/uploads\/2018\/11\/WhatsApp-Image-2018-11-15-at-19.19.44-1-768x512.jpeg 768w\" alt=\"\" width=\"900\" height=\"600\" \/><\/a><a class=\"cboxElement\" href=\"http:\/\/cidadesnanet.com\/news\/wp-content\/uploads\/2018\/11\/WhatsApp-Image-2018-11-15-at-19.19.44.jpeg\"><img loading=\"lazy\" decoding=\"async\" class=\"alignnone size-large wp-image-516047 colorbox-516041 visible animated\" src=\"http:\/\/cidadesnanet.com\/news\/wp-content\/uploads\/2018\/11\/WhatsApp-Image-2018-11-15-at-19.19.44.jpeg\" sizes=\"(max-width: 900px) 100vw, 900px\" srcset=\"http:\/\/cidadesnanet.com\/news\/wp-content\/uploads\/2018\/11\/WhatsApp-Image-2018-11-15-at-19.19.44.jpeg 1000w, http:\/\/cidadesnanet.com\/news\/wp-content\/uploads\/2018\/11\/WhatsApp-Image-2018-11-15-at-19.19.44-300x200.jpeg 300w, http:\/\/cidadesnanet.com\/news\/wp-content\/uploads\/2018\/11\/WhatsApp-Image-2018-11-15-at-19.19.44-768x512.jpeg 768w\" alt=\"\" width=\"900\" height=\"600\" \/><\/a><a class=\"cboxElement\" href=\"http:\/\/cidadesnanet.com\/news\/wp-content\/uploads\/2018\/11\/WhatsApp-Image-2018-11-15-at-19.19.46-1.jpeg\"><img loading=\"lazy\" decoding=\"async\" class=\"alignnone size-large wp-image-516048 colorbox-516041 visible animated\" src=\"http:\/\/cidadesnanet.com\/news\/wp-content\/uploads\/2018\/11\/WhatsApp-Image-2018-11-15-at-19.19.46-1.jpeg\" sizes=\"(max-width: 900px) 100vw, 900px\" srcset=\"http:\/\/cidadesnanet.com\/news\/wp-content\/uploads\/2018\/11\/WhatsApp-Image-2018-11-15-at-19.19.46-1.jpeg 1000w, http:\/\/cidadesnanet.com\/news\/wp-content\/uploads\/2018\/11\/WhatsApp-Image-2018-11-15-at-19.19.46-1-300x200.jpeg 300w, http:\/\/cidadesnanet.com\/news\/wp-content\/uploads\/2018\/11\/WhatsApp-Image-2018-11-15-at-19.19.46-1-768x512.jpeg 768w\" alt=\"\" width=\"900\" height=\"600\" \/><\/a><a class=\"cboxElement\" href=\"http:\/\/cidadesnanet.com\/news\/wp-content\/uploads\/2018\/11\/WhatsApp-Image-2018-11-15-at-19.19.46.jpeg\"><img loading=\"lazy\" decoding=\"async\" class=\"alignnone size-large wp-image-516050 colorbox-516041 visible animated\" src=\"http:\/\/cidadesnanet.com\/news\/wp-content\/uploads\/2018\/11\/WhatsApp-Image-2018-11-15-at-19.19.46.jpeg\" sizes=\"(max-width: 900px) 100vw, 900px\" srcset=\"http:\/\/cidadesnanet.com\/news\/wp-content\/uploads\/2018\/11\/WhatsApp-Image-2018-11-15-at-19.19.46.jpeg 1000w, http:\/\/cidadesnanet.com\/news\/wp-content\/uploads\/2018\/11\/WhatsApp-Image-2018-11-15-at-19.19.46-300x200.jpeg 300w, http:\/\/cidadesnanet.com\/news\/wp-content\/uploads\/2018\/11\/WhatsApp-Image-2018-11-15-at-19.19.46-768x512.jpeg 768w\" alt=\"\" width=\"900\" height=\"600\" \/><\/a><\/p>\n<p><a class=\"cboxElement\" href=\"http:\/\/cidadesnanet.com\/news\/wp-content\/uploads\/2018\/11\/WhatsApp-Image-2018-11-15-at-19.20.34.jpeg\"><img loading=\"lazy\" decoding=\"async\" class=\"alignnone size-full wp-image-516336 colorbox-516041 visible animated\" src=\"http:\/\/cidadesnanet.com\/news\/wp-content\/uploads\/2018\/11\/WhatsApp-Image-2018-11-15-at-19.20.34.jpeg\" sizes=\"(max-width: 719px) 100vw, 719px\" srcset=\"http:\/\/cidadesnanet.com\/news\/wp-content\/uploads\/2018\/11\/WhatsApp-Image-2018-11-15-at-19.20.34.jpeg 719w, http:\/\/cidadesnanet.com\/news\/wp-content\/uploads\/2018\/11\/WhatsApp-Image-2018-11-15-at-19.20.34-264x300.jpeg 264w\" alt=\"\" width=\"719\" height=\"817\" \/><\/a><\/p>\n<p><img loading=\"lazy\" decoding=\"async\" class=\"alignnone size-medium wp-image-2584\" src=\"http:\/\/portalnpm.com.br\/wp-content\/uploads\/2018\/11\/WhatsApp-Image-2018-11-15-at-19.12.26-207x300.jpeg\" alt=\"\" width=\"207\" height=\"300\" srcset=\"https:\/\/portalnpm.com\/wp-content\/uploads\/2018\/11\/WhatsApp-Image-2018-11-15-at-19.12.26-207x300.jpeg 207w, https:\/\/portalnpm.com\/wp-content\/uploads\/2018\/11\/WhatsApp-Image-2018-11-15-at-19.12.26.jpeg 668w\" sizes=\"(max-width: 207px) 100vw, 207px\" \/><\/p>\n<p><strong>Fonte: Cidades na Net\u00a0<\/strong><\/p>\n","protected":false},"excerpt":{"rendered":"<p>Ocorreu na tarde desta quinta-feira, 15, no Posto Vila Nova, localizado no KM 64 da BR-316, em Vila Nova do Piau\u00ed, uma reuni\u00e3o com membros do Instituto de Mobiliza\u00e7\u00e3o e Conscientiza\u00e7\u00e3o Pol\u00edtica do Vale do Itaim (IMCP). O encontro iniciou \u00e0s 15h30, com objetivo de discutir e apresentar solu\u00e7\u00f5es para os problemas regionais e locais &hellip;<\/p>\n","protected":false},"author":3,"featured_media":2585,"comment_status":"open","ping_status":"open","sticky":false,"template":"","format":"standard","meta":{"content-type":"","rop_custom_images_group":[],"rop_custom_messages_group":[],"rop_publish_now":"initial","rop_publish_now_accounts":{"facebook_2648258775420054_1618374048415101":""},"rop_publish_now_history":[],"rop_publish_now_status":"pending","footnotes":"","_jetpack_memberships_contains_paid_content":false},"categories":[113,574],"tags":[1443,1406,575],"yoast_head":"<!-- This site is optimized with the Yoast SEO plugin v22.3 - https:\/\/yoast.com\/wordpress\/plugins\/seo\/ -->\n<title>Em Vila Nova, Membros do IMCP discutem melhorias para munic\u00edpios do Vale do Itaim - Portal NPM<\/title>\n<meta name=\"robots\" content=\"index, follow, max-snippet:-1, max-image-preview:large, max-video-preview:-1\" \/>\n<link rel=\"canonical\" href=\"https:\/\/portalnpm.com\/index.php\/2018\/11\/16\/em-vila-nova-membros-do-imcp-discutem-melhorias-para-municipios-do-vale-do-itaim\/\" \/>\n<meta property=\"og:locale\" content=\"pt_BR\" \/>\n<meta property=\"og:type\" content=\"article\" \/>\n<meta property=\"og:title\" content=\"Em Vila Nova, Membros do IMCP discutem melhorias para munic\u00edpios do Vale do Itaim - Portal NPM\" \/>\n<meta property=\"og:description\" content=\"Ocorreu na tarde desta quinta-feira, 15, no Posto Vila Nova, localizado no KM 64 da BR-316, em Vila Nova do Piau\u00ed, uma reuni\u00e3o com membros do Instituto de Mobiliza\u00e7\u00e3o e Conscientiza\u00e7\u00e3o Pol\u00edtica do Vale do Itaim (IMCP). O encontro iniciou \u00e0s 15h30, com objetivo de discutir e apresentar solu\u00e7\u00f5es para os problemas regionais e locais &hellip;\" \/>\n<meta property=\"og:url\" content=\"https:\/\/portalnpm.com\/index.php\/2018\/11\/16\/em-vila-nova-membros-do-imcp-discutem-melhorias-para-municipios-do-vale-do-itaim\/\" \/>\n<meta property=\"og:site_name\" content=\"Portal NPM\" \/>\n<meta property=\"article:published_time\" content=\"2018-11-16T21:55:16+00:00\" \/>\n<meta name=\"author\" content=\"Luis Alberto\" \/>\n<meta name=\"twitter:card\" content=\"summary_large_image\" \/>\n<meta name=\"twitter:label1\" content=\"Escrito por\" \/>\n\t<meta name=\"twitter:data1\" content=\"Luis Alberto\" \/>\n\t<meta name=\"twitter:label2\" content=\"Est. tempo de leitura\" \/>\n\t<meta name=\"twitter:data2\" content=\"3 minutos\" \/>\n<script type=\"application\/ld+json\" class=\"yoast-schema-graph\">{\"@context\":\"https:\/\/schema.org\",\"@graph\":[{\"@type\":\"WebPage\",\"@id\":\"https:\/\/portalnpm.com\/index.php\/2018\/11\/16\/em-vila-nova-membros-do-imcp-discutem-melhorias-para-municipios-do-vale-do-itaim\/\",\"url\":\"https:\/\/portalnpm.com\/index.php\/2018\/11\/16\/em-vila-nova-membros-do-imcp-discutem-melhorias-para-municipios-do-vale-do-itaim\/\",\"name\":\"Em Vila Nova, Membros do IMCP discutem melhorias para munic\u00edpios do Vale do Itaim - Portal NPM\",\"isPartOf\":{\"@id\":\"https:\/\/portalnpm.com\/#website\"},\"primaryImageOfPage\":{\"@id\":\"https:\/\/portalnpm.com\/index.php\/2018\/11\/16\/em-vila-nova-membros-do-imcp-discutem-melhorias-para-municipios-do-vale-do-itaim\/#primaryimage\"},\"image\":{\"@id\":\"https:\/\/portalnpm.com\/index.php\/2018\/11\/16\/em-vila-nova-membros-do-imcp-discutem-melhorias-para-municipios-do-vale-do-itaim\/#primaryimage\"},\"thumbnailUrl\":\"\",\"datePublished\":\"2018-11-16T21:55:16+00:00\",\"dateModified\":\"2018-11-16T21:55:16+00:00\",\"author\":{\"@id\":\"https:\/\/portalnpm.com\/#\/schema\/person\/5c8006acdf71774cd4e7a5ab98482152\"},\"breadcrumb\":{\"@id\":\"https:\/\/portalnpm.com\/index.php\/2018\/11\/16\/em-vila-nova-membros-do-imcp-discutem-melhorias-para-municipios-do-vale-do-itaim\/#breadcrumb\"},\"inLanguage\":\"pt-BR\",\"potentialAction\":[{\"@type\":\"ReadAction\",\"target\":[\"https:\/\/portalnpm.com\/index.php\/2018\/11\/16\/em-vila-nova-membros-do-imcp-discutem-melhorias-para-municipios-do-vale-do-itaim\/\"]}]},{\"@type\":\"ImageObject\",\"inLanguage\":\"pt-BR\",\"@id\":\"https:\/\/portalnpm.com\/index.php\/2018\/11\/16\/em-vila-nova-membros-do-imcp-discutem-melhorias-para-municipios-do-vale-do-itaim\/#primaryimage\",\"url\":\"\",\"contentUrl\":\"\"},{\"@type\":\"BreadcrumbList\",\"@id\":\"https:\/\/portalnpm.com\/index.php\/2018\/11\/16\/em-vila-nova-membros-do-imcp-discutem-melhorias-para-municipios-do-vale-do-itaim\/#breadcrumb\",\"itemListElement\":[{\"@type\":\"ListItem\",\"position\":1,\"name\":\"In\u00edcio\",\"item\":\"https:\/\/portalnpm.com\/\"},{\"@type\":\"ListItem\",\"position\":2,\"name\":\"Em Vila Nova, Membros do IMCP discutem melhorias para munic\u00edpios do Vale do Itaim\"}]},{\"@type\":\"WebSite\",\"@id\":\"https:\/\/portalnpm.com\/#website\",\"url\":\"https:\/\/portalnpm.com\/\",\"name\":\"Portal NPM\",\"description\":\"Not\u00edcias em Primeira M\u00e3o\",\"potentialAction\":[{\"@type\":\"SearchAction\",\"target\":{\"@type\":\"EntryPoint\",\"urlTemplate\":\"https:\/\/portalnpm.com\/?s={search_term_string}\"},\"query-input\":\"required name=search_term_string\"}],\"inLanguage\":\"pt-BR\"},{\"@type\":\"Person\",\"@id\":\"https:\/\/portalnpm.com\/#\/schema\/person\/5c8006acdf71774cd4e7a5ab98482152\",\"name\":\"Luis Alberto\",\"image\":{\"@type\":\"ImageObject\",\"inLanguage\":\"pt-BR\",\"@id\":\"https:\/\/portalnpm.com\/#\/schema\/person\/image\/\",\"url\":\"https:\/\/portalnpm.com\/wp-content\/uploads\/2024\/12\/avatar_user_3_1734699769-96x96.jpeg\",\"contentUrl\":\"https:\/\/portalnpm.com\/wp-content\/uploads\/2024\/12\/avatar_user_3_1734699769-96x96.jpeg\",\"caption\":\"Luis Alberto\"},\"description\":\"Editor-geral do Portal NPM, \u00e9 formado como T\u00e9cnico em Seguran\u00e7a do Trabalho pela Escola Metropolitana de Cursos T\u00e9cnicos. Det\u00e9m ainda licenciatura em Educa\u00e7\u00e3o F\u00edsica e bacharelado em Ci\u00eancias Pol\u00edticas, ambos obtidos pela institui\u00e7\u00e3o Anhanguera\/UNOPAR.\",\"url\":\"https:\/\/portalnpm.com\/index.php\/author\/pereira\/\"}]}<\/script>\n<!-- \/ Yoast SEO plugin. -->","yoast_head_json":{"title":"Em Vila Nova, Membros do IMCP discutem melhorias para munic\u00edpios do Vale do Itaim - Portal NPM","robots":{"index":"index","follow":"follow","max-snippet":"max-snippet:-1","max-image-preview":"max-image-preview:large","max-video-preview":"max-video-preview:-1"},"canonical":"https:\/\/portalnpm.com\/index.php\/2018\/11\/16\/em-vila-nova-membros-do-imcp-discutem-melhorias-para-municipios-do-vale-do-itaim\/","og_locale":"pt_BR","og_type":"article","og_title":"Em Vila Nova, Membros do IMCP discutem melhorias para munic\u00edpios do Vale do Itaim - Portal NPM","og_description":"Ocorreu na tarde desta quinta-feira, 15, no Posto Vila Nova, localizado no KM 64 da BR-316, em Vila Nova do Piau\u00ed, uma reuni\u00e3o com membros do Instituto de Mobiliza\u00e7\u00e3o e Conscientiza\u00e7\u00e3o Pol\u00edtica do Vale do Itaim (IMCP). O encontro iniciou \u00e0s 15h30, com objetivo de discutir e apresentar solu\u00e7\u00f5es para os problemas regionais e locais &hellip;","og_url":"https:\/\/portalnpm.com\/index.php\/2018\/11\/16\/em-vila-nova-membros-do-imcp-discutem-melhorias-para-municipios-do-vale-do-itaim\/","og_site_name":"Portal NPM","article_published_time":"2018-11-16T21:55:16+00:00","author":"Luis Alberto","twitter_card":"summary_large_image","twitter_misc":{"Escrito por":"Luis Alberto","Est. tempo de leitura":"3 minutos"},"schema":{"@context":"https:\/\/schema.org","@graph":[{"@type":"WebPage","@id":"https:\/\/portalnpm.com\/index.php\/2018\/11\/16\/em-vila-nova-membros-do-imcp-discutem-melhorias-para-municipios-do-vale-do-itaim\/","url":"https:\/\/portalnpm.com\/index.php\/2018\/11\/16\/em-vila-nova-membros-do-imcp-discutem-melhorias-para-municipios-do-vale-do-itaim\/","name":"Em Vila Nova, Membros do IMCP discutem melhorias para munic\u00edpios do Vale do Itaim - Portal NPM","isPartOf":{"@id":"https:\/\/portalnpm.com\/#website"},"primaryImageOfPage":{"@id":"https:\/\/portalnpm.com\/index.php\/2018\/11\/16\/em-vila-nova-membros-do-imcp-discutem-melhorias-para-municipios-do-vale-do-itaim\/#primaryimage"},"image":{"@id":"https:\/\/portalnpm.com\/index.php\/2018\/11\/16\/em-vila-nova-membros-do-imcp-discutem-melhorias-para-municipios-do-vale-do-itaim\/#primaryimage"},"thumbnailUrl":"","datePublished":"2018-11-16T21:55:16+00:00","dateModified":"2018-11-16T21:55:16+00:00","author":{"@id":"https:\/\/portalnpm.com\/#\/schema\/person\/5c8006acdf71774cd4e7a5ab98482152"},"breadcrumb":{"@id":"https:\/\/portalnpm.com\/index.php\/2018\/11\/16\/em-vila-nova-membros-do-imcp-discutem-melhorias-para-municipios-do-vale-do-itaim\/#breadcrumb"},"inLanguage":"pt-BR","potentialAction":[{"@type":"ReadAction","target":["https:\/\/portalnpm.com\/index.php\/2018\/11\/16\/em-vila-nova-membros-do-imcp-discutem-melhorias-para-municipios-do-vale-do-itaim\/"]}]},{"@type":"ImageObject","inLanguage":"pt-BR","@id":"https:\/\/portalnpm.com\/index.php\/2018\/11\/16\/em-vila-nova-membros-do-imcp-discutem-melhorias-para-municipios-do-vale-do-itaim\/#primaryimage","url":"","contentUrl":""},{"@type":"BreadcrumbList","@id":"https:\/\/portalnpm.com\/index.php\/2018\/11\/16\/em-vila-nova-membros-do-imcp-discutem-melhorias-para-municipios-do-vale-do-itaim\/#breadcrumb","itemListElement":[{"@type":"ListItem","position":1,"name":"In\u00edcio","item":"https:\/\/portalnpm.com\/"},{"@type":"ListItem","position":2,"name":"Em Vila Nova, Membros do IMCP discutem melhorias para munic\u00edpios do Vale do Itaim"}]},{"@type":"WebSite","@id":"https:\/\/portalnpm.com\/#website","url":"https:\/\/portalnpm.com\/","name":"Portal NPM","description":"Not\u00edcias em Primeira M\u00e3o","potentialAction":[{"@type":"SearchAction","target":{"@type":"EntryPoint","urlTemplate":"https:\/\/portalnpm.com\/?s={search_term_string}"},"query-input":"required name=search_term_string"}],"inLanguage":"pt-BR"},{"@type":"Person","@id":"https:\/\/portalnpm.com\/#\/schema\/person\/5c8006acdf71774cd4e7a5ab98482152","name":"Luis Alberto","image":{"@type":"ImageObject","inLanguage":"pt-BR","@id":"https:\/\/portalnpm.com\/#\/schema\/person\/image\/","url":"https:\/\/portalnpm.com\/wp-content\/uploads\/2024\/12\/avatar_user_3_1734699769-96x96.jpeg","contentUrl":"https:\/\/portalnpm.com\/wp-content\/uploads\/2024\/12\/avatar_user_3_1734699769-96x96.jpeg","caption":"Luis Alberto"},"description":"Editor-geral do Portal NPM, \u00e9 formado como T\u00e9cnico em Seguran\u00e7a do Trabalho pela Escola Metropolitana de Cursos T\u00e9cnicos. Det\u00e9m ainda licenciatura em Educa\u00e7\u00e3o F\u00edsica e bacharelado em Ci\u00eancias Pol\u00edticas, ambos obtidos pela institui\u00e7\u00e3o Anhanguera\/UNOPAR.","url":"https:\/\/portalnpm.com\/index.php\/author\/pereira\/"}]}},"jetpack_sharing_enabled":true,"jetpack_featured_media_url":"","_links":{"self":[{"href":"https:\/\/portalnpm.com\/index.php\/wp-json\/wp\/v2\/posts\/2583"}],"collection":[{"href":"https:\/\/portalnpm.com\/index.php\/wp-json\/wp\/v2\/posts"}],"about":[{"href":"https:\/\/portalnpm.com\/index.php\/wp-json\/wp\/v2\/types\/post"}],"author":[{"embeddable":true,"href":"https:\/\/portalnpm.com\/index.php\/wp-json\/wp\/v2\/users\/3"}],"replies":[{"embeddable":true,"href":"https:\/\/portalnpm.com\/index.php\/wp-json\/wp\/v2\/comments?post=2583"}],"version-history":[{"count":0,"href":"https:\/\/portalnpm.com\/index.php\/wp-json\/wp\/v2\/posts\/2583\/revisions"}],"wp:featuredmedia":[{"embeddable":true,"href":"https:\/\/portalnpm.com\/index.php\/wp-json\/"}],"wp:attachment":[{"href":"https:\/\/portalnpm.com\/index.php\/wp-json\/wp\/v2\/media?parent=2583"}],"wp:term":[{"taxonomy":"category","embeddable":true,"href":"https:\/\/portalnpm.com\/index.php\/wp-json\/wp\/v2\/categories?post=2583"},{"taxonomy":"post_tag","embeddable":true,"href":"https:\/\/portalnpm.com\/index.php\/wp-json\/wp\/v2\/tags?post=2583"}],"curies":[{"name":"wp","href":"https:\/\/api.w.org\/{rel}","templated":true}]}}