{"id":2617,"date":"2018-11-19T12:16:05","date_gmt":"2018-11-19T14:16:05","guid":{"rendered":"http:\/\/srv.portalnpm.com.br\/?p=2617"},"modified":"2018-11-19T12:16:05","modified_gmt":"2018-11-19T14:16:05","slug":"diario-oficial-publica-exoneracao-de-sergio-moro","status":"publish","type":"post","link":"https:\/\/portalnpm.com\/index.php\/2018\/11\/19\/diario-oficial-publica-exoneracao-de-sergio-moro\/","title":{"rendered":"Di\u00e1rio Oficial publica exonera\u00e7\u00e3o de S\u00e9rgio Moro"},"content":{"rendered":"<p style=\"text-align: justify;\">A exonera\u00e7\u00e3o do juiz federal Sergio Moro foi publicada nesta segunda-feira (19), no Di\u00e1rio Oficial da Uni\u00e3o, se\u00e7\u00e3o 2, p\u00e1gina 47. Ele assumir\u00e1 o super Minist\u00e9rio da Justi\u00e7a, que agregar\u00e1 a Seguran\u00e7a P\u00fablica e parte do Conselho de Controle de Atividades Financeiras. Tamb\u00e9m deve participar da equipe de transi\u00e7\u00e3o do governo.<\/p>\n<p style=\"text-align: justify;\">O ato de n\u00famero 428 \u00e9 assinado pelo presidente do Tribunal Regional Federal da 4\u00aa regi\u00e3o, Carlos Eduardo Thompson Flores, informando que a exonera\u00e7\u00e3o ocorre a pedido do pr\u00f3prio Moro. Na sexta-feira (16) ele enviou of\u00edcio formalizando o pedido.<\/p>\n<p style=\"text-align: justify;\">No pedido de exonera\u00e7\u00e3o, Moro argumentou que pretende \u201corganizar a transi\u00e7\u00e3o e as futuras a\u00e7\u00f5es do Minist\u00e9rio da Justi\u00e7a\u201d. \u201cHouve quem reclamasse que eu, mesmo em f\u00e9rias, afastado da jurisdi\u00e7\u00e3o e sem assumir cargo executivo, n\u00e3o poderia sequer participar do planejamento de a\u00e7\u00f5es do futuro governo.\u201d<\/p>\n<p style=\"text-align: justify;\">Em substitui\u00e7\u00e3o a Moro no comando dos processos da Opera\u00e7\u00e3o Lava Jato ficar\u00e1 temporariamente a ju\u00edza Gabriela Hardt. Como substituta, ela n\u00e3o pode assumir de forma definitiva a vaga de Moro.<\/p>\n<p style=\"text-align: justify;\">Ap\u00f3s a publica\u00e7\u00e3o do ato de exonera\u00e7\u00e3o, deve ser expedido o edital para concurso de remo\u00e7\u00e3o. A remo\u00e7\u00e3o \u00e9 um concurso interno entre magistrados da Justi\u00e7a Federal da 4\u00aa Regi\u00e3o para preenchimento de vagas.<\/p>\n<p style=\"text-align: justify;\"><strong><em>Fonte: Ag\u00eancia Brasil<\/em><\/strong><\/p>\n","protected":false},"excerpt":{"rendered":"<p>A exonera\u00e7\u00e3o do juiz federal Sergio Moro foi publicada nesta segunda-feira (19), no Di\u00e1rio Oficial da Uni\u00e3o, se\u00e7\u00e3o 2, p\u00e1gina 47. Ele assumir\u00e1 o super Minist\u00e9rio da Justi\u00e7a, que agregar\u00e1 a Seguran\u00e7a P\u00fablica e parte do Conselho de Controle de Atividades Financeiras. Tamb\u00e9m deve participar da equipe de transi\u00e7\u00e3o do governo. O ato de n\u00famero &hellip;<\/p>\n","protected":false},"author":3,"featured_media":2618,"comment_status":"open","ping_status":"open","sticky":false,"template":"","format":"standard","meta":{"content-type":"","rop_custom_images_group":[],"rop_custom_messages_group":[],"rop_publish_now":"initial","rop_publish_now_accounts":{"facebook_2648258775420054_1618374048415101":""},"rop_publish_now_history":[],"rop_publish_now_status":"pending","footnotes":"","_jetpack_memberships_contains_paid_content":false},"categories":[125],"tags":[1448,1449],"yoast_head":"<!-- This site is optimized with the Yoast SEO plugin v22.3 - https:\/\/yoast.com\/wordpress\/plugins\/seo\/ -->\n<title>Di\u00e1rio Oficial publica exonera\u00e7\u00e3o de S\u00e9rgio Moro - Portal NPM<\/title>\n<meta name=\"robots\" content=\"index, follow, max-snippet:-1, max-image-preview:large, max-video-preview:-1\" \/>\n<link rel=\"canonical\" href=\"https:\/\/portalnpm.com\/index.php\/2018\/11\/19\/diario-oficial-publica-exoneracao-de-sergio-moro\/\" \/>\n<meta property=\"og:locale\" content=\"pt_BR\" \/>\n<meta property=\"og:type\" content=\"article\" \/>\n<meta property=\"og:title\" content=\"Di\u00e1rio Oficial publica exonera\u00e7\u00e3o de S\u00e9rgio Moro - Portal NPM\" \/>\n<meta property=\"og:description\" content=\"A exonera\u00e7\u00e3o do juiz federal Sergio Moro foi publicada nesta segunda-feira (19), no Di\u00e1rio Oficial da Uni\u00e3o, se\u00e7\u00e3o 2, p\u00e1gina 47. Ele assumir\u00e1 o super Minist\u00e9rio da Justi\u00e7a, que agregar\u00e1 a Seguran\u00e7a P\u00fablica e parte do Conselho de Controle de Atividades Financeiras. Tamb\u00e9m deve participar da equipe de transi\u00e7\u00e3o do governo. O ato de n\u00famero &hellip;\" \/>\n<meta property=\"og:url\" content=\"https:\/\/portalnpm.com\/index.php\/2018\/11\/19\/diario-oficial-publica-exoneracao-de-sergio-moro\/\" \/>\n<meta property=\"og:site_name\" content=\"Portal NPM\" \/>\n<meta property=\"article:published_time\" content=\"2018-11-19T14:16:05+00:00\" \/>\n<meta property=\"og:image\" content=\"https:\/\/portalnpm.com\/wp-content\/uploads\/2018\/11\/883042f021977317713a558e926c70b7.jpg\" \/>\n\t<meta property=\"og:image:width\" content=\"560\" \/>\n\t<meta property=\"og:image:height\" content=\"750\" \/>\n\t<meta property=\"og:image:type\" content=\"image\/jpeg\" \/>\n<meta name=\"author\" content=\"Luis Alberto\" \/>\n<meta name=\"twitter:card\" content=\"summary_large_image\" \/>\n<meta name=\"twitter:label1\" content=\"Escrito por\" \/>\n\t<meta name=\"twitter:data1\" content=\"Luis Alberto\" \/>\n\t<meta name=\"twitter:label2\" content=\"Est. tempo de leitura\" \/>\n\t<meta name=\"twitter:data2\" content=\"1 minuto\" \/>\n<script type=\"application\/ld+json\" class=\"yoast-schema-graph\">{\"@context\":\"https:\/\/schema.org\",\"@graph\":[{\"@type\":\"WebPage\",\"@id\":\"https:\/\/portalnpm.com\/index.php\/2018\/11\/19\/diario-oficial-publica-exoneracao-de-sergio-moro\/\",\"url\":\"https:\/\/portalnpm.com\/index.php\/2018\/11\/19\/diario-oficial-publica-exoneracao-de-sergio-moro\/\",\"name\":\"Di\u00e1rio Oficial publica exonera\u00e7\u00e3o de S\u00e9rgio Moro - Portal NPM\",\"isPartOf\":{\"@id\":\"https:\/\/portalnpm.com\/#website\"},\"primaryImageOfPage\":{\"@id\":\"https:\/\/portalnpm.com\/index.php\/2018\/11\/19\/diario-oficial-publica-exoneracao-de-sergio-moro\/#primaryimage\"},\"image\":{\"@id\":\"https:\/\/portalnpm.com\/index.php\/2018\/11\/19\/diario-oficial-publica-exoneracao-de-sergio-moro\/#primaryimage\"},\"thumbnailUrl\":\"https:\/\/portalnpm.com\/wp-content\/uploads\/2018\/11\/883042f021977317713a558e926c70b7.jpg\",\"datePublished\":\"2018-11-19T14:16:05+00:00\",\"dateModified\":\"2018-11-19T14:16:05+00:00\",\"author\":{\"@id\":\"https:\/\/portalnpm.com\/#\/schema\/person\/5c8006acdf71774cd4e7a5ab98482152\"},\"breadcrumb\":{\"@id\":\"https:\/\/portalnpm.com\/index.php\/2018\/11\/19\/diario-oficial-publica-exoneracao-de-sergio-moro\/#breadcrumb\"},\"inLanguage\":\"pt-BR\",\"potentialAction\":[{\"@type\":\"ReadAction\",\"target\":[\"https:\/\/portalnpm.com\/index.php\/2018\/11\/19\/diario-oficial-publica-exoneracao-de-sergio-moro\/\"]}]},{\"@type\":\"ImageObject\",\"inLanguage\":\"pt-BR\",\"@id\":\"https:\/\/portalnpm.com\/index.php\/2018\/11\/19\/diario-oficial-publica-exoneracao-de-sergio-moro\/#primaryimage\",\"url\":\"https:\/\/portalnpm.com\/wp-content\/uploads\/2018\/11\/883042f021977317713a558e926c70b7.jpg\",\"contentUrl\":\"https:\/\/portalnpm.com\/wp-content\/uploads\/2018\/11\/883042f021977317713a558e926c70b7.jpg\",\"width\":560,\"height\":750,\"caption\":\"Bras\u00edlia- DF 04-08-2016 Juiz Sergio Moro na comiss\u00e3o especial de combate a corrup\u00e7\u00e3o. Foto Lula Marques\/Ag\u00eancia PT\"},{\"@type\":\"BreadcrumbList\",\"@id\":\"https:\/\/portalnpm.com\/index.php\/2018\/11\/19\/diario-oficial-publica-exoneracao-de-sergio-moro\/#breadcrumb\",\"itemListElement\":[{\"@type\":\"ListItem\",\"position\":1,\"name\":\"In\u00edcio\",\"item\":\"https:\/\/portalnpm.com\/\"},{\"@type\":\"ListItem\",\"position\":2,\"name\":\"Di\u00e1rio Oficial publica exonera\u00e7\u00e3o de S\u00e9rgio Moro\"}]},{\"@type\":\"WebSite\",\"@id\":\"https:\/\/portalnpm.com\/#website\",\"url\":\"https:\/\/portalnpm.com\/\",\"name\":\"Portal NPM\",\"description\":\"Not\u00edcias em Primeira M\u00e3o\",\"potentialAction\":[{\"@type\":\"SearchAction\",\"target\":{\"@type\":\"EntryPoint\",\"urlTemplate\":\"https:\/\/portalnpm.com\/?s={search_term_string}\"},\"query-input\":\"required name=search_term_string\"}],\"inLanguage\":\"pt-BR\"},{\"@type\":\"Person\",\"@id\":\"https:\/\/portalnpm.com\/#\/schema\/person\/5c8006acdf71774cd4e7a5ab98482152\",\"name\":\"Luis Alberto\",\"image\":{\"@type\":\"ImageObject\",\"inLanguage\":\"pt-BR\",\"@id\":\"https:\/\/portalnpm.com\/#\/schema\/person\/image\/\",\"url\":\"https:\/\/portalnpm.com\/wp-content\/uploads\/2024\/12\/avatar_user_3_1734699769-96x96.jpeg\",\"contentUrl\":\"https:\/\/portalnpm.com\/wp-content\/uploads\/2024\/12\/avatar_user_3_1734699769-96x96.jpeg\",\"caption\":\"Luis Alberto\"},\"description\":\"Editor-geral do Portal NPM, \u00e9 formado como T\u00e9cnico em Seguran\u00e7a do Trabalho pela Escola Metropolitana de Cursos T\u00e9cnicos. Det\u00e9m ainda licenciatura em Educa\u00e7\u00e3o F\u00edsica e bacharelado em Ci\u00eancias Pol\u00edticas, ambos obtidos pela institui\u00e7\u00e3o Anhanguera\/UNOPAR.\",\"url\":\"https:\/\/portalnpm.com\/index.php\/author\/pereira\/\"}]}<\/script>\n<!-- \/ Yoast SEO plugin. -->","yoast_head_json":{"title":"Di\u00e1rio Oficial publica exonera\u00e7\u00e3o de S\u00e9rgio Moro - Portal NPM","robots":{"index":"index","follow":"follow","max-snippet":"max-snippet:-1","max-image-preview":"max-image-preview:large","max-video-preview":"max-video-preview:-1"},"canonical":"https:\/\/portalnpm.com\/index.php\/2018\/11\/19\/diario-oficial-publica-exoneracao-de-sergio-moro\/","og_locale":"pt_BR","og_type":"article","og_title":"Di\u00e1rio Oficial publica exonera\u00e7\u00e3o de S\u00e9rgio Moro - Portal NPM","og_description":"A exonera\u00e7\u00e3o do juiz federal Sergio Moro foi publicada nesta segunda-feira (19), no Di\u00e1rio Oficial da Uni\u00e3o, se\u00e7\u00e3o 2, p\u00e1gina 47. Ele assumir\u00e1 o super Minist\u00e9rio da Justi\u00e7a, que agregar\u00e1 a Seguran\u00e7a P\u00fablica e parte do Conselho de Controle de Atividades Financeiras. Tamb\u00e9m deve participar da equipe de transi\u00e7\u00e3o do governo. O ato de n\u00famero &hellip;","og_url":"https:\/\/portalnpm.com\/index.php\/2018\/11\/19\/diario-oficial-publica-exoneracao-de-sergio-moro\/","og_site_name":"Portal NPM","article_published_time":"2018-11-19T14:16:05+00:00","og_image":[{"width":560,"height":750,"url":"https:\/\/portalnpm.com\/wp-content\/uploads\/2018\/11\/883042f021977317713a558e926c70b7.jpg","type":"image\/jpeg"}],"author":"Luis Alberto","twitter_card":"summary_large_image","twitter_misc":{"Escrito por":"Luis Alberto","Est. tempo de leitura":"1 minuto"},"schema":{"@context":"https:\/\/schema.org","@graph":[{"@type":"WebPage","@id":"https:\/\/portalnpm.com\/index.php\/2018\/11\/19\/diario-oficial-publica-exoneracao-de-sergio-moro\/","url":"https:\/\/portalnpm.com\/index.php\/2018\/11\/19\/diario-oficial-publica-exoneracao-de-sergio-moro\/","name":"Di\u00e1rio Oficial publica exonera\u00e7\u00e3o de S\u00e9rgio Moro - Portal NPM","isPartOf":{"@id":"https:\/\/portalnpm.com\/#website"},"primaryImageOfPage":{"@id":"https:\/\/portalnpm.com\/index.php\/2018\/11\/19\/diario-oficial-publica-exoneracao-de-sergio-moro\/#primaryimage"},"image":{"@id":"https:\/\/portalnpm.com\/index.php\/2018\/11\/19\/diario-oficial-publica-exoneracao-de-sergio-moro\/#primaryimage"},"thumbnailUrl":"https:\/\/portalnpm.com\/wp-content\/uploads\/2018\/11\/883042f021977317713a558e926c70b7.jpg","datePublished":"2018-11-19T14:16:05+00:00","dateModified":"2018-11-19T14:16:05+00:00","author":{"@id":"https:\/\/portalnpm.com\/#\/schema\/person\/5c8006acdf71774cd4e7a5ab98482152"},"breadcrumb":{"@id":"https:\/\/portalnpm.com\/index.php\/2018\/11\/19\/diario-oficial-publica-exoneracao-de-sergio-moro\/#breadcrumb"},"inLanguage":"pt-BR","potentialAction":[{"@type":"ReadAction","target":["https:\/\/portalnpm.com\/index.php\/2018\/11\/19\/diario-oficial-publica-exoneracao-de-sergio-moro\/"]}]},{"@type":"ImageObject","inLanguage":"pt-BR","@id":"https:\/\/portalnpm.com\/index.php\/2018\/11\/19\/diario-oficial-publica-exoneracao-de-sergio-moro\/#primaryimage","url":"https:\/\/portalnpm.com\/wp-content\/uploads\/2018\/11\/883042f021977317713a558e926c70b7.jpg","contentUrl":"https:\/\/portalnpm.com\/wp-content\/uploads\/2018\/11\/883042f021977317713a558e926c70b7.jpg","width":560,"height":750,"caption":"Bras\u00edlia- DF 04-08-2016 Juiz Sergio Moro na comiss\u00e3o especial de combate a corrup\u00e7\u00e3o. Foto Lula Marques\/Ag\u00eancia PT"},{"@type":"BreadcrumbList","@id":"https:\/\/portalnpm.com\/index.php\/2018\/11\/19\/diario-oficial-publica-exoneracao-de-sergio-moro\/#breadcrumb","itemListElement":[{"@type":"ListItem","position":1,"name":"In\u00edcio","item":"https:\/\/portalnpm.com\/"},{"@type":"ListItem","position":2,"name":"Di\u00e1rio Oficial publica exonera\u00e7\u00e3o de S\u00e9rgio Moro"}]},{"@type":"WebSite","@id":"https:\/\/portalnpm.com\/#website","url":"https:\/\/portalnpm.com\/","name":"Portal NPM","description":"Not\u00edcias em Primeira M\u00e3o","potentialAction":[{"@type":"SearchAction","target":{"@type":"EntryPoint","urlTemplate":"https:\/\/portalnpm.com\/?s={search_term_string}"},"query-input":"required name=search_term_string"}],"inLanguage":"pt-BR"},{"@type":"Person","@id":"https:\/\/portalnpm.com\/#\/schema\/person\/5c8006acdf71774cd4e7a5ab98482152","name":"Luis Alberto","image":{"@type":"ImageObject","inLanguage":"pt-BR","@id":"https:\/\/portalnpm.com\/#\/schema\/person\/image\/","url":"https:\/\/portalnpm.com\/wp-content\/uploads\/2024\/12\/avatar_user_3_1734699769-96x96.jpeg","contentUrl":"https:\/\/portalnpm.com\/wp-content\/uploads\/2024\/12\/avatar_user_3_1734699769-96x96.jpeg","caption":"Luis Alberto"},"description":"Editor-geral do Portal NPM, \u00e9 formado como T\u00e9cnico em Seguran\u00e7a do Trabalho pela Escola Metropolitana de Cursos T\u00e9cnicos. Det\u00e9m ainda licenciatura em Educa\u00e7\u00e3o F\u00edsica e bacharelado em Ci\u00eancias Pol\u00edticas, ambos obtidos pela institui\u00e7\u00e3o Anhanguera\/UNOPAR.","url":"https:\/\/portalnpm.com\/index.php\/author\/pereira\/"}]}},"jetpack_sharing_enabled":true,"jetpack_featured_media_url":"https:\/\/portalnpm.com\/wp-content\/uploads\/2018\/11\/883042f021977317713a558e926c70b7.jpg","_links":{"self":[{"href":"https:\/\/portalnpm.com\/index.php\/wp-json\/wp\/v2\/posts\/2617"}],"collection":[{"href":"https:\/\/portalnpm.com\/index.php\/wp-json\/wp\/v2\/posts"}],"about":[{"href":"https:\/\/portalnpm.com\/index.php\/wp-json\/wp\/v2\/types\/post"}],"author":[{"embeddable":true,"href":"https:\/\/portalnpm.com\/index.php\/wp-json\/wp\/v2\/users\/3"}],"replies":[{"embeddable":true,"href":"https:\/\/portalnpm.com\/index.php\/wp-json\/wp\/v2\/comments?post=2617"}],"version-history":[{"count":0,"href":"https:\/\/portalnpm.com\/index.php\/wp-json\/wp\/v2\/posts\/2617\/revisions"}],"wp:featuredmedia":[{"embeddable":true,"href":"https:\/\/portalnpm.com\/index.php\/wp-json\/wp\/v2\/media\/2618"}],"wp:attachment":[{"href":"https:\/\/portalnpm.com\/index.php\/wp-json\/wp\/v2\/media?parent=2617"}],"wp:term":[{"taxonomy":"category","embeddable":true,"href":"https:\/\/portalnpm.com\/index.php\/wp-json\/wp\/v2\/categories?post=2617"},{"taxonomy":"post_tag","embeddable":true,"href":"https:\/\/portalnpm.com\/index.php\/wp-json\/wp\/v2\/tags?post=2617"}],"curies":[{"name":"wp","href":"https:\/\/api.w.org\/{rel}","templated":true}]}}