{"id":2633,"date":"2018-11-19T14:50:27","date_gmt":"2018-11-19T16:50:27","guid":{"rendered":"http:\/\/srv.portalnpm.com.br\/?p=2633"},"modified":"2018-11-19T14:50:27","modified_gmt":"2018-11-19T16:50:27","slug":"pt-fara-reuniao-para-discutir-cargos-no-futuro-governo-de-wellington","status":"publish","type":"post","link":"https:\/\/portalnpm.com\/index.php\/2018\/11\/19\/pt-fara-reuniao-para-discutir-cargos-no-futuro-governo-de-wellington\/","title":{"rendered":"PT far\u00e1 reuni\u00e3o para discutir cargos no futuro governo de Wellington"},"content":{"rendered":"<p style=\"text-align: justify;\">O l\u00edder do governo na Assembleia Legislativa do Estado, deputado Francisco Limma (PT), informa que o Partido dos Trabalhadores (PT)m ir\u00e1 realizar reuni\u00e3o geral em dezembro. Entre as pautas que ser\u00e3o tratadas est\u00e1 a participa\u00e7\u00e3o do partido no novo governo de Wellington Dias (PT).<\/p>\n<p style=\"text-align: justify;\">O PT vai trabalhar para manter o espa\u00e7o que j\u00e1 possui na administra\u00e7\u00e3o estadual. A sigla ocupa pontos estrat\u00e9gicos como sa\u00fade e educa\u00e7\u00e3o.<br \/>\n\u201cTodo partido que integra uma coliga\u00e7\u00e3o deseja espa\u00e7os dentro do governo. Creio que alguns saem na frente. Alguns querem manter o espa\u00e7o e tamb\u00e9m novos espa\u00e7os. O grande juiz \u00e9 o governador. Pela tradi\u00e7\u00e3o e rela\u00e7\u00e3o \u00e9 prov\u00e1vel que o partido coloque isso como prioridade. \u00a0H\u00e1 a previs\u00e3o de um encontro em dezembro. Vamos tratar de quais espa\u00e7os o partido possa priorizar. Eu acho normal todos os partidos tem o direito \u00a0de buscar assegura seus espa\u00e7o\u201d, disse.<\/p>\n<p style=\"text-align: justify;\">Apesar de defender os cargos, Limma afirma que o PT deixar\u00e1 o governador \u00e0 vontade. \u201cO importante \u00e9 \u00a0deixar o governador \u00e0 vontade para que ele possa montar sua estrutura e equipes. O governador \u00e9 experiente e sempre conseguiu fazer \u00a0a organiza\u00e7\u00e3o pol\u00edtica do time que elege. Acredito muito na experi\u00eancia e sabedoria do governador\u201d, disse.<\/p>\n<p style=\"text-align: justify;\">Limmam afirma que o PT n\u00e3o deve apresentar um documento formal ao governador com sugest\u00f5es como o Progressistas. \u201cSe h\u00e1 sugest\u00f5es que j\u00e1 contemplam o PT, n\u00e3o h\u00e1 necessidade de uma apresenta\u00e7\u00e3o e de uma proposta formal. Fazemos a discuss\u00e3o interna e normalmente \u00a0nos encontros e o partido gera um relat\u00f3rio que \u00e9 sempre encaminhado ao governador dentro das posi\u00e7\u00f5es que o partido dos trabalhadores acha importante. Refor\u00e7ando pol\u00edticas que beneficiam o conjunto da popula\u00e7\u00e3o, que fortale\u00e7a as condi\u00e7\u00f5es de desenvolvimento do Estado. \u00c9 isso que o PT faz em todos os mandatos\u201d, declarou.<\/p>\n<p style=\"text-align: justify;\"><strong>Fonte: Cidade Verde<\/strong><\/p>\n","protected":false},"excerpt":{"rendered":"<p>O l\u00edder do governo na Assembleia Legislativa do Estado, deputado Francisco Limma (PT), informa que o Partido dos Trabalhadores (PT)m ir\u00e1 realizar reuni\u00e3o geral em dezembro. Entre as pautas que ser\u00e3o tratadas est\u00e1 a participa\u00e7\u00e3o do partido no novo governo de Wellington Dias (PT). O PT vai trabalhar para manter o espa\u00e7o que j\u00e1 possui &hellip;<\/p>\n","protected":false},"author":4,"featured_media":2634,"comment_status":"open","ping_status":"open","sticky":false,"template":"","format":"standard","meta":{"content-type":"","rop_custom_images_group":[],"rop_custom_messages_group":[],"rop_publish_now":"initial","rop_publish_now_accounts":{"facebook_2648258775420054_1618374048415101":""},"rop_publish_now_history":[],"rop_publish_now_status":"pending","footnotes":"","_jetpack_memberships_contains_paid_content":false},"categories":[113,130],"tags":[1263,1452,524,403],"yoast_head":"<!-- This site is optimized with the Yoast SEO plugin v22.3 - https:\/\/yoast.com\/wordpress\/plugins\/seo\/ -->\n<title>PT far\u00e1 reuni\u00e3o para discutir cargos no futuro governo de Wellington - Portal NPM<\/title>\n<meta name=\"robots\" content=\"index, follow, max-snippet:-1, max-image-preview:large, max-video-preview:-1\" \/>\n<link rel=\"canonical\" href=\"https:\/\/portalnpm.com\/index.php\/2018\/11\/19\/pt-fara-reuniao-para-discutir-cargos-no-futuro-governo-de-wellington\/\" \/>\n<meta property=\"og:locale\" content=\"pt_BR\" \/>\n<meta property=\"og:type\" content=\"article\" \/>\n<meta property=\"og:title\" content=\"PT far\u00e1 reuni\u00e3o para discutir cargos no futuro governo de Wellington - Portal NPM\" \/>\n<meta property=\"og:description\" content=\"O l\u00edder do governo na Assembleia Legislativa do Estado, deputado Francisco Limma (PT), informa que o Partido dos Trabalhadores (PT)m ir\u00e1 realizar reuni\u00e3o geral em dezembro. Entre as pautas que ser\u00e3o tratadas est\u00e1 a participa\u00e7\u00e3o do partido no novo governo de Wellington Dias (PT). O PT vai trabalhar para manter o espa\u00e7o que j\u00e1 possui &hellip;\" \/>\n<meta property=\"og:url\" content=\"https:\/\/portalnpm.com\/index.php\/2018\/11\/19\/pt-fara-reuniao-para-discutir-cargos-no-futuro-governo-de-wellington\/\" \/>\n<meta property=\"og:site_name\" content=\"Portal NPM\" \/>\n<meta property=\"article:published_time\" content=\"2018-11-19T16:50:27+00:00\" \/>\n<meta property=\"og:image\" content=\"https:\/\/portalnpm.com\/wp-content\/uploads\/2018\/11\/2ffd194576e8acbe3f5c30e2e06de2b1.jpg\" \/>\n\t<meta property=\"og:image:width\" content=\"750\" \/>\n\t<meta property=\"og:image:height\" content=\"450\" \/>\n\t<meta property=\"og:image:type\" content=\"image\/jpeg\" \/>\n<meta name=\"author\" content=\"Reda\u00e7\u00e3o\" \/>\n<meta name=\"twitter:card\" content=\"summary_large_image\" \/>\n<meta name=\"twitter:label1\" content=\"Escrito por\" \/>\n\t<meta name=\"twitter:data1\" content=\"Reda\u00e7\u00e3o\" \/>\n\t<meta name=\"twitter:label2\" content=\"Est. tempo de leitura\" \/>\n\t<meta name=\"twitter:data2\" content=\"2 minutos\" \/>\n<script type=\"application\/ld+json\" class=\"yoast-schema-graph\">{\"@context\":\"https:\/\/schema.org\",\"@graph\":[{\"@type\":\"WebPage\",\"@id\":\"https:\/\/portalnpm.com\/index.php\/2018\/11\/19\/pt-fara-reuniao-para-discutir-cargos-no-futuro-governo-de-wellington\/\",\"url\":\"https:\/\/portalnpm.com\/index.php\/2018\/11\/19\/pt-fara-reuniao-para-discutir-cargos-no-futuro-governo-de-wellington\/\",\"name\":\"PT far\u00e1 reuni\u00e3o para discutir cargos no futuro governo de Wellington - Portal NPM\",\"isPartOf\":{\"@id\":\"https:\/\/portalnpm.com\/#website\"},\"primaryImageOfPage\":{\"@id\":\"https:\/\/portalnpm.com\/index.php\/2018\/11\/19\/pt-fara-reuniao-para-discutir-cargos-no-futuro-governo-de-wellington\/#primaryimage\"},\"image\":{\"@id\":\"https:\/\/portalnpm.com\/index.php\/2018\/11\/19\/pt-fara-reuniao-para-discutir-cargos-no-futuro-governo-de-wellington\/#primaryimage\"},\"thumbnailUrl\":\"https:\/\/portalnpm.com\/wp-content\/uploads\/2018\/11\/2ffd194576e8acbe3f5c30e2e06de2b1.jpg\",\"datePublished\":\"2018-11-19T16:50:27+00:00\",\"dateModified\":\"2018-11-19T16:50:27+00:00\",\"author\":{\"@id\":\"https:\/\/portalnpm.com\/#\/schema\/person\/0b5f230ec96cee25504fa328e7f2b733\"},\"breadcrumb\":{\"@id\":\"https:\/\/portalnpm.com\/index.php\/2018\/11\/19\/pt-fara-reuniao-para-discutir-cargos-no-futuro-governo-de-wellington\/#breadcrumb\"},\"inLanguage\":\"pt-BR\",\"potentialAction\":[{\"@type\":\"ReadAction\",\"target\":[\"https:\/\/portalnpm.com\/index.php\/2018\/11\/19\/pt-fara-reuniao-para-discutir-cargos-no-futuro-governo-de-wellington\/\"]}]},{\"@type\":\"ImageObject\",\"inLanguage\":\"pt-BR\",\"@id\":\"https:\/\/portalnpm.com\/index.php\/2018\/11\/19\/pt-fara-reuniao-para-discutir-cargos-no-futuro-governo-de-wellington\/#primaryimage\",\"url\":\"https:\/\/portalnpm.com\/wp-content\/uploads\/2018\/11\/2ffd194576e8acbe3f5c30e2e06de2b1.jpg\",\"contentUrl\":\"https:\/\/portalnpm.com\/wp-content\/uploads\/2018\/11\/2ffd194576e8acbe3f5c30e2e06de2b1.jpg\",\"width\":750,\"height\":450},{\"@type\":\"BreadcrumbList\",\"@id\":\"https:\/\/portalnpm.com\/index.php\/2018\/11\/19\/pt-fara-reuniao-para-discutir-cargos-no-futuro-governo-de-wellington\/#breadcrumb\",\"itemListElement\":[{\"@type\":\"ListItem\",\"position\":1,\"name\":\"In\u00edcio\",\"item\":\"https:\/\/portalnpm.com\/\"},{\"@type\":\"ListItem\",\"position\":2,\"name\":\"PT far\u00e1 reuni\u00e3o para discutir cargos no futuro governo de Wellington\"}]},{\"@type\":\"WebSite\",\"@id\":\"https:\/\/portalnpm.com\/#website\",\"url\":\"https:\/\/portalnpm.com\/\",\"name\":\"Portal NPM\",\"description\":\"Not\u00edcias em Primeira M\u00e3o\",\"potentialAction\":[{\"@type\":\"SearchAction\",\"target\":{\"@type\":\"EntryPoint\",\"urlTemplate\":\"https:\/\/portalnpm.com\/?s={search_term_string}\"},\"query-input\":\"required name=search_term_string\"}],\"inLanguage\":\"pt-BR\"},{\"@type\":\"Person\",\"@id\":\"https:\/\/portalnpm.com\/#\/schema\/person\/0b5f230ec96cee25504fa328e7f2b733\",\"name\":\"Reda\u00e7\u00e3o\",\"image\":{\"@type\":\"ImageObject\",\"inLanguage\":\"pt-BR\",\"@id\":\"https:\/\/portalnpm.com\/#\/schema\/person\/image\/\",\"url\":\"https:\/\/portalnpm.com\/wp-content\/uploads\/2024\/03\/avatar_user_4_1710097212-96x96.png\",\"contentUrl\":\"https:\/\/portalnpm.com\/wp-content\/uploads\/2024\/03\/avatar_user_4_1710097212-96x96.png\",\"caption\":\"Reda\u00e7\u00e3o\"},\"url\":\"https:\/\/portalnpm.com\/index.php\/author\/redacao\/\"}]}<\/script>\n<!-- \/ Yoast SEO plugin. -->","yoast_head_json":{"title":"PT far\u00e1 reuni\u00e3o para discutir cargos no futuro governo de Wellington - Portal NPM","robots":{"index":"index","follow":"follow","max-snippet":"max-snippet:-1","max-image-preview":"max-image-preview:large","max-video-preview":"max-video-preview:-1"},"canonical":"https:\/\/portalnpm.com\/index.php\/2018\/11\/19\/pt-fara-reuniao-para-discutir-cargos-no-futuro-governo-de-wellington\/","og_locale":"pt_BR","og_type":"article","og_title":"PT far\u00e1 reuni\u00e3o para discutir cargos no futuro governo de Wellington - Portal NPM","og_description":"O l\u00edder do governo na Assembleia Legislativa do Estado, deputado Francisco Limma (PT), informa que o Partido dos Trabalhadores (PT)m ir\u00e1 realizar reuni\u00e3o geral em dezembro. Entre as pautas que ser\u00e3o tratadas est\u00e1 a participa\u00e7\u00e3o do partido no novo governo de Wellington Dias (PT). O PT vai trabalhar para manter o espa\u00e7o que j\u00e1 possui &hellip;","og_url":"https:\/\/portalnpm.com\/index.php\/2018\/11\/19\/pt-fara-reuniao-para-discutir-cargos-no-futuro-governo-de-wellington\/","og_site_name":"Portal NPM","article_published_time":"2018-11-19T16:50:27+00:00","og_image":[{"width":750,"height":450,"url":"https:\/\/portalnpm.com\/wp-content\/uploads\/2018\/11\/2ffd194576e8acbe3f5c30e2e06de2b1.jpg","type":"image\/jpeg"}],"author":"Reda\u00e7\u00e3o","twitter_card":"summary_large_image","twitter_misc":{"Escrito por":"Reda\u00e7\u00e3o","Est. tempo de leitura":"2 minutos"},"schema":{"@context":"https:\/\/schema.org","@graph":[{"@type":"WebPage","@id":"https:\/\/portalnpm.com\/index.php\/2018\/11\/19\/pt-fara-reuniao-para-discutir-cargos-no-futuro-governo-de-wellington\/","url":"https:\/\/portalnpm.com\/index.php\/2018\/11\/19\/pt-fara-reuniao-para-discutir-cargos-no-futuro-governo-de-wellington\/","name":"PT far\u00e1 reuni\u00e3o para discutir cargos no futuro governo de Wellington - Portal NPM","isPartOf":{"@id":"https:\/\/portalnpm.com\/#website"},"primaryImageOfPage":{"@id":"https:\/\/portalnpm.com\/index.php\/2018\/11\/19\/pt-fara-reuniao-para-discutir-cargos-no-futuro-governo-de-wellington\/#primaryimage"},"image":{"@id":"https:\/\/portalnpm.com\/index.php\/2018\/11\/19\/pt-fara-reuniao-para-discutir-cargos-no-futuro-governo-de-wellington\/#primaryimage"},"thumbnailUrl":"https:\/\/portalnpm.com\/wp-content\/uploads\/2018\/11\/2ffd194576e8acbe3f5c30e2e06de2b1.jpg","datePublished":"2018-11-19T16:50:27+00:00","dateModified":"2018-11-19T16:50:27+00:00","author":{"@id":"https:\/\/portalnpm.com\/#\/schema\/person\/0b5f230ec96cee25504fa328e7f2b733"},"breadcrumb":{"@id":"https:\/\/portalnpm.com\/index.php\/2018\/11\/19\/pt-fara-reuniao-para-discutir-cargos-no-futuro-governo-de-wellington\/#breadcrumb"},"inLanguage":"pt-BR","potentialAction":[{"@type":"ReadAction","target":["https:\/\/portalnpm.com\/index.php\/2018\/11\/19\/pt-fara-reuniao-para-discutir-cargos-no-futuro-governo-de-wellington\/"]}]},{"@type":"ImageObject","inLanguage":"pt-BR","@id":"https:\/\/portalnpm.com\/index.php\/2018\/11\/19\/pt-fara-reuniao-para-discutir-cargos-no-futuro-governo-de-wellington\/#primaryimage","url":"https:\/\/portalnpm.com\/wp-content\/uploads\/2018\/11\/2ffd194576e8acbe3f5c30e2e06de2b1.jpg","contentUrl":"https:\/\/portalnpm.com\/wp-content\/uploads\/2018\/11\/2ffd194576e8acbe3f5c30e2e06de2b1.jpg","width":750,"height":450},{"@type":"BreadcrumbList","@id":"https:\/\/portalnpm.com\/index.php\/2018\/11\/19\/pt-fara-reuniao-para-discutir-cargos-no-futuro-governo-de-wellington\/#breadcrumb","itemListElement":[{"@type":"ListItem","position":1,"name":"In\u00edcio","item":"https:\/\/portalnpm.com\/"},{"@type":"ListItem","position":2,"name":"PT far\u00e1 reuni\u00e3o para discutir cargos no futuro governo de Wellington"}]},{"@type":"WebSite","@id":"https:\/\/portalnpm.com\/#website","url":"https:\/\/portalnpm.com\/","name":"Portal NPM","description":"Not\u00edcias em Primeira M\u00e3o","potentialAction":[{"@type":"SearchAction","target":{"@type":"EntryPoint","urlTemplate":"https:\/\/portalnpm.com\/?s={search_term_string}"},"query-input":"required name=search_term_string"}],"inLanguage":"pt-BR"},{"@type":"Person","@id":"https:\/\/portalnpm.com\/#\/schema\/person\/0b5f230ec96cee25504fa328e7f2b733","name":"Reda\u00e7\u00e3o","image":{"@type":"ImageObject","inLanguage":"pt-BR","@id":"https:\/\/portalnpm.com\/#\/schema\/person\/image\/","url":"https:\/\/portalnpm.com\/wp-content\/uploads\/2024\/03\/avatar_user_4_1710097212-96x96.png","contentUrl":"https:\/\/portalnpm.com\/wp-content\/uploads\/2024\/03\/avatar_user_4_1710097212-96x96.png","caption":"Reda\u00e7\u00e3o"},"url":"https:\/\/portalnpm.com\/index.php\/author\/redacao\/"}]}},"jetpack_sharing_enabled":true,"jetpack_featured_media_url":"https:\/\/portalnpm.com\/wp-content\/uploads\/2018\/11\/2ffd194576e8acbe3f5c30e2e06de2b1.jpg","_links":{"self":[{"href":"https:\/\/portalnpm.com\/index.php\/wp-json\/wp\/v2\/posts\/2633"}],"collection":[{"href":"https:\/\/portalnpm.com\/index.php\/wp-json\/wp\/v2\/posts"}],"about":[{"href":"https:\/\/portalnpm.com\/index.php\/wp-json\/wp\/v2\/types\/post"}],"author":[{"embeddable":true,"href":"https:\/\/portalnpm.com\/index.php\/wp-json\/wp\/v2\/users\/4"}],"replies":[{"embeddable":true,"href":"https:\/\/portalnpm.com\/index.php\/wp-json\/wp\/v2\/comments?post=2633"}],"version-history":[{"count":0,"href":"https:\/\/portalnpm.com\/index.php\/wp-json\/wp\/v2\/posts\/2633\/revisions"}],"wp:featuredmedia":[{"embeddable":true,"href":"https:\/\/portalnpm.com\/index.php\/wp-json\/wp\/v2\/media\/2634"}],"wp:attachment":[{"href":"https:\/\/portalnpm.com\/index.php\/wp-json\/wp\/v2\/media?parent=2633"}],"wp:term":[{"taxonomy":"category","embeddable":true,"href":"https:\/\/portalnpm.com\/index.php\/wp-json\/wp\/v2\/categories?post=2633"},{"taxonomy":"post_tag","embeddable":true,"href":"https:\/\/portalnpm.com\/index.php\/wp-json\/wp\/v2\/tags?post=2633"}],"curies":[{"name":"wp","href":"https:\/\/api.w.org\/{rel}","templated":true}]}}