{"id":2645,"date":"2018-11-20T06:59:38","date_gmt":"2018-11-20T08:59:38","guid":{"rendered":"http:\/\/srv.portalnpm.com.br\/?p=2645"},"modified":"2018-11-20T06:59:38","modified_gmt":"2018-11-20T08:59:38","slug":"vice-de-bolsonaro-general-mourao-tem-raizes-no-piaui-e-quer-visitar-o-estado","status":"publish","type":"post","link":"https:\/\/portalnpm.com\/index.php\/2018\/11\/20\/vice-de-bolsonaro-general-mourao-tem-raizes-no-piaui-e-quer-visitar-o-estado\/","title":{"rendered":"Vice de Bolsonaro, General Mour\u00e3o tem ra\u00edzes no Piau\u00ed e quer visitar o estado"},"content":{"rendered":"<p style=\"text-align: justify;\">O vice-presidente eleito do Brasil, General Hamilton Mour\u00e3o, tem ra\u00edzes no Piau\u00ed. Protagonista de pol\u00eamicas durante a campanha de Jair Bolsonaro (PSL), \u00e9 hoje pe\u00e7a fundamental do futuro governo e caso assuma o Planalto na aus\u00eancia do capit\u00e3o do Ex\u00e9rcito, pode ser o primeiro presidente com ra\u00edzes diretas no Piau\u00ed.<\/p>\n<div class=\"media js-img\" style=\"text-align: justify;\" contenteditable=\"false\">\n<figure><a class=\"imageRevael no-barba\" href=\"https:\/\/storage.stwonline.com.br\/180graus\/uploads\/ckeditor\/pictures\/1974214\/mourao-e-bolsonaro-600x315.jpg\" data-modaal-desc=\"General Mour\u00e3o e Jair Bolsonaro\" data-modaal-scope=\"modaal_15427075033617e31d3cf99c2a\"><img decoding=\"async\" src=\"https:\/\/storage.stwonline.com.br\/180graus\/uploads\/ckeditor\/pictures\/1974214\/mourao-e-bolsonaro-600x315.jpg\" alt=\"General Mour\u00e3o e Jair Bolsonaro\" \/><\/a><figcaption contenteditable=\"true\">General Mour\u00e3o e Jair Bolsonaro\u00a0\u00a0<\/figcaption><\/figure>\n<\/div>\n<p style=\"text-align: justify;\">A origem do pr\u00f3ximo vice-presidente vem da cidade de Pedro II, no Norte do estado. L\u00e1 nasceu o seu av\u00f4, que assim como seu pai, tem o mesmo nome, Ant\u00f4nio Hamilton Mour\u00e3o. O piauiense estudou Direito em Recife (PE) e depois foi morar no Amazonas. Com a carreira reconhecida, ele foi presidente do Tribunal de Justi\u00e7a do Amazonas em 1931, 1932, 1935, 1936, e 1941. L\u00e1 conheceu sua esposa e teve Ant\u00f4nio Hamilton Mour\u00e3o, pai do vice de Bolsonaro.<\/p>\n<p style=\"text-align: justify;\">General Mour\u00e3o nasceu em 1953 em Porto Alegre (RS) e hoje, com 65 anos assume, uma fun\u00e7\u00e3o estrat\u00e9gica no futuro governo. O\u00a0<strong>180<\/strong>\u00a0encontrou parentes dele na cidade de Pedro II, e fora dela, e descobriu que a fam\u00edlia \u00e9 bastante tradicional.<\/p>\n<p style=\"text-align: justify;\"><strong>Fam\u00edlia no Piau\u00ed<\/strong><br \/>\nA fam\u00edlia Mour\u00e3o \u00e9 fundadora da r\u00e1dio FM Imperial, uma das mais importantes do Norte do estado. A r\u00e1dio foi inaugurada em 1991, pelo ent\u00e3o deputado Gerson Mour\u00e3o, no centen\u00e1rio de Domingos Mour\u00e3o, que foi prefeito da cidade e vereador e hoje d\u00e1 nome a um munic\u00edpio. Relatos hist\u00f3ricos d\u00e3o conta que a fam\u00edlia Mour\u00e3o n\u00e3o se dava bem com a fam\u00edlia Nogueira, do senador Ciro Nogueira.<\/p>\n<div class=\"media js-img\" style=\"text-align: justify;\" contenteditable=\"false\">\n<figure><a class=\"imageRevael no-barba\" href=\"https:\/\/storage.stwonline.com.br\/180graus\/uploads\/ckeditor\/pictures\/1974215\/capa-1243799224.jpg\" data-modaal-desc=\"Casar\u00e3o da fam\u00edlia Mour\u00e3o\" data-modaal-scope=\"modaal_154270750336275746f0a26ada\"><img decoding=\"async\" src=\"https:\/\/storage.stwonline.com.br\/180graus\/uploads\/ckeditor\/pictures\/1974215\/capa-1243799224.jpg\" alt=\"Casar\u00e3o da fam\u00edlia Mour\u00e3o\" \/><\/a><figcaption contenteditable=\"true\">Casar\u00e3o da fam\u00edlia Mour\u00e3o\u00a0\u00a0<\/figcaption><\/figure>\n<\/div>\n<p style=\"text-align: justify;\">Conhecido como Solar da Estrela Marrom, na d\u00e9cada de 30 o casar\u00e3o da fam\u00edlia Mour\u00e3o foi bombardeado por ordem do governo federal da \u00e9poca.<\/p>\n<p style=\"text-align: justify;\">Gerson Mour\u00e3o Filho e a cantora Myriam Mour\u00e3o Eduardo Pereira Conde Medeiros tamb\u00e9m s\u00e3o parentes distantes do general.<\/p>\n<div class=\"media js-img\" style=\"text-align: justify;\" contenteditable=\"false\">\n<figure><a class=\"imageRevael no-barba\" href=\"https:\/\/storage.stwonline.com.br\/180graus\/uploads\/ckeditor\/pictures\/1974216\/page.jpg\" data-modaal-desc=\"Gerson Mour\u00e3o Filho e a cantora Myriam Eduardo\" data-modaal-scope=\"modaal_15427075033623401b17d1409f\"><img decoding=\"async\" src=\"https:\/\/storage.stwonline.com.br\/180graus\/uploads\/ckeditor\/pictures\/1974216\/page.jpg\" alt=\"Gerson Mour\u00e3o Filho e a cantora Myriam Eduardo\" \/><\/a><figcaption contenteditable=\"true\">Gerson Mour\u00e3o Filho e a cantora Myriam Eduardo\u00a0\u00a0<\/figcaption><\/figure>\n<\/div>\n<p style=\"text-align: justify;\"><strong>Vontade de conhecer o estado<\/strong><br \/>\nA advogada Eduarda Mour\u00e3o Eduardo Pereira de Miranda, conselheira federal da Ordem dos Advogados do Brasil e presidente Comiss\u00e3o da Mulher Advogada \u00e9 outra parente conhecida do General Mour\u00e3o. Ela j\u00e1 foi presidente da OAB-PI e falou ao\u00a0<strong>180<\/strong>\u00a0que o vice-presidente eleito tem vontade de conhecer o Piau\u00ed e a terra dos seu av\u00f4.<\/p>\n<div class=\"media js-img\" style=\"text-align: justify;\" contenteditable=\"false\">\n<figure><a class=\"imageRevael no-barba\" href=\"https:\/\/storage.stwonline.com.br\/180graus\/uploads\/ckeditor\/pictures\/1974217\/confer-ncia-oab-mulher-painel-1-30.jpg\" data-modaal-desc=\"Eduarda Mour\u00e3o Eduardo Pereira de Miranda\" data-modaal-scope=\"modaal_154270750336312a0e726587b\"><img decoding=\"async\" src=\"https:\/\/storage.stwonline.com.br\/180graus\/uploads\/ckeditor\/pictures\/1974217\/confer-ncia-oab-mulher-painel-1-30.jpg\" alt=\"Eduarda Mour\u00e3o Eduardo Pereira de Miranda\" \/><\/a><figcaption contenteditable=\"true\">Eduarda Mour\u00e3o Eduardo Pereira de Miranda\u00a0\u00a0<\/figcaption><\/figure>\n<\/div>\n<p style=\"text-align: justify;\">\u201cEle pretende visitar o Piau\u00ed, conhecer a terra do seu av\u00f4, n\u00e3o teve oportunidade ainda, pois antes estava na carreira militar e agora no processo de transi\u00e7\u00e3o\u201d, disse.<\/p>\n<p style=\"text-align: justify;\"><strong>Fam\u00edlia comemora<\/strong><br \/>\nA advogada tamb\u00e9m falou da alegria da fam\u00edlia com a vit\u00f3ria da chapa de Bolsonaro. \u201cFoi uma surpresa, sab\u00edamos da sua trajet\u00f3ria, o conhecemos desde crian\u00e7a, seguiu a carreira do pai, procurou estudar, \u00e9 uma pessoa proba e com qualifica\u00e7\u00e3o. Foi uma grande vit\u00f3ria, \u00e9 um representante leg\u00edtimo, vai olhar por nossa terra, dar um apoio para o desenvolvimento do nosso estado\u201d, afirmou.<\/p>\n<p style=\"text-align: justify;\"><strong>Pol\u00eamicas na campanha<\/strong><br \/>\nSobre as pol\u00eamicas ditas pelo general, a prima distante falou que \u00e9 pr\u00f3prio de algu\u00e9m que n\u00e3o \u00e9 da pol\u00edtica. \u201cEle n\u00e3o \u00e9 pol\u00edtico, por isso foi criticado por certas coisas que ele disse. O Bolsonaro tem mais de 20 anos no Congresso, \u00e9 diferente. Mas isso n\u00e3o significa que ele seja despreparado, muito pelo contr\u00e1rio, assumiu fun\u00e7\u00f5es internacionais, sempre desempenhando um \u00f3timo papel, ele tem uma estrutura moral e pessoal\u201d, completou Eduarda Miranda.<\/p>\n<div class=\"media js-img\" style=\"text-align: justify;\" contenteditable=\"false\">\n<figure><a class=\"imageRevael no-barba\" href=\"https:\/\/storage.stwonline.com.br\/180graus\/uploads\/ckeditor\/pictures\/1974218\/11.jpg\" data-modaal-desc=\"\" data-modaal-scope=\"modaal_15427075033636d8cfb597f636\"><img decoding=\"async\" src=\"https:\/\/storage.stwonline.com.br\/180graus\/uploads\/ckeditor\/pictures\/1974218\/11.jpg\" alt=\"\" \/><\/a><figcaption contenteditable=\"true\">\u00a0\u00a0<em class=\"fa fa-camera\">\u00a0<\/em>\u00a0<span class=\"photoBy\">Reprodu\u00e7\u00e3o Instagram<\/span>\u00a0<\/figcaption><\/figure>\n<\/div>\n<p style=\"text-align: justify;\"><strong>Vota\u00e7\u00e3o em Pedro II<\/strong><br \/>\nFamiliares disseram que n\u00e3o fizeram intensa campanha para a chapa, mas que toda fam\u00edlia votou em Bolsonaro para garantir a vit\u00f3ria do parente ilustre.<\/p>\n<p style=\"text-align: justify;\">No primeiro turno em Pedro II, Bolsonaro ficou na terceira coloca\u00e7\u00e3o com 16,10% dos votos, 3.445 no total, atr\u00e1s de Haddad (PT) com 62,17%, 13.299 do votos, e Ciro Gomes com 17,87%, com 3.822 dos votos.<\/p>\n<p style=\"text-align: justify;\">J\u00e1 no segundo turno,\u00a0Haddad teve 78,4%, 17.051 votos, e Bolsonaro 21,6%, 4.697 votos.<\/p>\n<p style=\"text-align: justify;\"><strong>Trajet\u00f3ria do General Mour\u00e3o<\/strong><br \/>\nIngressou no Ex\u00e9rcito em fevereiro de 1972, na Academia Militar das Agulhas Negras (AMAN) onde, em 12 de dezembro de 1975, foi declarado aspirante-a-oficial da Arma de Artilharia. Em seguida obteve cursos de forma\u00e7\u00e3o, de aperfei\u00e7oamento, de altos estudos militares da Escola de Comando e Estado-Maior do Ex\u00e9rcito e do Curso de Pol\u00edtica, Estrat\u00e9gia e Alta Administra\u00e7\u00e3o do Ex\u00e9rcito, al\u00e9m dos cursos b\u00e1sico paraquedista, mestre de salto e salto livre, tamb\u00e9m possui o curso de guerra na selva.<\/p>\n<p style=\"text-align: justify;\">Durante sua vida militar, foi instrutor da Academia Militar das Agulhas Negras, cumpriu Miss\u00e3o de Paz em Angola \u2013 UNAVEM III e foi adido militar na Embaixada do Brasil na Venezuela. Comandou o 27.\u00b0 Grupo de Artilharia de Campanha em Iju\u00ed (Rio Grande do Sul), a 2.\u00aa Brigada de Infantaria de Selva em S\u00e3o Gabriel da Cachoeira (Amazonas), a 6.\u00aa Divis\u00e3o de Ex\u00e9rcito e o Comando Militar do Sul, estes \u00faltimos sediados em Porto Alegre.<\/p>\n<p style=\"text-align: justify;\">Em 9 de dezembro de 2017, o general foi destitu\u00eddo de seu cargo como secret\u00e1rio de Economia e Finan\u00e7as pelo Alto Comando do Ex\u00e9rcito. Na \u00e9poca, a sua destitui\u00e7\u00e3o foi associada ao teor de suas declara\u00e7\u00f5es durante palestras que ministrava em Clubes do Ex\u00e9rcito ao redor do pa\u00eds, no entanto a assessoria do Ex\u00e9rcito Brasileiro n\u00e3o informou o real motivo para a destitui\u00e7\u00e3o do general.<br \/>\nDeixou o servi\u00e7o ativo em 28 de fevereiro de 2018, sendo transferido para a reserva remunerada. Filiou-se ao PRTB e ingressou na pol\u00edtica, sendo candidato eleito \u00e0 vice-presid\u00eancia da Rep\u00fablica na chapa de Jair Bolsonaro, vencendo a elei\u00e7\u00e3o.<\/p>\n<p style=\"text-align: justify;\">Hoje ele \u00e9 um forte aliado de Bolsonaro, servindo como um verdadeiro &#8216;fiscal&#8217; do per\u00edodo de transi\u00e7\u00e3o, com visita \u00e0 Petrobras, conhecendo empresa de m\u00eddia, teve reuni\u00f5es com o mercado financeiro e investidores de transportes.<\/p>\n<p style=\"text-align: justify;\"><strong>Fonte: 180graus\u00a0<\/strong><\/p>\n","protected":false},"excerpt":{"rendered":"<p>O vice-presidente eleito do Brasil, General Hamilton Mour\u00e3o, tem ra\u00edzes no Piau\u00ed. Protagonista de pol\u00eamicas durante a campanha de Jair Bolsonaro (PSL), \u00e9 hoje pe\u00e7a fundamental do futuro governo e caso assuma o Planalto na aus\u00eancia do capit\u00e3o do Ex\u00e9rcito, pode ser o primeiro presidente com ra\u00edzes diretas no Piau\u00ed. General Mour\u00e3o e Jair Bolsonaro\u00a0\u00a0 &hellip;<\/p>\n","protected":false},"author":3,"featured_media":2646,"comment_status":"open","ping_status":"open","sticky":false,"template":"","format":"standard","meta":{"content-type":"","rop_custom_images_group":[],"rop_custom_messages_group":[],"rop_publish_now":"initial","rop_publish_now_accounts":{"facebook_2648258775420054_1618374048415101":""},"rop_publish_now_history":[],"rop_publish_now_status":"pending","footnotes":"","_jetpack_memberships_contains_paid_content":false},"categories":[113,130],"tags":[1457,187,1458],"yoast_head":"<!-- This site is optimized with the Yoast SEO plugin v22.3 - https:\/\/yoast.com\/wordpress\/plugins\/seo\/ -->\n<title>Vice de Bolsonaro, General Mour\u00e3o tem ra\u00edzes no Piau\u00ed e quer visitar o estado - Portal NPM<\/title>\n<meta name=\"robots\" content=\"index, follow, max-snippet:-1, max-image-preview:large, max-video-preview:-1\" \/>\n<link rel=\"canonical\" href=\"https:\/\/portalnpm.com\/index.php\/2018\/11\/20\/vice-de-bolsonaro-general-mourao-tem-raizes-no-piaui-e-quer-visitar-o-estado\/\" \/>\n<meta property=\"og:locale\" content=\"pt_BR\" \/>\n<meta property=\"og:type\" content=\"article\" \/>\n<meta property=\"og:title\" content=\"Vice de Bolsonaro, General Mour\u00e3o tem ra\u00edzes no Piau\u00ed e quer visitar o estado - Portal NPM\" \/>\n<meta property=\"og:description\" content=\"O vice-presidente eleito do Brasil, General Hamilton Mour\u00e3o, tem ra\u00edzes no Piau\u00ed. Protagonista de pol\u00eamicas durante a campanha de Jair Bolsonaro (PSL), \u00e9 hoje pe\u00e7a fundamental do futuro governo e caso assuma o Planalto na aus\u00eancia do capit\u00e3o do Ex\u00e9rcito, pode ser o primeiro presidente com ra\u00edzes diretas no Piau\u00ed. General Mour\u00e3o e Jair Bolsonaro\u00a0\u00a0 &hellip;\" \/>\n<meta property=\"og:url\" content=\"https:\/\/portalnpm.com\/index.php\/2018\/11\/20\/vice-de-bolsonaro-general-mourao-tem-raizes-no-piaui-e-quer-visitar-o-estado\/\" \/>\n<meta property=\"og:site_name\" content=\"Portal NPM\" \/>\n<meta property=\"article:published_time\" content=\"2018-11-20T08:59:38+00:00\" \/>\n<meta property=\"og:image\" content=\"https:\/\/portalnpm.com\/wp-content\/uploads\/2018\/11\/11.jpg\" \/>\n\t<meta property=\"og:image:width\" content=\"582\" \/>\n\t<meta property=\"og:image:height\" content=\"584\" \/>\n\t<meta property=\"og:image:type\" content=\"image\/jpeg\" \/>\n<meta name=\"author\" content=\"Luis Alberto\" \/>\n<meta name=\"twitter:card\" content=\"summary_large_image\" \/>\n<meta name=\"twitter:label1\" content=\"Escrito por\" \/>\n\t<meta name=\"twitter:data1\" content=\"Luis Alberto\" \/>\n\t<meta name=\"twitter:label2\" content=\"Est. tempo de leitura\" \/>\n\t<meta name=\"twitter:data2\" content=\"5 minutos\" \/>\n<script type=\"application\/ld+json\" class=\"yoast-schema-graph\">{\"@context\":\"https:\/\/schema.org\",\"@graph\":[{\"@type\":\"WebPage\",\"@id\":\"https:\/\/portalnpm.com\/index.php\/2018\/11\/20\/vice-de-bolsonaro-general-mourao-tem-raizes-no-piaui-e-quer-visitar-o-estado\/\",\"url\":\"https:\/\/portalnpm.com\/index.php\/2018\/11\/20\/vice-de-bolsonaro-general-mourao-tem-raizes-no-piaui-e-quer-visitar-o-estado\/\",\"name\":\"Vice de Bolsonaro, General Mour\u00e3o tem ra\u00edzes no Piau\u00ed e quer visitar o estado - Portal NPM\",\"isPartOf\":{\"@id\":\"https:\/\/portalnpm.com\/#website\"},\"primaryImageOfPage\":{\"@id\":\"https:\/\/portalnpm.com\/index.php\/2018\/11\/20\/vice-de-bolsonaro-general-mourao-tem-raizes-no-piaui-e-quer-visitar-o-estado\/#primaryimage\"},\"image\":{\"@id\":\"https:\/\/portalnpm.com\/index.php\/2018\/11\/20\/vice-de-bolsonaro-general-mourao-tem-raizes-no-piaui-e-quer-visitar-o-estado\/#primaryimage\"},\"thumbnailUrl\":\"https:\/\/portalnpm.com\/wp-content\/uploads\/2018\/11\/11.jpg\",\"datePublished\":\"2018-11-20T08:59:38+00:00\",\"dateModified\":\"2018-11-20T08:59:38+00:00\",\"author\":{\"@id\":\"https:\/\/portalnpm.com\/#\/schema\/person\/5c8006acdf71774cd4e7a5ab98482152\"},\"breadcrumb\":{\"@id\":\"https:\/\/portalnpm.com\/index.php\/2018\/11\/20\/vice-de-bolsonaro-general-mourao-tem-raizes-no-piaui-e-quer-visitar-o-estado\/#breadcrumb\"},\"inLanguage\":\"pt-BR\",\"potentialAction\":[{\"@type\":\"ReadAction\",\"target\":[\"https:\/\/portalnpm.com\/index.php\/2018\/11\/20\/vice-de-bolsonaro-general-mourao-tem-raizes-no-piaui-e-quer-visitar-o-estado\/\"]}]},{\"@type\":\"ImageObject\",\"inLanguage\":\"pt-BR\",\"@id\":\"https:\/\/portalnpm.com\/index.php\/2018\/11\/20\/vice-de-bolsonaro-general-mourao-tem-raizes-no-piaui-e-quer-visitar-o-estado\/#primaryimage\",\"url\":\"https:\/\/portalnpm.com\/wp-content\/uploads\/2018\/11\/11.jpg\",\"contentUrl\":\"https:\/\/portalnpm.com\/wp-content\/uploads\/2018\/11\/11.jpg\",\"width\":582,\"height\":584},{\"@type\":\"BreadcrumbList\",\"@id\":\"https:\/\/portalnpm.com\/index.php\/2018\/11\/20\/vice-de-bolsonaro-general-mourao-tem-raizes-no-piaui-e-quer-visitar-o-estado\/#breadcrumb\",\"itemListElement\":[{\"@type\":\"ListItem\",\"position\":1,\"name\":\"In\u00edcio\",\"item\":\"https:\/\/portalnpm.com\/\"},{\"@type\":\"ListItem\",\"position\":2,\"name\":\"Vice de Bolsonaro, General Mour\u00e3o tem ra\u00edzes no Piau\u00ed e quer visitar o estado\"}]},{\"@type\":\"WebSite\",\"@id\":\"https:\/\/portalnpm.com\/#website\",\"url\":\"https:\/\/portalnpm.com\/\",\"name\":\"Portal NPM\",\"description\":\"Not\u00edcias em Primeira M\u00e3o\",\"potentialAction\":[{\"@type\":\"SearchAction\",\"target\":{\"@type\":\"EntryPoint\",\"urlTemplate\":\"https:\/\/portalnpm.com\/?s={search_term_string}\"},\"query-input\":\"required name=search_term_string\"}],\"inLanguage\":\"pt-BR\"},{\"@type\":\"Person\",\"@id\":\"https:\/\/portalnpm.com\/#\/schema\/person\/5c8006acdf71774cd4e7a5ab98482152\",\"name\":\"Luis Alberto\",\"image\":{\"@type\":\"ImageObject\",\"inLanguage\":\"pt-BR\",\"@id\":\"https:\/\/portalnpm.com\/#\/schema\/person\/image\/\",\"url\":\"https:\/\/portalnpm.com\/wp-content\/uploads\/2024\/12\/avatar_user_3_1734699769-96x96.jpeg\",\"contentUrl\":\"https:\/\/portalnpm.com\/wp-content\/uploads\/2024\/12\/avatar_user_3_1734699769-96x96.jpeg\",\"caption\":\"Luis Alberto\"},\"description\":\"Editor-geral do Portal NPM, \u00e9 formado como T\u00e9cnico em Seguran\u00e7a do Trabalho pela Escola Metropolitana de Cursos T\u00e9cnicos. Det\u00e9m ainda licenciatura em Educa\u00e7\u00e3o F\u00edsica e bacharelado em Ci\u00eancias Pol\u00edticas, ambos obtidos pela institui\u00e7\u00e3o Anhanguera\/UNOPAR.\",\"url\":\"https:\/\/portalnpm.com\/index.php\/author\/pereira\/\"}]}<\/script>\n<!-- \/ Yoast SEO plugin. -->","yoast_head_json":{"title":"Vice de Bolsonaro, General Mour\u00e3o tem ra\u00edzes no Piau\u00ed e quer visitar o estado - Portal NPM","robots":{"index":"index","follow":"follow","max-snippet":"max-snippet:-1","max-image-preview":"max-image-preview:large","max-video-preview":"max-video-preview:-1"},"canonical":"https:\/\/portalnpm.com\/index.php\/2018\/11\/20\/vice-de-bolsonaro-general-mourao-tem-raizes-no-piaui-e-quer-visitar-o-estado\/","og_locale":"pt_BR","og_type":"article","og_title":"Vice de Bolsonaro, General Mour\u00e3o tem ra\u00edzes no Piau\u00ed e quer visitar o estado - Portal NPM","og_description":"O vice-presidente eleito do Brasil, General Hamilton Mour\u00e3o, tem ra\u00edzes no Piau\u00ed. Protagonista de pol\u00eamicas durante a campanha de Jair Bolsonaro (PSL), \u00e9 hoje pe\u00e7a fundamental do futuro governo e caso assuma o Planalto na aus\u00eancia do capit\u00e3o do Ex\u00e9rcito, pode ser o primeiro presidente com ra\u00edzes diretas no Piau\u00ed. General Mour\u00e3o e Jair Bolsonaro\u00a0\u00a0 &hellip;","og_url":"https:\/\/portalnpm.com\/index.php\/2018\/11\/20\/vice-de-bolsonaro-general-mourao-tem-raizes-no-piaui-e-quer-visitar-o-estado\/","og_site_name":"Portal NPM","article_published_time":"2018-11-20T08:59:38+00:00","og_image":[{"width":582,"height":584,"url":"https:\/\/portalnpm.com\/wp-content\/uploads\/2018\/11\/11.jpg","type":"image\/jpeg"}],"author":"Luis Alberto","twitter_card":"summary_large_image","twitter_misc":{"Escrito por":"Luis Alberto","Est. tempo de leitura":"5 minutos"},"schema":{"@context":"https:\/\/schema.org","@graph":[{"@type":"WebPage","@id":"https:\/\/portalnpm.com\/index.php\/2018\/11\/20\/vice-de-bolsonaro-general-mourao-tem-raizes-no-piaui-e-quer-visitar-o-estado\/","url":"https:\/\/portalnpm.com\/index.php\/2018\/11\/20\/vice-de-bolsonaro-general-mourao-tem-raizes-no-piaui-e-quer-visitar-o-estado\/","name":"Vice de Bolsonaro, General Mour\u00e3o tem ra\u00edzes no Piau\u00ed e quer visitar o estado - Portal NPM","isPartOf":{"@id":"https:\/\/portalnpm.com\/#website"},"primaryImageOfPage":{"@id":"https:\/\/portalnpm.com\/index.php\/2018\/11\/20\/vice-de-bolsonaro-general-mourao-tem-raizes-no-piaui-e-quer-visitar-o-estado\/#primaryimage"},"image":{"@id":"https:\/\/portalnpm.com\/index.php\/2018\/11\/20\/vice-de-bolsonaro-general-mourao-tem-raizes-no-piaui-e-quer-visitar-o-estado\/#primaryimage"},"thumbnailUrl":"https:\/\/portalnpm.com\/wp-content\/uploads\/2018\/11\/11.jpg","datePublished":"2018-11-20T08:59:38+00:00","dateModified":"2018-11-20T08:59:38+00:00","author":{"@id":"https:\/\/portalnpm.com\/#\/schema\/person\/5c8006acdf71774cd4e7a5ab98482152"},"breadcrumb":{"@id":"https:\/\/portalnpm.com\/index.php\/2018\/11\/20\/vice-de-bolsonaro-general-mourao-tem-raizes-no-piaui-e-quer-visitar-o-estado\/#breadcrumb"},"inLanguage":"pt-BR","potentialAction":[{"@type":"ReadAction","target":["https:\/\/portalnpm.com\/index.php\/2018\/11\/20\/vice-de-bolsonaro-general-mourao-tem-raizes-no-piaui-e-quer-visitar-o-estado\/"]}]},{"@type":"ImageObject","inLanguage":"pt-BR","@id":"https:\/\/portalnpm.com\/index.php\/2018\/11\/20\/vice-de-bolsonaro-general-mourao-tem-raizes-no-piaui-e-quer-visitar-o-estado\/#primaryimage","url":"https:\/\/portalnpm.com\/wp-content\/uploads\/2018\/11\/11.jpg","contentUrl":"https:\/\/portalnpm.com\/wp-content\/uploads\/2018\/11\/11.jpg","width":582,"height":584},{"@type":"BreadcrumbList","@id":"https:\/\/portalnpm.com\/index.php\/2018\/11\/20\/vice-de-bolsonaro-general-mourao-tem-raizes-no-piaui-e-quer-visitar-o-estado\/#breadcrumb","itemListElement":[{"@type":"ListItem","position":1,"name":"In\u00edcio","item":"https:\/\/portalnpm.com\/"},{"@type":"ListItem","position":2,"name":"Vice de Bolsonaro, General Mour\u00e3o tem ra\u00edzes no Piau\u00ed e quer visitar o estado"}]},{"@type":"WebSite","@id":"https:\/\/portalnpm.com\/#website","url":"https:\/\/portalnpm.com\/","name":"Portal NPM","description":"Not\u00edcias em Primeira M\u00e3o","potentialAction":[{"@type":"SearchAction","target":{"@type":"EntryPoint","urlTemplate":"https:\/\/portalnpm.com\/?s={search_term_string}"},"query-input":"required name=search_term_string"}],"inLanguage":"pt-BR"},{"@type":"Person","@id":"https:\/\/portalnpm.com\/#\/schema\/person\/5c8006acdf71774cd4e7a5ab98482152","name":"Luis Alberto","image":{"@type":"ImageObject","inLanguage":"pt-BR","@id":"https:\/\/portalnpm.com\/#\/schema\/person\/image\/","url":"https:\/\/portalnpm.com\/wp-content\/uploads\/2024\/12\/avatar_user_3_1734699769-96x96.jpeg","contentUrl":"https:\/\/portalnpm.com\/wp-content\/uploads\/2024\/12\/avatar_user_3_1734699769-96x96.jpeg","caption":"Luis Alberto"},"description":"Editor-geral do Portal NPM, \u00e9 formado como T\u00e9cnico em Seguran\u00e7a do Trabalho pela Escola Metropolitana de Cursos T\u00e9cnicos. Det\u00e9m ainda licenciatura em Educa\u00e7\u00e3o F\u00edsica e bacharelado em Ci\u00eancias Pol\u00edticas, ambos obtidos pela institui\u00e7\u00e3o Anhanguera\/UNOPAR.","url":"https:\/\/portalnpm.com\/index.php\/author\/pereira\/"}]}},"jetpack_sharing_enabled":true,"jetpack_featured_media_url":"https:\/\/portalnpm.com\/wp-content\/uploads\/2018\/11\/11.jpg","_links":{"self":[{"href":"https:\/\/portalnpm.com\/index.php\/wp-json\/wp\/v2\/posts\/2645"}],"collection":[{"href":"https:\/\/portalnpm.com\/index.php\/wp-json\/wp\/v2\/posts"}],"about":[{"href":"https:\/\/portalnpm.com\/index.php\/wp-json\/wp\/v2\/types\/post"}],"author":[{"embeddable":true,"href":"https:\/\/portalnpm.com\/index.php\/wp-json\/wp\/v2\/users\/3"}],"replies":[{"embeddable":true,"href":"https:\/\/portalnpm.com\/index.php\/wp-json\/wp\/v2\/comments?post=2645"}],"version-history":[{"count":0,"href":"https:\/\/portalnpm.com\/index.php\/wp-json\/wp\/v2\/posts\/2645\/revisions"}],"wp:featuredmedia":[{"embeddable":true,"href":"https:\/\/portalnpm.com\/index.php\/wp-json\/wp\/v2\/media\/2646"}],"wp:attachment":[{"href":"https:\/\/portalnpm.com\/index.php\/wp-json\/wp\/v2\/media?parent=2645"}],"wp:term":[{"taxonomy":"category","embeddable":true,"href":"https:\/\/portalnpm.com\/index.php\/wp-json\/wp\/v2\/categories?post=2645"},{"taxonomy":"post_tag","embeddable":true,"href":"https:\/\/portalnpm.com\/index.php\/wp-json\/wp\/v2\/tags?post=2645"}],"curies":[{"name":"wp","href":"https:\/\/api.w.org\/{rel}","templated":true}]}}