{"id":2688,"date":"2018-11-20T14:21:55","date_gmt":"2018-11-20T16:21:55","guid":{"rendered":"http:\/\/srv.portalnpm.com.br\/?p=2688"},"modified":"2018-11-20T14:21:55","modified_gmt":"2018-11-20T16:21:55","slug":"secretario-de-planejamento-diz-que-eficiencia-e-reducao-de-gastos-pautam-reforma","status":"publish","type":"post","link":"https:\/\/portalnpm.com\/index.php\/2018\/11\/20\/secretario-de-planejamento-diz-que-eficiencia-e-reducao-de-gastos-pautam-reforma\/","title":{"rendered":"Secret\u00e1rio de Planejamento diz que efici\u00eancia e redu\u00e7\u00e3o de gastos pautam reforma"},"content":{"rendered":"<p style=\"text-align: justify;\">O secret\u00e1rio de Planejamento, Ant\u00f4nio Neto, apresentou os dois pontos que pautam a reforma administrativa que o governador Wellington Dias (PT), deve encaminhar para a Assembleia Legislativa. Em entrevista ao portal Cidade Verde, ele diz que a efici\u00eancia da m\u00e1quina e a redu\u00e7\u00e3o de gastos s\u00e3o as prioridades.<\/p>\n<p style=\"text-align: justify;\">\u201cA equipe econ\u00f4mica cuida da parte t\u00e9cnica. A pol\u00edtica fica com o governador. A reforma se divide em dois pontos: efici\u00eancia da m\u00e1quina e redu\u00e7\u00e3o de gastos. Nosso objetivo \u00e9 torna o Estado preparado para a crise que deve se agravar. \u00c9 por isso que estamos preparando a reforma que ainda ser\u00e1 apresentada ao governador\u201d, disse.<\/p>\n<p style=\"text-align: justify;\">Sobre a parte pol\u00edtica, Ant\u00f4nio Neto afirma que o governador deve se reunir com todos os l\u00edderes dos partidos aliados ap\u00f3s retornar de viagem \u00e0 Inglaterra que ter\u00e1 in\u00edcio dia 23. \u201cN\u00e3o tem nada conclu\u00eddo. Ainda vamos apresentar ao governador Wellington Dias. O que sei \u00e9 que depois que receber a proposta ele deve se reunir com os l\u00edderes de todos os partidos aliados. \u00c9 ele que cuida da parte pol\u00edtica\u201d, disse.<\/p>\n<p style=\"text-align: justify;\">Ant\u00f4nio Neto fala da preocupa\u00e7\u00e3o com os rumos que ser\u00e1 dado \u00e0 econ\u00f4mica do pa\u00eds pela equipe econ\u00f4mica do presidente eleito Jair Bolsonaro. \u201cAs previs\u00f5es s\u00e3o de mais recess\u00e3o. \u00c9 preciso saber o tamanho real do Estado para fazer os cortes necess\u00e1rios. N\u00e3o posso dizer nada ainda sobre o que ser\u00e1 cortado ou fundido. Isso caber\u00e1 ao governador\u201d, disse.<\/p>\n<p style=\"text-align: justify;\"><strong>Fonte: Cidade Verde<\/strong><\/p>\n","protected":false},"excerpt":{"rendered":"<p>O secret\u00e1rio de Planejamento, Ant\u00f4nio Neto, apresentou os dois pontos que pautam a reforma administrativa que o governador Wellington Dias (PT), deve encaminhar para a Assembleia Legislativa. Em entrevista ao portal Cidade Verde, ele diz que a efici\u00eancia da m\u00e1quina e a redu\u00e7\u00e3o de gastos s\u00e3o as prioridades. \u201cA equipe econ\u00f4mica cuida da parte t\u00e9cnica. &hellip;<\/p>\n","protected":false},"author":4,"featured_media":2689,"comment_status":"open","ping_status":"open","sticky":false,"template":"","format":"standard","meta":{"content-type":"","rop_custom_images_group":[],"rop_custom_messages_group":[],"rop_publish_now":"initial","rop_publish_now_accounts":{"facebook_2648258775420054_1618374048415101":""},"rop_publish_now_history":[],"rop_publish_now_status":"pending","footnotes":"","_jetpack_memberships_contains_paid_content":false},"categories":[118,130],"tags":[1474,1475,1476,1072],"yoast_head":"<!-- This site is optimized with the Yoast SEO plugin v22.3 - https:\/\/yoast.com\/wordpress\/plugins\/seo\/ -->\n<title>Secret\u00e1rio de Planejamento diz que efici\u00eancia e redu\u00e7\u00e3o de gastos pautam reforma - Portal NPM<\/title>\n<meta name=\"robots\" content=\"index, follow, max-snippet:-1, max-image-preview:large, max-video-preview:-1\" \/>\n<link rel=\"canonical\" href=\"https:\/\/portalnpm.com\/index.php\/2018\/11\/20\/secretario-de-planejamento-diz-que-eficiencia-e-reducao-de-gastos-pautam-reforma\/\" \/>\n<meta property=\"og:locale\" content=\"pt_BR\" \/>\n<meta property=\"og:type\" content=\"article\" \/>\n<meta property=\"og:title\" content=\"Secret\u00e1rio de Planejamento diz que efici\u00eancia e redu\u00e7\u00e3o de gastos pautam reforma - Portal NPM\" \/>\n<meta property=\"og:description\" content=\"O secret\u00e1rio de Planejamento, Ant\u00f4nio Neto, apresentou os dois pontos que pautam a reforma administrativa que o governador Wellington Dias (PT), deve encaminhar para a Assembleia Legislativa. Em entrevista ao portal Cidade Verde, ele diz que a efici\u00eancia da m\u00e1quina e a redu\u00e7\u00e3o de gastos s\u00e3o as prioridades. \u201cA equipe econ\u00f4mica cuida da parte t\u00e9cnica. &hellip;\" \/>\n<meta property=\"og:url\" content=\"https:\/\/portalnpm.com\/index.php\/2018\/11\/20\/secretario-de-planejamento-diz-que-eficiencia-e-reducao-de-gastos-pautam-reforma\/\" \/>\n<meta property=\"og:site_name\" content=\"Portal NPM\" \/>\n<meta property=\"article:published_time\" content=\"2018-11-20T16:21:55+00:00\" \/>\n<meta property=\"og:image\" content=\"https:\/\/portalnpm.com\/wp-content\/uploads\/2018\/11\/b7098b6a15244f2058658a98a5c1293f.jpg\" \/>\n\t<meta property=\"og:image:width\" content=\"750\" \/>\n\t<meta property=\"og:image:height\" content=\"422\" \/>\n\t<meta property=\"og:image:type\" content=\"image\/jpeg\" \/>\n<meta name=\"author\" content=\"Reda\u00e7\u00e3o\" \/>\n<meta name=\"twitter:card\" content=\"summary_large_image\" \/>\n<meta name=\"twitter:label1\" content=\"Escrito por\" \/>\n\t<meta name=\"twitter:data1\" content=\"Reda\u00e7\u00e3o\" \/>\n\t<meta name=\"twitter:label2\" content=\"Est. tempo de leitura\" \/>\n\t<meta name=\"twitter:data2\" content=\"1 minuto\" \/>\n<script type=\"application\/ld+json\" class=\"yoast-schema-graph\">{\"@context\":\"https:\/\/schema.org\",\"@graph\":[{\"@type\":\"WebPage\",\"@id\":\"https:\/\/portalnpm.com\/index.php\/2018\/11\/20\/secretario-de-planejamento-diz-que-eficiencia-e-reducao-de-gastos-pautam-reforma\/\",\"url\":\"https:\/\/portalnpm.com\/index.php\/2018\/11\/20\/secretario-de-planejamento-diz-que-eficiencia-e-reducao-de-gastos-pautam-reforma\/\",\"name\":\"Secret\u00e1rio de Planejamento diz que efici\u00eancia e redu\u00e7\u00e3o de gastos pautam reforma - Portal NPM\",\"isPartOf\":{\"@id\":\"https:\/\/portalnpm.com\/#website\"},\"primaryImageOfPage\":{\"@id\":\"https:\/\/portalnpm.com\/index.php\/2018\/11\/20\/secretario-de-planejamento-diz-que-eficiencia-e-reducao-de-gastos-pautam-reforma\/#primaryimage\"},\"image\":{\"@id\":\"https:\/\/portalnpm.com\/index.php\/2018\/11\/20\/secretario-de-planejamento-diz-que-eficiencia-e-reducao-de-gastos-pautam-reforma\/#primaryimage\"},\"thumbnailUrl\":\"https:\/\/portalnpm.com\/wp-content\/uploads\/2018\/11\/b7098b6a15244f2058658a98a5c1293f.jpg\",\"datePublished\":\"2018-11-20T16:21:55+00:00\",\"dateModified\":\"2018-11-20T16:21:55+00:00\",\"author\":{\"@id\":\"https:\/\/portalnpm.com\/#\/schema\/person\/0b5f230ec96cee25504fa328e7f2b733\"},\"breadcrumb\":{\"@id\":\"https:\/\/portalnpm.com\/index.php\/2018\/11\/20\/secretario-de-planejamento-diz-que-eficiencia-e-reducao-de-gastos-pautam-reforma\/#breadcrumb\"},\"inLanguage\":\"pt-BR\",\"potentialAction\":[{\"@type\":\"ReadAction\",\"target\":[\"https:\/\/portalnpm.com\/index.php\/2018\/11\/20\/secretario-de-planejamento-diz-que-eficiencia-e-reducao-de-gastos-pautam-reforma\/\"]}]},{\"@type\":\"ImageObject\",\"inLanguage\":\"pt-BR\",\"@id\":\"https:\/\/portalnpm.com\/index.php\/2018\/11\/20\/secretario-de-planejamento-diz-que-eficiencia-e-reducao-de-gastos-pautam-reforma\/#primaryimage\",\"url\":\"https:\/\/portalnpm.com\/wp-content\/uploads\/2018\/11\/b7098b6a15244f2058658a98a5c1293f.jpg\",\"contentUrl\":\"https:\/\/portalnpm.com\/wp-content\/uploads\/2018\/11\/b7098b6a15244f2058658a98a5c1293f.jpg\",\"width\":750,\"height\":422},{\"@type\":\"BreadcrumbList\",\"@id\":\"https:\/\/portalnpm.com\/index.php\/2018\/11\/20\/secretario-de-planejamento-diz-que-eficiencia-e-reducao-de-gastos-pautam-reforma\/#breadcrumb\",\"itemListElement\":[{\"@type\":\"ListItem\",\"position\":1,\"name\":\"In\u00edcio\",\"item\":\"https:\/\/portalnpm.com\/\"},{\"@type\":\"ListItem\",\"position\":2,\"name\":\"Secret\u00e1rio de Planejamento diz que efici\u00eancia e redu\u00e7\u00e3o de gastos pautam reforma\"}]},{\"@type\":\"WebSite\",\"@id\":\"https:\/\/portalnpm.com\/#website\",\"url\":\"https:\/\/portalnpm.com\/\",\"name\":\"Portal NPM\",\"description\":\"Not\u00edcias em Primeira M\u00e3o\",\"potentialAction\":[{\"@type\":\"SearchAction\",\"target\":{\"@type\":\"EntryPoint\",\"urlTemplate\":\"https:\/\/portalnpm.com\/?s={search_term_string}\"},\"query-input\":\"required name=search_term_string\"}],\"inLanguage\":\"pt-BR\"},{\"@type\":\"Person\",\"@id\":\"https:\/\/portalnpm.com\/#\/schema\/person\/0b5f230ec96cee25504fa328e7f2b733\",\"name\":\"Reda\u00e7\u00e3o\",\"image\":{\"@type\":\"ImageObject\",\"inLanguage\":\"pt-BR\",\"@id\":\"https:\/\/portalnpm.com\/#\/schema\/person\/image\/\",\"url\":\"https:\/\/portalnpm.com\/wp-content\/uploads\/2024\/03\/avatar_user_4_1710097212-96x96.png\",\"contentUrl\":\"https:\/\/portalnpm.com\/wp-content\/uploads\/2024\/03\/avatar_user_4_1710097212-96x96.png\",\"caption\":\"Reda\u00e7\u00e3o\"},\"url\":\"https:\/\/portalnpm.com\/index.php\/author\/redacao\/\"}]}<\/script>\n<!-- \/ Yoast SEO plugin. -->","yoast_head_json":{"title":"Secret\u00e1rio de Planejamento diz que efici\u00eancia e redu\u00e7\u00e3o de gastos pautam reforma - Portal NPM","robots":{"index":"index","follow":"follow","max-snippet":"max-snippet:-1","max-image-preview":"max-image-preview:large","max-video-preview":"max-video-preview:-1"},"canonical":"https:\/\/portalnpm.com\/index.php\/2018\/11\/20\/secretario-de-planejamento-diz-que-eficiencia-e-reducao-de-gastos-pautam-reforma\/","og_locale":"pt_BR","og_type":"article","og_title":"Secret\u00e1rio de Planejamento diz que efici\u00eancia e redu\u00e7\u00e3o de gastos pautam reforma - Portal NPM","og_description":"O secret\u00e1rio de Planejamento, Ant\u00f4nio Neto, apresentou os dois pontos que pautam a reforma administrativa que o governador Wellington Dias (PT), deve encaminhar para a Assembleia Legislativa. Em entrevista ao portal Cidade Verde, ele diz que a efici\u00eancia da m\u00e1quina e a redu\u00e7\u00e3o de gastos s\u00e3o as prioridades. \u201cA equipe econ\u00f4mica cuida da parte t\u00e9cnica. &hellip;","og_url":"https:\/\/portalnpm.com\/index.php\/2018\/11\/20\/secretario-de-planejamento-diz-que-eficiencia-e-reducao-de-gastos-pautam-reforma\/","og_site_name":"Portal NPM","article_published_time":"2018-11-20T16:21:55+00:00","og_image":[{"width":750,"height":422,"url":"https:\/\/portalnpm.com\/wp-content\/uploads\/2018\/11\/b7098b6a15244f2058658a98a5c1293f.jpg","type":"image\/jpeg"}],"author":"Reda\u00e7\u00e3o","twitter_card":"summary_large_image","twitter_misc":{"Escrito por":"Reda\u00e7\u00e3o","Est. tempo de leitura":"1 minuto"},"schema":{"@context":"https:\/\/schema.org","@graph":[{"@type":"WebPage","@id":"https:\/\/portalnpm.com\/index.php\/2018\/11\/20\/secretario-de-planejamento-diz-que-eficiencia-e-reducao-de-gastos-pautam-reforma\/","url":"https:\/\/portalnpm.com\/index.php\/2018\/11\/20\/secretario-de-planejamento-diz-que-eficiencia-e-reducao-de-gastos-pautam-reforma\/","name":"Secret\u00e1rio de Planejamento diz que efici\u00eancia e redu\u00e7\u00e3o de gastos pautam reforma - Portal NPM","isPartOf":{"@id":"https:\/\/portalnpm.com\/#website"},"primaryImageOfPage":{"@id":"https:\/\/portalnpm.com\/index.php\/2018\/11\/20\/secretario-de-planejamento-diz-que-eficiencia-e-reducao-de-gastos-pautam-reforma\/#primaryimage"},"image":{"@id":"https:\/\/portalnpm.com\/index.php\/2018\/11\/20\/secretario-de-planejamento-diz-que-eficiencia-e-reducao-de-gastos-pautam-reforma\/#primaryimage"},"thumbnailUrl":"https:\/\/portalnpm.com\/wp-content\/uploads\/2018\/11\/b7098b6a15244f2058658a98a5c1293f.jpg","datePublished":"2018-11-20T16:21:55+00:00","dateModified":"2018-11-20T16:21:55+00:00","author":{"@id":"https:\/\/portalnpm.com\/#\/schema\/person\/0b5f230ec96cee25504fa328e7f2b733"},"breadcrumb":{"@id":"https:\/\/portalnpm.com\/index.php\/2018\/11\/20\/secretario-de-planejamento-diz-que-eficiencia-e-reducao-de-gastos-pautam-reforma\/#breadcrumb"},"inLanguage":"pt-BR","potentialAction":[{"@type":"ReadAction","target":["https:\/\/portalnpm.com\/index.php\/2018\/11\/20\/secretario-de-planejamento-diz-que-eficiencia-e-reducao-de-gastos-pautam-reforma\/"]}]},{"@type":"ImageObject","inLanguage":"pt-BR","@id":"https:\/\/portalnpm.com\/index.php\/2018\/11\/20\/secretario-de-planejamento-diz-que-eficiencia-e-reducao-de-gastos-pautam-reforma\/#primaryimage","url":"https:\/\/portalnpm.com\/wp-content\/uploads\/2018\/11\/b7098b6a15244f2058658a98a5c1293f.jpg","contentUrl":"https:\/\/portalnpm.com\/wp-content\/uploads\/2018\/11\/b7098b6a15244f2058658a98a5c1293f.jpg","width":750,"height":422},{"@type":"BreadcrumbList","@id":"https:\/\/portalnpm.com\/index.php\/2018\/11\/20\/secretario-de-planejamento-diz-que-eficiencia-e-reducao-de-gastos-pautam-reforma\/#breadcrumb","itemListElement":[{"@type":"ListItem","position":1,"name":"In\u00edcio","item":"https:\/\/portalnpm.com\/"},{"@type":"ListItem","position":2,"name":"Secret\u00e1rio de Planejamento diz que efici\u00eancia e redu\u00e7\u00e3o de gastos pautam reforma"}]},{"@type":"WebSite","@id":"https:\/\/portalnpm.com\/#website","url":"https:\/\/portalnpm.com\/","name":"Portal NPM","description":"Not\u00edcias em Primeira M\u00e3o","potentialAction":[{"@type":"SearchAction","target":{"@type":"EntryPoint","urlTemplate":"https:\/\/portalnpm.com\/?s={search_term_string}"},"query-input":"required name=search_term_string"}],"inLanguage":"pt-BR"},{"@type":"Person","@id":"https:\/\/portalnpm.com\/#\/schema\/person\/0b5f230ec96cee25504fa328e7f2b733","name":"Reda\u00e7\u00e3o","image":{"@type":"ImageObject","inLanguage":"pt-BR","@id":"https:\/\/portalnpm.com\/#\/schema\/person\/image\/","url":"https:\/\/portalnpm.com\/wp-content\/uploads\/2024\/03\/avatar_user_4_1710097212-96x96.png","contentUrl":"https:\/\/portalnpm.com\/wp-content\/uploads\/2024\/03\/avatar_user_4_1710097212-96x96.png","caption":"Reda\u00e7\u00e3o"},"url":"https:\/\/portalnpm.com\/index.php\/author\/redacao\/"}]}},"jetpack_sharing_enabled":true,"jetpack_featured_media_url":"https:\/\/portalnpm.com\/wp-content\/uploads\/2018\/11\/b7098b6a15244f2058658a98a5c1293f.jpg","_links":{"self":[{"href":"https:\/\/portalnpm.com\/index.php\/wp-json\/wp\/v2\/posts\/2688"}],"collection":[{"href":"https:\/\/portalnpm.com\/index.php\/wp-json\/wp\/v2\/posts"}],"about":[{"href":"https:\/\/portalnpm.com\/index.php\/wp-json\/wp\/v2\/types\/post"}],"author":[{"embeddable":true,"href":"https:\/\/portalnpm.com\/index.php\/wp-json\/wp\/v2\/users\/4"}],"replies":[{"embeddable":true,"href":"https:\/\/portalnpm.com\/index.php\/wp-json\/wp\/v2\/comments?post=2688"}],"version-history":[{"count":0,"href":"https:\/\/portalnpm.com\/index.php\/wp-json\/wp\/v2\/posts\/2688\/revisions"}],"wp:featuredmedia":[{"embeddable":true,"href":"https:\/\/portalnpm.com\/index.php\/wp-json\/wp\/v2\/media\/2689"}],"wp:attachment":[{"href":"https:\/\/portalnpm.com\/index.php\/wp-json\/wp\/v2\/media?parent=2688"}],"wp:term":[{"taxonomy":"category","embeddable":true,"href":"https:\/\/portalnpm.com\/index.php\/wp-json\/wp\/v2\/categories?post=2688"},{"taxonomy":"post_tag","embeddable":true,"href":"https:\/\/portalnpm.com\/index.php\/wp-json\/wp\/v2\/tags?post=2688"}],"curies":[{"name":"wp","href":"https:\/\/api.w.org\/{rel}","templated":true}]}}