{"id":2720,"date":"2018-11-21T15:11:51","date_gmt":"2018-11-21T17:11:51","guid":{"rendered":"http:\/\/srv.portalnpm.com.br\/?p=2720"},"modified":"2018-11-21T15:11:51","modified_gmt":"2018-11-21T17:11:51","slug":"sao-juliao-alunos-do-pronatec-fazem-visita-tecnica-ao-campus-do-ifpi-e-verde-vale-na-cidade-de-picos","status":"publish","type":"post","link":"https:\/\/portalnpm.com\/index.php\/2018\/11\/21\/sao-juliao-alunos-do-pronatec-fazem-visita-tecnica-ao-campus-do-ifpi-e-verde-vale-na-cidade-de-picos\/","title":{"rendered":"S\u00c3O JULI\u00c3O | Alunos do Pronatec fazem visita t\u00e9cnica ao campus do IFPI e Verde Vale na cidade de Picos"},"content":{"rendered":"<p style=\"text-align: justify;\">Nesta segunda-feira (19), os alunos dos cursos t\u00e9cnicos de S\u00e3o Juli\u00e3o-PI fizeram uma visita ao Campus do IFPI e ao Verde Vale, localizados em Picos-PI.<\/p>\n<p style=\"text-align: justify;\">No Campus do IFPI os alunos do programa Pronatec\/Mediotec, que estudam os cursos t\u00e9cnicos de Com\u00e9rcio e Inform\u00e1tica, estiveram acompanhados pela coordenadora Ver\u00edssima Maria e pelas professoras Aline do Monte, L\u00edvia Alencar e Olga Franco, al\u00e9m de Edna Sousa, esta no apoio acad\u00eamico.<\/p>\n<p style=\"text-align: justify;\">Os alunos conheceram as instala\u00e7\u00f5es e os projetos do Instituto Federal do Piau\u00ed e participaram de palestras.<\/p>\n<p style=\"text-align: justify;\"><img fetchpriority=\"high\" decoding=\"async\" class=\"alignnone size-full wp-image-27791\" src=\"http:\/\/infonewss.com\/wp-content\/uploads\/2018\/11\/IMG-20181120-WA0314.jpg\" sizes=\"(max-width: 1040px) 100vw, 1040px\" srcset=\"http:\/\/infonewss.com\/wp-content\/uploads\/2018\/11\/IMG-20181120-WA0314.jpg 1040w, http:\/\/infonewss.com\/wp-content\/uploads\/2018\/11\/IMG-20181120-WA0314-300x225.jpg 300w, http:\/\/infonewss.com\/wp-content\/uploads\/2018\/11\/IMG-20181120-WA0314-768x576.jpg 768w, http:\/\/infonewss.com\/wp-content\/uploads\/2018\/11\/IMG-20181120-WA0314-1024x768.jpg 1024w, http:\/\/infonewss.com\/wp-content\/uploads\/2018\/11\/IMG-20181120-WA0314-310x233.jpg 310w, http:\/\/infonewss.com\/wp-content\/uploads\/2018\/11\/IMG-20181120-WA0314-60x45.jpg 60w\" alt=\"\" width=\"1040\" height=\"780\" \/><\/p>\n<p style=\"text-align: justify;\">Inicialmente, foi feita uma apresenta\u00e7\u00e3o sobre o Exame Classificat\u00f3rio do IFPI e sobre o Exame Nacional do Ensino M\u00e9dio (ENEM), que \u00e9 a\u00a0 forma de sele\u00e7\u00e3o para os cursos superiores.<\/p>\n<p style=\"text-align: justify;\">Em seguida, os estudantes conheceram os laborat\u00f3rios de Qu\u00edmica, F\u00edsica, Eletrot\u00e9cnica, Matem\u00e1tica e de Inform\u00e1tica, onde puderam realizar alguns experimentos.<\/p>\n<p style=\"text-align: justify;\"><img decoding=\"async\" class=\"alignnone size-full wp-image-27790\" src=\"http:\/\/infonewss.com\/wp-content\/uploads\/2018\/11\/IMG-20181120-WA0315.jpg\" sizes=\"(max-width: 780px) 100vw, 780px\" srcset=\"http:\/\/infonewss.com\/wp-content\/uploads\/2018\/11\/IMG-20181120-WA0315.jpg 780w, http:\/\/infonewss.com\/wp-content\/uploads\/2018\/11\/IMG-20181120-WA0315-225x300.jpg 225w, http:\/\/infonewss.com\/wp-content\/uploads\/2018\/11\/IMG-20181120-WA0315-768x1024.jpg 768w, http:\/\/infonewss.com\/wp-content\/uploads\/2018\/11\/IMG-20181120-WA0315-310x413.jpg 310w, http:\/\/infonewss.com\/wp-content\/uploads\/2018\/11\/IMG-20181120-WA0315-60x80.jpg 60w\" alt=\"\" width=\"780\" height=\"1040\" \/><\/p>\n<p style=\"text-align: justify;\">No audit\u00f3rio do Campus, os estudantes foram apresentados aos trabalhos desenvolvidos pelos bolsistas da Mambee (F\u00e1brica Escola de Software do Campus Picos) e conheceram os produtos tecnol\u00f3gicos e as pesquisas que est\u00e3o sendo desenvolvidas atrav\u00e9s de parcerias com institui\u00e7\u00f5es p\u00fablicas e privadas.<\/p>\n<p style=\"text-align: justify;\">J\u00e1 os estudantes do Curso T\u00e9cnico de Agricultura, visitaram o Verde Vale, onde puderam acompanhar os trabalhos de Piscicultura, paisagismo e muldas. Na ocasi\u00e3o os professores agr\u00f4nomos, Paulo Roberto, Alan Ara\u00fajo e Lindelmar da Paz Brand\u00e3o auxiliaram o grupo.<\/p>\n<p style=\"text-align: justify;\"><img decoding=\"async\" class=\"alignnone size-full wp-image-27792\" src=\"http:\/\/infonewss.com\/wp-content\/uploads\/2018\/11\/IMG-20181120-WA0308.jpg\" sizes=\"(max-width: 1040px) 100vw, 1040px\" srcset=\"http:\/\/infonewss.com\/wp-content\/uploads\/2018\/11\/IMG-20181120-WA0308.jpg 1040w, http:\/\/infonewss.com\/wp-content\/uploads\/2018\/11\/IMG-20181120-WA0308-300x225.jpg 300w, http:\/\/infonewss.com\/wp-content\/uploads\/2018\/11\/IMG-20181120-WA0308-768x576.jpg 768w, http:\/\/infonewss.com\/wp-content\/uploads\/2018\/11\/IMG-20181120-WA0308-1024x768.jpg 1024w, http:\/\/infonewss.com\/wp-content\/uploads\/2018\/11\/IMG-20181120-WA0308-310x233.jpg 310w, http:\/\/infonewss.com\/wp-content\/uploads\/2018\/11\/IMG-20181120-WA0308-60x45.jpg 60w\" alt=\"\" width=\"1040\" height=\"780\" \/><\/p>\n<p style=\"text-align: justify;\">No local, os estudantes\u00a0 \u00a0aprenderam na pr\u00e1tica, tudo aquilo que \u00e9\u00a0 ensinado na parte te\u00f3rica.<\/p>\n<p style=\"text-align: justify;\"><img loading=\"lazy\" decoding=\"async\" class=\"alignnone size-full wp-image-27784\" src=\"http:\/\/infonewss.com\/wp-content\/uploads\/2018\/11\/IMG-20181120-WA0307.jpg\" sizes=\"(max-width: 1040px) 100vw, 1040px\" srcset=\"http:\/\/infonewss.com\/wp-content\/uploads\/2018\/11\/IMG-20181120-WA0307.jpg 1040w, http:\/\/infonewss.com\/wp-content\/uploads\/2018\/11\/IMG-20181120-WA0307-300x225.jpg 300w, http:\/\/infonewss.com\/wp-content\/uploads\/2018\/11\/IMG-20181120-WA0307-768x576.jpg 768w, http:\/\/infonewss.com\/wp-content\/uploads\/2018\/11\/IMG-20181120-WA0307-1024x768.jpg 1024w, http:\/\/infonewss.com\/wp-content\/uploads\/2018\/11\/IMG-20181120-WA0307-310x233.jpg 310w, http:\/\/infonewss.com\/wp-content\/uploads\/2018\/11\/IMG-20181120-WA0307-60x45.jpg 60w\" alt=\"\" width=\"1040\" height=\"780\" \/><\/p>\n<p style=\"text-align: justify;\">Os cursos s\u00e3o ofertados pela Seduc, atrav\u00e9s da 16\u00b0GREA. A frente dos cursos est\u00e3o a orientadora Juliana Silva e as coordenadoras Ver\u00edssima Maria e Edna Sousa, tendo como unidade ofertante Apr\u00edgio Pereira Bezerra, escola da rede estadual de ensino.<\/p>\n<p style=\"text-align: justify;\">Para a coordenadora do Pronatec, Ver\u00edssima Maria, a visita t\u00e9cnica leva os alunos a vivenciar, na pr\u00e1tica, o conhecimento repassado de forma te\u00f3rica em sala de aula. \u201cHoje deu para perceber que eles estavam atentos a cada detalhe, pois foi um momento de grande import\u00e2ncia. Ver, na pr\u00e1tica, uma experi\u00eancia como essa deixou todos muito felizes e com o sentimento de que tamb\u00e9m podem ir al\u00e9m do que imaginam. O nosso objetivo \u00e9 qualificar esses jovens para o mercado de trabalho\u201d, destacou a coordenadora.<\/p>\n<p style=\"text-align: justify;\"><strong>Veja Fotos:<\/strong><\/p>\n<p style=\"text-align: justify;\"><img loading=\"lazy\" decoding=\"async\" class=\"alignnone size-full wp-image-27793\" src=\"http:\/\/infonewss.com\/wp-content\/uploads\/2018\/11\/IMG-20181120-WA0309.jpg\" sizes=\"(max-width: 1040px) 100vw, 1040px\" srcset=\"http:\/\/infonewss.com\/wp-content\/uploads\/2018\/11\/IMG-20181120-WA0309.jpg 1040w, http:\/\/infonewss.com\/wp-content\/uploads\/2018\/11\/IMG-20181120-WA0309-300x225.jpg 300w, http:\/\/infonewss.com\/wp-content\/uploads\/2018\/11\/IMG-20181120-WA0309-768x576.jpg 768w, http:\/\/infonewss.com\/wp-content\/uploads\/2018\/11\/IMG-20181120-WA0309-1024x768.jpg 1024w, http:\/\/infonewss.com\/wp-content\/uploads\/2018\/11\/IMG-20181120-WA0309-310x233.jpg 310w, http:\/\/infonewss.com\/wp-content\/uploads\/2018\/11\/IMG-20181120-WA0309-60x45.jpg 60w\" alt=\"\" width=\"1040\" height=\"780\" \/><\/p>\n<p style=\"text-align: justify;\"><img loading=\"lazy\" decoding=\"async\" class=\"alignnone size-full wp-image-27777\" src=\"http:\/\/infonewss.com\/wp-content\/uploads\/2018\/11\/IMG-20181120-WA0301.jpg\" sizes=\"(max-width: 1040px) 100vw, 1040px\" srcset=\"http:\/\/infonewss.com\/wp-content\/uploads\/2018\/11\/IMG-20181120-WA0301.jpg 1040w, http:\/\/infonewss.com\/wp-content\/uploads\/2018\/11\/IMG-20181120-WA0301-300x169.jpg 300w, http:\/\/infonewss.com\/wp-content\/uploads\/2018\/11\/IMG-20181120-WA0301-768x432.jpg 768w, http:\/\/infonewss.com\/wp-content\/uploads\/2018\/11\/IMG-20181120-WA0301-1024x576.jpg 1024w, http:\/\/infonewss.com\/wp-content\/uploads\/2018\/11\/IMG-20181120-WA0301-310x174.jpg 310w, http:\/\/infonewss.com\/wp-content\/uploads\/2018\/11\/IMG-20181120-WA0301-60x34.jpg 60w\" alt=\"\" width=\"1040\" height=\"585\" \/><\/p>\n<p style=\"text-align: justify;\"><img loading=\"lazy\" decoding=\"async\" class=\"alignnone size-full wp-image-27778\" src=\"http:\/\/infonewss.com\/wp-content\/uploads\/2018\/11\/IMG-20181120-WA0305.jpg\" sizes=\"(max-width: 1040px) 100vw, 1040px\" srcset=\"http:\/\/infonewss.com\/wp-content\/uploads\/2018\/11\/IMG-20181120-WA0305.jpg 1040w, http:\/\/infonewss.com\/wp-content\/uploads\/2018\/11\/IMG-20181120-WA0305-300x225.jpg 300w, http:\/\/infonewss.com\/wp-content\/uploads\/2018\/11\/IMG-20181120-WA0305-768x576.jpg 768w, http:\/\/infonewss.com\/wp-content\/uploads\/2018\/11\/IMG-20181120-WA0305-1024x768.jpg 1024w, http:\/\/infonewss.com\/wp-content\/uploads\/2018\/11\/IMG-20181120-WA0305-310x233.jpg 310w, http:\/\/infonewss.com\/wp-content\/uploads\/2018\/11\/IMG-20181120-WA0305-60x45.jpg 60w\" alt=\"\" width=\"1040\" height=\"780\" \/><\/p>\n<p><img loading=\"lazy\" decoding=\"async\" class=\"alignnone size-medium wp-image-2744\" src=\"http:\/\/portalnpm.com.br\/wp-content\/uploads\/2018\/11\/IMG-20181121-WA0103-300x169.jpg\" alt=\"\" width=\"300\" height=\"169\" srcset=\"https:\/\/portalnpm.com\/wp-content\/uploads\/2018\/11\/IMG-20181121-WA0103-300x169.jpg 300w, https:\/\/portalnpm.com\/wp-content\/uploads\/2018\/11\/IMG-20181121-WA0103-1024x576.jpg 1024w, https:\/\/portalnpm.com\/wp-content\/uploads\/2018\/11\/IMG-20181121-WA0103-768x432.jpg 768w, https:\/\/portalnpm.com\/wp-content\/uploads\/2018\/11\/IMG-20181121-WA0103-860x484.jpg 860w, https:\/\/portalnpm.com\/wp-content\/uploads\/2018\/11\/IMG-20181121-WA0103.jpg 1040w\" sizes=\"(max-width: 300px) 100vw, 300px\" \/><img loading=\"lazy\" decoding=\"async\" class=\"alignnone size-medium wp-image-2745\" src=\"http:\/\/portalnpm.com.br\/wp-content\/uploads\/2018\/11\/IMG-20181121-WA0099-300x169.jpg\" alt=\"\" width=\"300\" height=\"169\" srcset=\"https:\/\/portalnpm.com\/wp-content\/uploads\/2018\/11\/IMG-20181121-WA0099-300x169.jpg 300w, https:\/\/portalnpm.com\/wp-content\/uploads\/2018\/11\/IMG-20181121-WA0099-1024x576.jpg 1024w, https:\/\/portalnpm.com\/wp-content\/uploads\/2018\/11\/IMG-20181121-WA0099-768x432.jpg 768w, https:\/\/portalnpm.com\/wp-content\/uploads\/2018\/11\/IMG-20181121-WA0099-860x484.jpg 860w, https:\/\/portalnpm.com\/wp-content\/uploads\/2018\/11\/IMG-20181121-WA0099.jpg 1280w\" sizes=\"(max-width: 300px) 100vw, 300px\" \/><img loading=\"lazy\" decoding=\"async\" class=\"alignnone size-medium wp-image-2746\" src=\"http:\/\/portalnpm.com.br\/wp-content\/uploads\/2018\/11\/IMG-20181121-WA0096-300x169.jpg\" alt=\"\" width=\"300\" height=\"169\" srcset=\"https:\/\/portalnpm.com\/wp-content\/uploads\/2018\/11\/IMG-20181121-WA0096-300x169.jpg 300w, https:\/\/portalnpm.com\/wp-content\/uploads\/2018\/11\/IMG-20181121-WA0096-1024x576.jpg 1024w, https:\/\/portalnpm.com\/wp-content\/uploads\/2018\/11\/IMG-20181121-WA0096-768x432.jpg 768w, https:\/\/portalnpm.com\/wp-content\/uploads\/2018\/11\/IMG-20181121-WA0096-860x484.jpg 860w, https:\/\/portalnpm.com\/wp-content\/uploads\/2018\/11\/IMG-20181121-WA0096.jpg 1040w\" sizes=\"(max-width: 300px) 100vw, 300px\" \/><img loading=\"lazy\" decoding=\"async\" class=\"alignnone size-medium wp-image-2748\" src=\"http:\/\/portalnpm.com.br\/wp-content\/uploads\/2018\/11\/IMG-20181121-WA0102-300x169.jpg\" alt=\"\" width=\"300\" height=\"169\" srcset=\"https:\/\/portalnpm.com\/wp-content\/uploads\/2018\/11\/IMG-20181121-WA0102-300x169.jpg 300w, https:\/\/portalnpm.com\/wp-content\/uploads\/2018\/11\/IMG-20181121-WA0102-1024x576.jpg 1024w, https:\/\/portalnpm.com\/wp-content\/uploads\/2018\/11\/IMG-20181121-WA0102-768x432.jpg 768w, https:\/\/portalnpm.com\/wp-content\/uploads\/2018\/11\/IMG-20181121-WA0102-860x484.jpg 860w, https:\/\/portalnpm.com\/wp-content\/uploads\/2018\/11\/IMG-20181121-WA0102.jpg 1280w\" sizes=\"(max-width: 300px) 100vw, 300px\" \/><img loading=\"lazy\" decoding=\"async\" class=\"alignnone size-medium wp-image-2749\" src=\"http:\/\/portalnpm.com.br\/wp-content\/uploads\/2018\/11\/IMG-20181121-WA0107-300x169.jpg\" alt=\"\" width=\"300\" height=\"169\" srcset=\"https:\/\/portalnpm.com\/wp-content\/uploads\/2018\/11\/IMG-20181121-WA0107-300x169.jpg 300w, https:\/\/portalnpm.com\/wp-content\/uploads\/2018\/11\/IMG-20181121-WA0107-1024x576.jpg 1024w, https:\/\/portalnpm.com\/wp-content\/uploads\/2018\/11\/IMG-20181121-WA0107-768x432.jpg 768w, https:\/\/portalnpm.com\/wp-content\/uploads\/2018\/11\/IMG-20181121-WA0107-860x484.jpg 860w, https:\/\/portalnpm.com\/wp-content\/uploads\/2018\/11\/IMG-20181121-WA0107.jpg 1280w\" sizes=\"(max-width: 300px) 100vw, 300px\" \/><img loading=\"lazy\" decoding=\"async\" class=\"alignnone size-medium wp-image-2750\" src=\"http:\/\/portalnpm.com.br\/wp-content\/uploads\/2018\/11\/IMG-20181121-WA0101-300x169.jpg\" alt=\"\" width=\"300\" height=\"169\" srcset=\"https:\/\/portalnpm.com\/wp-content\/uploads\/2018\/11\/IMG-20181121-WA0101-300x169.jpg 300w, https:\/\/portalnpm.com\/wp-content\/uploads\/2018\/11\/IMG-20181121-WA0101-1024x576.jpg 1024w, https:\/\/portalnpm.com\/wp-content\/uploads\/2018\/11\/IMG-20181121-WA0101-768x432.jpg 768w, https:\/\/portalnpm.com\/wp-content\/uploads\/2018\/11\/IMG-20181121-WA0101-860x484.jpg 860w, https:\/\/portalnpm.com\/wp-content\/uploads\/2018\/11\/IMG-20181121-WA0101.jpg 1280w\" sizes=\"(max-width: 300px) 100vw, 300px\" \/><img loading=\"lazy\" decoding=\"async\" class=\"alignnone size-medium wp-image-2751\" src=\"http:\/\/portalnpm.com.br\/wp-content\/uploads\/2018\/11\/IMG-20181121-WA0094-169x300.jpg\" alt=\"\" width=\"169\" height=\"300\" srcset=\"https:\/\/portalnpm.com\/wp-content\/uploads\/2018\/11\/IMG-20181121-WA0094-169x300.jpg 169w, https:\/\/portalnpm.com\/wp-content\/uploads\/2018\/11\/IMG-20181121-WA0094-576x1024.jpg 576w, https:\/\/portalnpm.com\/wp-content\/uploads\/2018\/11\/IMG-20181121-WA0094.jpg 585w\" sizes=\"(max-width: 169px) 100vw, 169px\" \/><img loading=\"lazy\" decoding=\"async\" class=\"alignnone size-medium wp-image-2752\" src=\"http:\/\/portalnpm.com.br\/wp-content\/uploads\/2018\/11\/IMG-20181121-WA0098-300x169.jpg\" alt=\"\" width=\"300\" height=\"169\" srcset=\"https:\/\/portalnpm.com\/wp-content\/uploads\/2018\/11\/IMG-20181121-WA0098-300x169.jpg 300w, https:\/\/portalnpm.com\/wp-content\/uploads\/2018\/11\/IMG-20181121-WA0098-1024x576.jpg 1024w, https:\/\/portalnpm.com\/wp-content\/uploads\/2018\/11\/IMG-20181121-WA0098-768x432.jpg 768w, https:\/\/portalnpm.com\/wp-content\/uploads\/2018\/11\/IMG-20181121-WA0098-860x484.jpg 860w, https:\/\/portalnpm.com\/wp-content\/uploads\/2018\/11\/IMG-20181121-WA0098.jpg 1040w\" sizes=\"(max-width: 300px) 100vw, 300px\" \/><\/p>\n<p><strong>Por Luis Alberto, Portal Infonewss.com<\/strong><\/p>\n","protected":false},"excerpt":{"rendered":"<p>Nesta segunda-feira (19), os alunos dos cursos t\u00e9cnicos de S\u00e3o Juli\u00e3o-PI fizeram uma visita ao Campus do IFPI e ao Verde Vale, localizados em Picos-PI. No Campus do IFPI os alunos do programa Pronatec\/Mediotec, que estudam os cursos t\u00e9cnicos de Com\u00e9rcio e Inform\u00e1tica, estiveram acompanhados pela coordenadora Ver\u00edssima Maria e pelas professoras Aline do Monte, &hellip;<\/p>\n","protected":false},"author":3,"featured_media":2740,"comment_status":"open","ping_status":"open","sticky":false,"template":"","format":"standard","meta":{"content-type":"","rop_custom_images_group":[],"rop_custom_messages_group":[],"rop_publish_now":"initial","rop_publish_now_accounts":{"facebook_2648258775420054_1618374048415101":""},"rop_publish_now_history":[],"rop_publish_now_status":"pending","footnotes":"","_jetpack_memberships_contains_paid_content":false},"categories":[113,136],"tags":[1484,1485,137,761],"yoast_head":"<!-- This site is optimized with the Yoast SEO plugin v22.3 - https:\/\/yoast.com\/wordpress\/plugins\/seo\/ -->\n<title>S\u00c3O JULI\u00c3O | Alunos do Pronatec fazem visita t\u00e9cnica ao campus do IFPI e Verde Vale na cidade de Picos - Portal NPM<\/title>\n<meta name=\"robots\" content=\"index, follow, max-snippet:-1, max-image-preview:large, max-video-preview:-1\" \/>\n<link rel=\"canonical\" href=\"https:\/\/portalnpm.com\/index.php\/2018\/11\/21\/sao-juliao-alunos-do-pronatec-fazem-visita-tecnica-ao-campus-do-ifpi-e-verde-vale-na-cidade-de-picos\/\" \/>\n<meta property=\"og:locale\" content=\"pt_BR\" \/>\n<meta property=\"og:type\" content=\"article\" \/>\n<meta property=\"og:title\" content=\"S\u00c3O JULI\u00c3O | Alunos do Pronatec fazem visita t\u00e9cnica ao campus do IFPI e Verde Vale na cidade de Picos - Portal NPM\" \/>\n<meta property=\"og:description\" content=\"Nesta segunda-feira (19), os alunos dos cursos t\u00e9cnicos de S\u00e3o Juli\u00e3o-PI fizeram uma visita ao Campus do IFPI e ao Verde Vale, localizados em Picos-PI. No Campus do IFPI os alunos do programa Pronatec\/Mediotec, que estudam os cursos t\u00e9cnicos de Com\u00e9rcio e Inform\u00e1tica, estiveram acompanhados pela coordenadora Ver\u00edssima Maria e pelas professoras Aline do Monte, &hellip;\" \/>\n<meta property=\"og:url\" content=\"https:\/\/portalnpm.com\/index.php\/2018\/11\/21\/sao-juliao-alunos-do-pronatec-fazem-visita-tecnica-ao-campus-do-ifpi-e-verde-vale-na-cidade-de-picos\/\" \/>\n<meta property=\"og:site_name\" content=\"Portal NPM\" \/>\n<meta property=\"article:published_time\" content=\"2018-11-21T17:11:51+00:00\" \/>\n<meta name=\"author\" content=\"Luis Alberto\" \/>\n<meta name=\"twitter:card\" content=\"summary_large_image\" \/>\n<meta name=\"twitter:label1\" content=\"Escrito por\" \/>\n\t<meta name=\"twitter:data1\" content=\"Luis Alberto\" \/>\n\t<meta name=\"twitter:label2\" content=\"Est. tempo de leitura\" \/>\n\t<meta name=\"twitter:data2\" content=\"2 minutos\" \/>\n<script type=\"application\/ld+json\" class=\"yoast-schema-graph\">{\"@context\":\"https:\/\/schema.org\",\"@graph\":[{\"@type\":\"WebPage\",\"@id\":\"https:\/\/portalnpm.com\/index.php\/2018\/11\/21\/sao-juliao-alunos-do-pronatec-fazem-visita-tecnica-ao-campus-do-ifpi-e-verde-vale-na-cidade-de-picos\/\",\"url\":\"https:\/\/portalnpm.com\/index.php\/2018\/11\/21\/sao-juliao-alunos-do-pronatec-fazem-visita-tecnica-ao-campus-do-ifpi-e-verde-vale-na-cidade-de-picos\/\",\"name\":\"S\u00c3O JULI\u00c3O | Alunos do Pronatec fazem visita t\u00e9cnica ao campus do IFPI e Verde Vale na cidade de Picos - Portal NPM\",\"isPartOf\":{\"@id\":\"https:\/\/portalnpm.com\/#website\"},\"primaryImageOfPage\":{\"@id\":\"https:\/\/portalnpm.com\/index.php\/2018\/11\/21\/sao-juliao-alunos-do-pronatec-fazem-visita-tecnica-ao-campus-do-ifpi-e-verde-vale-na-cidade-de-picos\/#primaryimage\"},\"image\":{\"@id\":\"https:\/\/portalnpm.com\/index.php\/2018\/11\/21\/sao-juliao-alunos-do-pronatec-fazem-visita-tecnica-ao-campus-do-ifpi-e-verde-vale-na-cidade-de-picos\/#primaryimage\"},\"thumbnailUrl\":\"\",\"datePublished\":\"2018-11-21T17:11:51+00:00\",\"dateModified\":\"2018-11-21T17:11:51+00:00\",\"author\":{\"@id\":\"https:\/\/portalnpm.com\/#\/schema\/person\/5c8006acdf71774cd4e7a5ab98482152\"},\"breadcrumb\":{\"@id\":\"https:\/\/portalnpm.com\/index.php\/2018\/11\/21\/sao-juliao-alunos-do-pronatec-fazem-visita-tecnica-ao-campus-do-ifpi-e-verde-vale-na-cidade-de-picos\/#breadcrumb\"},\"inLanguage\":\"pt-BR\",\"potentialAction\":[{\"@type\":\"ReadAction\",\"target\":[\"https:\/\/portalnpm.com\/index.php\/2018\/11\/21\/sao-juliao-alunos-do-pronatec-fazem-visita-tecnica-ao-campus-do-ifpi-e-verde-vale-na-cidade-de-picos\/\"]}]},{\"@type\":\"ImageObject\",\"inLanguage\":\"pt-BR\",\"@id\":\"https:\/\/portalnpm.com\/index.php\/2018\/11\/21\/sao-juliao-alunos-do-pronatec-fazem-visita-tecnica-ao-campus-do-ifpi-e-verde-vale-na-cidade-de-picos\/#primaryimage\",\"url\":\"\",\"contentUrl\":\"\"},{\"@type\":\"BreadcrumbList\",\"@id\":\"https:\/\/portalnpm.com\/index.php\/2018\/11\/21\/sao-juliao-alunos-do-pronatec-fazem-visita-tecnica-ao-campus-do-ifpi-e-verde-vale-na-cidade-de-picos\/#breadcrumb\",\"itemListElement\":[{\"@type\":\"ListItem\",\"position\":1,\"name\":\"In\u00edcio\",\"item\":\"https:\/\/portalnpm.com\/\"},{\"@type\":\"ListItem\",\"position\":2,\"name\":\"S\u00c3O JULI\u00c3O | Alunos do Pronatec fazem visita t\u00e9cnica ao campus do IFPI e Verde Vale na cidade de Picos\"}]},{\"@type\":\"WebSite\",\"@id\":\"https:\/\/portalnpm.com\/#website\",\"url\":\"https:\/\/portalnpm.com\/\",\"name\":\"Portal NPM\",\"description\":\"Not\u00edcias em Primeira M\u00e3o\",\"potentialAction\":[{\"@type\":\"SearchAction\",\"target\":{\"@type\":\"EntryPoint\",\"urlTemplate\":\"https:\/\/portalnpm.com\/?s={search_term_string}\"},\"query-input\":\"required name=search_term_string\"}],\"inLanguage\":\"pt-BR\"},{\"@type\":\"Person\",\"@id\":\"https:\/\/portalnpm.com\/#\/schema\/person\/5c8006acdf71774cd4e7a5ab98482152\",\"name\":\"Luis Alberto\",\"image\":{\"@type\":\"ImageObject\",\"inLanguage\":\"pt-BR\",\"@id\":\"https:\/\/portalnpm.com\/#\/schema\/person\/image\/\",\"url\":\"https:\/\/portalnpm.com\/wp-content\/uploads\/2024\/12\/avatar_user_3_1734699769-96x96.jpeg\",\"contentUrl\":\"https:\/\/portalnpm.com\/wp-content\/uploads\/2024\/12\/avatar_user_3_1734699769-96x96.jpeg\",\"caption\":\"Luis Alberto\"},\"description\":\"Editor-geral do Portal NPM, \u00e9 formado como T\u00e9cnico em Seguran\u00e7a do Trabalho pela Escola Metropolitana de Cursos T\u00e9cnicos. Det\u00e9m ainda licenciatura em Educa\u00e7\u00e3o F\u00edsica e bacharelado em Ci\u00eancias Pol\u00edticas, ambos obtidos pela institui\u00e7\u00e3o Anhanguera\/UNOPAR.\",\"url\":\"https:\/\/portalnpm.com\/index.php\/author\/pereira\/\"}]}<\/script>\n<!-- \/ Yoast SEO plugin. -->","yoast_head_json":{"title":"S\u00c3O JULI\u00c3O | Alunos do Pronatec fazem visita t\u00e9cnica ao campus do IFPI e Verde Vale na cidade de Picos - Portal NPM","robots":{"index":"index","follow":"follow","max-snippet":"max-snippet:-1","max-image-preview":"max-image-preview:large","max-video-preview":"max-video-preview:-1"},"canonical":"https:\/\/portalnpm.com\/index.php\/2018\/11\/21\/sao-juliao-alunos-do-pronatec-fazem-visita-tecnica-ao-campus-do-ifpi-e-verde-vale-na-cidade-de-picos\/","og_locale":"pt_BR","og_type":"article","og_title":"S\u00c3O JULI\u00c3O | Alunos do Pronatec fazem visita t\u00e9cnica ao campus do IFPI e Verde Vale na cidade de Picos - Portal NPM","og_description":"Nesta segunda-feira (19), os alunos dos cursos t\u00e9cnicos de S\u00e3o Juli\u00e3o-PI fizeram uma visita ao Campus do IFPI e ao Verde Vale, localizados em Picos-PI. No Campus do IFPI os alunos do programa Pronatec\/Mediotec, que estudam os cursos t\u00e9cnicos de Com\u00e9rcio e Inform\u00e1tica, estiveram acompanhados pela coordenadora Ver\u00edssima Maria e pelas professoras Aline do Monte, &hellip;","og_url":"https:\/\/portalnpm.com\/index.php\/2018\/11\/21\/sao-juliao-alunos-do-pronatec-fazem-visita-tecnica-ao-campus-do-ifpi-e-verde-vale-na-cidade-de-picos\/","og_site_name":"Portal NPM","article_published_time":"2018-11-21T17:11:51+00:00","author":"Luis Alberto","twitter_card":"summary_large_image","twitter_misc":{"Escrito por":"Luis Alberto","Est. tempo de leitura":"2 minutos"},"schema":{"@context":"https:\/\/schema.org","@graph":[{"@type":"WebPage","@id":"https:\/\/portalnpm.com\/index.php\/2018\/11\/21\/sao-juliao-alunos-do-pronatec-fazem-visita-tecnica-ao-campus-do-ifpi-e-verde-vale-na-cidade-de-picos\/","url":"https:\/\/portalnpm.com\/index.php\/2018\/11\/21\/sao-juliao-alunos-do-pronatec-fazem-visita-tecnica-ao-campus-do-ifpi-e-verde-vale-na-cidade-de-picos\/","name":"S\u00c3O JULI\u00c3O | Alunos do Pronatec fazem visita t\u00e9cnica ao campus do IFPI e Verde Vale na cidade de Picos - Portal NPM","isPartOf":{"@id":"https:\/\/portalnpm.com\/#website"},"primaryImageOfPage":{"@id":"https:\/\/portalnpm.com\/index.php\/2018\/11\/21\/sao-juliao-alunos-do-pronatec-fazem-visita-tecnica-ao-campus-do-ifpi-e-verde-vale-na-cidade-de-picos\/#primaryimage"},"image":{"@id":"https:\/\/portalnpm.com\/index.php\/2018\/11\/21\/sao-juliao-alunos-do-pronatec-fazem-visita-tecnica-ao-campus-do-ifpi-e-verde-vale-na-cidade-de-picos\/#primaryimage"},"thumbnailUrl":"","datePublished":"2018-11-21T17:11:51+00:00","dateModified":"2018-11-21T17:11:51+00:00","author":{"@id":"https:\/\/portalnpm.com\/#\/schema\/person\/5c8006acdf71774cd4e7a5ab98482152"},"breadcrumb":{"@id":"https:\/\/portalnpm.com\/index.php\/2018\/11\/21\/sao-juliao-alunos-do-pronatec-fazem-visita-tecnica-ao-campus-do-ifpi-e-verde-vale-na-cidade-de-picos\/#breadcrumb"},"inLanguage":"pt-BR","potentialAction":[{"@type":"ReadAction","target":["https:\/\/portalnpm.com\/index.php\/2018\/11\/21\/sao-juliao-alunos-do-pronatec-fazem-visita-tecnica-ao-campus-do-ifpi-e-verde-vale-na-cidade-de-picos\/"]}]},{"@type":"ImageObject","inLanguage":"pt-BR","@id":"https:\/\/portalnpm.com\/index.php\/2018\/11\/21\/sao-juliao-alunos-do-pronatec-fazem-visita-tecnica-ao-campus-do-ifpi-e-verde-vale-na-cidade-de-picos\/#primaryimage","url":"","contentUrl":""},{"@type":"BreadcrumbList","@id":"https:\/\/portalnpm.com\/index.php\/2018\/11\/21\/sao-juliao-alunos-do-pronatec-fazem-visita-tecnica-ao-campus-do-ifpi-e-verde-vale-na-cidade-de-picos\/#breadcrumb","itemListElement":[{"@type":"ListItem","position":1,"name":"In\u00edcio","item":"https:\/\/portalnpm.com\/"},{"@type":"ListItem","position":2,"name":"S\u00c3O JULI\u00c3O | Alunos do Pronatec fazem visita t\u00e9cnica ao campus do IFPI e Verde Vale na cidade de Picos"}]},{"@type":"WebSite","@id":"https:\/\/portalnpm.com\/#website","url":"https:\/\/portalnpm.com\/","name":"Portal NPM","description":"Not\u00edcias em Primeira M\u00e3o","potentialAction":[{"@type":"SearchAction","target":{"@type":"EntryPoint","urlTemplate":"https:\/\/portalnpm.com\/?s={search_term_string}"},"query-input":"required name=search_term_string"}],"inLanguage":"pt-BR"},{"@type":"Person","@id":"https:\/\/portalnpm.com\/#\/schema\/person\/5c8006acdf71774cd4e7a5ab98482152","name":"Luis Alberto","image":{"@type":"ImageObject","inLanguage":"pt-BR","@id":"https:\/\/portalnpm.com\/#\/schema\/person\/image\/","url":"https:\/\/portalnpm.com\/wp-content\/uploads\/2024\/12\/avatar_user_3_1734699769-96x96.jpeg","contentUrl":"https:\/\/portalnpm.com\/wp-content\/uploads\/2024\/12\/avatar_user_3_1734699769-96x96.jpeg","caption":"Luis Alberto"},"description":"Editor-geral do Portal NPM, \u00e9 formado como T\u00e9cnico em Seguran\u00e7a do Trabalho pela Escola Metropolitana de Cursos T\u00e9cnicos. Det\u00e9m ainda licenciatura em Educa\u00e7\u00e3o F\u00edsica e bacharelado em Ci\u00eancias Pol\u00edticas, ambos obtidos pela institui\u00e7\u00e3o Anhanguera\/UNOPAR.","url":"https:\/\/portalnpm.com\/index.php\/author\/pereira\/"}]}},"jetpack_sharing_enabled":true,"jetpack_featured_media_url":"","_links":{"self":[{"href":"https:\/\/portalnpm.com\/index.php\/wp-json\/wp\/v2\/posts\/2720"}],"collection":[{"href":"https:\/\/portalnpm.com\/index.php\/wp-json\/wp\/v2\/posts"}],"about":[{"href":"https:\/\/portalnpm.com\/index.php\/wp-json\/wp\/v2\/types\/post"}],"author":[{"embeddable":true,"href":"https:\/\/portalnpm.com\/index.php\/wp-json\/wp\/v2\/users\/3"}],"replies":[{"embeddable":true,"href":"https:\/\/portalnpm.com\/index.php\/wp-json\/wp\/v2\/comments?post=2720"}],"version-history":[{"count":0,"href":"https:\/\/portalnpm.com\/index.php\/wp-json\/wp\/v2\/posts\/2720\/revisions"}],"wp:featuredmedia":[{"embeddable":true,"href":"https:\/\/portalnpm.com\/index.php\/wp-json\/"}],"wp:attachment":[{"href":"https:\/\/portalnpm.com\/index.php\/wp-json\/wp\/v2\/media?parent=2720"}],"wp:term":[{"taxonomy":"category","embeddable":true,"href":"https:\/\/portalnpm.com\/index.php\/wp-json\/wp\/v2\/categories?post=2720"},{"taxonomy":"post_tag","embeddable":true,"href":"https:\/\/portalnpm.com\/index.php\/wp-json\/wp\/v2\/tags?post=2720"}],"curies":[{"name":"wp","href":"https:\/\/api.w.org\/{rel}","templated":true}]}}