{"id":2861,"date":"2018-11-23T11:27:48","date_gmt":"2018-11-23T13:27:48","guid":{"rendered":"http:\/\/srv.portalnpm.com.br\/?p=2861"},"modified":"2018-11-23T11:27:48","modified_gmt":"2018-11-23T13:27:48","slug":"prefeitura-de-araripina-pe-abre-22-vagas-para-medicos","status":"publish","type":"post","link":"https:\/\/portalnpm.com\/index.php\/2018\/11\/23\/prefeitura-de-araripina-pe-abre-22-vagas-para-medicos\/","title":{"rendered":"Prefeitura de Araripina &#8211; PE abre 22 vagas para M\u00e9dicos"},"content":{"rendered":"<blockquote>\n<h2>Prefeitura de Araripina &#8211; PE abre processo seletivo com 22 vagas para as fun\u00e7\u00f5es de M\u00e9dico (ESF\/UBS) e M\u00e9dico (Ambulat\u00f3rio &#8211; C\u00ednico Geral).<\/h2>\n<\/blockquote>\n<p style=\"text-align: justify;\">Em Pernambuco, a Prefeitura de Araripina divulgou o edital n\u00b0 01\/2018 de sele\u00e7\u00e3o p\u00fablica simplificada destinada \u00e0 contrata\u00e7\u00e3o tempor\u00e1ria de 22 novos profissionais de n\u00edvel superior, para atendimento das necessidades do munic\u00edpio no \u00e2mbito da Secretaria Municipal de Sa\u00fade.<\/p>\n<p style=\"text-align: justify;\">As oportunidades s\u00e3o distribu\u00eddas para as fun\u00e7\u00f5es de M\u00e9dico (ESF\/UBS) e M\u00e9dico (Ambulat\u00f3rio &#8211; C\u00ednico Geral). Os candidatos aprovados e convocados atuar\u00e3o em regime de trabalho de at\u00e9 40 horas<br \/>\nsemanais, com vencimentos que variam entre R$ 6.900,00 e R$ 12.000,00.<\/p>\n<p style=\"text-align: justify;\">As inscri\u00e7\u00f5es j\u00e1 est\u00e3o abertas e os interessados devem efetu\u00e1-las at\u00e9 \u00e0s 23h do dia 28 de novembro de 2018, via internet, por meio do site oficial da Prefeitura (<strong>www.araripina.pe.gov.br<\/strong>).<\/p>\n<p style=\"text-align: justify;\">Requisitos b\u00e1sicos para inscri\u00e7\u00e3o e contrata\u00e7\u00e3o:<\/p>\n<ul style=\"text-align: justify;\">\n<li>ser brasileiro nato ou naturalizado;<\/li>\n<li>cumprir as normas estabelecidas neste Edital;<\/li>\n<li>estar em dia com as obriga\u00e7\u00f5es militares, quando do sexo masculino e obriga\u00e7\u00f5es eleitorais;<\/li>\n<li>ter, na data da contrata\u00e7\u00e3o, idade m\u00ednima de 18 (dezoito) anos completos;<\/li>\n<li>ter forma\u00e7\u00e3o m\u00ednima na escolaridade exigida para a fun\u00e7\u00e3o a que concorre, conforme previsto no Anexo II, deste edital;<\/li>\n<li>estar devidamente registrado no Conselho de Classe do cargo ao qual concorre<\/li>\n<li>ser aprovado e classificado dentro do n\u00famero de vagas estabelecidos neste Edital e outras que venham a surgir no per\u00edodo de validade deste.<\/li>\n<\/ul>\n<p style=\"text-align: justify;\">De acordo com o edital, a sele\u00e7\u00e3o dos candidatos consistir\u00e1 de uma \u00fanica etapa, denominada avalia\u00e7\u00e3o curricular e\/ou experi\u00eancia profissional, de car\u00e1ter eliminat\u00f3rio e classificat\u00f3rio, por meio da an\u00e1lise dos documentos comprobat\u00f3rios e das informa\u00e7\u00f5es prestadas.<\/p>\n<p style=\"text-align: justify;\">A sele\u00e7\u00e3o p\u00fablica simplificada, ter\u00e1 validade de dois anos, podendo ser prorrogada por igual per\u00edodo, a contar da publica\u00e7\u00e3o da homologa\u00e7\u00e3o do resultado final.<\/p>\n<p><strong>Concursos no Brasil\u00a0<\/strong><\/p>\n","protected":false},"excerpt":{"rendered":"<p>Prefeitura de Araripina &#8211; PE abre processo seletivo com 22 vagas para as fun\u00e7\u00f5es de M\u00e9dico (ESF\/UBS) e M\u00e9dico (Ambulat\u00f3rio &#8211; C\u00ednico Geral). Em Pernambuco, a Prefeitura de Araripina divulgou o edital n\u00b0 01\/2018 de sele\u00e7\u00e3o p\u00fablica simplificada destinada \u00e0 contrata\u00e7\u00e3o tempor\u00e1ria de 22 novos profissionais de n\u00edvel superior, para atendimento das necessidades do munic\u00edpio &hellip;<\/p>\n","protected":false},"author":3,"featured_media":2862,"comment_status":"open","ping_status":"open","sticky":false,"template":"","format":"standard","meta":{"content-type":"","rop_custom_images_group":[],"rop_custom_messages_group":[],"rop_publish_now":"initial","rop_publish_now_accounts":{"facebook_2648258775420054_1618374048415101":""},"rop_publish_now_history":[],"rop_publish_now_status":"pending","footnotes":"","_jetpack_memberships_contains_paid_content":false},"categories":[113,125],"tags":[667,1501,737,1232],"yoast_head":"<!-- This site is optimized with the Yoast SEO plugin v22.3 - https:\/\/yoast.com\/wordpress\/plugins\/seo\/ -->\n<title>Prefeitura de Araripina - PE abre 22 vagas para M\u00e9dicos - Portal NPM<\/title>\n<meta name=\"robots\" content=\"index, follow, max-snippet:-1, max-image-preview:large, max-video-preview:-1\" \/>\n<link rel=\"canonical\" href=\"https:\/\/portalnpm.com\/index.php\/2018\/11\/23\/prefeitura-de-araripina-pe-abre-22-vagas-para-medicos\/\" \/>\n<meta property=\"og:locale\" content=\"pt_BR\" \/>\n<meta property=\"og:type\" content=\"article\" \/>\n<meta property=\"og:title\" content=\"Prefeitura de Araripina - PE abre 22 vagas para M\u00e9dicos - Portal NPM\" \/>\n<meta property=\"og:description\" content=\"Prefeitura de Araripina &#8211; PE abre processo seletivo com 22 vagas para as fun\u00e7\u00f5es de M\u00e9dico (ESF\/UBS) e M\u00e9dico (Ambulat\u00f3rio &#8211; C\u00ednico Geral). Em Pernambuco, a Prefeitura de Araripina divulgou o edital n\u00b0 01\/2018 de sele\u00e7\u00e3o p\u00fablica simplificada destinada \u00e0 contrata\u00e7\u00e3o tempor\u00e1ria de 22 novos profissionais de n\u00edvel superior, para atendimento das necessidades do munic\u00edpio &hellip;\" \/>\n<meta property=\"og:url\" content=\"https:\/\/portalnpm.com\/index.php\/2018\/11\/23\/prefeitura-de-araripina-pe-abre-22-vagas-para-medicos\/\" \/>\n<meta property=\"og:site_name\" content=\"Portal NPM\" \/>\n<meta property=\"article:published_time\" content=\"2018-11-23T13:27:48+00:00\" \/>\n<meta name=\"author\" content=\"Luis Alberto\" \/>\n<meta name=\"twitter:card\" content=\"summary_large_image\" \/>\n<meta name=\"twitter:label1\" content=\"Escrito por\" \/>\n\t<meta name=\"twitter:data1\" content=\"Luis Alberto\" \/>\n\t<meta name=\"twitter:label2\" content=\"Est. tempo de leitura\" \/>\n\t<meta name=\"twitter:data2\" content=\"2 minutos\" \/>\n<script type=\"application\/ld+json\" class=\"yoast-schema-graph\">{\"@context\":\"https:\/\/schema.org\",\"@graph\":[{\"@type\":\"WebPage\",\"@id\":\"https:\/\/portalnpm.com\/index.php\/2018\/11\/23\/prefeitura-de-araripina-pe-abre-22-vagas-para-medicos\/\",\"url\":\"https:\/\/portalnpm.com\/index.php\/2018\/11\/23\/prefeitura-de-araripina-pe-abre-22-vagas-para-medicos\/\",\"name\":\"Prefeitura de Araripina - PE abre 22 vagas para M\u00e9dicos - Portal NPM\",\"isPartOf\":{\"@id\":\"https:\/\/portalnpm.com\/#website\"},\"primaryImageOfPage\":{\"@id\":\"https:\/\/portalnpm.com\/index.php\/2018\/11\/23\/prefeitura-de-araripina-pe-abre-22-vagas-para-medicos\/#primaryimage\"},\"image\":{\"@id\":\"https:\/\/portalnpm.com\/index.php\/2018\/11\/23\/prefeitura-de-araripina-pe-abre-22-vagas-para-medicos\/#primaryimage\"},\"thumbnailUrl\":\"\",\"datePublished\":\"2018-11-23T13:27:48+00:00\",\"dateModified\":\"2018-11-23T13:27:48+00:00\",\"author\":{\"@id\":\"https:\/\/portalnpm.com\/#\/schema\/person\/5c8006acdf71774cd4e7a5ab98482152\"},\"breadcrumb\":{\"@id\":\"https:\/\/portalnpm.com\/index.php\/2018\/11\/23\/prefeitura-de-araripina-pe-abre-22-vagas-para-medicos\/#breadcrumb\"},\"inLanguage\":\"pt-BR\",\"potentialAction\":[{\"@type\":\"ReadAction\",\"target\":[\"https:\/\/portalnpm.com\/index.php\/2018\/11\/23\/prefeitura-de-araripina-pe-abre-22-vagas-para-medicos\/\"]}]},{\"@type\":\"ImageObject\",\"inLanguage\":\"pt-BR\",\"@id\":\"https:\/\/portalnpm.com\/index.php\/2018\/11\/23\/prefeitura-de-araripina-pe-abre-22-vagas-para-medicos\/#primaryimage\",\"url\":\"\",\"contentUrl\":\"\"},{\"@type\":\"BreadcrumbList\",\"@id\":\"https:\/\/portalnpm.com\/index.php\/2018\/11\/23\/prefeitura-de-araripina-pe-abre-22-vagas-para-medicos\/#breadcrumb\",\"itemListElement\":[{\"@type\":\"ListItem\",\"position\":1,\"name\":\"In\u00edcio\",\"item\":\"https:\/\/portalnpm.com\/\"},{\"@type\":\"ListItem\",\"position\":2,\"name\":\"Prefeitura de Araripina &#8211; PE abre 22 vagas para M\u00e9dicos\"}]},{\"@type\":\"WebSite\",\"@id\":\"https:\/\/portalnpm.com\/#website\",\"url\":\"https:\/\/portalnpm.com\/\",\"name\":\"Portal NPM\",\"description\":\"Not\u00edcias em Primeira M\u00e3o\",\"potentialAction\":[{\"@type\":\"SearchAction\",\"target\":{\"@type\":\"EntryPoint\",\"urlTemplate\":\"https:\/\/portalnpm.com\/?s={search_term_string}\"},\"query-input\":\"required name=search_term_string\"}],\"inLanguage\":\"pt-BR\"},{\"@type\":\"Person\",\"@id\":\"https:\/\/portalnpm.com\/#\/schema\/person\/5c8006acdf71774cd4e7a5ab98482152\",\"name\":\"Luis Alberto\",\"image\":{\"@type\":\"ImageObject\",\"inLanguage\":\"pt-BR\",\"@id\":\"https:\/\/portalnpm.com\/#\/schema\/person\/image\/\",\"url\":\"https:\/\/portalnpm.com\/wp-content\/uploads\/2024\/12\/avatar_user_3_1734699769-96x96.jpeg\",\"contentUrl\":\"https:\/\/portalnpm.com\/wp-content\/uploads\/2024\/12\/avatar_user_3_1734699769-96x96.jpeg\",\"caption\":\"Luis Alberto\"},\"description\":\"Editor-geral do Portal NPM, \u00e9 formado como T\u00e9cnico em Seguran\u00e7a do Trabalho pela Escola Metropolitana de Cursos T\u00e9cnicos. Det\u00e9m ainda licenciatura em Educa\u00e7\u00e3o F\u00edsica e bacharelado em Ci\u00eancias Pol\u00edticas, ambos obtidos pela institui\u00e7\u00e3o Anhanguera\/UNOPAR.\",\"url\":\"https:\/\/portalnpm.com\/index.php\/author\/pereira\/\"}]}<\/script>\n<!-- \/ Yoast SEO plugin. -->","yoast_head_json":{"title":"Prefeitura de Araripina - PE abre 22 vagas para M\u00e9dicos - Portal NPM","robots":{"index":"index","follow":"follow","max-snippet":"max-snippet:-1","max-image-preview":"max-image-preview:large","max-video-preview":"max-video-preview:-1"},"canonical":"https:\/\/portalnpm.com\/index.php\/2018\/11\/23\/prefeitura-de-araripina-pe-abre-22-vagas-para-medicos\/","og_locale":"pt_BR","og_type":"article","og_title":"Prefeitura de Araripina - PE abre 22 vagas para M\u00e9dicos - Portal NPM","og_description":"Prefeitura de Araripina &#8211; PE abre processo seletivo com 22 vagas para as fun\u00e7\u00f5es de M\u00e9dico (ESF\/UBS) e M\u00e9dico (Ambulat\u00f3rio &#8211; C\u00ednico Geral). Em Pernambuco, a Prefeitura de Araripina divulgou o edital n\u00b0 01\/2018 de sele\u00e7\u00e3o p\u00fablica simplificada destinada \u00e0 contrata\u00e7\u00e3o tempor\u00e1ria de 22 novos profissionais de n\u00edvel superior, para atendimento das necessidades do munic\u00edpio &hellip;","og_url":"https:\/\/portalnpm.com\/index.php\/2018\/11\/23\/prefeitura-de-araripina-pe-abre-22-vagas-para-medicos\/","og_site_name":"Portal NPM","article_published_time":"2018-11-23T13:27:48+00:00","author":"Luis Alberto","twitter_card":"summary_large_image","twitter_misc":{"Escrito por":"Luis Alberto","Est. tempo de leitura":"2 minutos"},"schema":{"@context":"https:\/\/schema.org","@graph":[{"@type":"WebPage","@id":"https:\/\/portalnpm.com\/index.php\/2018\/11\/23\/prefeitura-de-araripina-pe-abre-22-vagas-para-medicos\/","url":"https:\/\/portalnpm.com\/index.php\/2018\/11\/23\/prefeitura-de-araripina-pe-abre-22-vagas-para-medicos\/","name":"Prefeitura de Araripina - PE abre 22 vagas para M\u00e9dicos - Portal NPM","isPartOf":{"@id":"https:\/\/portalnpm.com\/#website"},"primaryImageOfPage":{"@id":"https:\/\/portalnpm.com\/index.php\/2018\/11\/23\/prefeitura-de-araripina-pe-abre-22-vagas-para-medicos\/#primaryimage"},"image":{"@id":"https:\/\/portalnpm.com\/index.php\/2018\/11\/23\/prefeitura-de-araripina-pe-abre-22-vagas-para-medicos\/#primaryimage"},"thumbnailUrl":"","datePublished":"2018-11-23T13:27:48+00:00","dateModified":"2018-11-23T13:27:48+00:00","author":{"@id":"https:\/\/portalnpm.com\/#\/schema\/person\/5c8006acdf71774cd4e7a5ab98482152"},"breadcrumb":{"@id":"https:\/\/portalnpm.com\/index.php\/2018\/11\/23\/prefeitura-de-araripina-pe-abre-22-vagas-para-medicos\/#breadcrumb"},"inLanguage":"pt-BR","potentialAction":[{"@type":"ReadAction","target":["https:\/\/portalnpm.com\/index.php\/2018\/11\/23\/prefeitura-de-araripina-pe-abre-22-vagas-para-medicos\/"]}]},{"@type":"ImageObject","inLanguage":"pt-BR","@id":"https:\/\/portalnpm.com\/index.php\/2018\/11\/23\/prefeitura-de-araripina-pe-abre-22-vagas-para-medicos\/#primaryimage","url":"","contentUrl":""},{"@type":"BreadcrumbList","@id":"https:\/\/portalnpm.com\/index.php\/2018\/11\/23\/prefeitura-de-araripina-pe-abre-22-vagas-para-medicos\/#breadcrumb","itemListElement":[{"@type":"ListItem","position":1,"name":"In\u00edcio","item":"https:\/\/portalnpm.com\/"},{"@type":"ListItem","position":2,"name":"Prefeitura de Araripina &#8211; PE abre 22 vagas para M\u00e9dicos"}]},{"@type":"WebSite","@id":"https:\/\/portalnpm.com\/#website","url":"https:\/\/portalnpm.com\/","name":"Portal NPM","description":"Not\u00edcias em Primeira M\u00e3o","potentialAction":[{"@type":"SearchAction","target":{"@type":"EntryPoint","urlTemplate":"https:\/\/portalnpm.com\/?s={search_term_string}"},"query-input":"required name=search_term_string"}],"inLanguage":"pt-BR"},{"@type":"Person","@id":"https:\/\/portalnpm.com\/#\/schema\/person\/5c8006acdf71774cd4e7a5ab98482152","name":"Luis Alberto","image":{"@type":"ImageObject","inLanguage":"pt-BR","@id":"https:\/\/portalnpm.com\/#\/schema\/person\/image\/","url":"https:\/\/portalnpm.com\/wp-content\/uploads\/2024\/12\/avatar_user_3_1734699769-96x96.jpeg","contentUrl":"https:\/\/portalnpm.com\/wp-content\/uploads\/2024\/12\/avatar_user_3_1734699769-96x96.jpeg","caption":"Luis Alberto"},"description":"Editor-geral do Portal NPM, \u00e9 formado como T\u00e9cnico em Seguran\u00e7a do Trabalho pela Escola Metropolitana de Cursos T\u00e9cnicos. Det\u00e9m ainda licenciatura em Educa\u00e7\u00e3o F\u00edsica e bacharelado em Ci\u00eancias Pol\u00edticas, ambos obtidos pela institui\u00e7\u00e3o Anhanguera\/UNOPAR.","url":"https:\/\/portalnpm.com\/index.php\/author\/pereira\/"}]}},"jetpack_sharing_enabled":true,"jetpack_featured_media_url":"","_links":{"self":[{"href":"https:\/\/portalnpm.com\/index.php\/wp-json\/wp\/v2\/posts\/2861"}],"collection":[{"href":"https:\/\/portalnpm.com\/index.php\/wp-json\/wp\/v2\/posts"}],"about":[{"href":"https:\/\/portalnpm.com\/index.php\/wp-json\/wp\/v2\/types\/post"}],"author":[{"embeddable":true,"href":"https:\/\/portalnpm.com\/index.php\/wp-json\/wp\/v2\/users\/3"}],"replies":[{"embeddable":true,"href":"https:\/\/portalnpm.com\/index.php\/wp-json\/wp\/v2\/comments?post=2861"}],"version-history":[{"count":0,"href":"https:\/\/portalnpm.com\/index.php\/wp-json\/wp\/v2\/posts\/2861\/revisions"}],"wp:featuredmedia":[{"embeddable":true,"href":"https:\/\/portalnpm.com\/index.php\/wp-json\/"}],"wp:attachment":[{"href":"https:\/\/portalnpm.com\/index.php\/wp-json\/wp\/v2\/media?parent=2861"}],"wp:term":[{"taxonomy":"category","embeddable":true,"href":"https:\/\/portalnpm.com\/index.php\/wp-json\/wp\/v2\/categories?post=2861"},{"taxonomy":"post_tag","embeddable":true,"href":"https:\/\/portalnpm.com\/index.php\/wp-json\/wp\/v2\/tags?post=2861"}],"curies":[{"name":"wp","href":"https:\/\/api.w.org\/{rel}","templated":true}]}}