{"id":287,"date":"2018-08-01T21:13:06","date_gmt":"2018-08-02T00:13:06","guid":{"rendered":"http:\/\/srv.portalnpm.com.br\/?p=287"},"modified":"2018-08-01T21:13:06","modified_gmt":"2018-08-02T00:13:06","slug":"quase-dois-milhoes-de-reais-foram-pagos-pelo-garantia-safra-em-pio-ix-afirma-prefeita-regina-coeli","status":"publish","type":"post","link":"https:\/\/portalnpm.com\/index.php\/2018\/08\/01\/quase-dois-milhoes-de-reais-foram-pagos-pelo-garantia-safra-em-pio-ix-afirma-prefeita-regina-coeli\/","title":{"rendered":"\u201cQuase dois milh\u00f5es de reais foram pagos pelo Garantia Safra em Pio IX\u201d, afirma prefeita Regina Coeli"},"content":{"rendered":"<p>O Munic\u00edpio de Pio IX est\u00e1 sendo contemplado desde mar\u00e7o de 2018, pelo programa Garantia Safra, que \u00e9 uma a\u00e7\u00e3o do Minist\u00e9rio do Desenvolvimento Agr\u00e1rio (MDA) financiado pelo Programa Nacional de Fortalecimento da Agricultura Familiar (Pronaf), que garante um benef\u00edcio financeiro por tempo determinado, no caso de perca da safra, devido ao fen\u00f4meno da estiagem ou excesso de chuva.<\/p>\n<p>A afirma\u00e7\u00e3o \u00e9 da prefeita do munic\u00edpio de Pio IX, Regina Coeli (PSB). Ela confirma que os contemplados com o benef\u00edcio est\u00e3o recebendo os recursos do programa, que foram divididas em cinco parcelas de R$170 referente \u00e0 safra 2017\/2018, totalizando R$ 850 por fam\u00edlia. Ainda segundo a gestora, esse ano 2.295 fam\u00edlias foram contempladas, totalizando R$1.950,750,00 injetados na economia do munic\u00edpio.<\/p>\n<p>Para que o agricultor participe \u00e9 necess\u00e1rio que, anualmente, estados, munic\u00edpios e agricultores fa\u00e7am ades\u00e3o ao programa por meio da inscri\u00e7\u00e3o e pagamento anual dos aportes que tem valores iguais a R$ 17 para agricultores; a R$ 51 para os munic\u00edpios; a R$ 102 para os estados; e a R$ 340, no m\u00ednimo, para a Uni\u00e3o. Os produtores s\u00f3 recebem o benef\u00edcio se todas as partes repassarem o recurso ao Fundo Garantia-Safra e se a perda de ao menos 50% da produ\u00e7\u00e3o for comprovada no munic\u00edpio.<\/p>\n<p>Em Pio IX, segundo o Secret\u00e1rio de Desenvolvimento Rural, Clairton Alencar, a administra\u00e7\u00e3o municipal, atrav\u00e9s da prefeita Regina, fez a ades\u00e3o e pagou o valor de mais de 117 mil reais de contrapartida.<\/p>\n<p>\u201cO benef\u00edcio para Pio IX s\u00f3 foi poss\u00edvel com o empenho da prefeita Regina Coeli, pois para que houvesse o pagamento do Garantia Safra aos benefici\u00e1rios, fez-se necess\u00e1rio a antecipa\u00e7\u00e3o da contrapartida Municipal no valor de R$ 117.045,00, dividido em cinco parcelas de R$ 23.409,00, al\u00e9m da contrapartida Estadual, Federal e dos benefici\u00e1rios\u201d, destaca o secret\u00e1rio Clairton Alencar.<\/p>\n<p><strong>Fonte: Cidades na Net<\/strong><\/p>\n","protected":false},"excerpt":{"rendered":"<p>O Munic\u00edpio de Pio IX est\u00e1 sendo contemplado desde mar\u00e7o de 2018, pelo programa Garantia Safra, que \u00e9 uma a\u00e7\u00e3o do Minist\u00e9rio do Desenvolvimento Agr\u00e1rio (MDA) financiado pelo Programa Nacional de Fortalecimento da Agricultura Familiar (Pronaf), que garante um benef\u00edcio financeiro por tempo determinado, no caso de perca da safra, devido ao fen\u00f4meno da estiagem &hellip;<\/p>\n","protected":false},"author":3,"featured_media":288,"comment_status":"open","ping_status":"open","sticky":false,"template":"","format":"standard","meta":{"content-type":"","rop_custom_images_group":[],"rop_custom_messages_group":[],"rop_publish_now":"initial","rop_publish_now_accounts":{"facebook_2648258775420054_1618374048415101":""},"rop_publish_now_history":[],"rop_publish_now_status":"pending","footnotes":"","_jetpack_memberships_contains_paid_content":false},"categories":[109,439],"tags":[440,441,442,443],"yoast_head":"<!-- This site is optimized with the Yoast SEO plugin v22.3 - https:\/\/yoast.com\/wordpress\/plugins\/seo\/ -->\n<title>\u201cQuase dois milh\u00f5es de reais foram pagos pelo Garantia Safra em Pio IX\u201d, afirma prefeita Regina Coeli - Portal NPM<\/title>\n<meta name=\"robots\" content=\"index, follow, max-snippet:-1, max-image-preview:large, max-video-preview:-1\" \/>\n<link rel=\"canonical\" href=\"https:\/\/portalnpm.com\/index.php\/2018\/08\/01\/quase-dois-milhoes-de-reais-foram-pagos-pelo-garantia-safra-em-pio-ix-afirma-prefeita-regina-coeli\/\" \/>\n<meta property=\"og:locale\" content=\"pt_BR\" \/>\n<meta property=\"og:type\" content=\"article\" \/>\n<meta property=\"og:title\" content=\"\u201cQuase dois milh\u00f5es de reais foram pagos pelo Garantia Safra em Pio IX\u201d, afirma prefeita Regina Coeli - Portal NPM\" \/>\n<meta property=\"og:description\" content=\"O Munic\u00edpio de Pio IX est\u00e1 sendo contemplado desde mar\u00e7o de 2018, pelo programa Garantia Safra, que \u00e9 uma a\u00e7\u00e3o do Minist\u00e9rio do Desenvolvimento Agr\u00e1rio (MDA) financiado pelo Programa Nacional de Fortalecimento da Agricultura Familiar (Pronaf), que garante um benef\u00edcio financeiro por tempo determinado, no caso de perca da safra, devido ao fen\u00f4meno da estiagem &hellip;\" \/>\n<meta property=\"og:url\" content=\"https:\/\/portalnpm.com\/index.php\/2018\/08\/01\/quase-dois-milhoes-de-reais-foram-pagos-pelo-garantia-safra-em-pio-ix-afirma-prefeita-regina-coeli\/\" \/>\n<meta property=\"og:site_name\" content=\"Portal NPM\" \/>\n<meta property=\"article:published_time\" content=\"2018-08-02T00:13:06+00:00\" \/>\n<meta name=\"author\" content=\"Luis Alberto\" \/>\n<meta name=\"twitter:card\" content=\"summary_large_image\" \/>\n<meta name=\"twitter:label1\" content=\"Escrito por\" \/>\n\t<meta name=\"twitter:data1\" content=\"Luis Alberto\" \/>\n\t<meta name=\"twitter:label2\" content=\"Est. tempo de leitura\" \/>\n\t<meta name=\"twitter:data2\" content=\"2 minutos\" \/>\n<script type=\"application\/ld+json\" class=\"yoast-schema-graph\">{\"@context\":\"https:\/\/schema.org\",\"@graph\":[{\"@type\":\"WebPage\",\"@id\":\"https:\/\/portalnpm.com\/index.php\/2018\/08\/01\/quase-dois-milhoes-de-reais-foram-pagos-pelo-garantia-safra-em-pio-ix-afirma-prefeita-regina-coeli\/\",\"url\":\"https:\/\/portalnpm.com\/index.php\/2018\/08\/01\/quase-dois-milhoes-de-reais-foram-pagos-pelo-garantia-safra-em-pio-ix-afirma-prefeita-regina-coeli\/\",\"name\":\"\u201cQuase dois milh\u00f5es de reais foram pagos pelo Garantia Safra em Pio IX\u201d, afirma prefeita Regina Coeli - Portal NPM\",\"isPartOf\":{\"@id\":\"https:\/\/portalnpm.com\/#website\"},\"primaryImageOfPage\":{\"@id\":\"https:\/\/portalnpm.com\/index.php\/2018\/08\/01\/quase-dois-milhoes-de-reais-foram-pagos-pelo-garantia-safra-em-pio-ix-afirma-prefeita-regina-coeli\/#primaryimage\"},\"image\":{\"@id\":\"https:\/\/portalnpm.com\/index.php\/2018\/08\/01\/quase-dois-milhoes-de-reais-foram-pagos-pelo-garantia-safra-em-pio-ix-afirma-prefeita-regina-coeli\/#primaryimage\"},\"thumbnailUrl\":\"\",\"datePublished\":\"2018-08-02T00:13:06+00:00\",\"dateModified\":\"2018-08-02T00:13:06+00:00\",\"author\":{\"@id\":\"https:\/\/portalnpm.com\/#\/schema\/person\/5c8006acdf71774cd4e7a5ab98482152\"},\"breadcrumb\":{\"@id\":\"https:\/\/portalnpm.com\/index.php\/2018\/08\/01\/quase-dois-milhoes-de-reais-foram-pagos-pelo-garantia-safra-em-pio-ix-afirma-prefeita-regina-coeli\/#breadcrumb\"},\"inLanguage\":\"pt-BR\",\"potentialAction\":[{\"@type\":\"ReadAction\",\"target\":[\"https:\/\/portalnpm.com\/index.php\/2018\/08\/01\/quase-dois-milhoes-de-reais-foram-pagos-pelo-garantia-safra-em-pio-ix-afirma-prefeita-regina-coeli\/\"]}]},{\"@type\":\"ImageObject\",\"inLanguage\":\"pt-BR\",\"@id\":\"https:\/\/portalnpm.com\/index.php\/2018\/08\/01\/quase-dois-milhoes-de-reais-foram-pagos-pelo-garantia-safra-em-pio-ix-afirma-prefeita-regina-coeli\/#primaryimage\",\"url\":\"\",\"contentUrl\":\"\"},{\"@type\":\"BreadcrumbList\",\"@id\":\"https:\/\/portalnpm.com\/index.php\/2018\/08\/01\/quase-dois-milhoes-de-reais-foram-pagos-pelo-garantia-safra-em-pio-ix-afirma-prefeita-regina-coeli\/#breadcrumb\",\"itemListElement\":[{\"@type\":\"ListItem\",\"position\":1,\"name\":\"In\u00edcio\",\"item\":\"https:\/\/portalnpm.com\/\"},{\"@type\":\"ListItem\",\"position\":2,\"name\":\"\u201cQuase dois milh\u00f5es de reais foram pagos pelo Garantia Safra em Pio IX\u201d, afirma prefeita Regina Coeli\"}]},{\"@type\":\"WebSite\",\"@id\":\"https:\/\/portalnpm.com\/#website\",\"url\":\"https:\/\/portalnpm.com\/\",\"name\":\"Portal NPM\",\"description\":\"Not\u00edcias em Primeira M\u00e3o\",\"potentialAction\":[{\"@type\":\"SearchAction\",\"target\":{\"@type\":\"EntryPoint\",\"urlTemplate\":\"https:\/\/portalnpm.com\/?s={search_term_string}\"},\"query-input\":\"required name=search_term_string\"}],\"inLanguage\":\"pt-BR\"},{\"@type\":\"Person\",\"@id\":\"https:\/\/portalnpm.com\/#\/schema\/person\/5c8006acdf71774cd4e7a5ab98482152\",\"name\":\"Luis Alberto\",\"image\":{\"@type\":\"ImageObject\",\"inLanguage\":\"pt-BR\",\"@id\":\"https:\/\/portalnpm.com\/#\/schema\/person\/image\/\",\"url\":\"https:\/\/portalnpm.com\/wp-content\/uploads\/2024\/12\/avatar_user_3_1734699769-96x96.jpeg\",\"contentUrl\":\"https:\/\/portalnpm.com\/wp-content\/uploads\/2024\/12\/avatar_user_3_1734699769-96x96.jpeg\",\"caption\":\"Luis Alberto\"},\"description\":\"Editor-geral do Portal NPM, \u00e9 formado como T\u00e9cnico em Seguran\u00e7a do Trabalho pela Escola Metropolitana de Cursos T\u00e9cnicos. Det\u00e9m ainda licenciatura em Educa\u00e7\u00e3o F\u00edsica e bacharelado em Ci\u00eancias Pol\u00edticas, ambos obtidos pela institui\u00e7\u00e3o Anhanguera\/UNOPAR.\",\"url\":\"https:\/\/portalnpm.com\/index.php\/author\/pereira\/\"}]}<\/script>\n<!-- \/ Yoast SEO plugin. -->","yoast_head_json":{"title":"\u201cQuase dois milh\u00f5es de reais foram pagos pelo Garantia Safra em Pio IX\u201d, afirma prefeita Regina Coeli - Portal NPM","robots":{"index":"index","follow":"follow","max-snippet":"max-snippet:-1","max-image-preview":"max-image-preview:large","max-video-preview":"max-video-preview:-1"},"canonical":"https:\/\/portalnpm.com\/index.php\/2018\/08\/01\/quase-dois-milhoes-de-reais-foram-pagos-pelo-garantia-safra-em-pio-ix-afirma-prefeita-regina-coeli\/","og_locale":"pt_BR","og_type":"article","og_title":"\u201cQuase dois milh\u00f5es de reais foram pagos pelo Garantia Safra em Pio IX\u201d, afirma prefeita Regina Coeli - Portal NPM","og_description":"O Munic\u00edpio de Pio IX est\u00e1 sendo contemplado desde mar\u00e7o de 2018, pelo programa Garantia Safra, que \u00e9 uma a\u00e7\u00e3o do Minist\u00e9rio do Desenvolvimento Agr\u00e1rio (MDA) financiado pelo Programa Nacional de Fortalecimento da Agricultura Familiar (Pronaf), que garante um benef\u00edcio financeiro por tempo determinado, no caso de perca da safra, devido ao fen\u00f4meno da estiagem &hellip;","og_url":"https:\/\/portalnpm.com\/index.php\/2018\/08\/01\/quase-dois-milhoes-de-reais-foram-pagos-pelo-garantia-safra-em-pio-ix-afirma-prefeita-regina-coeli\/","og_site_name":"Portal NPM","article_published_time":"2018-08-02T00:13:06+00:00","author":"Luis Alberto","twitter_card":"summary_large_image","twitter_misc":{"Escrito por":"Luis Alberto","Est. tempo de leitura":"2 minutos"},"schema":{"@context":"https:\/\/schema.org","@graph":[{"@type":"WebPage","@id":"https:\/\/portalnpm.com\/index.php\/2018\/08\/01\/quase-dois-milhoes-de-reais-foram-pagos-pelo-garantia-safra-em-pio-ix-afirma-prefeita-regina-coeli\/","url":"https:\/\/portalnpm.com\/index.php\/2018\/08\/01\/quase-dois-milhoes-de-reais-foram-pagos-pelo-garantia-safra-em-pio-ix-afirma-prefeita-regina-coeli\/","name":"\u201cQuase dois milh\u00f5es de reais foram pagos pelo Garantia Safra em Pio IX\u201d, afirma prefeita Regina Coeli - Portal NPM","isPartOf":{"@id":"https:\/\/portalnpm.com\/#website"},"primaryImageOfPage":{"@id":"https:\/\/portalnpm.com\/index.php\/2018\/08\/01\/quase-dois-milhoes-de-reais-foram-pagos-pelo-garantia-safra-em-pio-ix-afirma-prefeita-regina-coeli\/#primaryimage"},"image":{"@id":"https:\/\/portalnpm.com\/index.php\/2018\/08\/01\/quase-dois-milhoes-de-reais-foram-pagos-pelo-garantia-safra-em-pio-ix-afirma-prefeita-regina-coeli\/#primaryimage"},"thumbnailUrl":"","datePublished":"2018-08-02T00:13:06+00:00","dateModified":"2018-08-02T00:13:06+00:00","author":{"@id":"https:\/\/portalnpm.com\/#\/schema\/person\/5c8006acdf71774cd4e7a5ab98482152"},"breadcrumb":{"@id":"https:\/\/portalnpm.com\/index.php\/2018\/08\/01\/quase-dois-milhoes-de-reais-foram-pagos-pelo-garantia-safra-em-pio-ix-afirma-prefeita-regina-coeli\/#breadcrumb"},"inLanguage":"pt-BR","potentialAction":[{"@type":"ReadAction","target":["https:\/\/portalnpm.com\/index.php\/2018\/08\/01\/quase-dois-milhoes-de-reais-foram-pagos-pelo-garantia-safra-em-pio-ix-afirma-prefeita-regina-coeli\/"]}]},{"@type":"ImageObject","inLanguage":"pt-BR","@id":"https:\/\/portalnpm.com\/index.php\/2018\/08\/01\/quase-dois-milhoes-de-reais-foram-pagos-pelo-garantia-safra-em-pio-ix-afirma-prefeita-regina-coeli\/#primaryimage","url":"","contentUrl":""},{"@type":"BreadcrumbList","@id":"https:\/\/portalnpm.com\/index.php\/2018\/08\/01\/quase-dois-milhoes-de-reais-foram-pagos-pelo-garantia-safra-em-pio-ix-afirma-prefeita-regina-coeli\/#breadcrumb","itemListElement":[{"@type":"ListItem","position":1,"name":"In\u00edcio","item":"https:\/\/portalnpm.com\/"},{"@type":"ListItem","position":2,"name":"\u201cQuase dois milh\u00f5es de reais foram pagos pelo Garantia Safra em Pio IX\u201d, afirma prefeita Regina Coeli"}]},{"@type":"WebSite","@id":"https:\/\/portalnpm.com\/#website","url":"https:\/\/portalnpm.com\/","name":"Portal NPM","description":"Not\u00edcias em Primeira M\u00e3o","potentialAction":[{"@type":"SearchAction","target":{"@type":"EntryPoint","urlTemplate":"https:\/\/portalnpm.com\/?s={search_term_string}"},"query-input":"required name=search_term_string"}],"inLanguage":"pt-BR"},{"@type":"Person","@id":"https:\/\/portalnpm.com\/#\/schema\/person\/5c8006acdf71774cd4e7a5ab98482152","name":"Luis Alberto","image":{"@type":"ImageObject","inLanguage":"pt-BR","@id":"https:\/\/portalnpm.com\/#\/schema\/person\/image\/","url":"https:\/\/portalnpm.com\/wp-content\/uploads\/2024\/12\/avatar_user_3_1734699769-96x96.jpeg","contentUrl":"https:\/\/portalnpm.com\/wp-content\/uploads\/2024\/12\/avatar_user_3_1734699769-96x96.jpeg","caption":"Luis Alberto"},"description":"Editor-geral do Portal NPM, \u00e9 formado como T\u00e9cnico em Seguran\u00e7a do Trabalho pela Escola Metropolitana de Cursos T\u00e9cnicos. Det\u00e9m ainda licenciatura em Educa\u00e7\u00e3o F\u00edsica e bacharelado em Ci\u00eancias Pol\u00edticas, ambos obtidos pela institui\u00e7\u00e3o Anhanguera\/UNOPAR.","url":"https:\/\/portalnpm.com\/index.php\/author\/pereira\/"}]}},"jetpack_sharing_enabled":true,"jetpack_featured_media_url":"","_links":{"self":[{"href":"https:\/\/portalnpm.com\/index.php\/wp-json\/wp\/v2\/posts\/287"}],"collection":[{"href":"https:\/\/portalnpm.com\/index.php\/wp-json\/wp\/v2\/posts"}],"about":[{"href":"https:\/\/portalnpm.com\/index.php\/wp-json\/wp\/v2\/types\/post"}],"author":[{"embeddable":true,"href":"https:\/\/portalnpm.com\/index.php\/wp-json\/wp\/v2\/users\/3"}],"replies":[{"embeddable":true,"href":"https:\/\/portalnpm.com\/index.php\/wp-json\/wp\/v2\/comments?post=287"}],"version-history":[{"count":0,"href":"https:\/\/portalnpm.com\/index.php\/wp-json\/wp\/v2\/posts\/287\/revisions"}],"wp:featuredmedia":[{"embeddable":true,"href":"https:\/\/portalnpm.com\/index.php\/wp-json\/"}],"wp:attachment":[{"href":"https:\/\/portalnpm.com\/index.php\/wp-json\/wp\/v2\/media?parent=287"}],"wp:term":[{"taxonomy":"category","embeddable":true,"href":"https:\/\/portalnpm.com\/index.php\/wp-json\/wp\/v2\/categories?post=287"},{"taxonomy":"post_tag","embeddable":true,"href":"https:\/\/portalnpm.com\/index.php\/wp-json\/wp\/v2\/tags?post=287"}],"curies":[{"name":"wp","href":"https:\/\/api.w.org\/{rel}","templated":true}]}}