{"id":2932,"date":"2018-11-26T14:27:16","date_gmt":"2018-11-26T16:27:16","guid":{"rendered":"http:\/\/srv.portalnpm.com.br\/?p=2932"},"modified":"2018-11-26T14:27:16","modified_gmt":"2018-11-26T16:27:16","slug":"encontro-regional-de-prefeitos-em-padre-marcos-vai-debater-assuntos-importantes-para-o-municipalismo","status":"publish","type":"post","link":"https:\/\/portalnpm.com\/index.php\/2018\/11\/26\/encontro-regional-de-prefeitos-em-padre-marcos-vai-debater-assuntos-importantes-para-o-municipalismo\/","title":{"rendered":"Encontro regional de prefeitos em Padre Marcos vai debater assuntos importantes para o municipalismo"},"content":{"rendered":"<p style=\"text-align: justify;\">Associa\u00e7\u00e3o dos Munic\u00edpios do Vale do Itaim (AMVI) realiza na pr\u00f3xima sexta-feira (30), na cidade de Padre Marcos, o 6\u00ba encontro regional de prefeitos. \u00a0O evento acontecer\u00e1 no audit\u00f3rio da C\u00e2mara Municipal, a partir das 15h.<\/p>\n<p style=\"text-align: justify;\">O prefeito de Caridade do Piau\u00ed e presidente da entidade, Antoniel de Sousa Silva, o Toninho \u2013 PSD, divulgou a pauta do encontro e afirmou que s\u00e3o temas importantes para a gest\u00e3o dos munic\u00edpios.<\/p>\n<p style=\"text-align: justify;\">\u201c\u00c9 de grande import\u00e2ncia a presen\u00e7a dos prefeitos nesta sexta reuni\u00e3o ordin\u00e1ria, quando vamos discutir assuntos como o novo tratamento e manejo de res\u00edduos s\u00f3lidos, projeto e adequa\u00e7\u00e3o dos munic\u00edpios, parceria do IFPI e os munic\u00edpios do Vale do Itaim, a nova gest\u00e3o da Eletrobras e os repasses da Cosip, proete e cofinanciamento do Governo do Estado e sobre a elei\u00e7\u00e3o da APPM.\u201d, listou Toninho.<\/p>\n<p style=\"text-align: justify;\">Al\u00e9m dos prefeitos e outros gestores municipais, o evento ter\u00e1 a participa\u00e7\u00e3o do diretor comercial da Retter, Ricardo Augusto, e do diretor geral do IFPI, professor Francisco Washington.<\/p>\n<p style=\"text-align: justify;\">Os encontros organizados pela AMVI t\u00eam se destacado pela participa\u00e7\u00e3o e por promover a troca de experi\u00eancia entre gestores, obten\u00e7\u00e3o de novos conhecimentos e a busca de alternativas para o desenvolvimento dos munic\u00edpios da regi\u00e3o.<\/p>\n<figure id=\"attachment_2933\" aria-describedby=\"caption-attachment-2933\" style=\"width: 300px\" class=\"wp-caption alignnone\"><img decoding=\"async\" class=\"size-medium wp-image-2933\" src=\"http:\/\/portalnpm.com.br\/wp-content\/uploads\/2018\/11\/Valdinar-prefeito-Padre-Marcos-1-768x384-300x150.jpg\" alt=\"\" width=\"300\" height=\"150\" \/><figcaption id=\"caption-attachment-2933\" class=\"wp-caption-text\">Jos\u00e9 Valdinar, prefeito de Padre Marcos<\/figcaption><\/figure>\n<p style=\"text-align: justify;\">O prefeito de Padre Marcos, Jos\u00e9 Valdinar da Silva \u2013 PSB, refor\u00e7ou o convite. \u201cSer\u00e1 um encontro importante para os munic\u00edpios, considerando que a Associa\u00e7\u00e3o preparou uma pauta com temas atuais. Por isso, refor\u00e7amos o convite aos colegas prefeitos para que participem do encontro. Estaremos de portas abertas para acolher a todos.\u201d, pontuou.<\/p>\n<p style=\"text-align: justify;\">Padre Marcos ser\u00e1 a sexta cidade a receber a caravana da Associa\u00e7\u00e3o dos Munic\u00edpios do Vale do Itaim. O \u00faltimo encontro aconteceu no m\u00eas de julho deste ano, em Marcol\u00e2ndia. Outras cidades que tamb\u00e9m sediaram encontros foram Caridade, Picos, Jaic\u00f3s e Jacobina do Piau\u00ed.<\/p>\n<figure id=\"attachment_2934\" aria-describedby=\"caption-attachment-2934\" style=\"width: 300px\" class=\"wp-caption alignnone\"><img fetchpriority=\"high\" decoding=\"async\" class=\"size-medium wp-image-2934\" src=\"http:\/\/portalnpm.com.br\/wp-content\/uploads\/2018\/11\/Pauta-Amvi-768x530-300x207.jpg\" alt=\"\" width=\"300\" height=\"207\" \/><figcaption id=\"caption-attachment-2934\" class=\"wp-caption-text\">Convite e pauta da reuni\u00e3o<\/figcaption><\/figure>\n<p style=\"text-align: justify;\"><strong>Fonte: Cidades Na Net<\/strong><\/p>\n","protected":false},"excerpt":{"rendered":"<p>Associa\u00e7\u00e3o dos Munic\u00edpios do Vale do Itaim (AMVI) realiza na pr\u00f3xima sexta-feira (30), na cidade de Padre Marcos, o 6\u00ba encontro regional de prefeitos. \u00a0O evento acontecer\u00e1 no audit\u00f3rio da C\u00e2mara Municipal, a partir das 15h. O prefeito de Caridade do Piau\u00ed e presidente da entidade, Antoniel de Sousa Silva, o Toninho \u2013 PSD, divulgou &hellip;<\/p>\n","protected":false},"author":4,"featured_media":2935,"comment_status":"open","ping_status":"open","sticky":false,"template":"","format":"standard","meta":{"content-type":"","rop_custom_images_group":[],"rop_custom_messages_group":[],"rop_publish_now":"initial","rop_publish_now_accounts":{"facebook_2648258775420054_1618374048415101":""},"rop_publish_now_history":[],"rop_publish_now_status":"pending","footnotes":"","_jetpack_memberships_contains_paid_content":false},"categories":[113,109,119,130],"tags":[1520,1487],"yoast_head":"<!-- This site is optimized with the Yoast SEO plugin v22.3 - https:\/\/yoast.com\/wordpress\/plugins\/seo\/ -->\n<title>Encontro regional de prefeitos em Padre Marcos vai debater assuntos importantes para o municipalismo - Portal NPM<\/title>\n<meta name=\"robots\" content=\"index, follow, max-snippet:-1, max-image-preview:large, max-video-preview:-1\" \/>\n<link rel=\"canonical\" href=\"https:\/\/portalnpm.com\/index.php\/2018\/11\/26\/encontro-regional-de-prefeitos-em-padre-marcos-vai-debater-assuntos-importantes-para-o-municipalismo\/\" \/>\n<meta property=\"og:locale\" content=\"pt_BR\" \/>\n<meta property=\"og:type\" content=\"article\" \/>\n<meta property=\"og:title\" content=\"Encontro regional de prefeitos em Padre Marcos vai debater assuntos importantes para o municipalismo - Portal NPM\" \/>\n<meta property=\"og:description\" content=\"Associa\u00e7\u00e3o dos Munic\u00edpios do Vale do Itaim (AMVI) realiza na pr\u00f3xima sexta-feira (30), na cidade de Padre Marcos, o 6\u00ba encontro regional de prefeitos. \u00a0O evento acontecer\u00e1 no audit\u00f3rio da C\u00e2mara Municipal, a partir das 15h. O prefeito de Caridade do Piau\u00ed e presidente da entidade, Antoniel de Sousa Silva, o Toninho \u2013 PSD, divulgou &hellip;\" \/>\n<meta property=\"og:url\" content=\"https:\/\/portalnpm.com\/index.php\/2018\/11\/26\/encontro-regional-de-prefeitos-em-padre-marcos-vai-debater-assuntos-importantes-para-o-municipalismo\/\" \/>\n<meta property=\"og:site_name\" content=\"Portal NPM\" \/>\n<meta property=\"article:published_time\" content=\"2018-11-26T16:27:16+00:00\" \/>\n<meta name=\"author\" content=\"Reda\u00e7\u00e3o\" \/>\n<meta name=\"twitter:card\" content=\"summary_large_image\" \/>\n<meta name=\"twitter:label1\" content=\"Escrito por\" \/>\n\t<meta name=\"twitter:data1\" content=\"Reda\u00e7\u00e3o\" \/>\n\t<meta name=\"twitter:label2\" content=\"Est. tempo de leitura\" \/>\n\t<meta name=\"twitter:data2\" content=\"2 minutos\" \/>\n<script type=\"application\/ld+json\" class=\"yoast-schema-graph\">{\"@context\":\"https:\/\/schema.org\",\"@graph\":[{\"@type\":\"WebPage\",\"@id\":\"https:\/\/portalnpm.com\/index.php\/2018\/11\/26\/encontro-regional-de-prefeitos-em-padre-marcos-vai-debater-assuntos-importantes-para-o-municipalismo\/\",\"url\":\"https:\/\/portalnpm.com\/index.php\/2018\/11\/26\/encontro-regional-de-prefeitos-em-padre-marcos-vai-debater-assuntos-importantes-para-o-municipalismo\/\",\"name\":\"Encontro regional de prefeitos em Padre Marcos vai debater assuntos importantes para o municipalismo - Portal NPM\",\"isPartOf\":{\"@id\":\"https:\/\/portalnpm.com\/#website\"},\"primaryImageOfPage\":{\"@id\":\"https:\/\/portalnpm.com\/index.php\/2018\/11\/26\/encontro-regional-de-prefeitos-em-padre-marcos-vai-debater-assuntos-importantes-para-o-municipalismo\/#primaryimage\"},\"image\":{\"@id\":\"https:\/\/portalnpm.com\/index.php\/2018\/11\/26\/encontro-regional-de-prefeitos-em-padre-marcos-vai-debater-assuntos-importantes-para-o-municipalismo\/#primaryimage\"},\"thumbnailUrl\":\"\",\"datePublished\":\"2018-11-26T16:27:16+00:00\",\"dateModified\":\"2018-11-26T16:27:16+00:00\",\"author\":{\"@id\":\"https:\/\/portalnpm.com\/#\/schema\/person\/0b5f230ec96cee25504fa328e7f2b733\"},\"breadcrumb\":{\"@id\":\"https:\/\/portalnpm.com\/index.php\/2018\/11\/26\/encontro-regional-de-prefeitos-em-padre-marcos-vai-debater-assuntos-importantes-para-o-municipalismo\/#breadcrumb\"},\"inLanguage\":\"pt-BR\",\"potentialAction\":[{\"@type\":\"ReadAction\",\"target\":[\"https:\/\/portalnpm.com\/index.php\/2018\/11\/26\/encontro-regional-de-prefeitos-em-padre-marcos-vai-debater-assuntos-importantes-para-o-municipalismo\/\"]}]},{\"@type\":\"ImageObject\",\"inLanguage\":\"pt-BR\",\"@id\":\"https:\/\/portalnpm.com\/index.php\/2018\/11\/26\/encontro-regional-de-prefeitos-em-padre-marcos-vai-debater-assuntos-importantes-para-o-municipalismo\/#primaryimage\",\"url\":\"\",\"contentUrl\":\"\"},{\"@type\":\"BreadcrumbList\",\"@id\":\"https:\/\/portalnpm.com\/index.php\/2018\/11\/26\/encontro-regional-de-prefeitos-em-padre-marcos-vai-debater-assuntos-importantes-para-o-municipalismo\/#breadcrumb\",\"itemListElement\":[{\"@type\":\"ListItem\",\"position\":1,\"name\":\"In\u00edcio\",\"item\":\"https:\/\/portalnpm.com\/\"},{\"@type\":\"ListItem\",\"position\":2,\"name\":\"Encontro regional de prefeitos em Padre Marcos vai debater assuntos importantes para o municipalismo\"}]},{\"@type\":\"WebSite\",\"@id\":\"https:\/\/portalnpm.com\/#website\",\"url\":\"https:\/\/portalnpm.com\/\",\"name\":\"Portal NPM\",\"description\":\"Not\u00edcias em Primeira M\u00e3o\",\"potentialAction\":[{\"@type\":\"SearchAction\",\"target\":{\"@type\":\"EntryPoint\",\"urlTemplate\":\"https:\/\/portalnpm.com\/?s={search_term_string}\"},\"query-input\":\"required name=search_term_string\"}],\"inLanguage\":\"pt-BR\"},{\"@type\":\"Person\",\"@id\":\"https:\/\/portalnpm.com\/#\/schema\/person\/0b5f230ec96cee25504fa328e7f2b733\",\"name\":\"Reda\u00e7\u00e3o\",\"image\":{\"@type\":\"ImageObject\",\"inLanguage\":\"pt-BR\",\"@id\":\"https:\/\/portalnpm.com\/#\/schema\/person\/image\/\",\"url\":\"https:\/\/portalnpm.com\/wp-content\/uploads\/2024\/03\/avatar_user_4_1710097212-96x96.png\",\"contentUrl\":\"https:\/\/portalnpm.com\/wp-content\/uploads\/2024\/03\/avatar_user_4_1710097212-96x96.png\",\"caption\":\"Reda\u00e7\u00e3o\"},\"url\":\"https:\/\/portalnpm.com\/index.php\/author\/redacao\/\"}]}<\/script>\n<!-- \/ Yoast SEO plugin. -->","yoast_head_json":{"title":"Encontro regional de prefeitos em Padre Marcos vai debater assuntos importantes para o municipalismo - Portal NPM","robots":{"index":"index","follow":"follow","max-snippet":"max-snippet:-1","max-image-preview":"max-image-preview:large","max-video-preview":"max-video-preview:-1"},"canonical":"https:\/\/portalnpm.com\/index.php\/2018\/11\/26\/encontro-regional-de-prefeitos-em-padre-marcos-vai-debater-assuntos-importantes-para-o-municipalismo\/","og_locale":"pt_BR","og_type":"article","og_title":"Encontro regional de prefeitos em Padre Marcos vai debater assuntos importantes para o municipalismo - Portal NPM","og_description":"Associa\u00e7\u00e3o dos Munic\u00edpios do Vale do Itaim (AMVI) realiza na pr\u00f3xima sexta-feira (30), na cidade de Padre Marcos, o 6\u00ba encontro regional de prefeitos. \u00a0O evento acontecer\u00e1 no audit\u00f3rio da C\u00e2mara Municipal, a partir das 15h. O prefeito de Caridade do Piau\u00ed e presidente da entidade, Antoniel de Sousa Silva, o Toninho \u2013 PSD, divulgou &hellip;","og_url":"https:\/\/portalnpm.com\/index.php\/2018\/11\/26\/encontro-regional-de-prefeitos-em-padre-marcos-vai-debater-assuntos-importantes-para-o-municipalismo\/","og_site_name":"Portal NPM","article_published_time":"2018-11-26T16:27:16+00:00","author":"Reda\u00e7\u00e3o","twitter_card":"summary_large_image","twitter_misc":{"Escrito por":"Reda\u00e7\u00e3o","Est. tempo de leitura":"2 minutos"},"schema":{"@context":"https:\/\/schema.org","@graph":[{"@type":"WebPage","@id":"https:\/\/portalnpm.com\/index.php\/2018\/11\/26\/encontro-regional-de-prefeitos-em-padre-marcos-vai-debater-assuntos-importantes-para-o-municipalismo\/","url":"https:\/\/portalnpm.com\/index.php\/2018\/11\/26\/encontro-regional-de-prefeitos-em-padre-marcos-vai-debater-assuntos-importantes-para-o-municipalismo\/","name":"Encontro regional de prefeitos em Padre Marcos vai debater assuntos importantes para o municipalismo - Portal NPM","isPartOf":{"@id":"https:\/\/portalnpm.com\/#website"},"primaryImageOfPage":{"@id":"https:\/\/portalnpm.com\/index.php\/2018\/11\/26\/encontro-regional-de-prefeitos-em-padre-marcos-vai-debater-assuntos-importantes-para-o-municipalismo\/#primaryimage"},"image":{"@id":"https:\/\/portalnpm.com\/index.php\/2018\/11\/26\/encontro-regional-de-prefeitos-em-padre-marcos-vai-debater-assuntos-importantes-para-o-municipalismo\/#primaryimage"},"thumbnailUrl":"","datePublished":"2018-11-26T16:27:16+00:00","dateModified":"2018-11-26T16:27:16+00:00","author":{"@id":"https:\/\/portalnpm.com\/#\/schema\/person\/0b5f230ec96cee25504fa328e7f2b733"},"breadcrumb":{"@id":"https:\/\/portalnpm.com\/index.php\/2018\/11\/26\/encontro-regional-de-prefeitos-em-padre-marcos-vai-debater-assuntos-importantes-para-o-municipalismo\/#breadcrumb"},"inLanguage":"pt-BR","potentialAction":[{"@type":"ReadAction","target":["https:\/\/portalnpm.com\/index.php\/2018\/11\/26\/encontro-regional-de-prefeitos-em-padre-marcos-vai-debater-assuntos-importantes-para-o-municipalismo\/"]}]},{"@type":"ImageObject","inLanguage":"pt-BR","@id":"https:\/\/portalnpm.com\/index.php\/2018\/11\/26\/encontro-regional-de-prefeitos-em-padre-marcos-vai-debater-assuntos-importantes-para-o-municipalismo\/#primaryimage","url":"","contentUrl":""},{"@type":"BreadcrumbList","@id":"https:\/\/portalnpm.com\/index.php\/2018\/11\/26\/encontro-regional-de-prefeitos-em-padre-marcos-vai-debater-assuntos-importantes-para-o-municipalismo\/#breadcrumb","itemListElement":[{"@type":"ListItem","position":1,"name":"In\u00edcio","item":"https:\/\/portalnpm.com\/"},{"@type":"ListItem","position":2,"name":"Encontro regional de prefeitos em Padre Marcos vai debater assuntos importantes para o municipalismo"}]},{"@type":"WebSite","@id":"https:\/\/portalnpm.com\/#website","url":"https:\/\/portalnpm.com\/","name":"Portal NPM","description":"Not\u00edcias em Primeira M\u00e3o","potentialAction":[{"@type":"SearchAction","target":{"@type":"EntryPoint","urlTemplate":"https:\/\/portalnpm.com\/?s={search_term_string}"},"query-input":"required name=search_term_string"}],"inLanguage":"pt-BR"},{"@type":"Person","@id":"https:\/\/portalnpm.com\/#\/schema\/person\/0b5f230ec96cee25504fa328e7f2b733","name":"Reda\u00e7\u00e3o","image":{"@type":"ImageObject","inLanguage":"pt-BR","@id":"https:\/\/portalnpm.com\/#\/schema\/person\/image\/","url":"https:\/\/portalnpm.com\/wp-content\/uploads\/2024\/03\/avatar_user_4_1710097212-96x96.png","contentUrl":"https:\/\/portalnpm.com\/wp-content\/uploads\/2024\/03\/avatar_user_4_1710097212-96x96.png","caption":"Reda\u00e7\u00e3o"},"url":"https:\/\/portalnpm.com\/index.php\/author\/redacao\/"}]}},"jetpack_sharing_enabled":true,"jetpack_featured_media_url":"","_links":{"self":[{"href":"https:\/\/portalnpm.com\/index.php\/wp-json\/wp\/v2\/posts\/2932"}],"collection":[{"href":"https:\/\/portalnpm.com\/index.php\/wp-json\/wp\/v2\/posts"}],"about":[{"href":"https:\/\/portalnpm.com\/index.php\/wp-json\/wp\/v2\/types\/post"}],"author":[{"embeddable":true,"href":"https:\/\/portalnpm.com\/index.php\/wp-json\/wp\/v2\/users\/4"}],"replies":[{"embeddable":true,"href":"https:\/\/portalnpm.com\/index.php\/wp-json\/wp\/v2\/comments?post=2932"}],"version-history":[{"count":0,"href":"https:\/\/portalnpm.com\/index.php\/wp-json\/wp\/v2\/posts\/2932\/revisions"}],"wp:featuredmedia":[{"embeddable":true,"href":"https:\/\/portalnpm.com\/index.php\/wp-json\/"}],"wp:attachment":[{"href":"https:\/\/portalnpm.com\/index.php\/wp-json\/wp\/v2\/media?parent=2932"}],"wp:term":[{"taxonomy":"category","embeddable":true,"href":"https:\/\/portalnpm.com\/index.php\/wp-json\/wp\/v2\/categories?post=2932"},{"taxonomy":"post_tag","embeddable":true,"href":"https:\/\/portalnpm.com\/index.php\/wp-json\/wp\/v2\/tags?post=2932"}],"curies":[{"name":"wp","href":"https:\/\/api.w.org\/{rel}","templated":true}]}}