{"id":2964,"date":"2018-11-26T18:29:37","date_gmt":"2018-11-26T20:29:37","guid":{"rendered":"http:\/\/srv.portalnpm.com.br\/?p=2964"},"modified":"2018-11-26T18:29:37","modified_gmt":"2018-11-26T20:29:37","slug":"motociclista-morre-em-colisao-frontal-na-br-407-em-jaicos","status":"publish","type":"post","link":"https:\/\/portalnpm.com\/index.php\/2018\/11\/26\/motociclista-morre-em-colisao-frontal-na-br-407-em-jaicos\/","title":{"rendered":"Motociclista morre em colis\u00e3o frontal na BR 407 em Jaic\u00f3s"},"content":{"rendered":"<p style=\"text-align: justify;\">Um homem de 32 anos de idade morreu em um grave acidente automobil\u00edstico ocorrido na tarde desta segunda-feira (26), por volta das 16h20, na BR 407, na comunidade Morro do Padre, distante cerca de 5 km da cidade, sentido Picos.<\/p>\n<p style=\"text-align: justify;\">O acidente envolveu dois ve\u00edculos em uma violenta colis\u00e3o frontal \u2013 uma camionete modelo Toyota Hilux, cor verde e placas de Ribeira do Pombal \u2013 Bahia, e uma motocicleta modelo Honda CG Fan, de cor preta e placa de Santa Filomena, Pernambuco.<\/p>\n<p style=\"text-align: justify;\">Segundo relato do motorista do carro e de populares, a motocicleta, que seguia sentido Picos, invadiu a contram\u00e3o ao realizar uma ultrapassagem e foi colhido pelo carro que trafegava em sentido contr\u00e1rio.<\/p>\n<p style=\"text-align: justify;\">O condutor da moto, identificado por Jos\u00e9 Francisco Patr\u00edcio, tamb\u00e9m conhecido por Beto, n\u00e3o resistiu \u00e0s graves les\u00f5es causadas pela colis\u00e3o e teve morte imediata. Segundo informa\u00e7\u00f5es, a v\u00edtima fatal reside em um assentamento situado na divisa dos munic\u00edpios de Jaic\u00f3s e Geminiano.<\/p>\n<p style=\"text-align: justify;\">Na camionete estavam duas pessoas, que haviam sa\u00eddo de Picos em dire\u00e7\u00e3o \u00e0 cidade de Ribeira do Pombal. Apesar da gravidade do acidente e do estrago no ve\u00edculo, os dois n\u00e3o sofreram nenhum ferimento.<\/p>\n<p style=\"text-align: justify;\">A Pol\u00edcia Militar foi acionada e est\u00e1 no local.<\/p>\n<p><img fetchpriority=\"high\" decoding=\"async\" class=\"alignnone size-medium wp-image-2966\" src=\"http:\/\/portalnpm.com.br\/wp-content\/uploads\/2018\/11\/DSC_0326-7-768x513-300x200.jpg\" alt=\"\" width=\"300\" height=\"200\" \/> <img decoding=\"async\" class=\"alignnone size-medium wp-image-2967\" src=\"http:\/\/portalnpm.com.br\/wp-content\/uploads\/2018\/11\/DSC_0339-4-768x513-300x200.jpg\" alt=\"\" width=\"300\" height=\"200\" \/> <img decoding=\"async\" class=\"alignnone size-medium wp-image-2968\" src=\"http:\/\/portalnpm.com.br\/wp-content\/uploads\/2018\/11\/DSC_0337-6-768x513-300x200.jpg\" alt=\"\" width=\"300\" height=\"200\" \/> <img loading=\"lazy\" decoding=\"async\" class=\"alignnone size-medium wp-image-2969\" src=\"http:\/\/portalnpm.com.br\/wp-content\/uploads\/2018\/11\/DSC_0324-5-768x513-300x200.jpg\" alt=\"\" width=\"300\" height=\"200\" \/> <img loading=\"lazy\" decoding=\"async\" class=\"alignnone size-medium wp-image-2970\" src=\"http:\/\/portalnpm.com.br\/wp-content\/uploads\/2018\/11\/DSC_0319-7-768x513-300x200.jpg\" alt=\"\" width=\"300\" height=\"200\" \/> <img loading=\"lazy\" decoding=\"async\" class=\"alignnone size-medium wp-image-2971\" src=\"http:\/\/portalnpm.com.br\/wp-content\/uploads\/2018\/11\/DSC_0333-5-768x513-300x200.jpg\" alt=\"\" width=\"300\" height=\"200\" \/> <img loading=\"lazy\" decoding=\"async\" class=\"alignnone size-medium wp-image-2972\" src=\"http:\/\/portalnpm.com.br\/wp-content\/uploads\/2018\/11\/DSC_0331-5-768x513-300x200.jpg\" alt=\"\" width=\"300\" height=\"200\" \/> <img loading=\"lazy\" decoding=\"async\" class=\"alignnone size-medium wp-image-2973\" src=\"http:\/\/portalnpm.com.br\/wp-content\/uploads\/2018\/11\/DSC_0328-7-768x513-300x200.jpg\" alt=\"\" width=\"300\" height=\"200\" \/> <img loading=\"lazy\" decoding=\"async\" class=\"alignnone size-medium wp-image-2974\" src=\"http:\/\/portalnpm.com.br\/wp-content\/uploads\/2018\/11\/DSC_0316-3-768x513-300x200.jpg\" alt=\"\" width=\"300\" height=\"200\" \/><\/p>\n<p><strong>Fonte<\/strong>: Cidades na Net<\/p>\n","protected":false},"excerpt":{"rendered":"<p>Um homem de 32 anos de idade morreu em um grave acidente automobil\u00edstico ocorrido na tarde desta segunda-feira (26), por volta das 16h20, na BR 407, na comunidade Morro do Padre, distante cerca de 5 km da cidade, sentido Picos. O acidente envolveu dois ve\u00edculos em uma violenta colis\u00e3o frontal \u2013 uma camionete modelo Toyota &hellip;<\/p>\n","protected":false},"author":8,"featured_media":2976,"comment_status":"open","ping_status":"open","sticky":false,"template":"","format":"standard","meta":{"content-type":"","rop_custom_images_group":[],"rop_custom_messages_group":[],"rop_publish_now":"initial","rop_publish_now_accounts":{"facebook_2648258775420054_1618374048415101":""},"rop_publish_now_history":[],"rop_publish_now_status":"pending","footnotes":"","_jetpack_memberships_contains_paid_content":false},"categories":[113,109],"tags":[1370,1371,132,1347],"yoast_head":"<!-- This site is optimized with the Yoast SEO plugin v22.3 - https:\/\/yoast.com\/wordpress\/plugins\/seo\/ -->\n<title>Motociclista morre em colis\u00e3o frontal na BR 407 em Jaic\u00f3s - Portal NPM<\/title>\n<meta name=\"robots\" content=\"index, follow, max-snippet:-1, max-image-preview:large, max-video-preview:-1\" \/>\n<link rel=\"canonical\" href=\"https:\/\/portalnpm.com\/index.php\/2018\/11\/26\/motociclista-morre-em-colisao-frontal-na-br-407-em-jaicos\/\" \/>\n<meta property=\"og:locale\" content=\"pt_BR\" \/>\n<meta property=\"og:type\" content=\"article\" \/>\n<meta property=\"og:title\" content=\"Motociclista morre em colis\u00e3o frontal na BR 407 em Jaic\u00f3s - Portal NPM\" \/>\n<meta property=\"og:description\" content=\"Um homem de 32 anos de idade morreu em um grave acidente automobil\u00edstico ocorrido na tarde desta segunda-feira (26), por volta das 16h20, na BR 407, na comunidade Morro do Padre, distante cerca de 5 km da cidade, sentido Picos. O acidente envolveu dois ve\u00edculos em uma violenta colis\u00e3o frontal \u2013 uma camionete modelo Toyota &hellip;\" \/>\n<meta property=\"og:url\" content=\"https:\/\/portalnpm.com\/index.php\/2018\/11\/26\/motociclista-morre-em-colisao-frontal-na-br-407-em-jaicos\/\" \/>\n<meta property=\"og:site_name\" content=\"Portal NPM\" \/>\n<meta property=\"article:published_time\" content=\"2018-11-26T20:29:37+00:00\" \/>\n<meta name=\"author\" content=\"Zenilton Lima\" \/>\n<meta name=\"twitter:card\" content=\"summary_large_image\" \/>\n<meta name=\"twitter:label1\" content=\"Escrito por\" \/>\n\t<meta name=\"twitter:data1\" content=\"Zenilton Lima\" \/>\n\t<meta name=\"twitter:label2\" content=\"Est. tempo de leitura\" \/>\n\t<meta name=\"twitter:data2\" content=\"1 minuto\" \/>\n<script type=\"application\/ld+json\" class=\"yoast-schema-graph\">{\"@context\":\"https:\/\/schema.org\",\"@graph\":[{\"@type\":\"WebPage\",\"@id\":\"https:\/\/portalnpm.com\/index.php\/2018\/11\/26\/motociclista-morre-em-colisao-frontal-na-br-407-em-jaicos\/\",\"url\":\"https:\/\/portalnpm.com\/index.php\/2018\/11\/26\/motociclista-morre-em-colisao-frontal-na-br-407-em-jaicos\/\",\"name\":\"Motociclista morre em colis\u00e3o frontal na BR 407 em Jaic\u00f3s - Portal NPM\",\"isPartOf\":{\"@id\":\"https:\/\/portalnpm.com\/#website\"},\"primaryImageOfPage\":{\"@id\":\"https:\/\/portalnpm.com\/index.php\/2018\/11\/26\/motociclista-morre-em-colisao-frontal-na-br-407-em-jaicos\/#primaryimage\"},\"image\":{\"@id\":\"https:\/\/portalnpm.com\/index.php\/2018\/11\/26\/motociclista-morre-em-colisao-frontal-na-br-407-em-jaicos\/#primaryimage\"},\"thumbnailUrl\":\"\",\"datePublished\":\"2018-11-26T20:29:37+00:00\",\"dateModified\":\"2018-11-26T20:29:37+00:00\",\"author\":{\"@id\":\"https:\/\/portalnpm.com\/#\/schema\/person\/35cb55186eae3f074b6783da6d35591e\"},\"breadcrumb\":{\"@id\":\"https:\/\/portalnpm.com\/index.php\/2018\/11\/26\/motociclista-morre-em-colisao-frontal-na-br-407-em-jaicos\/#breadcrumb\"},\"inLanguage\":\"pt-BR\",\"potentialAction\":[{\"@type\":\"ReadAction\",\"target\":[\"https:\/\/portalnpm.com\/index.php\/2018\/11\/26\/motociclista-morre-em-colisao-frontal-na-br-407-em-jaicos\/\"]}]},{\"@type\":\"ImageObject\",\"inLanguage\":\"pt-BR\",\"@id\":\"https:\/\/portalnpm.com\/index.php\/2018\/11\/26\/motociclista-morre-em-colisao-frontal-na-br-407-em-jaicos\/#primaryimage\",\"url\":\"\",\"contentUrl\":\"\"},{\"@type\":\"BreadcrumbList\",\"@id\":\"https:\/\/portalnpm.com\/index.php\/2018\/11\/26\/motociclista-morre-em-colisao-frontal-na-br-407-em-jaicos\/#breadcrumb\",\"itemListElement\":[{\"@type\":\"ListItem\",\"position\":1,\"name\":\"In\u00edcio\",\"item\":\"https:\/\/portalnpm.com\/\"},{\"@type\":\"ListItem\",\"position\":2,\"name\":\"Motociclista morre em colis\u00e3o frontal na BR 407 em Jaic\u00f3s\"}]},{\"@type\":\"WebSite\",\"@id\":\"https:\/\/portalnpm.com\/#website\",\"url\":\"https:\/\/portalnpm.com\/\",\"name\":\"Portal NPM\",\"description\":\"Not\u00edcias em Primeira M\u00e3o\",\"potentialAction\":[{\"@type\":\"SearchAction\",\"target\":{\"@type\":\"EntryPoint\",\"urlTemplate\":\"https:\/\/portalnpm.com\/?s={search_term_string}\"},\"query-input\":\"required name=search_term_string\"}],\"inLanguage\":\"pt-BR\"},{\"@type\":\"Person\",\"@id\":\"https:\/\/portalnpm.com\/#\/schema\/person\/35cb55186eae3f074b6783da6d35591e\",\"name\":\"Zenilton Lima\",\"image\":{\"@type\":\"ImageObject\",\"inLanguage\":\"pt-BR\",\"@id\":\"https:\/\/portalnpm.com\/#\/schema\/person\/image\/\",\"url\":\"https:\/\/portalnpm.com\/wp-content\/uploads\/2024\/12\/avatar_user_8_1733658137-96x96.jpeg\",\"contentUrl\":\"https:\/\/portalnpm.com\/wp-content\/uploads\/2024\/12\/avatar_user_8_1733658137-96x96.jpeg\",\"caption\":\"Zenilton Lima\"},\"url\":\"https:\/\/portalnpm.com\/index.php\/author\/zenilton\/\"}]}<\/script>\n<!-- \/ Yoast SEO plugin. -->","yoast_head_json":{"title":"Motociclista morre em colis\u00e3o frontal na BR 407 em Jaic\u00f3s - Portal NPM","robots":{"index":"index","follow":"follow","max-snippet":"max-snippet:-1","max-image-preview":"max-image-preview:large","max-video-preview":"max-video-preview:-1"},"canonical":"https:\/\/portalnpm.com\/index.php\/2018\/11\/26\/motociclista-morre-em-colisao-frontal-na-br-407-em-jaicos\/","og_locale":"pt_BR","og_type":"article","og_title":"Motociclista morre em colis\u00e3o frontal na BR 407 em Jaic\u00f3s - Portal NPM","og_description":"Um homem de 32 anos de idade morreu em um grave acidente automobil\u00edstico ocorrido na tarde desta segunda-feira (26), por volta das 16h20, na BR 407, na comunidade Morro do Padre, distante cerca de 5 km da cidade, sentido Picos. O acidente envolveu dois ve\u00edculos em uma violenta colis\u00e3o frontal \u2013 uma camionete modelo Toyota &hellip;","og_url":"https:\/\/portalnpm.com\/index.php\/2018\/11\/26\/motociclista-morre-em-colisao-frontal-na-br-407-em-jaicos\/","og_site_name":"Portal NPM","article_published_time":"2018-11-26T20:29:37+00:00","author":"Zenilton Lima","twitter_card":"summary_large_image","twitter_misc":{"Escrito por":"Zenilton Lima","Est. tempo de leitura":"1 minuto"},"schema":{"@context":"https:\/\/schema.org","@graph":[{"@type":"WebPage","@id":"https:\/\/portalnpm.com\/index.php\/2018\/11\/26\/motociclista-morre-em-colisao-frontal-na-br-407-em-jaicos\/","url":"https:\/\/portalnpm.com\/index.php\/2018\/11\/26\/motociclista-morre-em-colisao-frontal-na-br-407-em-jaicos\/","name":"Motociclista morre em colis\u00e3o frontal na BR 407 em Jaic\u00f3s - Portal NPM","isPartOf":{"@id":"https:\/\/portalnpm.com\/#website"},"primaryImageOfPage":{"@id":"https:\/\/portalnpm.com\/index.php\/2018\/11\/26\/motociclista-morre-em-colisao-frontal-na-br-407-em-jaicos\/#primaryimage"},"image":{"@id":"https:\/\/portalnpm.com\/index.php\/2018\/11\/26\/motociclista-morre-em-colisao-frontal-na-br-407-em-jaicos\/#primaryimage"},"thumbnailUrl":"","datePublished":"2018-11-26T20:29:37+00:00","dateModified":"2018-11-26T20:29:37+00:00","author":{"@id":"https:\/\/portalnpm.com\/#\/schema\/person\/35cb55186eae3f074b6783da6d35591e"},"breadcrumb":{"@id":"https:\/\/portalnpm.com\/index.php\/2018\/11\/26\/motociclista-morre-em-colisao-frontal-na-br-407-em-jaicos\/#breadcrumb"},"inLanguage":"pt-BR","potentialAction":[{"@type":"ReadAction","target":["https:\/\/portalnpm.com\/index.php\/2018\/11\/26\/motociclista-morre-em-colisao-frontal-na-br-407-em-jaicos\/"]}]},{"@type":"ImageObject","inLanguage":"pt-BR","@id":"https:\/\/portalnpm.com\/index.php\/2018\/11\/26\/motociclista-morre-em-colisao-frontal-na-br-407-em-jaicos\/#primaryimage","url":"","contentUrl":""},{"@type":"BreadcrumbList","@id":"https:\/\/portalnpm.com\/index.php\/2018\/11\/26\/motociclista-morre-em-colisao-frontal-na-br-407-em-jaicos\/#breadcrumb","itemListElement":[{"@type":"ListItem","position":1,"name":"In\u00edcio","item":"https:\/\/portalnpm.com\/"},{"@type":"ListItem","position":2,"name":"Motociclista morre em colis\u00e3o frontal na BR 407 em Jaic\u00f3s"}]},{"@type":"WebSite","@id":"https:\/\/portalnpm.com\/#website","url":"https:\/\/portalnpm.com\/","name":"Portal NPM","description":"Not\u00edcias em Primeira M\u00e3o","potentialAction":[{"@type":"SearchAction","target":{"@type":"EntryPoint","urlTemplate":"https:\/\/portalnpm.com\/?s={search_term_string}"},"query-input":"required name=search_term_string"}],"inLanguage":"pt-BR"},{"@type":"Person","@id":"https:\/\/portalnpm.com\/#\/schema\/person\/35cb55186eae3f074b6783da6d35591e","name":"Zenilton Lima","image":{"@type":"ImageObject","inLanguage":"pt-BR","@id":"https:\/\/portalnpm.com\/#\/schema\/person\/image\/","url":"https:\/\/portalnpm.com\/wp-content\/uploads\/2024\/12\/avatar_user_8_1733658137-96x96.jpeg","contentUrl":"https:\/\/portalnpm.com\/wp-content\/uploads\/2024\/12\/avatar_user_8_1733658137-96x96.jpeg","caption":"Zenilton Lima"},"url":"https:\/\/portalnpm.com\/index.php\/author\/zenilton\/"}]}},"jetpack_sharing_enabled":true,"jetpack_featured_media_url":"","_links":{"self":[{"href":"https:\/\/portalnpm.com\/index.php\/wp-json\/wp\/v2\/posts\/2964"}],"collection":[{"href":"https:\/\/portalnpm.com\/index.php\/wp-json\/wp\/v2\/posts"}],"about":[{"href":"https:\/\/portalnpm.com\/index.php\/wp-json\/wp\/v2\/types\/post"}],"author":[{"embeddable":true,"href":"https:\/\/portalnpm.com\/index.php\/wp-json\/wp\/v2\/users\/8"}],"replies":[{"embeddable":true,"href":"https:\/\/portalnpm.com\/index.php\/wp-json\/wp\/v2\/comments?post=2964"}],"version-history":[{"count":0,"href":"https:\/\/portalnpm.com\/index.php\/wp-json\/wp\/v2\/posts\/2964\/revisions"}],"wp:featuredmedia":[{"embeddable":true,"href":"https:\/\/portalnpm.com\/index.php\/wp-json\/"}],"wp:attachment":[{"href":"https:\/\/portalnpm.com\/index.php\/wp-json\/wp\/v2\/media?parent=2964"}],"wp:term":[{"taxonomy":"category","embeddable":true,"href":"https:\/\/portalnpm.com\/index.php\/wp-json\/wp\/v2\/categories?post=2964"},{"taxonomy":"post_tag","embeddable":true,"href":"https:\/\/portalnpm.com\/index.php\/wp-json\/wp\/v2\/tags?post=2964"}],"curies":[{"name":"wp","href":"https:\/\/api.w.org\/{rel}","templated":true}]}}