{"id":2993,"date":"2018-11-27T12:05:10","date_gmt":"2018-11-27T14:05:10","guid":{"rendered":"http:\/\/srv.portalnpm.com.br\/?p=2993"},"modified":"2018-11-27T12:05:10","modified_gmt":"2018-11-27T14:05:10","slug":"igreja-catolica-de-sao-juliao-pi-inicia-festejo-de-nossa-senhora-da-conceicao-nesta-quinta-feira-29","status":"publish","type":"post","link":"https:\/\/portalnpm.com\/index.php\/2018\/11\/27\/igreja-catolica-de-sao-juliao-pi-inicia-festejo-de-nossa-senhora-da-conceicao-nesta-quinta-feira-29\/","title":{"rendered":"Igreja Cat\u00f3lica de S\u00e3o Juli\u00e3o \u2013 PI inicia Festejo de Nossa Senhora da Concei\u00e7\u00e3o nesta quinta-feira (29)"},"content":{"rendered":"<p style=\"text-align: justify;\">A Comunidade Cat\u00f3lica de S\u00e3o Juli\u00e3o \u2013 PI se prepara para festejar sua Padroeira, Nossa Senhora da Concei\u00e7\u00e3o. O noven\u00e1rio a Nossa Senhora da Concei\u00e7\u00e3o inicia-se na quinta-feira, 29 de novembro, e segue at\u00e9 o dia 08 de dezembro.<\/p>\n<p style=\"text-align: justify;\">Este ano o tema do 145\u00ba festejo a Padroeira de S\u00e3o Juli\u00e3o \u2013 PI \u00e9:\u00a0<strong>\u201c\u00d3 Maria vinde a n\u00f3s e ensina-nos a rezar\u201d<\/strong>, e o lema:\u00a0<strong>\u201cAlegra-te, o Senhor est\u00e1 contigo\u201d (Lc 1,28)<\/strong>.<\/p>\n<p style=\"text-align: justify;\">O noven\u00e1rio a Nossa Senhora da Concei\u00e7\u00e3o mant\u00e9m viva a tradi\u00e7\u00e3o religiosa de S\u00e3o Juli\u00e3o \u2013 PI e todas as noites re\u00fane centenas de fi\u00e9is<\/p>\n<div class=\"fb-video\" data-allowfullscreen=\"true\" data-href=\"https:\/\/www.facebook.com\/neusa.sousa.121772\/videos\/2198227933771979\/\"><\/div>\n<p style=\"text-align: justify;\">Este ano, o festejo religioso ser\u00e1 comandado pela primeira vez pelo padre Gildo Coelho, novo p\u00e1roco da Par\u00f3quia de Nossa Senhora do Perp\u00e9tuo Socorro da cidade de Fronteiras \u2013 PI.<\/p>\n<p style=\"text-align: justify;\">No folder de divulga\u00e7\u00e3o dos festejos, padre Gildo Coelho convida toda a popula\u00e7\u00e3o do munic\u00edpio de S\u00e3o Juli\u00e3o \u2013 PI para participar das festividades.<\/p>\n<p style=\"text-align: justify;\">\u201cEste ano somos convidados a refletir sobre a import\u00e2ncia da ora\u00e7\u00e3o na vida pessoal e comunit\u00e1ria agindo como protagonistas na f\u00e9 e nas obras ao longo da vida. \u00c9 uma oportunidade \u00fanica de irmos ao encontro com Maria e com Jesus e fazermos dessa festa um momento de muitas b\u00ean\u00e7\u00e3os, aumentando a f\u00e9 em cada um que dela se aproxima com o cora\u00e7\u00e3o sincero. Desde j\u00e1 nossa gratid\u00e3o aqueles que ir\u00e3o abrilhantar nosso festejo: os padres que ir\u00e3o passar por aqui, as religiosas consagradas, nossos leigos e leigas, os patrocinadores e apoiadores e demais devotos da Imaculada Concei\u00e7\u00e3o\u201d, escreveu padre Gildo Coelho.<\/p>\n<p style=\"text-align: justify;\"><strong>Voc\u00ea confere abaixo a programa\u00e7\u00e3o completa<\/strong><\/p>\n<p><img fetchpriority=\"high\" decoding=\"async\" class=\"alignnone size-medium wp-image-2998\" src=\"http:\/\/portalnpm.com.br\/wp-content\/uploads\/2018\/11\/festejos2018nsj-2-199x300.jpg\" alt=\"\" width=\"199\" height=\"300\" srcset=\"https:\/\/portalnpm.com\/wp-content\/uploads\/2018\/11\/festejos2018nsj-2-199x300.jpg 199w, https:\/\/portalnpm.com\/wp-content\/uploads\/2018\/11\/festejos2018nsj-2.jpg 554w\" sizes=\"(max-width: 199px) 100vw, 199px\" \/> <img decoding=\"async\" class=\"alignnone size-medium wp-image-2999\" src=\"http:\/\/portalnpm.com.br\/wp-content\/uploads\/2018\/11\/festejos2018nsj-3-217x300.jpg\" alt=\"\" width=\"217\" height=\"300\" srcset=\"https:\/\/portalnpm.com\/wp-content\/uploads\/2018\/11\/festejos2018nsj-3-217x300.jpg 217w, https:\/\/portalnpm.com\/wp-content\/uploads\/2018\/11\/festejos2018nsj-3.jpg 601w\" sizes=\"(max-width: 217px) 100vw, 217px\" \/><\/p>\n<p><strong>Fonte<\/strong>: Portal \u00c9 Not\u00edcias<\/p>\n","protected":false},"excerpt":{"rendered":"<p>A Comunidade Cat\u00f3lica de S\u00e3o Juli\u00e3o \u2013 PI se prepara para festejar sua Padroeira, Nossa Senhora da Concei\u00e7\u00e3o. O noven\u00e1rio a Nossa Senhora da Concei\u00e7\u00e3o inicia-se na quinta-feira, 29 de novembro, e segue at\u00e9 o dia 08 de dezembro. Este ano o tema do 145\u00ba festejo a Padroeira de S\u00e3o Juli\u00e3o \u2013 PI \u00e9:\u00a0\u201c\u00d3 Maria &hellip;<\/p>\n","protected":false},"author":8,"featured_media":3001,"comment_status":"open","ping_status":"open","sticky":false,"template":"","format":"standard","meta":{"content-type":"","rop_custom_images_group":[],"rop_custom_messages_group":[],"rop_publish_now":"initial","rop_publish_now_accounts":{"facebook_2648258775420054_1618374048415101":""},"rop_publish_now_history":[],"rop_publish_now_status":"pending","footnotes":"","_jetpack_memberships_contains_paid_content":false},"categories":[113,109,136],"tags":[1321,1322,137],"yoast_head":"<!-- This site is optimized with the Yoast SEO plugin v22.3 - https:\/\/yoast.com\/wordpress\/plugins\/seo\/ -->\n<title>Igreja Cat\u00f3lica de S\u00e3o Juli\u00e3o \u2013 PI inicia Festejo de Nossa Senhora da Concei\u00e7\u00e3o nesta quinta-feira (29) - Portal NPM<\/title>\n<meta name=\"robots\" content=\"index, follow, max-snippet:-1, max-image-preview:large, max-video-preview:-1\" \/>\n<link rel=\"canonical\" href=\"https:\/\/portalnpm.com\/index.php\/2018\/11\/27\/igreja-catolica-de-sao-juliao-pi-inicia-festejo-de-nossa-senhora-da-conceicao-nesta-quinta-feira-29\/\" \/>\n<meta property=\"og:locale\" content=\"pt_BR\" \/>\n<meta property=\"og:type\" content=\"article\" \/>\n<meta property=\"og:title\" content=\"Igreja Cat\u00f3lica de S\u00e3o Juli\u00e3o \u2013 PI inicia Festejo de Nossa Senhora da Concei\u00e7\u00e3o nesta quinta-feira (29) - Portal NPM\" \/>\n<meta property=\"og:description\" content=\"A Comunidade Cat\u00f3lica de S\u00e3o Juli\u00e3o \u2013 PI se prepara para festejar sua Padroeira, Nossa Senhora da Concei\u00e7\u00e3o. O noven\u00e1rio a Nossa Senhora da Concei\u00e7\u00e3o inicia-se na quinta-feira, 29 de novembro, e segue at\u00e9 o dia 08 de dezembro. Este ano o tema do 145\u00ba festejo a Padroeira de S\u00e3o Juli\u00e3o \u2013 PI \u00e9:\u00a0\u201c\u00d3 Maria &hellip;\" \/>\n<meta property=\"og:url\" content=\"https:\/\/portalnpm.com\/index.php\/2018\/11\/27\/igreja-catolica-de-sao-juliao-pi-inicia-festejo-de-nossa-senhora-da-conceicao-nesta-quinta-feira-29\/\" \/>\n<meta property=\"og:site_name\" content=\"Portal NPM\" \/>\n<meta property=\"article:published_time\" content=\"2018-11-27T14:05:10+00:00\" \/>\n<meta property=\"og:image\" content=\"https:\/\/portalnpm.com\/wp-content\/uploads\/2018\/11\/festejos2018nsj-1.jpg\" \/>\n\t<meta property=\"og:image:width\" content=\"696\" \/>\n\t<meta property=\"og:image:height\" content=\"385\" \/>\n\t<meta property=\"og:image:type\" content=\"image\/jpeg\" \/>\n<meta name=\"author\" content=\"Zenilton Lima\" \/>\n<meta name=\"twitter:card\" content=\"summary_large_image\" \/>\n<meta name=\"twitter:label1\" content=\"Escrito por\" \/>\n\t<meta name=\"twitter:data1\" content=\"Zenilton Lima\" \/>\n\t<meta name=\"twitter:label2\" content=\"Est. tempo de leitura\" \/>\n\t<meta name=\"twitter:data2\" content=\"1 minuto\" \/>\n<script type=\"application\/ld+json\" class=\"yoast-schema-graph\">{\"@context\":\"https:\/\/schema.org\",\"@graph\":[{\"@type\":\"WebPage\",\"@id\":\"https:\/\/portalnpm.com\/index.php\/2018\/11\/27\/igreja-catolica-de-sao-juliao-pi-inicia-festejo-de-nossa-senhora-da-conceicao-nesta-quinta-feira-29\/\",\"url\":\"https:\/\/portalnpm.com\/index.php\/2018\/11\/27\/igreja-catolica-de-sao-juliao-pi-inicia-festejo-de-nossa-senhora-da-conceicao-nesta-quinta-feira-29\/\",\"name\":\"Igreja Cat\u00f3lica de S\u00e3o Juli\u00e3o \u2013 PI inicia Festejo de Nossa Senhora da Concei\u00e7\u00e3o nesta quinta-feira (29) - Portal NPM\",\"isPartOf\":{\"@id\":\"https:\/\/portalnpm.com\/#website\"},\"primaryImageOfPage\":{\"@id\":\"https:\/\/portalnpm.com\/index.php\/2018\/11\/27\/igreja-catolica-de-sao-juliao-pi-inicia-festejo-de-nossa-senhora-da-conceicao-nesta-quinta-feira-29\/#primaryimage\"},\"image\":{\"@id\":\"https:\/\/portalnpm.com\/index.php\/2018\/11\/27\/igreja-catolica-de-sao-juliao-pi-inicia-festejo-de-nossa-senhora-da-conceicao-nesta-quinta-feira-29\/#primaryimage\"},\"thumbnailUrl\":\"https:\/\/portalnpm.com\/wp-content\/uploads\/2018\/11\/festejos2018nsj-1.jpg\",\"datePublished\":\"2018-11-27T14:05:10+00:00\",\"dateModified\":\"2018-11-27T14:05:10+00:00\",\"author\":{\"@id\":\"https:\/\/portalnpm.com\/#\/schema\/person\/35cb55186eae3f074b6783da6d35591e\"},\"breadcrumb\":{\"@id\":\"https:\/\/portalnpm.com\/index.php\/2018\/11\/27\/igreja-catolica-de-sao-juliao-pi-inicia-festejo-de-nossa-senhora-da-conceicao-nesta-quinta-feira-29\/#breadcrumb\"},\"inLanguage\":\"pt-BR\",\"potentialAction\":[{\"@type\":\"ReadAction\",\"target\":[\"https:\/\/portalnpm.com\/index.php\/2018\/11\/27\/igreja-catolica-de-sao-juliao-pi-inicia-festejo-de-nossa-senhora-da-conceicao-nesta-quinta-feira-29\/\"]}]},{\"@type\":\"ImageObject\",\"inLanguage\":\"pt-BR\",\"@id\":\"https:\/\/portalnpm.com\/index.php\/2018\/11\/27\/igreja-catolica-de-sao-juliao-pi-inicia-festejo-de-nossa-senhora-da-conceicao-nesta-quinta-feira-29\/#primaryimage\",\"url\":\"https:\/\/portalnpm.com\/wp-content\/uploads\/2018\/11\/festejos2018nsj-1.jpg\",\"contentUrl\":\"https:\/\/portalnpm.com\/wp-content\/uploads\/2018\/11\/festejos2018nsj-1.jpg\",\"width\":696,\"height\":385},{\"@type\":\"BreadcrumbList\",\"@id\":\"https:\/\/portalnpm.com\/index.php\/2018\/11\/27\/igreja-catolica-de-sao-juliao-pi-inicia-festejo-de-nossa-senhora-da-conceicao-nesta-quinta-feira-29\/#breadcrumb\",\"itemListElement\":[{\"@type\":\"ListItem\",\"position\":1,\"name\":\"In\u00edcio\",\"item\":\"https:\/\/portalnpm.com\/\"},{\"@type\":\"ListItem\",\"position\":2,\"name\":\"Igreja Cat\u00f3lica de S\u00e3o Juli\u00e3o \u2013 PI inicia Festejo de Nossa Senhora da Concei\u00e7\u00e3o nesta quinta-feira (29)\"}]},{\"@type\":\"WebSite\",\"@id\":\"https:\/\/portalnpm.com\/#website\",\"url\":\"https:\/\/portalnpm.com\/\",\"name\":\"Portal NPM\",\"description\":\"Not\u00edcias em Primeira M\u00e3o\",\"potentialAction\":[{\"@type\":\"SearchAction\",\"target\":{\"@type\":\"EntryPoint\",\"urlTemplate\":\"https:\/\/portalnpm.com\/?s={search_term_string}\"},\"query-input\":\"required name=search_term_string\"}],\"inLanguage\":\"pt-BR\"},{\"@type\":\"Person\",\"@id\":\"https:\/\/portalnpm.com\/#\/schema\/person\/35cb55186eae3f074b6783da6d35591e\",\"name\":\"Zenilton Lima\",\"image\":{\"@type\":\"ImageObject\",\"inLanguage\":\"pt-BR\",\"@id\":\"https:\/\/portalnpm.com\/#\/schema\/person\/image\/\",\"url\":\"https:\/\/portalnpm.com\/wp-content\/uploads\/2024\/12\/avatar_user_8_1733658137-96x96.jpeg\",\"contentUrl\":\"https:\/\/portalnpm.com\/wp-content\/uploads\/2024\/12\/avatar_user_8_1733658137-96x96.jpeg\",\"caption\":\"Zenilton Lima\"},\"url\":\"https:\/\/portalnpm.com\/index.php\/author\/zenilton\/\"}]}<\/script>\n<!-- \/ Yoast SEO plugin. -->","yoast_head_json":{"title":"Igreja Cat\u00f3lica de S\u00e3o Juli\u00e3o \u2013 PI inicia Festejo de Nossa Senhora da Concei\u00e7\u00e3o nesta quinta-feira (29) - Portal NPM","robots":{"index":"index","follow":"follow","max-snippet":"max-snippet:-1","max-image-preview":"max-image-preview:large","max-video-preview":"max-video-preview:-1"},"canonical":"https:\/\/portalnpm.com\/index.php\/2018\/11\/27\/igreja-catolica-de-sao-juliao-pi-inicia-festejo-de-nossa-senhora-da-conceicao-nesta-quinta-feira-29\/","og_locale":"pt_BR","og_type":"article","og_title":"Igreja Cat\u00f3lica de S\u00e3o Juli\u00e3o \u2013 PI inicia Festejo de Nossa Senhora da Concei\u00e7\u00e3o nesta quinta-feira (29) - Portal NPM","og_description":"A Comunidade Cat\u00f3lica de S\u00e3o Juli\u00e3o \u2013 PI se prepara para festejar sua Padroeira, Nossa Senhora da Concei\u00e7\u00e3o. O noven\u00e1rio a Nossa Senhora da Concei\u00e7\u00e3o inicia-se na quinta-feira, 29 de novembro, e segue at\u00e9 o dia 08 de dezembro. Este ano o tema do 145\u00ba festejo a Padroeira de S\u00e3o Juli\u00e3o \u2013 PI \u00e9:\u00a0\u201c\u00d3 Maria &hellip;","og_url":"https:\/\/portalnpm.com\/index.php\/2018\/11\/27\/igreja-catolica-de-sao-juliao-pi-inicia-festejo-de-nossa-senhora-da-conceicao-nesta-quinta-feira-29\/","og_site_name":"Portal NPM","article_published_time":"2018-11-27T14:05:10+00:00","og_image":[{"width":696,"height":385,"url":"https:\/\/portalnpm.com\/wp-content\/uploads\/2018\/11\/festejos2018nsj-1.jpg","type":"image\/jpeg"}],"author":"Zenilton Lima","twitter_card":"summary_large_image","twitter_misc":{"Escrito por":"Zenilton Lima","Est. tempo de leitura":"1 minuto"},"schema":{"@context":"https:\/\/schema.org","@graph":[{"@type":"WebPage","@id":"https:\/\/portalnpm.com\/index.php\/2018\/11\/27\/igreja-catolica-de-sao-juliao-pi-inicia-festejo-de-nossa-senhora-da-conceicao-nesta-quinta-feira-29\/","url":"https:\/\/portalnpm.com\/index.php\/2018\/11\/27\/igreja-catolica-de-sao-juliao-pi-inicia-festejo-de-nossa-senhora-da-conceicao-nesta-quinta-feira-29\/","name":"Igreja Cat\u00f3lica de S\u00e3o Juli\u00e3o \u2013 PI inicia Festejo de Nossa Senhora da Concei\u00e7\u00e3o nesta quinta-feira (29) - Portal NPM","isPartOf":{"@id":"https:\/\/portalnpm.com\/#website"},"primaryImageOfPage":{"@id":"https:\/\/portalnpm.com\/index.php\/2018\/11\/27\/igreja-catolica-de-sao-juliao-pi-inicia-festejo-de-nossa-senhora-da-conceicao-nesta-quinta-feira-29\/#primaryimage"},"image":{"@id":"https:\/\/portalnpm.com\/index.php\/2018\/11\/27\/igreja-catolica-de-sao-juliao-pi-inicia-festejo-de-nossa-senhora-da-conceicao-nesta-quinta-feira-29\/#primaryimage"},"thumbnailUrl":"https:\/\/portalnpm.com\/wp-content\/uploads\/2018\/11\/festejos2018nsj-1.jpg","datePublished":"2018-11-27T14:05:10+00:00","dateModified":"2018-11-27T14:05:10+00:00","author":{"@id":"https:\/\/portalnpm.com\/#\/schema\/person\/35cb55186eae3f074b6783da6d35591e"},"breadcrumb":{"@id":"https:\/\/portalnpm.com\/index.php\/2018\/11\/27\/igreja-catolica-de-sao-juliao-pi-inicia-festejo-de-nossa-senhora-da-conceicao-nesta-quinta-feira-29\/#breadcrumb"},"inLanguage":"pt-BR","potentialAction":[{"@type":"ReadAction","target":["https:\/\/portalnpm.com\/index.php\/2018\/11\/27\/igreja-catolica-de-sao-juliao-pi-inicia-festejo-de-nossa-senhora-da-conceicao-nesta-quinta-feira-29\/"]}]},{"@type":"ImageObject","inLanguage":"pt-BR","@id":"https:\/\/portalnpm.com\/index.php\/2018\/11\/27\/igreja-catolica-de-sao-juliao-pi-inicia-festejo-de-nossa-senhora-da-conceicao-nesta-quinta-feira-29\/#primaryimage","url":"https:\/\/portalnpm.com\/wp-content\/uploads\/2018\/11\/festejos2018nsj-1.jpg","contentUrl":"https:\/\/portalnpm.com\/wp-content\/uploads\/2018\/11\/festejos2018nsj-1.jpg","width":696,"height":385},{"@type":"BreadcrumbList","@id":"https:\/\/portalnpm.com\/index.php\/2018\/11\/27\/igreja-catolica-de-sao-juliao-pi-inicia-festejo-de-nossa-senhora-da-conceicao-nesta-quinta-feira-29\/#breadcrumb","itemListElement":[{"@type":"ListItem","position":1,"name":"In\u00edcio","item":"https:\/\/portalnpm.com\/"},{"@type":"ListItem","position":2,"name":"Igreja Cat\u00f3lica de S\u00e3o Juli\u00e3o \u2013 PI inicia Festejo de Nossa Senhora da Concei\u00e7\u00e3o nesta quinta-feira (29)"}]},{"@type":"WebSite","@id":"https:\/\/portalnpm.com\/#website","url":"https:\/\/portalnpm.com\/","name":"Portal NPM","description":"Not\u00edcias em Primeira M\u00e3o","potentialAction":[{"@type":"SearchAction","target":{"@type":"EntryPoint","urlTemplate":"https:\/\/portalnpm.com\/?s={search_term_string}"},"query-input":"required name=search_term_string"}],"inLanguage":"pt-BR"},{"@type":"Person","@id":"https:\/\/portalnpm.com\/#\/schema\/person\/35cb55186eae3f074b6783da6d35591e","name":"Zenilton Lima","image":{"@type":"ImageObject","inLanguage":"pt-BR","@id":"https:\/\/portalnpm.com\/#\/schema\/person\/image\/","url":"https:\/\/portalnpm.com\/wp-content\/uploads\/2024\/12\/avatar_user_8_1733658137-96x96.jpeg","contentUrl":"https:\/\/portalnpm.com\/wp-content\/uploads\/2024\/12\/avatar_user_8_1733658137-96x96.jpeg","caption":"Zenilton Lima"},"url":"https:\/\/portalnpm.com\/index.php\/author\/zenilton\/"}]}},"jetpack_sharing_enabled":true,"jetpack_featured_media_url":"https:\/\/portalnpm.com\/wp-content\/uploads\/2018\/11\/festejos2018nsj-1.jpg","_links":{"self":[{"href":"https:\/\/portalnpm.com\/index.php\/wp-json\/wp\/v2\/posts\/2993"}],"collection":[{"href":"https:\/\/portalnpm.com\/index.php\/wp-json\/wp\/v2\/posts"}],"about":[{"href":"https:\/\/portalnpm.com\/index.php\/wp-json\/wp\/v2\/types\/post"}],"author":[{"embeddable":true,"href":"https:\/\/portalnpm.com\/index.php\/wp-json\/wp\/v2\/users\/8"}],"replies":[{"embeddable":true,"href":"https:\/\/portalnpm.com\/index.php\/wp-json\/wp\/v2\/comments?post=2993"}],"version-history":[{"count":0,"href":"https:\/\/portalnpm.com\/index.php\/wp-json\/wp\/v2\/posts\/2993\/revisions"}],"wp:featuredmedia":[{"embeddable":true,"href":"https:\/\/portalnpm.com\/index.php\/wp-json\/wp\/v2\/media\/3001"}],"wp:attachment":[{"href":"https:\/\/portalnpm.com\/index.php\/wp-json\/wp\/v2\/media?parent=2993"}],"wp:term":[{"taxonomy":"category","embeddable":true,"href":"https:\/\/portalnpm.com\/index.php\/wp-json\/wp\/v2\/categories?post=2993"},{"taxonomy":"post_tag","embeddable":true,"href":"https:\/\/portalnpm.com\/index.php\/wp-json\/wp\/v2\/tags?post=2993"}],"curies":[{"name":"wp","href":"https:\/\/api.w.org\/{rel}","templated":true}]}}