{"id":3027,"date":"2018-11-27T21:11:00","date_gmt":"2018-11-27T23:11:00","guid":{"rendered":"http:\/\/srv.portalnpm.com.br\/?p=3027"},"modified":"2018-11-27T21:11:00","modified_gmt":"2018-11-27T23:11:00","slug":"com-100-das-vagas-preenchidas-alegrete-caldeirao-jacobina-massape-patos-pio-ix-sao-juliao-e-vila-nova-receberao-novos-medicos-afirma-coordenacao","status":"publish","type":"post","link":"https:\/\/portalnpm.com\/index.php\/2018\/11\/27\/com-100-das-vagas-preenchidas-alegrete-caldeirao-jacobina-massape-patos-pio-ix-sao-juliao-e-vila-nova-receberao-novos-medicos-afirma-coordenacao\/","title":{"rendered":"Com 100% das vagas preenchidas, Alegrete, Caldeir\u00e3o, Jacobina, Massap\u00ea, Patos, Pio-IX, S\u00e3o Juli\u00e3o e Vila Nova receber\u00e3o novos m\u00e9dicos; afirma coordena\u00e7\u00e3o"},"content":{"rendered":"<p style=\"text-align: justify;\">A coordenadora do Mais M\u00e9dicos no Piau\u00ed, Edvani Braga, confirmou ao Cidadeverde.com, nesta ter\u00e7a-feira (27), que 100% das vagas dispon\u00edveis para os munic\u00edpios piauienses j\u00e1 foram preenchidas.<\/p>\n<p style=\"text-align: justify;\">Ap\u00f3s o fim da parceria do governo federal com a Cuba, o Minist\u00e9rio da Sa\u00fade publicou edital ofertando 199 vagas em 100 cidades piauienses, oferecendo sal\u00e1rio de R$11.800 aos profissionais.<\/p>\n<p style=\"text-align: justify;\">A coordenadora do Mais M\u00e9dicos no Piau\u00ed explica que os novos m\u00e9dicos tem at\u00e9 14 de dezembro para apresentarem toda documenta\u00e7\u00e3o exigida em edital e iniciarem os trabalhos nos munic\u00edpios piauienses.<\/p>\n<p style=\"text-align: justify;\">\u00a0\u201cTodas as vagas do Piau\u00ed j\u00e1 foram preenchidas e alguns m\u00e9dicos j\u00e1 entraram em contato com gestores\u201d, conta Edvani.<\/p>\n<p style=\"text-align: justify;\">A m\u00e9dica Deise Costa Carvalho teve dificuldade para se inscrever no programa devido \u00e0 concorr\u00eancia. O site do Mais M\u00e9dicos ficava\u00a0 fora do ar constantemente, mas com persist\u00eancia a profissional efetivou o registrou.<\/p>\n<p style=\"text-align: justify;\">\u201cNa verdade eu n\u00e3o conseguia nem acessar o site do Mais M\u00e9dicos. Quem me cadastrou foi uma amiga que conseguiu acessar ap\u00f3s muita insist\u00eancia\u201d, conta Deise.\u00a0 A m\u00e9dica rec\u00e9m formada vai trabalhar em Simpl\u00edcio Mendes, distante 385 quil\u00f4metros de Teresina.<\/p>\n<p style=\"text-align: justify;\">\u201cEu j\u00e1 moro em Simpl\u00edcio Mendes e trabalho em Teresina. Agora acredito que ser\u00e1 bem melhor porque vou trabalhar onde moro\u201d, acredita a m\u00e9dica, que se apresentar\u00e1 ao munic\u00edpio na pr\u00f3xima semana.<\/p>\n<p style=\"text-align: justify;\">Os 167 m\u00e9dicos cubanos que ainda est\u00e3o no Piau\u00ed\u00a0<strong>ir\u00e3o retornar para Cuba<\/strong>. Nesta quarta-feira (28) mais uma leva de profissionais voltar\u00e3o para Havana. Eles embarcam \u00e0s 9h no Aeroporto de Teresina. A previs\u00e3o \u00e9 de no dia 9 de dezembro todos j\u00e1 tenham ido embora do Estado.<\/p>\n<p style=\"text-align: justify;\"><strong>Munic\u00edpios que receber\u00e3o m\u00e9dicos do novo edital:<\/strong><\/p>\n<p style=\"text-align: justify;\">Uma vaga<br \/>\nAlagoinha do Piau\u00ed \u2013 Alegrete do Piau\u00ed \u2013 Bertol\u00ednia \u2013 Bonfim do Piau\u00ed \u2013 Brasileira \u2013 Cajueiro da Praia \u2013 Caldeir\u00e3o Grande do Piau\u00ed \u2013 Campo Alegre do Fidalgo \u2013 Campo Largo do Piau\u00ed \u2013 Canavieira \u2013 Capit\u00e3o Gerv\u00e1sio Oliveira \u2013 Caracol \u2013 Cara\u00fabas do Piau\u00ed \u2013 Col\u00f4nia do Gurgueia \u2013Concei\u00e7\u00e3o do Canind\u00e9 \u2013 Curimat\u00e1 \u2013 Demerval Lob\u00e3o \u2013 Eliseu Martins \u2013 Francin\u00f3polis \u2013 Hugo Napole\u00e3o \u2013 Ilha Grande \u2013 Inhuma \u2013 Itain\u00f3polis \u2013 Jacobina do Piau\u00ed \u2013 Jardim do Mulato \u2013 Jerumenha \u2013 Jo\u00e3o Costa \u2013 Joca Marques \u2013 Lagoa de S\u00e3o Francisco \u2013 Lagoa do Barro do Piau\u00ed \u2013 Luzil\u00e2ndia \u2013 Madeiro \u2013 Manoel Em\u00eddio \u2013 Marcos Parente \u2013 Massap\u00e9 do Piau\u00ed \u2013 Milton Brand\u00e3o \u2013 Nossa Senhora de Nazar\u00e9 \u2013 Passagem Franca do Piau\u00ed \u2013 Patos \u2013 Prata do Piau\u00ed \u2013 Reden\u00e7\u00e3o do Gurgueia \u2013 Riacho Frio \u2013 Rio Grande do Piau\u00ed \u2013 Santa Rosa do Piau\u00ed \u2013\u2013 S\u00e3o Gon\u00e7alo do Gurgueia \u2013 S\u00e3o Jos\u00e9 do Divino \u2013 S\u00e3o Jos\u00e9 do Peixe \u2013 S\u00e3o Juli\u00e3o \u2013 S\u00e3o Lu\u00eds do Piau\u00ed \u2013 Sebasti\u00e3o Barros \u2013 Simpl\u00edcio Mendes \u2013 Tamboril do Piau\u00ed \u2013 Uni\u00e3o \u2013 Vila Nova do Piau\u00ed<\/p>\n<p style=\"text-align: justify;\">Duas vagas<br \/>\nAmarante \u2013 An\u00edsio de Abreu \u2013 Ant\u00f4nio Almeida \u2013 Barreiras do Piau\u00ed \u2013 Batalha \u2013 Bet\u00e2nia do Piau\u00ed \u2013 Capit\u00e3o de Campos \u2013 Cristal\u00e2ncia do Piau\u00ed \u2013 Dom Inoc\u00eancio \u2013 Guaribas \u2013 J\u00falio Borges \u2013 Monsenhor Hip\u00f3lito \u2013 Monte Alegre do Piau\u00ed \u2013 Morro Cabe\u00e7a no Tempo \u2013 Oeiras \u2013 Parnagu\u00e1 \u2013 Pavussu \u2013 Pedro II \u2013 Pimenteiras \u2013 Ribeiro Gon\u00e7alves \u2013 S\u00e3o Francisco de Assis do Piau\u00ed \u2013 Santa Filomena \u2013 Uru\u00e7u\u00ed<\/p>\n<p style=\"text-align: justify;\">Tr\u00eas vagas<br \/>\nAltos \u2013 Avelino Lopes \u2013 Baixa Grande do Ribeiro \u2013 Barras \u2013 Gilbu\u00e9s \u2013 Monsenhor Gil<\/p>\n<p style=\"text-align: justify;\">Quatro vagas<br \/>\nBuriti dos Lopes \u2013 Cocal \u2013 Jaic\u00f3s \u2013 Jos\u00e9 de Freitas \u2013 Lu\u00eds Correia \u2013 Matias Ol\u00edmpio \u2013 Miguel Alves \u2013 Pio IX \u2013 Porto \u2013 Regenera\u00e7\u00e3o \u2013 S\u00e3o Jo\u00e3o do Piau\u00ed \u2013 Sigefredo Pacheco<\/p>\n<p style=\"text-align: justify;\">Cinco vagas<br \/>\nPicos<\/p>\n<p style=\"text-align: justify;\">Seis vagas<br \/>\nCorrente \u2013 S\u00e3o Raimundo Nonato<\/p>\n<p style=\"text-align: justify;\">Oito vagas<br \/>\nCampo Maior<br \/>\nEsperantina<\/p>\n<p style=\"text-align: justify;\"><strong>Fonte<\/strong>: Cidade Verde<\/p>\n","protected":false},"excerpt":{"rendered":"<p>A coordenadora do Mais M\u00e9dicos no Piau\u00ed, Edvani Braga, confirmou ao Cidadeverde.com, nesta ter\u00e7a-feira (27), que 100% das vagas dispon\u00edveis para os munic\u00edpios piauienses j\u00e1 foram preenchidas. Ap\u00f3s o fim da parceria do governo federal com a Cuba, o Minist\u00e9rio da Sa\u00fade publicou edital ofertando 199 vagas em 100 cidades piauienses, oferecendo sal\u00e1rio de R$11.800 &hellip;<\/p>\n","protected":false},"author":8,"featured_media":2677,"comment_status":"open","ping_status":"open","sticky":false,"template":"","format":"standard","meta":{"content-type":"","rop_custom_images_group":[],"rop_custom_messages_group":[],"rop_publish_now":"initial","rop_publish_now_accounts":{"facebook_2648258775420054_1618374048415101":""},"rop_publish_now_history":[],"rop_publish_now_status":"pending","footnotes":"","_jetpack_memberships_contains_paid_content":false},"categories":[113,109],"tags":[844,1424,187],"yoast_head":"<!-- This site is optimized with the Yoast SEO plugin v22.3 - https:\/\/yoast.com\/wordpress\/plugins\/seo\/ -->\n<title>Com 100% das vagas preenchidas, Alegrete, Caldeir\u00e3o, Jacobina, Massap\u00ea, Patos, Pio-IX, S\u00e3o Juli\u00e3o e Vila Nova receber\u00e3o novos m\u00e9dicos; afirma coordena\u00e7\u00e3o - Portal NPM<\/title>\n<meta name=\"robots\" content=\"index, follow, max-snippet:-1, max-image-preview:large, max-video-preview:-1\" \/>\n<link rel=\"canonical\" href=\"https:\/\/portalnpm.com\/index.php\/2018\/11\/27\/com-100-das-vagas-preenchidas-alegrete-caldeirao-jacobina-massape-patos-pio-ix-sao-juliao-e-vila-nova-receberao-novos-medicos-afirma-coordenacao\/\" \/>\n<meta property=\"og:locale\" content=\"pt_BR\" \/>\n<meta property=\"og:type\" content=\"article\" \/>\n<meta property=\"og:title\" content=\"Com 100% das vagas preenchidas, Alegrete, Caldeir\u00e3o, Jacobina, Massap\u00ea, Patos, Pio-IX, S\u00e3o Juli\u00e3o e Vila Nova receber\u00e3o novos m\u00e9dicos; afirma coordena\u00e7\u00e3o - Portal NPM\" \/>\n<meta property=\"og:description\" content=\"A coordenadora do Mais M\u00e9dicos no Piau\u00ed, Edvani Braga, confirmou ao Cidadeverde.com, nesta ter\u00e7a-feira (27), que 100% das vagas dispon\u00edveis para os munic\u00edpios piauienses j\u00e1 foram preenchidas. Ap\u00f3s o fim da parceria do governo federal com a Cuba, o Minist\u00e9rio da Sa\u00fade publicou edital ofertando 199 vagas em 100 cidades piauienses, oferecendo sal\u00e1rio de R$11.800 &hellip;\" \/>\n<meta property=\"og:url\" content=\"https:\/\/portalnpm.com\/index.php\/2018\/11\/27\/com-100-das-vagas-preenchidas-alegrete-caldeirao-jacobina-massape-patos-pio-ix-sao-juliao-e-vila-nova-receberao-novos-medicos-afirma-coordenacao\/\" \/>\n<meta property=\"og:site_name\" content=\"Portal NPM\" \/>\n<meta property=\"article:published_time\" content=\"2018-11-27T23:11:00+00:00\" \/>\n<meta property=\"og:image\" content=\"https:\/\/portalnpm.com\/wp-content\/uploads\/2018\/11\/MAIS-MEDICO.jpg\" \/>\n\t<meta property=\"og:image:width\" content=\"691\" \/>\n\t<meta property=\"og:image:height\" content=\"385\" \/>\n\t<meta property=\"og:image:type\" content=\"image\/jpeg\" \/>\n<meta name=\"author\" content=\"Zenilton Lima\" \/>\n<meta name=\"twitter:card\" content=\"summary_large_image\" \/>\n<meta name=\"twitter:label1\" content=\"Escrito por\" \/>\n\t<meta name=\"twitter:data1\" content=\"Zenilton Lima\" \/>\n\t<meta name=\"twitter:label2\" content=\"Est. tempo de leitura\" \/>\n\t<meta name=\"twitter:data2\" content=\"3 minutos\" \/>\n<script type=\"application\/ld+json\" class=\"yoast-schema-graph\">{\"@context\":\"https:\/\/schema.org\",\"@graph\":[{\"@type\":\"WebPage\",\"@id\":\"https:\/\/portalnpm.com\/index.php\/2018\/11\/27\/com-100-das-vagas-preenchidas-alegrete-caldeirao-jacobina-massape-patos-pio-ix-sao-juliao-e-vila-nova-receberao-novos-medicos-afirma-coordenacao\/\",\"url\":\"https:\/\/portalnpm.com\/index.php\/2018\/11\/27\/com-100-das-vagas-preenchidas-alegrete-caldeirao-jacobina-massape-patos-pio-ix-sao-juliao-e-vila-nova-receberao-novos-medicos-afirma-coordenacao\/\",\"name\":\"Com 100% das vagas preenchidas, Alegrete, Caldeir\u00e3o, Jacobina, Massap\u00ea, Patos, Pio-IX, S\u00e3o Juli\u00e3o e Vila Nova receber\u00e3o novos m\u00e9dicos; afirma coordena\u00e7\u00e3o - Portal NPM\",\"isPartOf\":{\"@id\":\"https:\/\/portalnpm.com\/#website\"},\"primaryImageOfPage\":{\"@id\":\"https:\/\/portalnpm.com\/index.php\/2018\/11\/27\/com-100-das-vagas-preenchidas-alegrete-caldeirao-jacobina-massape-patos-pio-ix-sao-juliao-e-vila-nova-receberao-novos-medicos-afirma-coordenacao\/#primaryimage\"},\"image\":{\"@id\":\"https:\/\/portalnpm.com\/index.php\/2018\/11\/27\/com-100-das-vagas-preenchidas-alegrete-caldeirao-jacobina-massape-patos-pio-ix-sao-juliao-e-vila-nova-receberao-novos-medicos-afirma-coordenacao\/#primaryimage\"},\"thumbnailUrl\":\"https:\/\/portalnpm.com\/wp-content\/uploads\/2018\/11\/MAIS-MEDICO.jpg\",\"datePublished\":\"2018-11-27T23:11:00+00:00\",\"dateModified\":\"2018-11-27T23:11:00+00:00\",\"author\":{\"@id\":\"https:\/\/portalnpm.com\/#\/schema\/person\/35cb55186eae3f074b6783da6d35591e\"},\"breadcrumb\":{\"@id\":\"https:\/\/portalnpm.com\/index.php\/2018\/11\/27\/com-100-das-vagas-preenchidas-alegrete-caldeirao-jacobina-massape-patos-pio-ix-sao-juliao-e-vila-nova-receberao-novos-medicos-afirma-coordenacao\/#breadcrumb\"},\"inLanguage\":\"pt-BR\",\"potentialAction\":[{\"@type\":\"ReadAction\",\"target\":[\"https:\/\/portalnpm.com\/index.php\/2018\/11\/27\/com-100-das-vagas-preenchidas-alegrete-caldeirao-jacobina-massape-patos-pio-ix-sao-juliao-e-vila-nova-receberao-novos-medicos-afirma-coordenacao\/\"]}]},{\"@type\":\"ImageObject\",\"inLanguage\":\"pt-BR\",\"@id\":\"https:\/\/portalnpm.com\/index.php\/2018\/11\/27\/com-100-das-vagas-preenchidas-alegrete-caldeirao-jacobina-massape-patos-pio-ix-sao-juliao-e-vila-nova-receberao-novos-medicos-afirma-coordenacao\/#primaryimage\",\"url\":\"https:\/\/portalnpm.com\/wp-content\/uploads\/2018\/11\/MAIS-MEDICO.jpg\",\"contentUrl\":\"https:\/\/portalnpm.com\/wp-content\/uploads\/2018\/11\/MAIS-MEDICO.jpg\",\"width\":691,\"height\":385},{\"@type\":\"BreadcrumbList\",\"@id\":\"https:\/\/portalnpm.com\/index.php\/2018\/11\/27\/com-100-das-vagas-preenchidas-alegrete-caldeirao-jacobina-massape-patos-pio-ix-sao-juliao-e-vila-nova-receberao-novos-medicos-afirma-coordenacao\/#breadcrumb\",\"itemListElement\":[{\"@type\":\"ListItem\",\"position\":1,\"name\":\"In\u00edcio\",\"item\":\"https:\/\/portalnpm.com\/\"},{\"@type\":\"ListItem\",\"position\":2,\"name\":\"Com 100% das vagas preenchidas, Alegrete, Caldeir\u00e3o, Jacobina, Massap\u00ea, Patos, Pio-IX, S\u00e3o Juli\u00e3o e Vila Nova receber\u00e3o novos m\u00e9dicos; afirma coordena\u00e7\u00e3o\"}]},{\"@type\":\"WebSite\",\"@id\":\"https:\/\/portalnpm.com\/#website\",\"url\":\"https:\/\/portalnpm.com\/\",\"name\":\"Portal NPM\",\"description\":\"Not\u00edcias em Primeira M\u00e3o\",\"potentialAction\":[{\"@type\":\"SearchAction\",\"target\":{\"@type\":\"EntryPoint\",\"urlTemplate\":\"https:\/\/portalnpm.com\/?s={search_term_string}\"},\"query-input\":\"required name=search_term_string\"}],\"inLanguage\":\"pt-BR\"},{\"@type\":\"Person\",\"@id\":\"https:\/\/portalnpm.com\/#\/schema\/person\/35cb55186eae3f074b6783da6d35591e\",\"name\":\"Zenilton Lima\",\"image\":{\"@type\":\"ImageObject\",\"inLanguage\":\"pt-BR\",\"@id\":\"https:\/\/portalnpm.com\/#\/schema\/person\/image\/\",\"url\":\"https:\/\/portalnpm.com\/wp-content\/uploads\/2024\/12\/avatar_user_8_1733658137-96x96.jpeg\",\"contentUrl\":\"https:\/\/portalnpm.com\/wp-content\/uploads\/2024\/12\/avatar_user_8_1733658137-96x96.jpeg\",\"caption\":\"Zenilton Lima\"},\"url\":\"https:\/\/portalnpm.com\/index.php\/author\/zenilton\/\"}]}<\/script>\n<!-- \/ Yoast SEO plugin. -->","yoast_head_json":{"title":"Com 100% das vagas preenchidas, Alegrete, Caldeir\u00e3o, Jacobina, Massap\u00ea, Patos, Pio-IX, S\u00e3o Juli\u00e3o e Vila Nova receber\u00e3o novos m\u00e9dicos; afirma coordena\u00e7\u00e3o - Portal NPM","robots":{"index":"index","follow":"follow","max-snippet":"max-snippet:-1","max-image-preview":"max-image-preview:large","max-video-preview":"max-video-preview:-1"},"canonical":"https:\/\/portalnpm.com\/index.php\/2018\/11\/27\/com-100-das-vagas-preenchidas-alegrete-caldeirao-jacobina-massape-patos-pio-ix-sao-juliao-e-vila-nova-receberao-novos-medicos-afirma-coordenacao\/","og_locale":"pt_BR","og_type":"article","og_title":"Com 100% das vagas preenchidas, Alegrete, Caldeir\u00e3o, Jacobina, Massap\u00ea, Patos, Pio-IX, S\u00e3o Juli\u00e3o e Vila Nova receber\u00e3o novos m\u00e9dicos; afirma coordena\u00e7\u00e3o - Portal NPM","og_description":"A coordenadora do Mais M\u00e9dicos no Piau\u00ed, Edvani Braga, confirmou ao Cidadeverde.com, nesta ter\u00e7a-feira (27), que 100% das vagas dispon\u00edveis para os munic\u00edpios piauienses j\u00e1 foram preenchidas. Ap\u00f3s o fim da parceria do governo federal com a Cuba, o Minist\u00e9rio da Sa\u00fade publicou edital ofertando 199 vagas em 100 cidades piauienses, oferecendo sal\u00e1rio de R$11.800 &hellip;","og_url":"https:\/\/portalnpm.com\/index.php\/2018\/11\/27\/com-100-das-vagas-preenchidas-alegrete-caldeirao-jacobina-massape-patos-pio-ix-sao-juliao-e-vila-nova-receberao-novos-medicos-afirma-coordenacao\/","og_site_name":"Portal NPM","article_published_time":"2018-11-27T23:11:00+00:00","og_image":[{"width":691,"height":385,"url":"https:\/\/portalnpm.com\/wp-content\/uploads\/2018\/11\/MAIS-MEDICO.jpg","type":"image\/jpeg"}],"author":"Zenilton Lima","twitter_card":"summary_large_image","twitter_misc":{"Escrito por":"Zenilton Lima","Est. tempo de leitura":"3 minutos"},"schema":{"@context":"https:\/\/schema.org","@graph":[{"@type":"WebPage","@id":"https:\/\/portalnpm.com\/index.php\/2018\/11\/27\/com-100-das-vagas-preenchidas-alegrete-caldeirao-jacobina-massape-patos-pio-ix-sao-juliao-e-vila-nova-receberao-novos-medicos-afirma-coordenacao\/","url":"https:\/\/portalnpm.com\/index.php\/2018\/11\/27\/com-100-das-vagas-preenchidas-alegrete-caldeirao-jacobina-massape-patos-pio-ix-sao-juliao-e-vila-nova-receberao-novos-medicos-afirma-coordenacao\/","name":"Com 100% das vagas preenchidas, Alegrete, Caldeir\u00e3o, Jacobina, Massap\u00ea, Patos, Pio-IX, S\u00e3o Juli\u00e3o e Vila Nova receber\u00e3o novos m\u00e9dicos; afirma coordena\u00e7\u00e3o - Portal NPM","isPartOf":{"@id":"https:\/\/portalnpm.com\/#website"},"primaryImageOfPage":{"@id":"https:\/\/portalnpm.com\/index.php\/2018\/11\/27\/com-100-das-vagas-preenchidas-alegrete-caldeirao-jacobina-massape-patos-pio-ix-sao-juliao-e-vila-nova-receberao-novos-medicos-afirma-coordenacao\/#primaryimage"},"image":{"@id":"https:\/\/portalnpm.com\/index.php\/2018\/11\/27\/com-100-das-vagas-preenchidas-alegrete-caldeirao-jacobina-massape-patos-pio-ix-sao-juliao-e-vila-nova-receberao-novos-medicos-afirma-coordenacao\/#primaryimage"},"thumbnailUrl":"https:\/\/portalnpm.com\/wp-content\/uploads\/2018\/11\/MAIS-MEDICO.jpg","datePublished":"2018-11-27T23:11:00+00:00","dateModified":"2018-11-27T23:11:00+00:00","author":{"@id":"https:\/\/portalnpm.com\/#\/schema\/person\/35cb55186eae3f074b6783da6d35591e"},"breadcrumb":{"@id":"https:\/\/portalnpm.com\/index.php\/2018\/11\/27\/com-100-das-vagas-preenchidas-alegrete-caldeirao-jacobina-massape-patos-pio-ix-sao-juliao-e-vila-nova-receberao-novos-medicos-afirma-coordenacao\/#breadcrumb"},"inLanguage":"pt-BR","potentialAction":[{"@type":"ReadAction","target":["https:\/\/portalnpm.com\/index.php\/2018\/11\/27\/com-100-das-vagas-preenchidas-alegrete-caldeirao-jacobina-massape-patos-pio-ix-sao-juliao-e-vila-nova-receberao-novos-medicos-afirma-coordenacao\/"]}]},{"@type":"ImageObject","inLanguage":"pt-BR","@id":"https:\/\/portalnpm.com\/index.php\/2018\/11\/27\/com-100-das-vagas-preenchidas-alegrete-caldeirao-jacobina-massape-patos-pio-ix-sao-juliao-e-vila-nova-receberao-novos-medicos-afirma-coordenacao\/#primaryimage","url":"https:\/\/portalnpm.com\/wp-content\/uploads\/2018\/11\/MAIS-MEDICO.jpg","contentUrl":"https:\/\/portalnpm.com\/wp-content\/uploads\/2018\/11\/MAIS-MEDICO.jpg","width":691,"height":385},{"@type":"BreadcrumbList","@id":"https:\/\/portalnpm.com\/index.php\/2018\/11\/27\/com-100-das-vagas-preenchidas-alegrete-caldeirao-jacobina-massape-patos-pio-ix-sao-juliao-e-vila-nova-receberao-novos-medicos-afirma-coordenacao\/#breadcrumb","itemListElement":[{"@type":"ListItem","position":1,"name":"In\u00edcio","item":"https:\/\/portalnpm.com\/"},{"@type":"ListItem","position":2,"name":"Com 100% das vagas preenchidas, Alegrete, Caldeir\u00e3o, Jacobina, Massap\u00ea, Patos, Pio-IX, S\u00e3o Juli\u00e3o e Vila Nova receber\u00e3o novos m\u00e9dicos; afirma coordena\u00e7\u00e3o"}]},{"@type":"WebSite","@id":"https:\/\/portalnpm.com\/#website","url":"https:\/\/portalnpm.com\/","name":"Portal NPM","description":"Not\u00edcias em Primeira M\u00e3o","potentialAction":[{"@type":"SearchAction","target":{"@type":"EntryPoint","urlTemplate":"https:\/\/portalnpm.com\/?s={search_term_string}"},"query-input":"required name=search_term_string"}],"inLanguage":"pt-BR"},{"@type":"Person","@id":"https:\/\/portalnpm.com\/#\/schema\/person\/35cb55186eae3f074b6783da6d35591e","name":"Zenilton Lima","image":{"@type":"ImageObject","inLanguage":"pt-BR","@id":"https:\/\/portalnpm.com\/#\/schema\/person\/image\/","url":"https:\/\/portalnpm.com\/wp-content\/uploads\/2024\/12\/avatar_user_8_1733658137-96x96.jpeg","contentUrl":"https:\/\/portalnpm.com\/wp-content\/uploads\/2024\/12\/avatar_user_8_1733658137-96x96.jpeg","caption":"Zenilton Lima"},"url":"https:\/\/portalnpm.com\/index.php\/author\/zenilton\/"}]}},"jetpack_sharing_enabled":true,"jetpack_featured_media_url":"https:\/\/portalnpm.com\/wp-content\/uploads\/2018\/11\/MAIS-MEDICO.jpg","_links":{"self":[{"href":"https:\/\/portalnpm.com\/index.php\/wp-json\/wp\/v2\/posts\/3027"}],"collection":[{"href":"https:\/\/portalnpm.com\/index.php\/wp-json\/wp\/v2\/posts"}],"about":[{"href":"https:\/\/portalnpm.com\/index.php\/wp-json\/wp\/v2\/types\/post"}],"author":[{"embeddable":true,"href":"https:\/\/portalnpm.com\/index.php\/wp-json\/wp\/v2\/users\/8"}],"replies":[{"embeddable":true,"href":"https:\/\/portalnpm.com\/index.php\/wp-json\/wp\/v2\/comments?post=3027"}],"version-history":[{"count":0,"href":"https:\/\/portalnpm.com\/index.php\/wp-json\/wp\/v2\/posts\/3027\/revisions"}],"wp:featuredmedia":[{"embeddable":true,"href":"https:\/\/portalnpm.com\/index.php\/wp-json\/wp\/v2\/media\/2677"}],"wp:attachment":[{"href":"https:\/\/portalnpm.com\/index.php\/wp-json\/wp\/v2\/media?parent=3027"}],"wp:term":[{"taxonomy":"category","embeddable":true,"href":"https:\/\/portalnpm.com\/index.php\/wp-json\/wp\/v2\/categories?post=3027"},{"taxonomy":"post_tag","embeddable":true,"href":"https:\/\/portalnpm.com\/index.php\/wp-json\/wp\/v2\/tags?post=3027"}],"curies":[{"name":"wp","href":"https:\/\/api.w.org\/{rel}","templated":true}]}}