{"id":3076,"date":"2018-11-28T17:38:23","date_gmt":"2018-11-28T19:38:23","guid":{"rendered":"http:\/\/srv.portalnpm.com.br\/?p=3076"},"modified":"2018-11-28T17:38:23","modified_gmt":"2018-11-28T19:38:23","slug":"deputado-do-mdb-e-ex-ministro-de-temer-e-anunciado-para-ministerio-da-cidadania","status":"publish","type":"post","link":"https:\/\/portalnpm.com\/index.php\/2018\/11\/28\/deputado-do-mdb-e-ex-ministro-de-temer-e-anunciado-para-ministerio-da-cidadania\/","title":{"rendered":"Deputado do MDB e ex-ministro de Temer \u00e9 anunciado para Minist\u00e9rio da Cidadania"},"content":{"rendered":"<blockquote><p>Terra \u00e9 deputado federal reeleito pelo MDB, e foi ministro do Desenvolvimento Social entre 2016 e abril deste ano. Nova pasta reunir\u00e1 Desenvolvimento Social, Esporte e Cultura.<\/p><\/blockquote>\n<div class=\"mc-column content-text active-extra-styles active-capital-letter\" data-block-type=\"unstyled\" data-block-weight=\"32\" data-block-id=\"2\">\n<p class=\"content-text__container theme-color-primary-first-letter\" style=\"text-align: justify;\" data-track-category=\"Link no Texto\" data-track-links=\"\">O presidente eleito Jair Bolsonaro (PSL) escolheu o deputado Osmar Terra (MDB-RS) para ser o ministro da Cidadania. A informa\u00e7\u00e3o foi divulgada pela assessoria do governo de transi\u00e7\u00e3o na tarde desta quarta-feira (28).<\/p>\n<\/div>\n<div class=\"wall protected-content\">\n<div class=\"mc-column content-text active-extra-styles \" style=\"text-align: justify;\" data-block-type=\"unstyled\" data-block-weight=\"46\" data-block-id=\"3\">\n<p class=\"content-text__container \" data-track-category=\"Link no Texto\" data-track-links=\"\">A pasta, que ser\u00e1 criada, responder\u00e1 pela \u00e1rea social do governo federal e reunir\u00e1 Desenvolvimento Social, Esporte e Cultura. De acordo com o futuro ministro, parte da Secretaria Nacional de Pol\u00edticas Sobre Drogas (Senad), que cuida do tratamento de dependentes qu\u00edmicos, tamb\u00e9m ser\u00e1 submetida \u00e0 pasta.<\/p>\n<\/div>\n<div class=\"mc-column content-text active-extra-styles \" style=\"text-align: justify;\" data-block-type=\"unstyled\" data-block-weight=\"19\" data-block-id=\"4\">\n<p class=\"content-text__container \" data-track-category=\"Link no Texto\" data-track-links=\"\">Terra j\u00e1 cuidou da \u00e1rea social no governo de Michel Temer, quando\u00a0<a href=\"http:\/\/g1.globo.com\/politica\/noticia\/2016\/05\/osmar-terra-pmdb-ministro-do-desenvolvimento-social-e-agrario.html\">comandou o atual Minist\u00e9rio do Desenvolvimento Social<\/a>.<\/p>\n<\/div>\n<div class=\"mc-column content-text active-extra-styles \" style=\"text-align: justify;\" data-block-type=\"unstyled\" data-block-weight=\"37\" data-block-id=\"5\">\n<p class=\"content-text__container \" data-track-category=\"Link no Texto\" data-track-links=\"\">Terra \u00e9 o\u00a0<a href=\"https:\/\/g1.globo.com\/politica\/noticia\/2018\/11\/01\/os-ministros-do-presidente-jair-bolsonaro.ghtml\">18\u00ba ministro anunciado<\/a>\u00a0pelo futuro governo Bolsonaro. Durante a campanha eleitoral, afirmou que os atuais 29 minist\u00e9rios\u00a0<a href=\"https:\/\/g1.globo.com\/politica\/eleicoes\/2018\/noticia\/2018\/10\/05\/bolsonaro-diz-que-eventual-governo-tera-no-maximo-15-ministerios.ghtml\">seriam reduzidos para 15<\/a>. Nesta ter\u00e7a (28), afirmou que o\u00a0<a href=\"https:\/\/g1.globo.com\/politica\/noticia\/2018\/11\/27\/bolsonaro-afirma-que-numero-de-ministerios-pode-chegar-a-20.ghtml\">n\u00famero de pastas poderia chegar a 20<\/a>.<\/p>\n<\/div>\n<div class=\"mc-column content-text active-extra-styles \" style=\"text-align: justify;\" data-block-type=\"unstyled\" data-block-weight=\"46\" data-block-id=\"6\">\n<p class=\"content-text__container \" data-track-category=\"Link no Texto\" data-track-links=\"\">M\u00e9dico com mestrado em Neuroci\u00eancia, o porto-alegrense Osmar Gasparini Terra, de 68 anos, \u00e9 deputado federal. Filiado desde 1986 ao MDB, ele foi prefeito de Santa Rosa (1993-1996), secret\u00e1rio de Sa\u00fade do Rio Grande do Sul e ministro do Desenvolvimento Social no governo de Michel Temer.<\/p>\n<\/div>\n<div class=\"mc-column content-text active-extra-styles \" style=\"text-align: justify;\" data-block-type=\"unstyled\" data-block-weight=\"28\" data-block-id=\"7\">\n<p class=\"content-text__container \" data-track-category=\"Link no Texto\" data-track-links=\"\">Terra est\u00e1 na C\u00e2mara dos Deputados desde 2001, de onde se licenciou para integrar o governo Temer. Ele assumiu a pasta do Desenvolvimento Social em maio de 2016.<\/p>\n<\/div>\n<div class=\"mc-column content-text active-extra-styles \" style=\"text-align: justify;\" data-block-type=\"unstyled\" data-block-weight=\"32\" data-block-id=\"8\">\n<p class=\"content-text__container \" data-track-category=\"Link no Texto\" data-track-links=\"\">O pol\u00edtico ga\u00facho ficou no minist\u00e9rio, respons\u00e1vel pelo programa Bolsa Fam\u00edlia, at\u00e9 abril deste ano, quando foi exonerado para disputar a elei\u00e7\u00e3o. Na pasta, dedicou-se a\u00a0<a href=\"https:\/\/g1.globo.com\/politica\/noticia\/quase-350-mil-cadastros-do-bolsa-familia-foram-fraudados-diz-auditoria.ghtml\">combater fraudes no pagamento do benef\u00edcio<\/a>.<\/p>\n<\/div>\n<div data-track-category=\"fim do conteudo\" data-track-action=\"ultimo chunk conteudo\" data-track-noninteraction=\"false\" data-track-scroll=\"entrada completa viewport\">\n<div class=\"mc-column content-text active-extra-styles \" data-block-type=\"unstyled\" data-block-weight=\"23\" data-block-id=\"9\">\n<p class=\"content-text__container \" style=\"text-align: justify;\" data-track-category=\"Link no Texto\" data-track-links=\"\">Tamb\u00e9m como ministro, Osmar Terra\u00a0<a href=\"https:\/\/g1.globo.com\/politica\/noticia\/2018\/07\/28\/governo-preve-concluir-pente-fino-no-inss-com-corte-de-quase-20-nos-auxilios-doenca-e-aposentadorias-por-invalidez.ghtml\">promoveu um pente-fino nas aposentadorias<\/a>\u00a0por invalidez e nos aux\u00edlios-doen\u00e7a pagos pelo Instituto Nacional do Seguro Social (INSS).<\/p>\n<p style=\"text-align: justify;\" data-track-category=\"Link no Texto\" data-track-links=\"\"><strong>Fonte: G1<\/strong><\/p>\n<\/div>\n<\/div>\n<\/div>\n","protected":false},"excerpt":{"rendered":"<p>Terra \u00e9 deputado federal reeleito pelo MDB, e foi ministro do Desenvolvimento Social entre 2016 e abril deste ano. Nova pasta reunir\u00e1 Desenvolvimento Social, Esporte e Cultura. O presidente eleito Jair Bolsonaro (PSL) escolheu o deputado Osmar Terra (MDB-RS) para ser o ministro da Cidadania. A informa\u00e7\u00e3o foi divulgada pela assessoria do governo de transi\u00e7\u00e3o &hellip;<\/p>\n","protected":false},"author":3,"featured_media":3077,"comment_status":"open","ping_status":"open","sticky":false,"template":"","format":"standard","meta":{"content-type":"","rop_custom_images_group":[],"rop_custom_messages_group":[],"rop_publish_now":"initial","rop_publish_now_accounts":{"facebook_2648258775420054_1618374048415101":""},"rop_publish_now_history":[],"rop_publish_now_status":"pending","footnotes":"","_jetpack_memberships_contains_paid_content":false},"categories":[130],"tags":[1150,1558,1253],"yoast_head":"<!-- This site is optimized with the Yoast SEO plugin v22.3 - https:\/\/yoast.com\/wordpress\/plugins\/seo\/ -->\n<title>Deputado do MDB e ex-ministro de Temer \u00e9 anunciado para Minist\u00e9rio da Cidadania - Portal NPM<\/title>\n<meta name=\"robots\" content=\"index, follow, max-snippet:-1, max-image-preview:large, max-video-preview:-1\" \/>\n<link rel=\"canonical\" href=\"https:\/\/portalnpm.com\/index.php\/2018\/11\/28\/deputado-do-mdb-e-ex-ministro-de-temer-e-anunciado-para-ministerio-da-cidadania\/\" \/>\n<meta property=\"og:locale\" content=\"pt_BR\" \/>\n<meta property=\"og:type\" content=\"article\" \/>\n<meta property=\"og:title\" content=\"Deputado do MDB e ex-ministro de Temer \u00e9 anunciado para Minist\u00e9rio da Cidadania - Portal NPM\" \/>\n<meta property=\"og:description\" content=\"Terra \u00e9 deputado federal reeleito pelo MDB, e foi ministro do Desenvolvimento Social entre 2016 e abril deste ano. Nova pasta reunir\u00e1 Desenvolvimento Social, Esporte e Cultura. O presidente eleito Jair Bolsonaro (PSL) escolheu o deputado Osmar Terra (MDB-RS) para ser o ministro da Cidadania. A informa\u00e7\u00e3o foi divulgada pela assessoria do governo de transi\u00e7\u00e3o &hellip;\" \/>\n<meta property=\"og:url\" content=\"https:\/\/portalnpm.com\/index.php\/2018\/11\/28\/deputado-do-mdb-e-ex-ministro-de-temer-e-anunciado-para-ministerio-da-cidadania\/\" \/>\n<meta property=\"og:site_name\" content=\"Portal NPM\" \/>\n<meta property=\"article:published_time\" content=\"2018-11-28T19:38:23+00:00\" \/>\n<meta name=\"author\" content=\"Luis Alberto\" \/>\n<meta name=\"twitter:card\" content=\"summary_large_image\" \/>\n<meta name=\"twitter:label1\" content=\"Escrito por\" \/>\n\t<meta name=\"twitter:data1\" content=\"Luis Alberto\" \/>\n\t<meta name=\"twitter:label2\" content=\"Est. tempo de leitura\" \/>\n\t<meta name=\"twitter:data2\" content=\"2 minutos\" \/>\n<script type=\"application\/ld+json\" class=\"yoast-schema-graph\">{\"@context\":\"https:\/\/schema.org\",\"@graph\":[{\"@type\":\"WebPage\",\"@id\":\"https:\/\/portalnpm.com\/index.php\/2018\/11\/28\/deputado-do-mdb-e-ex-ministro-de-temer-e-anunciado-para-ministerio-da-cidadania\/\",\"url\":\"https:\/\/portalnpm.com\/index.php\/2018\/11\/28\/deputado-do-mdb-e-ex-ministro-de-temer-e-anunciado-para-ministerio-da-cidadania\/\",\"name\":\"Deputado do MDB e ex-ministro de Temer \u00e9 anunciado para Minist\u00e9rio da Cidadania - Portal NPM\",\"isPartOf\":{\"@id\":\"https:\/\/portalnpm.com\/#website\"},\"primaryImageOfPage\":{\"@id\":\"https:\/\/portalnpm.com\/index.php\/2018\/11\/28\/deputado-do-mdb-e-ex-ministro-de-temer-e-anunciado-para-ministerio-da-cidadania\/#primaryimage\"},\"image\":{\"@id\":\"https:\/\/portalnpm.com\/index.php\/2018\/11\/28\/deputado-do-mdb-e-ex-ministro-de-temer-e-anunciado-para-ministerio-da-cidadania\/#primaryimage\"},\"thumbnailUrl\":\"\",\"datePublished\":\"2018-11-28T19:38:23+00:00\",\"dateModified\":\"2018-11-28T19:38:23+00:00\",\"author\":{\"@id\":\"https:\/\/portalnpm.com\/#\/schema\/person\/5c8006acdf71774cd4e7a5ab98482152\"},\"breadcrumb\":{\"@id\":\"https:\/\/portalnpm.com\/index.php\/2018\/11\/28\/deputado-do-mdb-e-ex-ministro-de-temer-e-anunciado-para-ministerio-da-cidadania\/#breadcrumb\"},\"inLanguage\":\"pt-BR\",\"potentialAction\":[{\"@type\":\"ReadAction\",\"target\":[\"https:\/\/portalnpm.com\/index.php\/2018\/11\/28\/deputado-do-mdb-e-ex-ministro-de-temer-e-anunciado-para-ministerio-da-cidadania\/\"]}]},{\"@type\":\"ImageObject\",\"inLanguage\":\"pt-BR\",\"@id\":\"https:\/\/portalnpm.com\/index.php\/2018\/11\/28\/deputado-do-mdb-e-ex-ministro-de-temer-e-anunciado-para-ministerio-da-cidadania\/#primaryimage\",\"url\":\"\",\"contentUrl\":\"\"},{\"@type\":\"BreadcrumbList\",\"@id\":\"https:\/\/portalnpm.com\/index.php\/2018\/11\/28\/deputado-do-mdb-e-ex-ministro-de-temer-e-anunciado-para-ministerio-da-cidadania\/#breadcrumb\",\"itemListElement\":[{\"@type\":\"ListItem\",\"position\":1,\"name\":\"In\u00edcio\",\"item\":\"https:\/\/portalnpm.com\/\"},{\"@type\":\"ListItem\",\"position\":2,\"name\":\"Deputado do MDB e ex-ministro de Temer \u00e9 anunciado para Minist\u00e9rio da Cidadania\"}]},{\"@type\":\"WebSite\",\"@id\":\"https:\/\/portalnpm.com\/#website\",\"url\":\"https:\/\/portalnpm.com\/\",\"name\":\"Portal NPM\",\"description\":\"Not\u00edcias em Primeira M\u00e3o\",\"potentialAction\":[{\"@type\":\"SearchAction\",\"target\":{\"@type\":\"EntryPoint\",\"urlTemplate\":\"https:\/\/portalnpm.com\/?s={search_term_string}\"},\"query-input\":\"required name=search_term_string\"}],\"inLanguage\":\"pt-BR\"},{\"@type\":\"Person\",\"@id\":\"https:\/\/portalnpm.com\/#\/schema\/person\/5c8006acdf71774cd4e7a5ab98482152\",\"name\":\"Luis Alberto\",\"image\":{\"@type\":\"ImageObject\",\"inLanguage\":\"pt-BR\",\"@id\":\"https:\/\/portalnpm.com\/#\/schema\/person\/image\/\",\"url\":\"https:\/\/portalnpm.com\/wp-content\/uploads\/2024\/12\/avatar_user_3_1734699769-96x96.jpeg\",\"contentUrl\":\"https:\/\/portalnpm.com\/wp-content\/uploads\/2024\/12\/avatar_user_3_1734699769-96x96.jpeg\",\"caption\":\"Luis Alberto\"},\"description\":\"Editor-geral do Portal NPM, \u00e9 formado como T\u00e9cnico em Seguran\u00e7a do Trabalho pela Escola Metropolitana de Cursos T\u00e9cnicos. Det\u00e9m ainda licenciatura em Educa\u00e7\u00e3o F\u00edsica e bacharelado em Ci\u00eancias Pol\u00edticas, ambos obtidos pela institui\u00e7\u00e3o Anhanguera\/UNOPAR.\",\"url\":\"https:\/\/portalnpm.com\/index.php\/author\/pereira\/\"}]}<\/script>\n<!-- \/ Yoast SEO plugin. -->","yoast_head_json":{"title":"Deputado do MDB e ex-ministro de Temer \u00e9 anunciado para Minist\u00e9rio da Cidadania - Portal NPM","robots":{"index":"index","follow":"follow","max-snippet":"max-snippet:-1","max-image-preview":"max-image-preview:large","max-video-preview":"max-video-preview:-1"},"canonical":"https:\/\/portalnpm.com\/index.php\/2018\/11\/28\/deputado-do-mdb-e-ex-ministro-de-temer-e-anunciado-para-ministerio-da-cidadania\/","og_locale":"pt_BR","og_type":"article","og_title":"Deputado do MDB e ex-ministro de Temer \u00e9 anunciado para Minist\u00e9rio da Cidadania - Portal NPM","og_description":"Terra \u00e9 deputado federal reeleito pelo MDB, e foi ministro do Desenvolvimento Social entre 2016 e abril deste ano. Nova pasta reunir\u00e1 Desenvolvimento Social, Esporte e Cultura. O presidente eleito Jair Bolsonaro (PSL) escolheu o deputado Osmar Terra (MDB-RS) para ser o ministro da Cidadania. A informa\u00e7\u00e3o foi divulgada pela assessoria do governo de transi\u00e7\u00e3o &hellip;","og_url":"https:\/\/portalnpm.com\/index.php\/2018\/11\/28\/deputado-do-mdb-e-ex-ministro-de-temer-e-anunciado-para-ministerio-da-cidadania\/","og_site_name":"Portal NPM","article_published_time":"2018-11-28T19:38:23+00:00","author":"Luis Alberto","twitter_card":"summary_large_image","twitter_misc":{"Escrito por":"Luis Alberto","Est. tempo de leitura":"2 minutos"},"schema":{"@context":"https:\/\/schema.org","@graph":[{"@type":"WebPage","@id":"https:\/\/portalnpm.com\/index.php\/2018\/11\/28\/deputado-do-mdb-e-ex-ministro-de-temer-e-anunciado-para-ministerio-da-cidadania\/","url":"https:\/\/portalnpm.com\/index.php\/2018\/11\/28\/deputado-do-mdb-e-ex-ministro-de-temer-e-anunciado-para-ministerio-da-cidadania\/","name":"Deputado do MDB e ex-ministro de Temer \u00e9 anunciado para Minist\u00e9rio da Cidadania - Portal NPM","isPartOf":{"@id":"https:\/\/portalnpm.com\/#website"},"primaryImageOfPage":{"@id":"https:\/\/portalnpm.com\/index.php\/2018\/11\/28\/deputado-do-mdb-e-ex-ministro-de-temer-e-anunciado-para-ministerio-da-cidadania\/#primaryimage"},"image":{"@id":"https:\/\/portalnpm.com\/index.php\/2018\/11\/28\/deputado-do-mdb-e-ex-ministro-de-temer-e-anunciado-para-ministerio-da-cidadania\/#primaryimage"},"thumbnailUrl":"","datePublished":"2018-11-28T19:38:23+00:00","dateModified":"2018-11-28T19:38:23+00:00","author":{"@id":"https:\/\/portalnpm.com\/#\/schema\/person\/5c8006acdf71774cd4e7a5ab98482152"},"breadcrumb":{"@id":"https:\/\/portalnpm.com\/index.php\/2018\/11\/28\/deputado-do-mdb-e-ex-ministro-de-temer-e-anunciado-para-ministerio-da-cidadania\/#breadcrumb"},"inLanguage":"pt-BR","potentialAction":[{"@type":"ReadAction","target":["https:\/\/portalnpm.com\/index.php\/2018\/11\/28\/deputado-do-mdb-e-ex-ministro-de-temer-e-anunciado-para-ministerio-da-cidadania\/"]}]},{"@type":"ImageObject","inLanguage":"pt-BR","@id":"https:\/\/portalnpm.com\/index.php\/2018\/11\/28\/deputado-do-mdb-e-ex-ministro-de-temer-e-anunciado-para-ministerio-da-cidadania\/#primaryimage","url":"","contentUrl":""},{"@type":"BreadcrumbList","@id":"https:\/\/portalnpm.com\/index.php\/2018\/11\/28\/deputado-do-mdb-e-ex-ministro-de-temer-e-anunciado-para-ministerio-da-cidadania\/#breadcrumb","itemListElement":[{"@type":"ListItem","position":1,"name":"In\u00edcio","item":"https:\/\/portalnpm.com\/"},{"@type":"ListItem","position":2,"name":"Deputado do MDB e ex-ministro de Temer \u00e9 anunciado para Minist\u00e9rio da Cidadania"}]},{"@type":"WebSite","@id":"https:\/\/portalnpm.com\/#website","url":"https:\/\/portalnpm.com\/","name":"Portal NPM","description":"Not\u00edcias em Primeira M\u00e3o","potentialAction":[{"@type":"SearchAction","target":{"@type":"EntryPoint","urlTemplate":"https:\/\/portalnpm.com\/?s={search_term_string}"},"query-input":"required name=search_term_string"}],"inLanguage":"pt-BR"},{"@type":"Person","@id":"https:\/\/portalnpm.com\/#\/schema\/person\/5c8006acdf71774cd4e7a5ab98482152","name":"Luis Alberto","image":{"@type":"ImageObject","inLanguage":"pt-BR","@id":"https:\/\/portalnpm.com\/#\/schema\/person\/image\/","url":"https:\/\/portalnpm.com\/wp-content\/uploads\/2024\/12\/avatar_user_3_1734699769-96x96.jpeg","contentUrl":"https:\/\/portalnpm.com\/wp-content\/uploads\/2024\/12\/avatar_user_3_1734699769-96x96.jpeg","caption":"Luis Alberto"},"description":"Editor-geral do Portal NPM, \u00e9 formado como T\u00e9cnico em Seguran\u00e7a do Trabalho pela Escola Metropolitana de Cursos T\u00e9cnicos. Det\u00e9m ainda licenciatura em Educa\u00e7\u00e3o F\u00edsica e bacharelado em Ci\u00eancias Pol\u00edticas, ambos obtidos pela institui\u00e7\u00e3o Anhanguera\/UNOPAR.","url":"https:\/\/portalnpm.com\/index.php\/author\/pereira\/"}]}},"jetpack_sharing_enabled":true,"jetpack_featured_media_url":"","_links":{"self":[{"href":"https:\/\/portalnpm.com\/index.php\/wp-json\/wp\/v2\/posts\/3076"}],"collection":[{"href":"https:\/\/portalnpm.com\/index.php\/wp-json\/wp\/v2\/posts"}],"about":[{"href":"https:\/\/portalnpm.com\/index.php\/wp-json\/wp\/v2\/types\/post"}],"author":[{"embeddable":true,"href":"https:\/\/portalnpm.com\/index.php\/wp-json\/wp\/v2\/users\/3"}],"replies":[{"embeddable":true,"href":"https:\/\/portalnpm.com\/index.php\/wp-json\/wp\/v2\/comments?post=3076"}],"version-history":[{"count":0,"href":"https:\/\/portalnpm.com\/index.php\/wp-json\/wp\/v2\/posts\/3076\/revisions"}],"wp:featuredmedia":[{"embeddable":true,"href":"https:\/\/portalnpm.com\/index.php\/wp-json\/"}],"wp:attachment":[{"href":"https:\/\/portalnpm.com\/index.php\/wp-json\/wp\/v2\/media?parent=3076"}],"wp:term":[{"taxonomy":"category","embeddable":true,"href":"https:\/\/portalnpm.com\/index.php\/wp-json\/wp\/v2\/categories?post=3076"},{"taxonomy":"post_tag","embeddable":true,"href":"https:\/\/portalnpm.com\/index.php\/wp-json\/wp\/v2\/tags?post=3076"}],"curies":[{"name":"wp","href":"https:\/\/api.w.org\/{rel}","templated":true}]}}