{"id":3114,"date":"2018-11-30T10:52:24","date_gmt":"2018-11-30T12:52:24","guid":{"rendered":"http:\/\/srv.portalnpm.com.br\/?p=3114"},"modified":"2018-11-30T10:52:24","modified_gmt":"2018-11-30T12:52:24","slug":"depois-de-empresa-decretar-falencia-academicos-de-jornalismo-da-r-sa-realizam-campanha-solidaria-para-formatura","status":"publish","type":"post","link":"https:\/\/portalnpm.com\/index.php\/2018\/11\/30\/depois-de-empresa-decretar-falencia-academicos-de-jornalismo-da-r-sa-realizam-campanha-solidaria-para-formatura\/","title":{"rendered":"Depois de empresa decretar fal\u00eancia, acad\u00eamicos de Jornalismo da R.S\u00e1 realizam campanha solid\u00e1ria para formatura"},"content":{"rendered":"<p style=\"text-align: justify;\">Quatorze acad\u00eamicos do curso de Jornalismo da Faculdade R.S\u00e1 sonharam com a t\u00e3o aguardada semana de formatura. No entanto, na \u00faltima segunda-feira (26), h\u00e1 dois meses da concretiza\u00e7\u00e3o desta etapa, o sonho passou a se tornar uma preocupa\u00e7\u00e3o j\u00e1 que a empresa contratada para realizar os eventos de formatura, a Celebra\u00e7\u00e3o Eventos, decretou fal\u00eancia. Desde ent\u00e3o, com dificuldades financeiras, os universit\u00e1rios se uniram em prol de uma campanha solid\u00e1ria nas redes sociais virtuais para arrecadar doa\u00e7\u00f5es.<\/p>\n<p style=\"text-align: justify;\">Intitulada de \u201cNosso sonho ficou distante\u201d a campanha j\u00e1 conseguiu milhares de compartilhamentos nas redes sociais e vem recebendo doa\u00e7\u00f5es e apoio de diversas empresas picoenses.<\/p>\n<p style=\"text-align: justify;\"><img decoding=\"async\" src=\"http:\/\/folhaatual.com.br\/userfiles\/images\/47090549_256408765031468_512927792174727168_n.jpg\" alt=\"\" \/><\/p>\n<p style=\"text-align: justify;\">O acad\u00eamico do VIII de Jornalismo da R.S\u00e1, Isael Pereira, explicou que o contrato com a Celebra\u00e7\u00e3o Eventos foi firmado em abril de 2016. O futuro jornalista comentou que os rumores de que a empresa enfrentava dificuldades financeiras sempre apareceram, por\u00e9m negados pelos empres\u00e1rios.<\/p>\n<p style=\"text-align: justify;\">\u201cH\u00e1 um ano e meio percebemos que a empresa vinha deixando a desejar nas formaturas. No come\u00e7o do ano houveram reuni\u00f5es, mas eles [Celebra\u00e7\u00e3o Eventos] nunca foram honestos sempre negavam, que se tratavam de boatos e sempre repassavam que estavam tudo bem. Faltando agora dois meses para nossa formatura declararam fal\u00eancia\u201d, disse o acad\u00eamico.<\/p>\n<p style=\"text-align: justify;\"><img decoding=\"async\" src=\"http:\/\/folhaatual.com.br\/userfiles\/images\/46969195_522090511608643_4383067331622862848_n.jpg\" alt=\"\" \/><\/p>\n<p style=\"text-align: justify;\"><strong><em>Isael Pereira<\/em><\/strong><\/p>\n<p style=\"text-align: justify;\">Isael Pereira comentou ainda que a not\u00edcia da fal\u00eancia trouxe um impacto emocional gigantesco para a turma.<\/p>\n<p style=\"text-align: justify;\">\u201cFoi um impacto muito grande para a nossa turma porque n\u00e3o temos dinheiro, n\u00e3o temos como pagar outra empresa, placa. At\u00e9 agora n\u00e3o temos nada para realizar nossa formatura. Fizemos uma reuni\u00e3o e decidimos fazer uma campanha principalmente nas redes sociais, informando o que aconteceu com a gente e vem surtindo efeito recebendo ajuda de algumas pessoas, empresas\u201d, concluiu.<\/p>\n<p style=\"text-align: justify;\"><strong>Doa\u00e7\u00f5es<\/strong><\/p>\n<p style=\"text-align: justify;\">Para quem deseja ajudar a turma na realiza\u00e7\u00e3o do sonho da formatura, as doa\u00e7\u00f5es podem serem feitas atrav\u00e9s de doa\u00e7\u00f5es banc\u00e1rias.<\/p>\n<p style=\"text-align: justify;\"><strong>Banco do Brasil<\/strong><\/p>\n<p style=\"text-align: justify;\">Conta Corrente<\/p>\n<p style=\"text-align: justify;\">0254-2<\/p>\n<p style=\"text-align: justify;\">67.644-6<\/p>\n<p style=\"text-align: justify;\">Paloma Veloso Bento Alencar<\/p>\n<p style=\"text-align: justify;\"><strong>Caixa<\/strong><\/p>\n<p style=\"text-align: justify;\">Ag\u00eancia: 3832<\/p>\n<p style=\"text-align: justify;\">Opera\u00e7\u00e3o: 013<\/p>\n<p style=\"text-align: justify;\">16641-7<\/p>\n<p style=\"text-align: justify;\">Pedro Paulo Pereira<\/p>\n<p style=\"text-align: justify;\"><strong>Fonte: Folha Atual<\/strong><\/p>\n","protected":false},"excerpt":{"rendered":"<p>Quatorze acad\u00eamicos do curso de Jornalismo da Faculdade R.S\u00e1 sonharam com a t\u00e3o aguardada semana de formatura. No entanto, na \u00faltima segunda-feira (26), h\u00e1 dois meses da concretiza\u00e7\u00e3o desta etapa, o sonho passou a se tornar uma preocupa\u00e7\u00e3o j\u00e1 que a empresa contratada para realizar os eventos de formatura, a Celebra\u00e7\u00e3o Eventos, decretou fal\u00eancia. Desde &hellip;<\/p>\n","protected":false},"author":3,"featured_media":3115,"comment_status":"open","ping_status":"open","sticky":false,"template":"","format":"standard","meta":{"content-type":"","rop_custom_images_group":[],"rop_custom_messages_group":[],"rop_publish_now":"initial","rop_publish_now_accounts":{"facebook_2648258775420054_1618374048415101":""},"rop_publish_now_history":[],"rop_publish_now_status":"pending","footnotes":"","_jetpack_memberships_contains_paid_content":false},"categories":[113,127],"tags":[1574,1575,1576],"yoast_head":"<!-- This site is optimized with the Yoast SEO plugin v22.3 - https:\/\/yoast.com\/wordpress\/plugins\/seo\/ -->\n<title>Depois de empresa decretar fal\u00eancia, acad\u00eamicos de Jornalismo da R.S\u00e1 realizam campanha solid\u00e1ria para formatura - Portal NPM<\/title>\n<meta name=\"robots\" content=\"index, follow, max-snippet:-1, max-image-preview:large, max-video-preview:-1\" \/>\n<link rel=\"canonical\" href=\"https:\/\/portalnpm.com\/index.php\/2018\/11\/30\/depois-de-empresa-decretar-falencia-academicos-de-jornalismo-da-r-sa-realizam-campanha-solidaria-para-formatura\/\" \/>\n<meta property=\"og:locale\" content=\"pt_BR\" \/>\n<meta property=\"og:type\" content=\"article\" \/>\n<meta property=\"og:title\" content=\"Depois de empresa decretar fal\u00eancia, acad\u00eamicos de Jornalismo da R.S\u00e1 realizam campanha solid\u00e1ria para formatura - Portal NPM\" \/>\n<meta property=\"og:description\" content=\"Quatorze acad\u00eamicos do curso de Jornalismo da Faculdade R.S\u00e1 sonharam com a t\u00e3o aguardada semana de formatura. No entanto, na \u00faltima segunda-feira (26), h\u00e1 dois meses da concretiza\u00e7\u00e3o desta etapa, o sonho passou a se tornar uma preocupa\u00e7\u00e3o j\u00e1 que a empresa contratada para realizar os eventos de formatura, a Celebra\u00e7\u00e3o Eventos, decretou fal\u00eancia. Desde &hellip;\" \/>\n<meta property=\"og:url\" content=\"https:\/\/portalnpm.com\/index.php\/2018\/11\/30\/depois-de-empresa-decretar-falencia-academicos-de-jornalismo-da-r-sa-realizam-campanha-solidaria-para-formatura\/\" \/>\n<meta property=\"og:site_name\" content=\"Portal NPM\" \/>\n<meta property=\"article:published_time\" content=\"2018-11-30T12:52:24+00:00\" \/>\n<meta name=\"author\" content=\"Luis Alberto\" \/>\n<meta name=\"twitter:card\" content=\"summary_large_image\" \/>\n<meta name=\"twitter:label1\" content=\"Escrito por\" \/>\n\t<meta name=\"twitter:data1\" content=\"Luis Alberto\" \/>\n\t<meta name=\"twitter:label2\" content=\"Est. tempo de leitura\" \/>\n\t<meta name=\"twitter:data2\" content=\"2 minutos\" \/>\n<script type=\"application\/ld+json\" class=\"yoast-schema-graph\">{\"@context\":\"https:\/\/schema.org\",\"@graph\":[{\"@type\":\"WebPage\",\"@id\":\"https:\/\/portalnpm.com\/index.php\/2018\/11\/30\/depois-de-empresa-decretar-falencia-academicos-de-jornalismo-da-r-sa-realizam-campanha-solidaria-para-formatura\/\",\"url\":\"https:\/\/portalnpm.com\/index.php\/2018\/11\/30\/depois-de-empresa-decretar-falencia-academicos-de-jornalismo-da-r-sa-realizam-campanha-solidaria-para-formatura\/\",\"name\":\"Depois de empresa decretar fal\u00eancia, acad\u00eamicos de Jornalismo da R.S\u00e1 realizam campanha solid\u00e1ria para formatura - Portal NPM\",\"isPartOf\":{\"@id\":\"https:\/\/portalnpm.com\/#website\"},\"primaryImageOfPage\":{\"@id\":\"https:\/\/portalnpm.com\/index.php\/2018\/11\/30\/depois-de-empresa-decretar-falencia-academicos-de-jornalismo-da-r-sa-realizam-campanha-solidaria-para-formatura\/#primaryimage\"},\"image\":{\"@id\":\"https:\/\/portalnpm.com\/index.php\/2018\/11\/30\/depois-de-empresa-decretar-falencia-academicos-de-jornalismo-da-r-sa-realizam-campanha-solidaria-para-formatura\/#primaryimage\"},\"thumbnailUrl\":\"\",\"datePublished\":\"2018-11-30T12:52:24+00:00\",\"dateModified\":\"2018-11-30T12:52:24+00:00\",\"author\":{\"@id\":\"https:\/\/portalnpm.com\/#\/schema\/person\/5c8006acdf71774cd4e7a5ab98482152\"},\"breadcrumb\":{\"@id\":\"https:\/\/portalnpm.com\/index.php\/2018\/11\/30\/depois-de-empresa-decretar-falencia-academicos-de-jornalismo-da-r-sa-realizam-campanha-solidaria-para-formatura\/#breadcrumb\"},\"inLanguage\":\"pt-BR\",\"potentialAction\":[{\"@type\":\"ReadAction\",\"target\":[\"https:\/\/portalnpm.com\/index.php\/2018\/11\/30\/depois-de-empresa-decretar-falencia-academicos-de-jornalismo-da-r-sa-realizam-campanha-solidaria-para-formatura\/\"]}]},{\"@type\":\"ImageObject\",\"inLanguage\":\"pt-BR\",\"@id\":\"https:\/\/portalnpm.com\/index.php\/2018\/11\/30\/depois-de-empresa-decretar-falencia-academicos-de-jornalismo-da-r-sa-realizam-campanha-solidaria-para-formatura\/#primaryimage\",\"url\":\"\",\"contentUrl\":\"\"},{\"@type\":\"BreadcrumbList\",\"@id\":\"https:\/\/portalnpm.com\/index.php\/2018\/11\/30\/depois-de-empresa-decretar-falencia-academicos-de-jornalismo-da-r-sa-realizam-campanha-solidaria-para-formatura\/#breadcrumb\",\"itemListElement\":[{\"@type\":\"ListItem\",\"position\":1,\"name\":\"In\u00edcio\",\"item\":\"https:\/\/portalnpm.com\/\"},{\"@type\":\"ListItem\",\"position\":2,\"name\":\"Depois de empresa decretar fal\u00eancia, acad\u00eamicos de Jornalismo da R.S\u00e1 realizam campanha solid\u00e1ria para formatura\"}]},{\"@type\":\"WebSite\",\"@id\":\"https:\/\/portalnpm.com\/#website\",\"url\":\"https:\/\/portalnpm.com\/\",\"name\":\"Portal NPM\",\"description\":\"Not\u00edcias em Primeira M\u00e3o\",\"potentialAction\":[{\"@type\":\"SearchAction\",\"target\":{\"@type\":\"EntryPoint\",\"urlTemplate\":\"https:\/\/portalnpm.com\/?s={search_term_string}\"},\"query-input\":\"required name=search_term_string\"}],\"inLanguage\":\"pt-BR\"},{\"@type\":\"Person\",\"@id\":\"https:\/\/portalnpm.com\/#\/schema\/person\/5c8006acdf71774cd4e7a5ab98482152\",\"name\":\"Luis Alberto\",\"image\":{\"@type\":\"ImageObject\",\"inLanguage\":\"pt-BR\",\"@id\":\"https:\/\/portalnpm.com\/#\/schema\/person\/image\/\",\"url\":\"https:\/\/portalnpm.com\/wp-content\/uploads\/2024\/12\/avatar_user_3_1734699769-96x96.jpeg\",\"contentUrl\":\"https:\/\/portalnpm.com\/wp-content\/uploads\/2024\/12\/avatar_user_3_1734699769-96x96.jpeg\",\"caption\":\"Luis Alberto\"},\"description\":\"Editor-geral do Portal NPM, \u00e9 formado como T\u00e9cnico em Seguran\u00e7a do Trabalho pela Escola Metropolitana de Cursos T\u00e9cnicos. Det\u00e9m ainda licenciatura em Educa\u00e7\u00e3o F\u00edsica e bacharelado em Ci\u00eancias Pol\u00edticas, ambos obtidos pela institui\u00e7\u00e3o Anhanguera\/UNOPAR.\",\"url\":\"https:\/\/portalnpm.com\/index.php\/author\/pereira\/\"}]}<\/script>\n<!-- \/ Yoast SEO plugin. -->","yoast_head_json":{"title":"Depois de empresa decretar fal\u00eancia, acad\u00eamicos de Jornalismo da R.S\u00e1 realizam campanha solid\u00e1ria para formatura - Portal NPM","robots":{"index":"index","follow":"follow","max-snippet":"max-snippet:-1","max-image-preview":"max-image-preview:large","max-video-preview":"max-video-preview:-1"},"canonical":"https:\/\/portalnpm.com\/index.php\/2018\/11\/30\/depois-de-empresa-decretar-falencia-academicos-de-jornalismo-da-r-sa-realizam-campanha-solidaria-para-formatura\/","og_locale":"pt_BR","og_type":"article","og_title":"Depois de empresa decretar fal\u00eancia, acad\u00eamicos de Jornalismo da R.S\u00e1 realizam campanha solid\u00e1ria para formatura - Portal NPM","og_description":"Quatorze acad\u00eamicos do curso de Jornalismo da Faculdade R.S\u00e1 sonharam com a t\u00e3o aguardada semana de formatura. No entanto, na \u00faltima segunda-feira (26), h\u00e1 dois meses da concretiza\u00e7\u00e3o desta etapa, o sonho passou a se tornar uma preocupa\u00e7\u00e3o j\u00e1 que a empresa contratada para realizar os eventos de formatura, a Celebra\u00e7\u00e3o Eventos, decretou fal\u00eancia. Desde &hellip;","og_url":"https:\/\/portalnpm.com\/index.php\/2018\/11\/30\/depois-de-empresa-decretar-falencia-academicos-de-jornalismo-da-r-sa-realizam-campanha-solidaria-para-formatura\/","og_site_name":"Portal NPM","article_published_time":"2018-11-30T12:52:24+00:00","author":"Luis Alberto","twitter_card":"summary_large_image","twitter_misc":{"Escrito por":"Luis Alberto","Est. tempo de leitura":"2 minutos"},"schema":{"@context":"https:\/\/schema.org","@graph":[{"@type":"WebPage","@id":"https:\/\/portalnpm.com\/index.php\/2018\/11\/30\/depois-de-empresa-decretar-falencia-academicos-de-jornalismo-da-r-sa-realizam-campanha-solidaria-para-formatura\/","url":"https:\/\/portalnpm.com\/index.php\/2018\/11\/30\/depois-de-empresa-decretar-falencia-academicos-de-jornalismo-da-r-sa-realizam-campanha-solidaria-para-formatura\/","name":"Depois de empresa decretar fal\u00eancia, acad\u00eamicos de Jornalismo da R.S\u00e1 realizam campanha solid\u00e1ria para formatura - Portal NPM","isPartOf":{"@id":"https:\/\/portalnpm.com\/#website"},"primaryImageOfPage":{"@id":"https:\/\/portalnpm.com\/index.php\/2018\/11\/30\/depois-de-empresa-decretar-falencia-academicos-de-jornalismo-da-r-sa-realizam-campanha-solidaria-para-formatura\/#primaryimage"},"image":{"@id":"https:\/\/portalnpm.com\/index.php\/2018\/11\/30\/depois-de-empresa-decretar-falencia-academicos-de-jornalismo-da-r-sa-realizam-campanha-solidaria-para-formatura\/#primaryimage"},"thumbnailUrl":"","datePublished":"2018-11-30T12:52:24+00:00","dateModified":"2018-11-30T12:52:24+00:00","author":{"@id":"https:\/\/portalnpm.com\/#\/schema\/person\/5c8006acdf71774cd4e7a5ab98482152"},"breadcrumb":{"@id":"https:\/\/portalnpm.com\/index.php\/2018\/11\/30\/depois-de-empresa-decretar-falencia-academicos-de-jornalismo-da-r-sa-realizam-campanha-solidaria-para-formatura\/#breadcrumb"},"inLanguage":"pt-BR","potentialAction":[{"@type":"ReadAction","target":["https:\/\/portalnpm.com\/index.php\/2018\/11\/30\/depois-de-empresa-decretar-falencia-academicos-de-jornalismo-da-r-sa-realizam-campanha-solidaria-para-formatura\/"]}]},{"@type":"ImageObject","inLanguage":"pt-BR","@id":"https:\/\/portalnpm.com\/index.php\/2018\/11\/30\/depois-de-empresa-decretar-falencia-academicos-de-jornalismo-da-r-sa-realizam-campanha-solidaria-para-formatura\/#primaryimage","url":"","contentUrl":""},{"@type":"BreadcrumbList","@id":"https:\/\/portalnpm.com\/index.php\/2018\/11\/30\/depois-de-empresa-decretar-falencia-academicos-de-jornalismo-da-r-sa-realizam-campanha-solidaria-para-formatura\/#breadcrumb","itemListElement":[{"@type":"ListItem","position":1,"name":"In\u00edcio","item":"https:\/\/portalnpm.com\/"},{"@type":"ListItem","position":2,"name":"Depois de empresa decretar fal\u00eancia, acad\u00eamicos de Jornalismo da R.S\u00e1 realizam campanha solid\u00e1ria para formatura"}]},{"@type":"WebSite","@id":"https:\/\/portalnpm.com\/#website","url":"https:\/\/portalnpm.com\/","name":"Portal NPM","description":"Not\u00edcias em Primeira M\u00e3o","potentialAction":[{"@type":"SearchAction","target":{"@type":"EntryPoint","urlTemplate":"https:\/\/portalnpm.com\/?s={search_term_string}"},"query-input":"required name=search_term_string"}],"inLanguage":"pt-BR"},{"@type":"Person","@id":"https:\/\/portalnpm.com\/#\/schema\/person\/5c8006acdf71774cd4e7a5ab98482152","name":"Luis Alberto","image":{"@type":"ImageObject","inLanguage":"pt-BR","@id":"https:\/\/portalnpm.com\/#\/schema\/person\/image\/","url":"https:\/\/portalnpm.com\/wp-content\/uploads\/2024\/12\/avatar_user_3_1734699769-96x96.jpeg","contentUrl":"https:\/\/portalnpm.com\/wp-content\/uploads\/2024\/12\/avatar_user_3_1734699769-96x96.jpeg","caption":"Luis Alberto"},"description":"Editor-geral do Portal NPM, \u00e9 formado como T\u00e9cnico em Seguran\u00e7a do Trabalho pela Escola Metropolitana de Cursos T\u00e9cnicos. Det\u00e9m ainda licenciatura em Educa\u00e7\u00e3o F\u00edsica e bacharelado em Ci\u00eancias Pol\u00edticas, ambos obtidos pela institui\u00e7\u00e3o Anhanguera\/UNOPAR.","url":"https:\/\/portalnpm.com\/index.php\/author\/pereira\/"}]}},"jetpack_sharing_enabled":true,"jetpack_featured_media_url":"","_links":{"self":[{"href":"https:\/\/portalnpm.com\/index.php\/wp-json\/wp\/v2\/posts\/3114"}],"collection":[{"href":"https:\/\/portalnpm.com\/index.php\/wp-json\/wp\/v2\/posts"}],"about":[{"href":"https:\/\/portalnpm.com\/index.php\/wp-json\/wp\/v2\/types\/post"}],"author":[{"embeddable":true,"href":"https:\/\/portalnpm.com\/index.php\/wp-json\/wp\/v2\/users\/3"}],"replies":[{"embeddable":true,"href":"https:\/\/portalnpm.com\/index.php\/wp-json\/wp\/v2\/comments?post=3114"}],"version-history":[{"count":0,"href":"https:\/\/portalnpm.com\/index.php\/wp-json\/wp\/v2\/posts\/3114\/revisions"}],"wp:featuredmedia":[{"embeddable":true,"href":"https:\/\/portalnpm.com\/index.php\/wp-json\/"}],"wp:attachment":[{"href":"https:\/\/portalnpm.com\/index.php\/wp-json\/wp\/v2\/media?parent=3114"}],"wp:term":[{"taxonomy":"category","embeddable":true,"href":"https:\/\/portalnpm.com\/index.php\/wp-json\/wp\/v2\/categories?post=3114"},{"taxonomy":"post_tag","embeddable":true,"href":"https:\/\/portalnpm.com\/index.php\/wp-json\/wp\/v2\/tags?post=3114"}],"curies":[{"name":"wp","href":"https:\/\/api.w.org\/{rel}","templated":true}]}}