{"id":3128,"date":"2018-11-30T12:31:43","date_gmt":"2018-11-30T14:31:43","guid":{"rendered":"http:\/\/srv.portalnpm.com.br\/?p=3128"},"modified":"2018-11-30T12:31:43","modified_gmt":"2018-11-30T14:31:43","slug":"firmino-garante-que-fica-no-psdb-e-nao-trabalha-para-ser-governador","status":"publish","type":"post","link":"https:\/\/portalnpm.com\/index.php\/2018\/11\/30\/firmino-garante-que-fica-no-psdb-e-nao-trabalha-para-ser-governador\/","title":{"rendered":"Firmino garante que fica no PSDB e n\u00e3o trabalha para ser governador"},"content":{"rendered":"<p style=\"text-align: justify;\">O prefeito de Teresina, Firmino Filho, chamou de desservi\u00e7o a antecipa\u00e7\u00e3o do processo eleitoral na capital. O tucano disse que falar em elei\u00e7\u00e3o agora faz mal e prejudica o debate de assuntos importantes para a popula\u00e7\u00e3o. Firmino, que concedeu uma longa entrevista \u00e0 TV Cidade Verde nesta quinta-feira (29), garantiu ainda que, por enquanto, permanece no PSDB e que n\u00e3o tem projetos de concorrer a uma elei\u00e7\u00e3o para governador.<\/p>\n<p style=\"text-align: justify;\">&#8220;A gente deveria se preocupar com as coisas concretas, como por exemplo ter uma gest\u00e3o correta dos recursos. Eu at\u00e9 me rebelo com essa agenda exagerada de pol\u00edtica. A politiza\u00e7\u00e3o prejudica o debate racional. A elei\u00e7\u00e3o traz emo\u00e7\u00e3o, a voz impostada, acusa\u00e7\u00e3o. Vamos aproveitar 2019 para trabalhar e debater as quest\u00f5es concretas para o povo. Acabamos de sair de uma elei\u00e7\u00e3o. \u00c9 um desservi\u00e7o antecipar essa conversa e faz mal pra gente&#8221;, desabafou.<\/p>\n<p style=\"text-align: justify;\">Sobre uma eventual candidatura ao governo em 2022, Firmino deixou claro que n\u00e3o existe um projeto pessoal para isso, no entanto, tudo depender\u00e1 da conjuntura na \u00e9poca.<\/p>\n<p style=\"text-align: justify;\">&#8220;N\u00e3o existe da minha parte nem um projeto de ocupar cargo em n\u00edvel estadual. Meu projeto pol\u00edtico est\u00e1 satisfeito. Sou grato ao povo de Teresina e o que vier \u00e9 extra. O que acontecer pro futuro \u00e9 bem vindo, mas n\u00e3o existe um projeto. No passado eu j\u00e1 tive, mas agora n\u00e3o existe mais isso. Campanha majorit\u00e1ria n\u00e3o depende de voc\u00ea, \u00e9 o tempo. Eu n\u00e3o descarto, mas n\u00e3o tenho esse desejo. \u00c9 zero o meu trabalho pra isso. J\u00e1 me sinto realizado e n\u00e3o tenho desespero. Se eu puder ajudar, vou ajudar&#8221;, declarou, ressaltando que permanece no PSDB.<\/p>\n<p style=\"text-align: justify;\"><strong>Fonte: Cidade Verde<\/strong><\/p>\n","protected":false},"excerpt":{"rendered":"<p>O prefeito de Teresina, Firmino Filho, chamou de desservi\u00e7o a antecipa\u00e7\u00e3o do processo eleitoral na capital. O tucano disse que falar em elei\u00e7\u00e3o agora faz mal e prejudica o debate de assuntos importantes para a popula\u00e7\u00e3o. Firmino, que concedeu uma longa entrevista \u00e0 TV Cidade Verde nesta quinta-feira (29), garantiu ainda que, por enquanto, permanece &hellip;<\/p>\n","protected":false},"author":4,"featured_media":3129,"comment_status":"open","ping_status":"open","sticky":false,"template":"","format":"standard","meta":{"content-type":"","rop_custom_images_group":[],"rop_custom_messages_group":[],"rop_publish_now":"initial","rop_publish_now_accounts":{"facebook_2648258775420054_1618374048415101":""},"rop_publish_now_history":[],"rop_publish_now_status":"pending","footnotes":"","_jetpack_memberships_contains_paid_content":false},"categories":[113,130],"tags":[1584,741,1585],"yoast_head":"<!-- This site is optimized with the Yoast SEO plugin v22.3 - https:\/\/yoast.com\/wordpress\/plugins\/seo\/ -->\n<title>Firmino garante que fica no PSDB e n\u00e3o trabalha para ser governador - Portal NPM<\/title>\n<meta name=\"robots\" content=\"index, follow, max-snippet:-1, max-image-preview:large, max-video-preview:-1\" \/>\n<link rel=\"canonical\" href=\"https:\/\/portalnpm.com\/index.php\/2018\/11\/30\/firmino-garante-que-fica-no-psdb-e-nao-trabalha-para-ser-governador\/\" \/>\n<meta property=\"og:locale\" content=\"pt_BR\" \/>\n<meta property=\"og:type\" content=\"article\" \/>\n<meta property=\"og:title\" content=\"Firmino garante que fica no PSDB e n\u00e3o trabalha para ser governador - Portal NPM\" \/>\n<meta property=\"og:description\" content=\"O prefeito de Teresina, Firmino Filho, chamou de desservi\u00e7o a antecipa\u00e7\u00e3o do processo eleitoral na capital. O tucano disse que falar em elei\u00e7\u00e3o agora faz mal e prejudica o debate de assuntos importantes para a popula\u00e7\u00e3o. Firmino, que concedeu uma longa entrevista \u00e0 TV Cidade Verde nesta quinta-feira (29), garantiu ainda que, por enquanto, permanece &hellip;\" \/>\n<meta property=\"og:url\" content=\"https:\/\/portalnpm.com\/index.php\/2018\/11\/30\/firmino-garante-que-fica-no-psdb-e-nao-trabalha-para-ser-governador\/\" \/>\n<meta property=\"og:site_name\" content=\"Portal NPM\" \/>\n<meta property=\"article:published_time\" content=\"2018-11-30T14:31:43+00:00\" \/>\n<meta name=\"author\" content=\"Reda\u00e7\u00e3o\" \/>\n<meta name=\"twitter:card\" content=\"summary_large_image\" \/>\n<meta name=\"twitter:label1\" content=\"Escrito por\" \/>\n\t<meta name=\"twitter:data1\" content=\"Reda\u00e7\u00e3o\" \/>\n\t<meta name=\"twitter:label2\" content=\"Est. tempo de leitura\" \/>\n\t<meta name=\"twitter:data2\" content=\"1 minuto\" \/>\n<script type=\"application\/ld+json\" class=\"yoast-schema-graph\">{\"@context\":\"https:\/\/schema.org\",\"@graph\":[{\"@type\":\"WebPage\",\"@id\":\"https:\/\/portalnpm.com\/index.php\/2018\/11\/30\/firmino-garante-que-fica-no-psdb-e-nao-trabalha-para-ser-governador\/\",\"url\":\"https:\/\/portalnpm.com\/index.php\/2018\/11\/30\/firmino-garante-que-fica-no-psdb-e-nao-trabalha-para-ser-governador\/\",\"name\":\"Firmino garante que fica no PSDB e n\u00e3o trabalha para ser governador - Portal NPM\",\"isPartOf\":{\"@id\":\"https:\/\/portalnpm.com\/#website\"},\"primaryImageOfPage\":{\"@id\":\"https:\/\/portalnpm.com\/index.php\/2018\/11\/30\/firmino-garante-que-fica-no-psdb-e-nao-trabalha-para-ser-governador\/#primaryimage\"},\"image\":{\"@id\":\"https:\/\/portalnpm.com\/index.php\/2018\/11\/30\/firmino-garante-que-fica-no-psdb-e-nao-trabalha-para-ser-governador\/#primaryimage\"},\"thumbnailUrl\":\"\",\"datePublished\":\"2018-11-30T14:31:43+00:00\",\"dateModified\":\"2018-11-30T14:31:43+00:00\",\"author\":{\"@id\":\"https:\/\/portalnpm.com\/#\/schema\/person\/0b5f230ec96cee25504fa328e7f2b733\"},\"breadcrumb\":{\"@id\":\"https:\/\/portalnpm.com\/index.php\/2018\/11\/30\/firmino-garante-que-fica-no-psdb-e-nao-trabalha-para-ser-governador\/#breadcrumb\"},\"inLanguage\":\"pt-BR\",\"potentialAction\":[{\"@type\":\"ReadAction\",\"target\":[\"https:\/\/portalnpm.com\/index.php\/2018\/11\/30\/firmino-garante-que-fica-no-psdb-e-nao-trabalha-para-ser-governador\/\"]}]},{\"@type\":\"ImageObject\",\"inLanguage\":\"pt-BR\",\"@id\":\"https:\/\/portalnpm.com\/index.php\/2018\/11\/30\/firmino-garante-que-fica-no-psdb-e-nao-trabalha-para-ser-governador\/#primaryimage\",\"url\":\"\",\"contentUrl\":\"\"},{\"@type\":\"BreadcrumbList\",\"@id\":\"https:\/\/portalnpm.com\/index.php\/2018\/11\/30\/firmino-garante-que-fica-no-psdb-e-nao-trabalha-para-ser-governador\/#breadcrumb\",\"itemListElement\":[{\"@type\":\"ListItem\",\"position\":1,\"name\":\"In\u00edcio\",\"item\":\"https:\/\/portalnpm.com\/\"},{\"@type\":\"ListItem\",\"position\":2,\"name\":\"Firmino garante que fica no PSDB e n\u00e3o trabalha para ser governador\"}]},{\"@type\":\"WebSite\",\"@id\":\"https:\/\/portalnpm.com\/#website\",\"url\":\"https:\/\/portalnpm.com\/\",\"name\":\"Portal NPM\",\"description\":\"Not\u00edcias em Primeira M\u00e3o\",\"potentialAction\":[{\"@type\":\"SearchAction\",\"target\":{\"@type\":\"EntryPoint\",\"urlTemplate\":\"https:\/\/portalnpm.com\/?s={search_term_string}\"},\"query-input\":\"required name=search_term_string\"}],\"inLanguage\":\"pt-BR\"},{\"@type\":\"Person\",\"@id\":\"https:\/\/portalnpm.com\/#\/schema\/person\/0b5f230ec96cee25504fa328e7f2b733\",\"name\":\"Reda\u00e7\u00e3o\",\"image\":{\"@type\":\"ImageObject\",\"inLanguage\":\"pt-BR\",\"@id\":\"https:\/\/portalnpm.com\/#\/schema\/person\/image\/\",\"url\":\"https:\/\/portalnpm.com\/wp-content\/uploads\/2024\/03\/avatar_user_4_1710097212-96x96.png\",\"contentUrl\":\"https:\/\/portalnpm.com\/wp-content\/uploads\/2024\/03\/avatar_user_4_1710097212-96x96.png\",\"caption\":\"Reda\u00e7\u00e3o\"},\"url\":\"https:\/\/portalnpm.com\/index.php\/author\/redacao\/\"}]}<\/script>\n<!-- \/ Yoast SEO plugin. -->","yoast_head_json":{"title":"Firmino garante que fica no PSDB e n\u00e3o trabalha para ser governador - Portal NPM","robots":{"index":"index","follow":"follow","max-snippet":"max-snippet:-1","max-image-preview":"max-image-preview:large","max-video-preview":"max-video-preview:-1"},"canonical":"https:\/\/portalnpm.com\/index.php\/2018\/11\/30\/firmino-garante-que-fica-no-psdb-e-nao-trabalha-para-ser-governador\/","og_locale":"pt_BR","og_type":"article","og_title":"Firmino garante que fica no PSDB e n\u00e3o trabalha para ser governador - Portal NPM","og_description":"O prefeito de Teresina, Firmino Filho, chamou de desservi\u00e7o a antecipa\u00e7\u00e3o do processo eleitoral na capital. O tucano disse que falar em elei\u00e7\u00e3o agora faz mal e prejudica o debate de assuntos importantes para a popula\u00e7\u00e3o. Firmino, que concedeu uma longa entrevista \u00e0 TV Cidade Verde nesta quinta-feira (29), garantiu ainda que, por enquanto, permanece &hellip;","og_url":"https:\/\/portalnpm.com\/index.php\/2018\/11\/30\/firmino-garante-que-fica-no-psdb-e-nao-trabalha-para-ser-governador\/","og_site_name":"Portal NPM","article_published_time":"2018-11-30T14:31:43+00:00","author":"Reda\u00e7\u00e3o","twitter_card":"summary_large_image","twitter_misc":{"Escrito por":"Reda\u00e7\u00e3o","Est. tempo de leitura":"1 minuto"},"schema":{"@context":"https:\/\/schema.org","@graph":[{"@type":"WebPage","@id":"https:\/\/portalnpm.com\/index.php\/2018\/11\/30\/firmino-garante-que-fica-no-psdb-e-nao-trabalha-para-ser-governador\/","url":"https:\/\/portalnpm.com\/index.php\/2018\/11\/30\/firmino-garante-que-fica-no-psdb-e-nao-trabalha-para-ser-governador\/","name":"Firmino garante que fica no PSDB e n\u00e3o trabalha para ser governador - Portal NPM","isPartOf":{"@id":"https:\/\/portalnpm.com\/#website"},"primaryImageOfPage":{"@id":"https:\/\/portalnpm.com\/index.php\/2018\/11\/30\/firmino-garante-que-fica-no-psdb-e-nao-trabalha-para-ser-governador\/#primaryimage"},"image":{"@id":"https:\/\/portalnpm.com\/index.php\/2018\/11\/30\/firmino-garante-que-fica-no-psdb-e-nao-trabalha-para-ser-governador\/#primaryimage"},"thumbnailUrl":"","datePublished":"2018-11-30T14:31:43+00:00","dateModified":"2018-11-30T14:31:43+00:00","author":{"@id":"https:\/\/portalnpm.com\/#\/schema\/person\/0b5f230ec96cee25504fa328e7f2b733"},"breadcrumb":{"@id":"https:\/\/portalnpm.com\/index.php\/2018\/11\/30\/firmino-garante-que-fica-no-psdb-e-nao-trabalha-para-ser-governador\/#breadcrumb"},"inLanguage":"pt-BR","potentialAction":[{"@type":"ReadAction","target":["https:\/\/portalnpm.com\/index.php\/2018\/11\/30\/firmino-garante-que-fica-no-psdb-e-nao-trabalha-para-ser-governador\/"]}]},{"@type":"ImageObject","inLanguage":"pt-BR","@id":"https:\/\/portalnpm.com\/index.php\/2018\/11\/30\/firmino-garante-que-fica-no-psdb-e-nao-trabalha-para-ser-governador\/#primaryimage","url":"","contentUrl":""},{"@type":"BreadcrumbList","@id":"https:\/\/portalnpm.com\/index.php\/2018\/11\/30\/firmino-garante-que-fica-no-psdb-e-nao-trabalha-para-ser-governador\/#breadcrumb","itemListElement":[{"@type":"ListItem","position":1,"name":"In\u00edcio","item":"https:\/\/portalnpm.com\/"},{"@type":"ListItem","position":2,"name":"Firmino garante que fica no PSDB e n\u00e3o trabalha para ser governador"}]},{"@type":"WebSite","@id":"https:\/\/portalnpm.com\/#website","url":"https:\/\/portalnpm.com\/","name":"Portal NPM","description":"Not\u00edcias em Primeira M\u00e3o","potentialAction":[{"@type":"SearchAction","target":{"@type":"EntryPoint","urlTemplate":"https:\/\/portalnpm.com\/?s={search_term_string}"},"query-input":"required name=search_term_string"}],"inLanguage":"pt-BR"},{"@type":"Person","@id":"https:\/\/portalnpm.com\/#\/schema\/person\/0b5f230ec96cee25504fa328e7f2b733","name":"Reda\u00e7\u00e3o","image":{"@type":"ImageObject","inLanguage":"pt-BR","@id":"https:\/\/portalnpm.com\/#\/schema\/person\/image\/","url":"https:\/\/portalnpm.com\/wp-content\/uploads\/2024\/03\/avatar_user_4_1710097212-96x96.png","contentUrl":"https:\/\/portalnpm.com\/wp-content\/uploads\/2024\/03\/avatar_user_4_1710097212-96x96.png","caption":"Reda\u00e7\u00e3o"},"url":"https:\/\/portalnpm.com\/index.php\/author\/redacao\/"}]}},"jetpack_sharing_enabled":true,"jetpack_featured_media_url":"","_links":{"self":[{"href":"https:\/\/portalnpm.com\/index.php\/wp-json\/wp\/v2\/posts\/3128"}],"collection":[{"href":"https:\/\/portalnpm.com\/index.php\/wp-json\/wp\/v2\/posts"}],"about":[{"href":"https:\/\/portalnpm.com\/index.php\/wp-json\/wp\/v2\/types\/post"}],"author":[{"embeddable":true,"href":"https:\/\/portalnpm.com\/index.php\/wp-json\/wp\/v2\/users\/4"}],"replies":[{"embeddable":true,"href":"https:\/\/portalnpm.com\/index.php\/wp-json\/wp\/v2\/comments?post=3128"}],"version-history":[{"count":0,"href":"https:\/\/portalnpm.com\/index.php\/wp-json\/wp\/v2\/posts\/3128\/revisions"}],"wp:featuredmedia":[{"embeddable":true,"href":"https:\/\/portalnpm.com\/index.php\/wp-json\/"}],"wp:attachment":[{"href":"https:\/\/portalnpm.com\/index.php\/wp-json\/wp\/v2\/media?parent=3128"}],"wp:term":[{"taxonomy":"category","embeddable":true,"href":"https:\/\/portalnpm.com\/index.php\/wp-json\/wp\/v2\/categories?post=3128"},{"taxonomy":"post_tag","embeddable":true,"href":"https:\/\/portalnpm.com\/index.php\/wp-json\/wp\/v2\/tags?post=3128"}],"curies":[{"name":"wp","href":"https:\/\/api.w.org\/{rel}","templated":true}]}}