{"id":3137,"date":"2018-11-30T15:16:59","date_gmt":"2018-11-30T17:16:59","guid":{"rendered":"http:\/\/srv.portalnpm.com.br\/?p=3137"},"modified":"2018-11-30T15:16:59","modified_gmt":"2018-11-30T17:16:59","slug":"tse-pode-julgar-na-proxima-semana-acao-do-pt-contra-bolsonaro","status":"publish","type":"post","link":"https:\/\/portalnpm.com\/index.php\/2018\/11\/30\/tse-pode-julgar-na-proxima-semana-acao-do-pt-contra-bolsonaro\/","title":{"rendered":"TSE pode julgar na pr\u00f3xima semana a\u00e7\u00e3o do PT contra Bolsonaro"},"content":{"rendered":"<p style=\"text-align: justify;\">Al\u00e9m do processo de contas da campanha do presidente eleito, o Tribunal Superior Eleitoral (TSE) pode analisar na semana que vem a primeira a\u00e7\u00e3o de investiga\u00e7\u00e3o judicial eleitoral contra Jair Bolsonaro (PSL), em que o PT pede a inelegibilidade do pr\u00f3ximo chefe do Poder Executivo. Est\u00e1 na pauta da sess\u00e3o de ter\u00e7a-feira (4) o processo em que o partido do candidato derrotado Fernando Haddad (PT) alega que o empres\u00e1rio Luciano Hang, propriet\u00e1rio da rede Havan, constrangeu funcion\u00e1rios para votarem em Bolsonaro, sob amea\u00e7as de fechamento de lojas e demiss\u00f5es.<\/p>\n<p style=\"text-align: justify;\">Em parecer enviado pelo vice-procurador-geral eleitoral, Humberto Jacques, o Minist\u00e9rio P\u00fablico Eleitoral (MPE) pediu a rejei\u00e7\u00e3o da a\u00e7\u00e3o, apresentada pelo PT durante a disputa eleitoral. Segundo Jacques, n\u00e3o ficou comprovada a alegada coa\u00e7\u00e3o em rela\u00e7\u00e3o a funcion\u00e1rios da rede de lojas Havan. &#8220;No caso em tela, pelo conjunto probat\u00f3rio produzido nos autos, conclui-se pela n\u00e3o comprova\u00e7\u00e3o dos il\u00edcitos imputados nem pela exist\u00eancia de eventual gravidade apta a macular a legitimidade e a normalidade das elei\u00e7\u00f5es&#8221;, escreveu Jacques.<\/p>\n<p style=\"text-align: justify;\">O vice-procurador-geral eleitoral apontou ainda que o poss\u00edvel v\u00ednculo de amizade entre Hang e Bolsonaro n\u00e3o \u00e9 suficiente para demonstrar a eventual participa\u00e7\u00e3o do deputado federal do PSL no caso.<\/p>\n<p style=\"text-align: justify;\">Procurada, a defesa de Bolsonaro afirmou que a a\u00e7\u00e3o n\u00e3o tem fundamento jur\u00eddico e que &#8220;certamente ser\u00e1 julgada improcedente&#8221; &#8221; Essa AIJE n\u00e3o tem fundamento jur\u00eddico tendo em vista que n\u00e3o h\u00e1 provas dos fatos alegados, mas apenas ila\u00e7\u00f5es. Al\u00e9m do mais, caso tenha ocorrido a suposta coa\u00e7\u00e3o, n\u00e3o houve a participa\u00e7\u00e3o ou anu\u00eancia do candidato, como comprovado pela defesa. A a\u00e7\u00e3o certamente ser\u00e1 julgada improcedente&#8221;, afirmou a advogada Karina Kufa.<\/p>\n<p style=\"text-align: justify;\">H\u00e1 mais manifesta\u00e7\u00f5es do MPE em outras a\u00e7\u00f5es ajuizadas pelo PT contra Bolsonaro &#8211; estas ainda sem data para serem analisadas.<\/p>\n<p style=\"text-align: justify;\">No caso da empresa de ar-condicionado Komeco, de Santa Catarina, Jacques sustentou que n\u00e3o ficou comprovada a realiza\u00e7\u00e3o da &#8220;semana Bolsonaro&#8221;. &#8220;Al\u00e9m de n\u00e3o haver qualquer evid\u00eancia de que tal evento tenha efetivamente ocorrido, n\u00e3o h\u00e1 tamb\u00e9m ind\u00edcio quanto \u00e0 distribui\u00e7\u00e3o de bens, tais como adesivos e camisetas, pelo representado Denisson Moura de Freitas, propriet\u00e1rio da pessoa jur\u00eddica Komeco, para funcion\u00e1rios da empresa&#8221;, argumentou Jacques, ressaltando que o \u00e1udio do propriet\u00e1rio da empresa tamb\u00e9m n\u00e3o provocou &#8220;grande repercuss\u00e3o&#8221;.<\/p>\n<p style=\"text-align: justify;\">Tanto no caso da Komeco quanto no da Havan, o vice-procurador-geral eleitoral, Humberto Jacques, frisou que, &#8220;quando soube da inten\u00e7\u00e3o ou atua\u00e7\u00e3o de empres\u00e1rios em favor de sua candidatura de forma possivelmente caracterizadora de il\u00edcito eleitoral, o ent\u00e3o candidato Jair Messias Bolsonaro solicitou publicamente que estes n\u00e3o prosseguissem com a atua\u00e7\u00e3o potencialmente il\u00edcita&#8221;.<\/p>\n<p style=\"text-align: justify;\"><strong>Outdoors<\/strong><\/p>\n<p style=\"text-align: justify;\">No caso de 179 outdoors pr\u00f3-Bolsonaro espalhados em 25 Estados, Jacques encaminhou ao TSE, em 13 de novembro, os resultados de dilig\u00eancias promovidas pelo MPE para apurar supostas irregularidades. Jacques pediu que o material seja analisado pela Corte Eleitoral.<\/p>\n<p style=\"text-align: justify;\">Os tr\u00eas processos (Havan, Komeco e outdoors) est\u00e3o com o corregedor-geral da Justi\u00e7a Eleitoral, ministro Jorge Mussi. O ministro ainda \u00e9 relator de outras cinco a\u00e7\u00f5es de investiga\u00e7\u00e3o eleitoral apresentadas contra Bolsonaro.<\/p>\n<p style=\"text-align: justify;\">\n<strong>Fonte: Estad\u00e3o Conte\u00fado\u00a0<\/strong><\/p>\n","protected":false},"excerpt":{"rendered":"<p>Al\u00e9m do processo de contas da campanha do presidente eleito, o Tribunal Superior Eleitoral (TSE) pode analisar na semana que vem a primeira a\u00e7\u00e3o de investiga\u00e7\u00e3o judicial eleitoral contra Jair Bolsonaro (PSL), em que o PT pede a inelegibilidade do pr\u00f3ximo chefe do Poder Executivo. Est\u00e1 na pauta da sess\u00e3o de ter\u00e7a-feira (4) o processo &hellip;<\/p>\n","protected":false},"author":4,"featured_media":3138,"comment_status":"open","ping_status":"open","sticky":false,"template":"","format":"standard","meta":{"content-type":"","rop_custom_images_group":[],"rop_custom_messages_group":[],"rop_publish_now":"initial","rop_publish_now_accounts":{"facebook_2648258775420054_1618374048415101":""},"rop_publish_now_history":[],"rop_publish_now_status":"pending","footnotes":"","_jetpack_memberships_contains_paid_content":false},"categories":[113,118],"tags":[680,1589,1590,673],"yoast_head":"<!-- This site is optimized with the Yoast SEO plugin v22.3 - https:\/\/yoast.com\/wordpress\/plugins\/seo\/ -->\n<title>TSE pode julgar na pr\u00f3xima semana a\u00e7\u00e3o do PT contra Bolsonaro - Portal NPM<\/title>\n<meta name=\"robots\" content=\"index, follow, max-snippet:-1, max-image-preview:large, max-video-preview:-1\" \/>\n<link rel=\"canonical\" href=\"https:\/\/portalnpm.com\/index.php\/2018\/11\/30\/tse-pode-julgar-na-proxima-semana-acao-do-pt-contra-bolsonaro\/\" \/>\n<meta property=\"og:locale\" content=\"pt_BR\" \/>\n<meta property=\"og:type\" content=\"article\" \/>\n<meta property=\"og:title\" content=\"TSE pode julgar na pr\u00f3xima semana a\u00e7\u00e3o do PT contra Bolsonaro - Portal NPM\" \/>\n<meta property=\"og:description\" content=\"Al\u00e9m do processo de contas da campanha do presidente eleito, o Tribunal Superior Eleitoral (TSE) pode analisar na semana que vem a primeira a\u00e7\u00e3o de investiga\u00e7\u00e3o judicial eleitoral contra Jair Bolsonaro (PSL), em que o PT pede a inelegibilidade do pr\u00f3ximo chefe do Poder Executivo. Est\u00e1 na pauta da sess\u00e3o de ter\u00e7a-feira (4) o processo &hellip;\" \/>\n<meta property=\"og:url\" content=\"https:\/\/portalnpm.com\/index.php\/2018\/11\/30\/tse-pode-julgar-na-proxima-semana-acao-do-pt-contra-bolsonaro\/\" \/>\n<meta property=\"og:site_name\" content=\"Portal NPM\" \/>\n<meta property=\"article:published_time\" content=\"2018-11-30T17:16:59+00:00\" \/>\n<meta name=\"author\" content=\"Reda\u00e7\u00e3o\" \/>\n<meta name=\"twitter:card\" content=\"summary_large_image\" \/>\n<meta name=\"twitter:label1\" content=\"Escrito por\" \/>\n\t<meta name=\"twitter:data1\" content=\"Reda\u00e7\u00e3o\" \/>\n\t<meta name=\"twitter:label2\" content=\"Est. tempo de leitura\" \/>\n\t<meta name=\"twitter:data2\" content=\"3 minutos\" \/>\n<script type=\"application\/ld+json\" class=\"yoast-schema-graph\">{\"@context\":\"https:\/\/schema.org\",\"@graph\":[{\"@type\":\"WebPage\",\"@id\":\"https:\/\/portalnpm.com\/index.php\/2018\/11\/30\/tse-pode-julgar-na-proxima-semana-acao-do-pt-contra-bolsonaro\/\",\"url\":\"https:\/\/portalnpm.com\/index.php\/2018\/11\/30\/tse-pode-julgar-na-proxima-semana-acao-do-pt-contra-bolsonaro\/\",\"name\":\"TSE pode julgar na pr\u00f3xima semana a\u00e7\u00e3o do PT contra Bolsonaro - Portal NPM\",\"isPartOf\":{\"@id\":\"https:\/\/portalnpm.com\/#website\"},\"primaryImageOfPage\":{\"@id\":\"https:\/\/portalnpm.com\/index.php\/2018\/11\/30\/tse-pode-julgar-na-proxima-semana-acao-do-pt-contra-bolsonaro\/#primaryimage\"},\"image\":{\"@id\":\"https:\/\/portalnpm.com\/index.php\/2018\/11\/30\/tse-pode-julgar-na-proxima-semana-acao-do-pt-contra-bolsonaro\/#primaryimage\"},\"thumbnailUrl\":\"\",\"datePublished\":\"2018-11-30T17:16:59+00:00\",\"dateModified\":\"2018-11-30T17:16:59+00:00\",\"author\":{\"@id\":\"https:\/\/portalnpm.com\/#\/schema\/person\/0b5f230ec96cee25504fa328e7f2b733\"},\"breadcrumb\":{\"@id\":\"https:\/\/portalnpm.com\/index.php\/2018\/11\/30\/tse-pode-julgar-na-proxima-semana-acao-do-pt-contra-bolsonaro\/#breadcrumb\"},\"inLanguage\":\"pt-BR\",\"potentialAction\":[{\"@type\":\"ReadAction\",\"target\":[\"https:\/\/portalnpm.com\/index.php\/2018\/11\/30\/tse-pode-julgar-na-proxima-semana-acao-do-pt-contra-bolsonaro\/\"]}]},{\"@type\":\"ImageObject\",\"inLanguage\":\"pt-BR\",\"@id\":\"https:\/\/portalnpm.com\/index.php\/2018\/11\/30\/tse-pode-julgar-na-proxima-semana-acao-do-pt-contra-bolsonaro\/#primaryimage\",\"url\":\"\",\"contentUrl\":\"\"},{\"@type\":\"BreadcrumbList\",\"@id\":\"https:\/\/portalnpm.com\/index.php\/2018\/11\/30\/tse-pode-julgar-na-proxima-semana-acao-do-pt-contra-bolsonaro\/#breadcrumb\",\"itemListElement\":[{\"@type\":\"ListItem\",\"position\":1,\"name\":\"In\u00edcio\",\"item\":\"https:\/\/portalnpm.com\/\"},{\"@type\":\"ListItem\",\"position\":2,\"name\":\"TSE pode julgar na pr\u00f3xima semana a\u00e7\u00e3o do PT contra Bolsonaro\"}]},{\"@type\":\"WebSite\",\"@id\":\"https:\/\/portalnpm.com\/#website\",\"url\":\"https:\/\/portalnpm.com\/\",\"name\":\"Portal NPM\",\"description\":\"Not\u00edcias em Primeira M\u00e3o\",\"potentialAction\":[{\"@type\":\"SearchAction\",\"target\":{\"@type\":\"EntryPoint\",\"urlTemplate\":\"https:\/\/portalnpm.com\/?s={search_term_string}\"},\"query-input\":\"required name=search_term_string\"}],\"inLanguage\":\"pt-BR\"},{\"@type\":\"Person\",\"@id\":\"https:\/\/portalnpm.com\/#\/schema\/person\/0b5f230ec96cee25504fa328e7f2b733\",\"name\":\"Reda\u00e7\u00e3o\",\"image\":{\"@type\":\"ImageObject\",\"inLanguage\":\"pt-BR\",\"@id\":\"https:\/\/portalnpm.com\/#\/schema\/person\/image\/\",\"url\":\"https:\/\/portalnpm.com\/wp-content\/uploads\/2024\/03\/avatar_user_4_1710097212-96x96.png\",\"contentUrl\":\"https:\/\/portalnpm.com\/wp-content\/uploads\/2024\/03\/avatar_user_4_1710097212-96x96.png\",\"caption\":\"Reda\u00e7\u00e3o\"},\"url\":\"https:\/\/portalnpm.com\/index.php\/author\/redacao\/\"}]}<\/script>\n<!-- \/ Yoast SEO plugin. -->","yoast_head_json":{"title":"TSE pode julgar na pr\u00f3xima semana a\u00e7\u00e3o do PT contra Bolsonaro - Portal NPM","robots":{"index":"index","follow":"follow","max-snippet":"max-snippet:-1","max-image-preview":"max-image-preview:large","max-video-preview":"max-video-preview:-1"},"canonical":"https:\/\/portalnpm.com\/index.php\/2018\/11\/30\/tse-pode-julgar-na-proxima-semana-acao-do-pt-contra-bolsonaro\/","og_locale":"pt_BR","og_type":"article","og_title":"TSE pode julgar na pr\u00f3xima semana a\u00e7\u00e3o do PT contra Bolsonaro - Portal NPM","og_description":"Al\u00e9m do processo de contas da campanha do presidente eleito, o Tribunal Superior Eleitoral (TSE) pode analisar na semana que vem a primeira a\u00e7\u00e3o de investiga\u00e7\u00e3o judicial eleitoral contra Jair Bolsonaro (PSL), em que o PT pede a inelegibilidade do pr\u00f3ximo chefe do Poder Executivo. Est\u00e1 na pauta da sess\u00e3o de ter\u00e7a-feira (4) o processo &hellip;","og_url":"https:\/\/portalnpm.com\/index.php\/2018\/11\/30\/tse-pode-julgar-na-proxima-semana-acao-do-pt-contra-bolsonaro\/","og_site_name":"Portal NPM","article_published_time":"2018-11-30T17:16:59+00:00","author":"Reda\u00e7\u00e3o","twitter_card":"summary_large_image","twitter_misc":{"Escrito por":"Reda\u00e7\u00e3o","Est. tempo de leitura":"3 minutos"},"schema":{"@context":"https:\/\/schema.org","@graph":[{"@type":"WebPage","@id":"https:\/\/portalnpm.com\/index.php\/2018\/11\/30\/tse-pode-julgar-na-proxima-semana-acao-do-pt-contra-bolsonaro\/","url":"https:\/\/portalnpm.com\/index.php\/2018\/11\/30\/tse-pode-julgar-na-proxima-semana-acao-do-pt-contra-bolsonaro\/","name":"TSE pode julgar na pr\u00f3xima semana a\u00e7\u00e3o do PT contra Bolsonaro - Portal NPM","isPartOf":{"@id":"https:\/\/portalnpm.com\/#website"},"primaryImageOfPage":{"@id":"https:\/\/portalnpm.com\/index.php\/2018\/11\/30\/tse-pode-julgar-na-proxima-semana-acao-do-pt-contra-bolsonaro\/#primaryimage"},"image":{"@id":"https:\/\/portalnpm.com\/index.php\/2018\/11\/30\/tse-pode-julgar-na-proxima-semana-acao-do-pt-contra-bolsonaro\/#primaryimage"},"thumbnailUrl":"","datePublished":"2018-11-30T17:16:59+00:00","dateModified":"2018-11-30T17:16:59+00:00","author":{"@id":"https:\/\/portalnpm.com\/#\/schema\/person\/0b5f230ec96cee25504fa328e7f2b733"},"breadcrumb":{"@id":"https:\/\/portalnpm.com\/index.php\/2018\/11\/30\/tse-pode-julgar-na-proxima-semana-acao-do-pt-contra-bolsonaro\/#breadcrumb"},"inLanguage":"pt-BR","potentialAction":[{"@type":"ReadAction","target":["https:\/\/portalnpm.com\/index.php\/2018\/11\/30\/tse-pode-julgar-na-proxima-semana-acao-do-pt-contra-bolsonaro\/"]}]},{"@type":"ImageObject","inLanguage":"pt-BR","@id":"https:\/\/portalnpm.com\/index.php\/2018\/11\/30\/tse-pode-julgar-na-proxima-semana-acao-do-pt-contra-bolsonaro\/#primaryimage","url":"","contentUrl":""},{"@type":"BreadcrumbList","@id":"https:\/\/portalnpm.com\/index.php\/2018\/11\/30\/tse-pode-julgar-na-proxima-semana-acao-do-pt-contra-bolsonaro\/#breadcrumb","itemListElement":[{"@type":"ListItem","position":1,"name":"In\u00edcio","item":"https:\/\/portalnpm.com\/"},{"@type":"ListItem","position":2,"name":"TSE pode julgar na pr\u00f3xima semana a\u00e7\u00e3o do PT contra Bolsonaro"}]},{"@type":"WebSite","@id":"https:\/\/portalnpm.com\/#website","url":"https:\/\/portalnpm.com\/","name":"Portal NPM","description":"Not\u00edcias em Primeira M\u00e3o","potentialAction":[{"@type":"SearchAction","target":{"@type":"EntryPoint","urlTemplate":"https:\/\/portalnpm.com\/?s={search_term_string}"},"query-input":"required name=search_term_string"}],"inLanguage":"pt-BR"},{"@type":"Person","@id":"https:\/\/portalnpm.com\/#\/schema\/person\/0b5f230ec96cee25504fa328e7f2b733","name":"Reda\u00e7\u00e3o","image":{"@type":"ImageObject","inLanguage":"pt-BR","@id":"https:\/\/portalnpm.com\/#\/schema\/person\/image\/","url":"https:\/\/portalnpm.com\/wp-content\/uploads\/2024\/03\/avatar_user_4_1710097212-96x96.png","contentUrl":"https:\/\/portalnpm.com\/wp-content\/uploads\/2024\/03\/avatar_user_4_1710097212-96x96.png","caption":"Reda\u00e7\u00e3o"},"url":"https:\/\/portalnpm.com\/index.php\/author\/redacao\/"}]}},"jetpack_sharing_enabled":true,"jetpack_featured_media_url":"","_links":{"self":[{"href":"https:\/\/portalnpm.com\/index.php\/wp-json\/wp\/v2\/posts\/3137"}],"collection":[{"href":"https:\/\/portalnpm.com\/index.php\/wp-json\/wp\/v2\/posts"}],"about":[{"href":"https:\/\/portalnpm.com\/index.php\/wp-json\/wp\/v2\/types\/post"}],"author":[{"embeddable":true,"href":"https:\/\/portalnpm.com\/index.php\/wp-json\/wp\/v2\/users\/4"}],"replies":[{"embeddable":true,"href":"https:\/\/portalnpm.com\/index.php\/wp-json\/wp\/v2\/comments?post=3137"}],"version-history":[{"count":0,"href":"https:\/\/portalnpm.com\/index.php\/wp-json\/wp\/v2\/posts\/3137\/revisions"}],"wp:featuredmedia":[{"embeddable":true,"href":"https:\/\/portalnpm.com\/index.php\/wp-json\/"}],"wp:attachment":[{"href":"https:\/\/portalnpm.com\/index.php\/wp-json\/wp\/v2\/media?parent=3137"}],"wp:term":[{"taxonomy":"category","embeddable":true,"href":"https:\/\/portalnpm.com\/index.php\/wp-json\/wp\/v2\/categories?post=3137"},{"taxonomy":"post_tag","embeddable":true,"href":"https:\/\/portalnpm.com\/index.php\/wp-json\/wp\/v2\/tags?post=3137"}],"curies":[{"name":"wp","href":"https:\/\/api.w.org\/{rel}","templated":true}]}}