{"id":3163,"date":"2018-12-01T17:09:57","date_gmt":"2018-12-01T19:09:57","guid":{"rendered":"http:\/\/srv.portalnpm.com.br\/?p=3163"},"modified":"2018-12-01T17:09:57","modified_gmt":"2018-12-01T19:09:57","slug":"em-alegrete-do-piaui-vereador-constancio-ramos-e-eleito-presidente-da-camara-de-vereadores","status":"publish","type":"post","link":"https:\/\/portalnpm.com\/index.php\/2018\/12\/01\/em-alegrete-do-piaui-vereador-constancio-ramos-e-eleito-presidente-da-camara-de-vereadores\/","title":{"rendered":"Em Alegrete do Piau\u00ed, vereador Const\u00e2ncio Ramos \u00e9 eleito presidente da C\u00e2mara de Vereadores"},"content":{"rendered":"<blockquote><p>Com sete votos a favor e dois contr\u00e1rios, vereador Const\u00e2ncio Ramos foi eleito presidente do legislativo municipal<\/p><\/blockquote>\n<p style=\"text-align: justify;\">A C\u00e2mara de Vereadores de Alegrete do Piau\u00ed, cidade localizada a 383 km da capital do Estado, realizou na noite desta sexta-feira (30), a \u00faltima sess\u00e3o ordin\u00e1ria do ano, antes de entrar de recesso.<\/p>\n<p style=\"text-align: justify;\">Na ocasi\u00e3o houve a elei\u00e7\u00e3o para a composi\u00e7\u00e3o da Mesa Diretora para o bi\u00eanio 2019\/2020. Com uma grande maioria, o vereador Const\u00e2ncio Nicolau Ramos (PP) foi eleito o novo presidente da C\u00e2mara a partir de janeiro de 2019 e vai assumir a vaga ocupada hoje por Manoel Jo\u00e3o Ramos (Seu Manel \u2013 PRTB).<\/p>\n<p style=\"text-align: justify;\">O restante da Mesa Diretora eleita para o pr\u00f3ximo bi\u00eanio ficou da seguinte forma: primeiro vice-presidente Paulo Lucemberg de Alencar (PT), segundo vice-presidente Firmino Pedro de Sousa (PSD), primeiro secret\u00e1rio Lu\u00eds Carlos Ramos Rodrigues (PSD), segundo secret\u00e1rio Mateus Vicente Ramos Rodrigues (PRP).<\/p>\n<div id=\"attachment_526234\" class=\"wp-caption aligncenter\" style=\"text-align: justify;\"><img fetchpriority=\"high\" decoding=\"async\" class=\"wp-image-526234 size-full colorbox-526232 visible animated\" src=\"http:\/\/cidadesnanet.com\/news\/wp-content\/uploads\/2018\/12\/WhatsApp-Image-2018-12-01-at-12.47.45.jpeg\" sizes=\"(max-width: 1000px) 100vw, 1000px\" srcset=\"http:\/\/cidadesnanet.com\/news\/wp-content\/uploads\/2018\/12\/WhatsApp-Image-2018-12-01-at-12.47.45.jpeg 1000w, http:\/\/cidadesnanet.com\/news\/wp-content\/uploads\/2018\/12\/WhatsApp-Image-2018-12-01-at-12.47.45-300x225.jpeg 300w, http:\/\/cidadesnanet.com\/news\/wp-content\/uploads\/2018\/12\/WhatsApp-Image-2018-12-01-at-12.47.45-768x576.jpeg 768w\" alt=\"\" width=\"1000\" height=\"750\" \/><\/p>\n<p class=\"wp-caption-text\">Sete dos nove vereadores elegeram a nova Mesa Diretora da C\u00e2mara de Alegrete do Piau\u00ed \u2013 Foto: Reprodu\u00e7\u00e3o<\/p>\n<\/div>\n<p style=\"text-align: justify;\">Al\u00e9m dos cinco que comp\u00f4s a chapa \u00fanica encabe\u00e7ada pelo vereador Const\u00e2ncio Ramos, mais dois vereadores votaram a favor, Erasmo de Ara\u00fajo Lima (PSC) e Manoel Jo\u00e3o Ramos (Seu Manel \u2013 PRTB).<\/p>\n<p style=\"text-align: justify;\">Os outros dois vereadores que comp\u00f5em a c\u00e2mara, Manoel Roberes de Alencar Ramos (Bel Ramos \u2013 PSB) e Claudilto Rodrigues Ramos (Cl\u00e1udio do Milton- PT) votaram contra.<\/p>\n<p style=\"text-align: justify;\">Ap\u00f3s ser eleito presidente da C\u00e2mara, Const\u00e2ncio Ramos, que est\u00e1 em seu segundo mandato como vereador e j\u00e1 presidiu no ano de 2015, a C\u00e2mara, fez uso da palavra e agradeceu aos vereadores.<\/p>\n<p style=\"text-align: justify;\">\u201cQuero realmente agradecer demais a cada vereador aqui presente que me confiou o voto. Contem comigo, com os demais vereadores e funcion\u00e1rios desta casa, para que juntos possamos fazer ainda mais por nossa querida Alegrete do Piau\u00ed. Agradecimentos a nosso prefeito M\u00e1rcio Alencar que apoiou a nossa chapa e vamos continuar o trabalho e cumprir o papel desta egr\u00e9gia casa legislativa\u201d, disse.<\/p>\n<p style=\"text-align: justify;\">A Mesa Diretora \u00e9 o \u00f3rg\u00e3o que administra a C\u00e2mara e conduz o processo legislativo. Ela \u00e9 eleita para um mandato de dois anos.<\/p>\n<p style=\"text-align: justify;\"><strong>Resultado pode influenciar disputa de 2020<\/strong><\/p>\n<p style=\"text-align: justify;\">O parlamentar \u00e9 cotado nos bastidores da pol\u00edtica local como o principal nome para disputar a prefeitura de Alegrete do Piau\u00ed pelo grupo da situa\u00e7\u00e3o, hoje liderado pelo prefeito M\u00e1rcio Alencar (PT).<\/p>\n<p style=\"text-align: justify;\">Const\u00e2ncio Ramos \u00e9 filho do ex-vereador Nicolau Ramos e sobrinho do ex-prefeito Jos\u00e9 Joaquim Ramos. O pol\u00edtico est\u00e1 no seu segundo mandato parlamentar e sempre militou no PP.<\/p>\n<p style=\"text-align: justify;\"><strong>Portal NPM, com informa\u00e7\u00f5es do Portal Cidades na Net <\/strong><\/p>\n","protected":false},"excerpt":{"rendered":"<p>Com sete votos a favor e dois contr\u00e1rios, vereador Const\u00e2ncio Ramos foi eleito presidente do legislativo municipal A C\u00e2mara de Vereadores de Alegrete do Piau\u00ed, cidade localizada a 383 km da capital do Estado, realizou na noite desta sexta-feira (30), a \u00faltima sess\u00e3o ordin\u00e1ria do ano, antes de entrar de recesso. Na ocasi\u00e3o houve a &hellip;<\/p>\n","protected":false},"author":3,"featured_media":3164,"comment_status":"open","ping_status":"open","sticky":false,"template":"","format":"standard","meta":{"content-type":"","rop_custom_images_group":[],"rop_custom_messages_group":[],"rop_publish_now":"initial","rop_publish_now_accounts":{"facebook_2648258775420054_1618374048415101":""},"rop_publish_now_history":[],"rop_publish_now_status":"pending","footnotes":"","_jetpack_memberships_contains_paid_content":false},"categories":[110,113,109],"tags":[111,1604,1605,702],"yoast_head":"<!-- This site is optimized with the Yoast SEO plugin v22.3 - https:\/\/yoast.com\/wordpress\/plugins\/seo\/ -->\n<title>Em Alegrete do Piau\u00ed, vereador Const\u00e2ncio Ramos \u00e9 eleito presidente da C\u00e2mara de Vereadores - Portal NPM<\/title>\n<meta name=\"robots\" content=\"index, follow, max-snippet:-1, max-image-preview:large, max-video-preview:-1\" \/>\n<link rel=\"canonical\" href=\"https:\/\/portalnpm.com\/index.php\/2018\/12\/01\/em-alegrete-do-piaui-vereador-constancio-ramos-e-eleito-presidente-da-camara-de-vereadores\/\" \/>\n<meta property=\"og:locale\" content=\"pt_BR\" \/>\n<meta property=\"og:type\" content=\"article\" \/>\n<meta property=\"og:title\" content=\"Em Alegrete do Piau\u00ed, vereador Const\u00e2ncio Ramos \u00e9 eleito presidente da C\u00e2mara de Vereadores - Portal NPM\" \/>\n<meta property=\"og:description\" content=\"Com sete votos a favor e dois contr\u00e1rios, vereador Const\u00e2ncio Ramos foi eleito presidente do legislativo municipal A C\u00e2mara de Vereadores de Alegrete do Piau\u00ed, cidade localizada a 383 km da capital do Estado, realizou na noite desta sexta-feira (30), a \u00faltima sess\u00e3o ordin\u00e1ria do ano, antes de entrar de recesso. Na ocasi\u00e3o houve a &hellip;\" \/>\n<meta property=\"og:url\" content=\"https:\/\/portalnpm.com\/index.php\/2018\/12\/01\/em-alegrete-do-piaui-vereador-constancio-ramos-e-eleito-presidente-da-camara-de-vereadores\/\" \/>\n<meta property=\"og:site_name\" content=\"Portal NPM\" \/>\n<meta property=\"article:published_time\" content=\"2018-12-01T19:09:57+00:00\" \/>\n<meta name=\"author\" content=\"Luis Alberto\" \/>\n<meta name=\"twitter:card\" content=\"summary_large_image\" \/>\n<meta name=\"twitter:label1\" content=\"Escrito por\" \/>\n\t<meta name=\"twitter:data1\" content=\"Luis Alberto\" \/>\n\t<meta name=\"twitter:label2\" content=\"Est. tempo de leitura\" \/>\n\t<meta name=\"twitter:data2\" content=\"2 minutos\" \/>\n<script type=\"application\/ld+json\" class=\"yoast-schema-graph\">{\"@context\":\"https:\/\/schema.org\",\"@graph\":[{\"@type\":\"WebPage\",\"@id\":\"https:\/\/portalnpm.com\/index.php\/2018\/12\/01\/em-alegrete-do-piaui-vereador-constancio-ramos-e-eleito-presidente-da-camara-de-vereadores\/\",\"url\":\"https:\/\/portalnpm.com\/index.php\/2018\/12\/01\/em-alegrete-do-piaui-vereador-constancio-ramos-e-eleito-presidente-da-camara-de-vereadores\/\",\"name\":\"Em Alegrete do Piau\u00ed, vereador Const\u00e2ncio Ramos \u00e9 eleito presidente da C\u00e2mara de Vereadores - Portal NPM\",\"isPartOf\":{\"@id\":\"https:\/\/portalnpm.com\/#website\"},\"primaryImageOfPage\":{\"@id\":\"https:\/\/portalnpm.com\/index.php\/2018\/12\/01\/em-alegrete-do-piaui-vereador-constancio-ramos-e-eleito-presidente-da-camara-de-vereadores\/#primaryimage\"},\"image\":{\"@id\":\"https:\/\/portalnpm.com\/index.php\/2018\/12\/01\/em-alegrete-do-piaui-vereador-constancio-ramos-e-eleito-presidente-da-camara-de-vereadores\/#primaryimage\"},\"thumbnailUrl\":\"\",\"datePublished\":\"2018-12-01T19:09:57+00:00\",\"dateModified\":\"2018-12-01T19:09:57+00:00\",\"author\":{\"@id\":\"https:\/\/portalnpm.com\/#\/schema\/person\/5c8006acdf71774cd4e7a5ab98482152\"},\"breadcrumb\":{\"@id\":\"https:\/\/portalnpm.com\/index.php\/2018\/12\/01\/em-alegrete-do-piaui-vereador-constancio-ramos-e-eleito-presidente-da-camara-de-vereadores\/#breadcrumb\"},\"inLanguage\":\"pt-BR\",\"potentialAction\":[{\"@type\":\"ReadAction\",\"target\":[\"https:\/\/portalnpm.com\/index.php\/2018\/12\/01\/em-alegrete-do-piaui-vereador-constancio-ramos-e-eleito-presidente-da-camara-de-vereadores\/\"]}]},{\"@type\":\"ImageObject\",\"inLanguage\":\"pt-BR\",\"@id\":\"https:\/\/portalnpm.com\/index.php\/2018\/12\/01\/em-alegrete-do-piaui-vereador-constancio-ramos-e-eleito-presidente-da-camara-de-vereadores\/#primaryimage\",\"url\":\"\",\"contentUrl\":\"\"},{\"@type\":\"BreadcrumbList\",\"@id\":\"https:\/\/portalnpm.com\/index.php\/2018\/12\/01\/em-alegrete-do-piaui-vereador-constancio-ramos-e-eleito-presidente-da-camara-de-vereadores\/#breadcrumb\",\"itemListElement\":[{\"@type\":\"ListItem\",\"position\":1,\"name\":\"In\u00edcio\",\"item\":\"https:\/\/portalnpm.com\/\"},{\"@type\":\"ListItem\",\"position\":2,\"name\":\"Em Alegrete do Piau\u00ed, vereador Const\u00e2ncio Ramos \u00e9 eleito presidente da C\u00e2mara de Vereadores\"}]},{\"@type\":\"WebSite\",\"@id\":\"https:\/\/portalnpm.com\/#website\",\"url\":\"https:\/\/portalnpm.com\/\",\"name\":\"Portal NPM\",\"description\":\"Not\u00edcias em Primeira M\u00e3o\",\"potentialAction\":[{\"@type\":\"SearchAction\",\"target\":{\"@type\":\"EntryPoint\",\"urlTemplate\":\"https:\/\/portalnpm.com\/?s={search_term_string}\"},\"query-input\":\"required name=search_term_string\"}],\"inLanguage\":\"pt-BR\"},{\"@type\":\"Person\",\"@id\":\"https:\/\/portalnpm.com\/#\/schema\/person\/5c8006acdf71774cd4e7a5ab98482152\",\"name\":\"Luis Alberto\",\"image\":{\"@type\":\"ImageObject\",\"inLanguage\":\"pt-BR\",\"@id\":\"https:\/\/portalnpm.com\/#\/schema\/person\/image\/\",\"url\":\"https:\/\/portalnpm.com\/wp-content\/uploads\/2024\/12\/avatar_user_3_1734699769-96x96.jpeg\",\"contentUrl\":\"https:\/\/portalnpm.com\/wp-content\/uploads\/2024\/12\/avatar_user_3_1734699769-96x96.jpeg\",\"caption\":\"Luis Alberto\"},\"description\":\"Editor-geral do Portal NPM, \u00e9 formado como T\u00e9cnico em Seguran\u00e7a do Trabalho pela Escola Metropolitana de Cursos T\u00e9cnicos. Det\u00e9m ainda licenciatura em Educa\u00e7\u00e3o F\u00edsica e bacharelado em Ci\u00eancias Pol\u00edticas, ambos obtidos pela institui\u00e7\u00e3o Anhanguera\/UNOPAR.\",\"url\":\"https:\/\/portalnpm.com\/index.php\/author\/pereira\/\"}]}<\/script>\n<!-- \/ Yoast SEO plugin. -->","yoast_head_json":{"title":"Em Alegrete do Piau\u00ed, vereador Const\u00e2ncio Ramos \u00e9 eleito presidente da C\u00e2mara de Vereadores - Portal NPM","robots":{"index":"index","follow":"follow","max-snippet":"max-snippet:-1","max-image-preview":"max-image-preview:large","max-video-preview":"max-video-preview:-1"},"canonical":"https:\/\/portalnpm.com\/index.php\/2018\/12\/01\/em-alegrete-do-piaui-vereador-constancio-ramos-e-eleito-presidente-da-camara-de-vereadores\/","og_locale":"pt_BR","og_type":"article","og_title":"Em Alegrete do Piau\u00ed, vereador Const\u00e2ncio Ramos \u00e9 eleito presidente da C\u00e2mara de Vereadores - Portal NPM","og_description":"Com sete votos a favor e dois contr\u00e1rios, vereador Const\u00e2ncio Ramos foi eleito presidente do legislativo municipal A C\u00e2mara de Vereadores de Alegrete do Piau\u00ed, cidade localizada a 383 km da capital do Estado, realizou na noite desta sexta-feira (30), a \u00faltima sess\u00e3o ordin\u00e1ria do ano, antes de entrar de recesso. Na ocasi\u00e3o houve a &hellip;","og_url":"https:\/\/portalnpm.com\/index.php\/2018\/12\/01\/em-alegrete-do-piaui-vereador-constancio-ramos-e-eleito-presidente-da-camara-de-vereadores\/","og_site_name":"Portal NPM","article_published_time":"2018-12-01T19:09:57+00:00","author":"Luis Alberto","twitter_card":"summary_large_image","twitter_misc":{"Escrito por":"Luis Alberto","Est. tempo de leitura":"2 minutos"},"schema":{"@context":"https:\/\/schema.org","@graph":[{"@type":"WebPage","@id":"https:\/\/portalnpm.com\/index.php\/2018\/12\/01\/em-alegrete-do-piaui-vereador-constancio-ramos-e-eleito-presidente-da-camara-de-vereadores\/","url":"https:\/\/portalnpm.com\/index.php\/2018\/12\/01\/em-alegrete-do-piaui-vereador-constancio-ramos-e-eleito-presidente-da-camara-de-vereadores\/","name":"Em Alegrete do Piau\u00ed, vereador Const\u00e2ncio Ramos \u00e9 eleito presidente da C\u00e2mara de Vereadores - Portal NPM","isPartOf":{"@id":"https:\/\/portalnpm.com\/#website"},"primaryImageOfPage":{"@id":"https:\/\/portalnpm.com\/index.php\/2018\/12\/01\/em-alegrete-do-piaui-vereador-constancio-ramos-e-eleito-presidente-da-camara-de-vereadores\/#primaryimage"},"image":{"@id":"https:\/\/portalnpm.com\/index.php\/2018\/12\/01\/em-alegrete-do-piaui-vereador-constancio-ramos-e-eleito-presidente-da-camara-de-vereadores\/#primaryimage"},"thumbnailUrl":"","datePublished":"2018-12-01T19:09:57+00:00","dateModified":"2018-12-01T19:09:57+00:00","author":{"@id":"https:\/\/portalnpm.com\/#\/schema\/person\/5c8006acdf71774cd4e7a5ab98482152"},"breadcrumb":{"@id":"https:\/\/portalnpm.com\/index.php\/2018\/12\/01\/em-alegrete-do-piaui-vereador-constancio-ramos-e-eleito-presidente-da-camara-de-vereadores\/#breadcrumb"},"inLanguage":"pt-BR","potentialAction":[{"@type":"ReadAction","target":["https:\/\/portalnpm.com\/index.php\/2018\/12\/01\/em-alegrete-do-piaui-vereador-constancio-ramos-e-eleito-presidente-da-camara-de-vereadores\/"]}]},{"@type":"ImageObject","inLanguage":"pt-BR","@id":"https:\/\/portalnpm.com\/index.php\/2018\/12\/01\/em-alegrete-do-piaui-vereador-constancio-ramos-e-eleito-presidente-da-camara-de-vereadores\/#primaryimage","url":"","contentUrl":""},{"@type":"BreadcrumbList","@id":"https:\/\/portalnpm.com\/index.php\/2018\/12\/01\/em-alegrete-do-piaui-vereador-constancio-ramos-e-eleito-presidente-da-camara-de-vereadores\/#breadcrumb","itemListElement":[{"@type":"ListItem","position":1,"name":"In\u00edcio","item":"https:\/\/portalnpm.com\/"},{"@type":"ListItem","position":2,"name":"Em Alegrete do Piau\u00ed, vereador Const\u00e2ncio Ramos \u00e9 eleito presidente da C\u00e2mara de Vereadores"}]},{"@type":"WebSite","@id":"https:\/\/portalnpm.com\/#website","url":"https:\/\/portalnpm.com\/","name":"Portal NPM","description":"Not\u00edcias em Primeira M\u00e3o","potentialAction":[{"@type":"SearchAction","target":{"@type":"EntryPoint","urlTemplate":"https:\/\/portalnpm.com\/?s={search_term_string}"},"query-input":"required name=search_term_string"}],"inLanguage":"pt-BR"},{"@type":"Person","@id":"https:\/\/portalnpm.com\/#\/schema\/person\/5c8006acdf71774cd4e7a5ab98482152","name":"Luis Alberto","image":{"@type":"ImageObject","inLanguage":"pt-BR","@id":"https:\/\/portalnpm.com\/#\/schema\/person\/image\/","url":"https:\/\/portalnpm.com\/wp-content\/uploads\/2024\/12\/avatar_user_3_1734699769-96x96.jpeg","contentUrl":"https:\/\/portalnpm.com\/wp-content\/uploads\/2024\/12\/avatar_user_3_1734699769-96x96.jpeg","caption":"Luis Alberto"},"description":"Editor-geral do Portal NPM, \u00e9 formado como T\u00e9cnico em Seguran\u00e7a do Trabalho pela Escola Metropolitana de Cursos T\u00e9cnicos. Det\u00e9m ainda licenciatura em Educa\u00e7\u00e3o F\u00edsica e bacharelado em Ci\u00eancias Pol\u00edticas, ambos obtidos pela institui\u00e7\u00e3o Anhanguera\/UNOPAR.","url":"https:\/\/portalnpm.com\/index.php\/author\/pereira\/"}]}},"jetpack_sharing_enabled":true,"jetpack_featured_media_url":"","_links":{"self":[{"href":"https:\/\/portalnpm.com\/index.php\/wp-json\/wp\/v2\/posts\/3163"}],"collection":[{"href":"https:\/\/portalnpm.com\/index.php\/wp-json\/wp\/v2\/posts"}],"about":[{"href":"https:\/\/portalnpm.com\/index.php\/wp-json\/wp\/v2\/types\/post"}],"author":[{"embeddable":true,"href":"https:\/\/portalnpm.com\/index.php\/wp-json\/wp\/v2\/users\/3"}],"replies":[{"embeddable":true,"href":"https:\/\/portalnpm.com\/index.php\/wp-json\/wp\/v2\/comments?post=3163"}],"version-history":[{"count":0,"href":"https:\/\/portalnpm.com\/index.php\/wp-json\/wp\/v2\/posts\/3163\/revisions"}],"wp:featuredmedia":[{"embeddable":true,"href":"https:\/\/portalnpm.com\/index.php\/wp-json\/"}],"wp:attachment":[{"href":"https:\/\/portalnpm.com\/index.php\/wp-json\/wp\/v2\/media?parent=3163"}],"wp:term":[{"taxonomy":"category","embeddable":true,"href":"https:\/\/portalnpm.com\/index.php\/wp-json\/wp\/v2\/categories?post=3163"},{"taxonomy":"post_tag","embeddable":true,"href":"https:\/\/portalnpm.com\/index.php\/wp-json\/wp\/v2\/tags?post=3163"}],"curies":[{"name":"wp","href":"https:\/\/api.w.org\/{rel}","templated":true}]}}