{"id":3192,"date":"2018-12-04T12:05:54","date_gmt":"2018-12-04T14:05:54","guid":{"rendered":"http:\/\/srv.portalnpm.com.br\/?p=3192"},"modified":"2018-12-04T12:05:54","modified_gmt":"2018-12-04T14:05:54","slug":"acabou-o-b-r-o-bro-dezembro-registra-indice-recorde-de-chuva-no-piaui","status":"publish","type":"post","link":"https:\/\/portalnpm.com\/index.php\/2018\/12\/04\/acabou-o-b-r-o-bro-dezembro-registra-indice-recorde-de-chuva-no-piaui\/","title":{"rendered":"Acabou o B-R-O-Br\u00f3: Dezembro registra \u00edndice recorde de chuva no Piau\u00ed"},"content":{"rendered":"<p style=\"text-align: justify;\">A chuva da madrugada de segunda (03) j\u00e1 registrou \u00edndice pluviom\u00e9trico de 104,1 mm, ou seja, o esperado para todo o m\u00eas de dezembro. A justificativa \u00e9 apontada pelo climatologista e professor da Universidade Estadual do Piau\u00ed (UESPI), Werton Costa. Acostumados com as temperaturas sempre elevadas, os piauienses poder\u00e3o sentir o clima amenizar, isso porque as chuvas devem ser acentuadas.<\/p>\n<p style=\"text-align: justify;\">O climatologista explica que uma c\u00e9lula de tempestade se intensificou em Teresina, acarretando chuva intensa. As esta\u00e7\u00f5es pluviom\u00e9tricas instaladas na capital registraram diferentes \u00edndices de chuvas nas regi\u00f5es. Na zona Leste, Sudeste e Sul de Teresina registraram valores superiores a 104,1 mm. Na Zona Norte, essa expressividade de chuvas s\u00f3 registrou 36,6 mm. \u201cIsso \u00e9 impressionante e essa chuva severa e intensa representou um ac\u00famulo da quantidade de chuva esperada para todo o m\u00eas de dezembro\u201d, explica o Werton.<\/p>\n<p style=\"text-align: justify;\">De acordo com docente, nesse per\u00edodo, registra-se uma grande entrada de umidade vinda do Atl\u00e2ntico com a Zona de Converg\u00eancia Intertropical (ZCIT), um corredor de nuvens que provoca chuva se deslocou da regi\u00e3o do Hemisf\u00e9rio Norte para o Brasil.<\/p>\n<p style=\"text-align: justify;\">\u201cAs chuvas, nesse momento, s\u00e3o resultado de uma outra Zona de Converg\u00eancia do Atl\u00e2ntico Sul (ZCAS), ela atua como um corredor de umidade com nuvens que adentrou o Brasil na altura da Bahia e Esp\u00edrito Santo e atravessa todo o territ\u00f3rio nacional, inclusive, o Nordeste, at\u00e9 a Amaz\u00f4nia. Essa massa de ar est\u00e1 bem intensificada este ano, atingindo o centro-norte do Piau\u00ed, inclusive, Teresina e a faixa do Sert\u00e3o\u201d, constata.<\/p>\n<figure id=\"attachment_3194\" aria-describedby=\"caption-attachment-3194\" style=\"width: 300px\" class=\"wp-caption alignnone\"><img fetchpriority=\"high\" decoding=\"async\" class=\"size-medium wp-image-3194\" src=\"http:\/\/portalnpm.com.br\/wp-content\/uploads\/2018\/12\/38dd0c67-cf20-4374-9609-56d59bbabff9-300x200.jpg\" alt=\"\" width=\"300\" height=\"200\" \/><figcaption id=\"caption-attachment-3194\" class=\"wp-caption-text\">Climatologista Werton Costa (Cr\u00e9dito: Ra\u00edssa Morais)<\/figcaption><\/figure>\n<div class=\"post-main col7 push2\">\n<div class=\"inner-content\">\n<div class=\"post-text\">\n<div id=\"texto\">\n<p style=\"text-align: justify;\">Ainda de acordo com Werton, at\u00e9 o final de dezembro as chuvas devem ser acentuadas com efeito sobre a condi\u00e7\u00e3o t\u00e9rmica, com ac\u00famulo de nuvens que diminuir\u00e3o a insola\u00e7\u00e3o e diminuir\u00e1, progressivamente, a temperatura.<\/p>\n<p style=\"text-align: justify;\">Com a interfer\u00eancia na umidade do ar, a tend\u00eancia \u00e9 de que a m\u00e1xima baixe e a m\u00ednima caia ainda mais. A umidade do ar tamb\u00e9m fica bastante favor\u00e1vel e acima de 55%. O especialista conclui que, \u201cj\u00e1 \u00e9 hora de dizer que o \u2018B-R-O-Br\u00f3\u2019 est\u00e1 sepultado com essas chuvas\u201d.<\/p>\n<p style=\"text-align: justify;\">Embora muita gente curta a condi\u00e7\u00e3o amena na temperatura, entretanto, a presen\u00e7a do sol, mesmo sobreposto a nuvens, deve continuar, e com isso haver\u00e1 a necessidade de fazer uso do guarda-chuva e protetor solar, o que pode evitar les\u00f5es de c\u00e2ncer de pele, al\u00e9m de intensificar a hidrata\u00e7\u00e3o.<\/p>\n<p style=\"text-align: justify;\"><strong>Risco de chuva forte e volumosa<\/strong><\/p>\n<p style=\"text-align: justify;\">As previs\u00f5es do Climatempo indicam que pancadas de chuva ser\u00e3o frequentes e a chuva ainda cai forte e volumosa especialmente sobre o centro-sul do Maranh\u00e3o, Teresina (PI) e o centro-sul do Piau\u00ed, no estado da Bahia e at\u00e9 no Sert\u00e3o pernambucano. Esses estados voltaram a registrar chuva volumosa e o alerta permanece para mais temporais sobre grande parte da Regi\u00e3o Nordeste.<\/p>\n<p style=\"text-align: justify;\">O acumulado de chuva chegou a 67,6 mm em Uru\u00e7u\u00ed (PI), a 55,2 mm em Pil\u00e3o Arcado (BA) e 49,6 mm em Amargosa (BA), 49,8 mm em Po\u00e7o Verde (SE) e 48,1 mm em Caxias (MA), no per\u00edodo entre 9 horas do domingo (2) e 9 horas de segunda-feira (3), segundo dados do Instituto Nacional de Meteorologia (INMET).<\/p>\n<\/div>\n<\/div>\n<\/div>\n<\/div>\n<div class=\"post-main col7 push2\">\n<div class=\"inner-content\">\n<div class=\"post-text\">\n<div class=\"post-source margin-top-40 margin-bottom-40 full-width\" style=\"text-align: justify;\"><strong>Fonte: Vanderson de Paulo<\/strong><\/div>\n<\/div>\n<\/div>\n<\/div>\n","protected":false},"excerpt":{"rendered":"<p>A chuva da madrugada de segunda (03) j\u00e1 registrou \u00edndice pluviom\u00e9trico de 104,1 mm, ou seja, o esperado para todo o m\u00eas de dezembro. A justificativa \u00e9 apontada pelo climatologista e professor da Universidade Estadual do Piau\u00ed (UESPI), Werton Costa. Acostumados com as temperaturas sempre elevadas, os piauienses poder\u00e3o sentir o clima amenizar, isso porque &hellip;<\/p>\n","protected":false},"author":8,"featured_media":3196,"comment_status":"open","ping_status":"open","sticky":false,"template":"","format":"standard","meta":{"content-type":"","rop_custom_images_group":[],"rop_custom_messages_group":[],"rop_publish_now":"initial","rop_publish_now_accounts":{"facebook_2648258775420054_1618374048415101":""},"rop_publish_now_history":[],"rop_publish_now_status":"pending","footnotes":"","_jetpack_memberships_contains_paid_content":false},"categories":[113,118],"tags":[943,1619,1620,1621,540],"yoast_head":"<!-- This site is optimized with the Yoast SEO plugin v22.3 - https:\/\/yoast.com\/wordpress\/plugins\/seo\/ -->\n<title>Acabou o B-R-O-Br\u00f3: Dezembro registra \u00edndice recorde de chuva no Piau\u00ed - Portal NPM<\/title>\n<meta name=\"robots\" content=\"index, follow, max-snippet:-1, max-image-preview:large, max-video-preview:-1\" \/>\n<link rel=\"canonical\" href=\"https:\/\/portalnpm.com\/index.php\/2018\/12\/04\/acabou-o-b-r-o-bro-dezembro-registra-indice-recorde-de-chuva-no-piaui\/\" \/>\n<meta property=\"og:locale\" content=\"pt_BR\" \/>\n<meta property=\"og:type\" content=\"article\" \/>\n<meta property=\"og:title\" content=\"Acabou o B-R-O-Br\u00f3: Dezembro registra \u00edndice recorde de chuva no Piau\u00ed - Portal NPM\" \/>\n<meta property=\"og:description\" content=\"A chuva da madrugada de segunda (03) j\u00e1 registrou \u00edndice pluviom\u00e9trico de 104,1 mm, ou seja, o esperado para todo o m\u00eas de dezembro. A justificativa \u00e9 apontada pelo climatologista e professor da Universidade Estadual do Piau\u00ed (UESPI), Werton Costa. Acostumados com as temperaturas sempre elevadas, os piauienses poder\u00e3o sentir o clima amenizar, isso porque &hellip;\" \/>\n<meta property=\"og:url\" content=\"https:\/\/portalnpm.com\/index.php\/2018\/12\/04\/acabou-o-b-r-o-bro-dezembro-registra-indice-recorde-de-chuva-no-piaui\/\" \/>\n<meta property=\"og:site_name\" content=\"Portal NPM\" \/>\n<meta property=\"article:published_time\" content=\"2018-12-04T14:05:54+00:00\" \/>\n<meta name=\"author\" content=\"Zenilton Lima\" \/>\n<meta name=\"twitter:card\" content=\"summary_large_image\" \/>\n<meta name=\"twitter:label1\" content=\"Escrito por\" \/>\n\t<meta name=\"twitter:data1\" content=\"Zenilton Lima\" \/>\n\t<meta name=\"twitter:label2\" content=\"Est. tempo de leitura\" \/>\n\t<meta name=\"twitter:data2\" content=\"3 minutos\" \/>\n<script type=\"application\/ld+json\" class=\"yoast-schema-graph\">{\"@context\":\"https:\/\/schema.org\",\"@graph\":[{\"@type\":\"WebPage\",\"@id\":\"https:\/\/portalnpm.com\/index.php\/2018\/12\/04\/acabou-o-b-r-o-bro-dezembro-registra-indice-recorde-de-chuva-no-piaui\/\",\"url\":\"https:\/\/portalnpm.com\/index.php\/2018\/12\/04\/acabou-o-b-r-o-bro-dezembro-registra-indice-recorde-de-chuva-no-piaui\/\",\"name\":\"Acabou o B-R-O-Br\u00f3: Dezembro registra \u00edndice recorde de chuva no Piau\u00ed - Portal NPM\",\"isPartOf\":{\"@id\":\"https:\/\/portalnpm.com\/#website\"},\"primaryImageOfPage\":{\"@id\":\"https:\/\/portalnpm.com\/index.php\/2018\/12\/04\/acabou-o-b-r-o-bro-dezembro-registra-indice-recorde-de-chuva-no-piaui\/#primaryimage\"},\"image\":{\"@id\":\"https:\/\/portalnpm.com\/index.php\/2018\/12\/04\/acabou-o-b-r-o-bro-dezembro-registra-indice-recorde-de-chuva-no-piaui\/#primaryimage\"},\"thumbnailUrl\":\"\",\"datePublished\":\"2018-12-04T14:05:54+00:00\",\"dateModified\":\"2018-12-04T14:05:54+00:00\",\"author\":{\"@id\":\"https:\/\/portalnpm.com\/#\/schema\/person\/35cb55186eae3f074b6783da6d35591e\"},\"breadcrumb\":{\"@id\":\"https:\/\/portalnpm.com\/index.php\/2018\/12\/04\/acabou-o-b-r-o-bro-dezembro-registra-indice-recorde-de-chuva-no-piaui\/#breadcrumb\"},\"inLanguage\":\"pt-BR\",\"potentialAction\":[{\"@type\":\"ReadAction\",\"target\":[\"https:\/\/portalnpm.com\/index.php\/2018\/12\/04\/acabou-o-b-r-o-bro-dezembro-registra-indice-recorde-de-chuva-no-piaui\/\"]}]},{\"@type\":\"ImageObject\",\"inLanguage\":\"pt-BR\",\"@id\":\"https:\/\/portalnpm.com\/index.php\/2018\/12\/04\/acabou-o-b-r-o-bro-dezembro-registra-indice-recorde-de-chuva-no-piaui\/#primaryimage\",\"url\":\"\",\"contentUrl\":\"\"},{\"@type\":\"BreadcrumbList\",\"@id\":\"https:\/\/portalnpm.com\/index.php\/2018\/12\/04\/acabou-o-b-r-o-bro-dezembro-registra-indice-recorde-de-chuva-no-piaui\/#breadcrumb\",\"itemListElement\":[{\"@type\":\"ListItem\",\"position\":1,\"name\":\"In\u00edcio\",\"item\":\"https:\/\/portalnpm.com\/\"},{\"@type\":\"ListItem\",\"position\":2,\"name\":\"Acabou o B-R-O-Br\u00f3: Dezembro registra \u00edndice recorde de chuva no Piau\u00ed\"}]},{\"@type\":\"WebSite\",\"@id\":\"https:\/\/portalnpm.com\/#website\",\"url\":\"https:\/\/portalnpm.com\/\",\"name\":\"Portal NPM\",\"description\":\"Not\u00edcias em Primeira M\u00e3o\",\"potentialAction\":[{\"@type\":\"SearchAction\",\"target\":{\"@type\":\"EntryPoint\",\"urlTemplate\":\"https:\/\/portalnpm.com\/?s={search_term_string}\"},\"query-input\":\"required name=search_term_string\"}],\"inLanguage\":\"pt-BR\"},{\"@type\":\"Person\",\"@id\":\"https:\/\/portalnpm.com\/#\/schema\/person\/35cb55186eae3f074b6783da6d35591e\",\"name\":\"Zenilton Lima\",\"image\":{\"@type\":\"ImageObject\",\"inLanguage\":\"pt-BR\",\"@id\":\"https:\/\/portalnpm.com\/#\/schema\/person\/image\/\",\"url\":\"https:\/\/portalnpm.com\/wp-content\/uploads\/2024\/12\/avatar_user_8_1733658137-96x96.jpeg\",\"contentUrl\":\"https:\/\/portalnpm.com\/wp-content\/uploads\/2024\/12\/avatar_user_8_1733658137-96x96.jpeg\",\"caption\":\"Zenilton Lima\"},\"url\":\"https:\/\/portalnpm.com\/index.php\/author\/zenilton\/\"}]}<\/script>\n<!-- \/ Yoast SEO plugin. -->","yoast_head_json":{"title":"Acabou o B-R-O-Br\u00f3: Dezembro registra \u00edndice recorde de chuva no Piau\u00ed - Portal NPM","robots":{"index":"index","follow":"follow","max-snippet":"max-snippet:-1","max-image-preview":"max-image-preview:large","max-video-preview":"max-video-preview:-1"},"canonical":"https:\/\/portalnpm.com\/index.php\/2018\/12\/04\/acabou-o-b-r-o-bro-dezembro-registra-indice-recorde-de-chuva-no-piaui\/","og_locale":"pt_BR","og_type":"article","og_title":"Acabou o B-R-O-Br\u00f3: Dezembro registra \u00edndice recorde de chuva no Piau\u00ed - Portal NPM","og_description":"A chuva da madrugada de segunda (03) j\u00e1 registrou \u00edndice pluviom\u00e9trico de 104,1 mm, ou seja, o esperado para todo o m\u00eas de dezembro. A justificativa \u00e9 apontada pelo climatologista e professor da Universidade Estadual do Piau\u00ed (UESPI), Werton Costa. Acostumados com as temperaturas sempre elevadas, os piauienses poder\u00e3o sentir o clima amenizar, isso porque &hellip;","og_url":"https:\/\/portalnpm.com\/index.php\/2018\/12\/04\/acabou-o-b-r-o-bro-dezembro-registra-indice-recorde-de-chuva-no-piaui\/","og_site_name":"Portal NPM","article_published_time":"2018-12-04T14:05:54+00:00","author":"Zenilton Lima","twitter_card":"summary_large_image","twitter_misc":{"Escrito por":"Zenilton Lima","Est. tempo de leitura":"3 minutos"},"schema":{"@context":"https:\/\/schema.org","@graph":[{"@type":"WebPage","@id":"https:\/\/portalnpm.com\/index.php\/2018\/12\/04\/acabou-o-b-r-o-bro-dezembro-registra-indice-recorde-de-chuva-no-piaui\/","url":"https:\/\/portalnpm.com\/index.php\/2018\/12\/04\/acabou-o-b-r-o-bro-dezembro-registra-indice-recorde-de-chuva-no-piaui\/","name":"Acabou o B-R-O-Br\u00f3: Dezembro registra \u00edndice recorde de chuva no Piau\u00ed - Portal NPM","isPartOf":{"@id":"https:\/\/portalnpm.com\/#website"},"primaryImageOfPage":{"@id":"https:\/\/portalnpm.com\/index.php\/2018\/12\/04\/acabou-o-b-r-o-bro-dezembro-registra-indice-recorde-de-chuva-no-piaui\/#primaryimage"},"image":{"@id":"https:\/\/portalnpm.com\/index.php\/2018\/12\/04\/acabou-o-b-r-o-bro-dezembro-registra-indice-recorde-de-chuva-no-piaui\/#primaryimage"},"thumbnailUrl":"","datePublished":"2018-12-04T14:05:54+00:00","dateModified":"2018-12-04T14:05:54+00:00","author":{"@id":"https:\/\/portalnpm.com\/#\/schema\/person\/35cb55186eae3f074b6783da6d35591e"},"breadcrumb":{"@id":"https:\/\/portalnpm.com\/index.php\/2018\/12\/04\/acabou-o-b-r-o-bro-dezembro-registra-indice-recorde-de-chuva-no-piaui\/#breadcrumb"},"inLanguage":"pt-BR","potentialAction":[{"@type":"ReadAction","target":["https:\/\/portalnpm.com\/index.php\/2018\/12\/04\/acabou-o-b-r-o-bro-dezembro-registra-indice-recorde-de-chuva-no-piaui\/"]}]},{"@type":"ImageObject","inLanguage":"pt-BR","@id":"https:\/\/portalnpm.com\/index.php\/2018\/12\/04\/acabou-o-b-r-o-bro-dezembro-registra-indice-recorde-de-chuva-no-piaui\/#primaryimage","url":"","contentUrl":""},{"@type":"BreadcrumbList","@id":"https:\/\/portalnpm.com\/index.php\/2018\/12\/04\/acabou-o-b-r-o-bro-dezembro-registra-indice-recorde-de-chuva-no-piaui\/#breadcrumb","itemListElement":[{"@type":"ListItem","position":1,"name":"In\u00edcio","item":"https:\/\/portalnpm.com\/"},{"@type":"ListItem","position":2,"name":"Acabou o B-R-O-Br\u00f3: Dezembro registra \u00edndice recorde de chuva no Piau\u00ed"}]},{"@type":"WebSite","@id":"https:\/\/portalnpm.com\/#website","url":"https:\/\/portalnpm.com\/","name":"Portal NPM","description":"Not\u00edcias em Primeira M\u00e3o","potentialAction":[{"@type":"SearchAction","target":{"@type":"EntryPoint","urlTemplate":"https:\/\/portalnpm.com\/?s={search_term_string}"},"query-input":"required name=search_term_string"}],"inLanguage":"pt-BR"},{"@type":"Person","@id":"https:\/\/portalnpm.com\/#\/schema\/person\/35cb55186eae3f074b6783da6d35591e","name":"Zenilton Lima","image":{"@type":"ImageObject","inLanguage":"pt-BR","@id":"https:\/\/portalnpm.com\/#\/schema\/person\/image\/","url":"https:\/\/portalnpm.com\/wp-content\/uploads\/2024\/12\/avatar_user_8_1733658137-96x96.jpeg","contentUrl":"https:\/\/portalnpm.com\/wp-content\/uploads\/2024\/12\/avatar_user_8_1733658137-96x96.jpeg","caption":"Zenilton Lima"},"url":"https:\/\/portalnpm.com\/index.php\/author\/zenilton\/"}]}},"jetpack_sharing_enabled":true,"jetpack_featured_media_url":"","_links":{"self":[{"href":"https:\/\/portalnpm.com\/index.php\/wp-json\/wp\/v2\/posts\/3192"}],"collection":[{"href":"https:\/\/portalnpm.com\/index.php\/wp-json\/wp\/v2\/posts"}],"about":[{"href":"https:\/\/portalnpm.com\/index.php\/wp-json\/wp\/v2\/types\/post"}],"author":[{"embeddable":true,"href":"https:\/\/portalnpm.com\/index.php\/wp-json\/wp\/v2\/users\/8"}],"replies":[{"embeddable":true,"href":"https:\/\/portalnpm.com\/index.php\/wp-json\/wp\/v2\/comments?post=3192"}],"version-history":[{"count":0,"href":"https:\/\/portalnpm.com\/index.php\/wp-json\/wp\/v2\/posts\/3192\/revisions"}],"wp:featuredmedia":[{"embeddable":true,"href":"https:\/\/portalnpm.com\/index.php\/wp-json\/"}],"wp:attachment":[{"href":"https:\/\/portalnpm.com\/index.php\/wp-json\/wp\/v2\/media?parent=3192"}],"wp:term":[{"taxonomy":"category","embeddable":true,"href":"https:\/\/portalnpm.com\/index.php\/wp-json\/wp\/v2\/categories?post=3192"},{"taxonomy":"post_tag","embeddable":true,"href":"https:\/\/portalnpm.com\/index.php\/wp-json\/wp\/v2\/tags?post=3192"}],"curies":[{"name":"wp","href":"https:\/\/api.w.org\/{rel}","templated":true}]}}