{"id":3207,"date":"2018-12-04T14:21:53","date_gmt":"2018-12-04T16:21:53","guid":{"rendered":"http:\/\/srv.portalnpm.com.br\/?p=3207"},"modified":"2018-12-04T14:21:53","modified_gmt":"2018-12-04T16:21:53","slug":"apos-nove-anos-tv-diario-volta-a-ter-sinal-aberto-nas-parabolicas-para-todo-o-brasil","status":"publish","type":"post","link":"https:\/\/portalnpm.com\/index.php\/2018\/12\/04\/apos-nove-anos-tv-diario-volta-a-ter-sinal-aberto-nas-parabolicas-para-todo-o-brasil\/","title":{"rendered":"Ap\u00f3s nove anos, TV Di\u00e1rio volta a ter sinal aberto nas parab\u00f3licas para todo o Brasil"},"content":{"rendered":"<p style=\"text-align: justify;\">Uma das emissoras regionais mais queridas do p\u00fablico brasileiro \u00e9, sem d\u00favida, a\u00a0TV Di\u00e1rio, de Fortaleza, no Cear\u00e1. O canal esteve com sinal aberto durante anos nas parab\u00f3licas anal\u00f3gicas, conquistando \u00edndices consider\u00e1veis de audi\u00eancia entre p\u00fablico.<\/p>\n<p style=\"text-align: justify;\">Desde 2009 seu sinal migrou para o formato digital e foi encriptado (fechado). No entanto, desde a \u00faltima ter\u00e7a-feira, dia 27 de novembro, os propriet\u00e1rios de antenas parab\u00f3licas com receptores compat\u00edveis com o sistema\u00a0SAT HD Regional\u00a0passaram a ter acesso tamb\u00e9m ao sinal da\u00a0TV Di\u00e1rio, al\u00e9m do sinal regional da\u00a0TV Globo.<\/p>\n<p style=\"text-align: justify;\">Com a novidade, alguns modelos de receptores passaram a alocar automaticamente a TV Di\u00e1rio como canal 02 em sua lista de canais, logo ap\u00f3s a TV Globo (sinal regional, no canal 01). Questionadas, as empresas n\u00e3o informaram ainda se a abertura do sinal \u00e9 definitiva ou apenas tempor\u00e1ria e para testes.<\/p>\n<p style=\"text-align: justify;\">Em contato com a emissora, fomos informados que o sinal permanecer\u00e1 no sistema, com disponibilidade para todo o Brasil. Vit\u00f3ria dos que tanto esperaram que a \u201cTV do Nordeste\u201d voltasse \u00e0s parab\u00f3licas.<\/p>\n<p style=\"text-align: justify;\">Caso voc\u00ea queira saber se tua parab\u00f3lica pega\u00a0Sistema\u00a0SAT HD Regional da TV Di\u00e1rio procure um t\u00e9cnico de sua confian\u00e7a.<\/p>\n<p style=\"text-align: justify;\"><strong>Sobre a TV Di\u00e1rio<\/strong><\/p>\n<p style=\"text-align: justify;\">TV Di\u00e1rio \u00e9 uma rede de televis\u00e3o brasileira sediada em Fortaleza, capital do estado do Cear\u00e1. De cunho regional, \u00e9 pertencente ao Sistema Verdes Mares, divis\u00e3o do Grupo Edson Queiroz, que controla v\u00e1rios ve\u00edculos de comunica\u00e7\u00e3o em todo o pa\u00eds. Programas como Forrobod\u00f3, Garras da Patrulha e Jo\u00e3o In\u00e1cio Show fizeram muito sucesso em todo o Brasil.<\/p>\n<p style=\"text-align: justify;\"><strong>Fonte: VC FAZ e Antena Cr\u00edtica<\/strong><\/p>\n","protected":false},"excerpt":{"rendered":"<p>Uma das emissoras regionais mais queridas do p\u00fablico brasileiro \u00e9, sem d\u00favida, a\u00a0TV Di\u00e1rio, de Fortaleza, no Cear\u00e1. O canal esteve com sinal aberto durante anos nas parab\u00f3licas anal\u00f3gicas, conquistando \u00edndices consider\u00e1veis de audi\u00eancia entre p\u00fablico. Desde 2009 seu sinal migrou para o formato digital e foi encriptado (fechado). No entanto, desde a \u00faltima ter\u00e7a-feira, &hellip;<\/p>\n","protected":false},"author":4,"featured_media":3208,"comment_status":"open","ping_status":"open","sticky":false,"template":"","format":"standard","meta":{"content-type":"","rop_custom_images_group":[],"rop_custom_messages_group":[],"rop_publish_now":"initial","rop_publish_now_accounts":{"facebook_2648258775420054_1618374048415101":""},"rop_publish_now_history":[],"rop_publish_now_status":"pending","footnotes":"","_jetpack_memberships_contains_paid_content":false},"categories":[113,125],"tags":[1628,1629,1630,922],"yoast_head":"<!-- This site is optimized with the Yoast SEO plugin v22.3 - https:\/\/yoast.com\/wordpress\/plugins\/seo\/ -->\n<title>Ap\u00f3s nove anos, TV Di\u00e1rio volta a ter sinal aberto nas parab\u00f3licas para todo o Brasil - Portal NPM<\/title>\n<meta name=\"robots\" content=\"index, follow, max-snippet:-1, max-image-preview:large, max-video-preview:-1\" \/>\n<link rel=\"canonical\" href=\"https:\/\/portalnpm.com\/index.php\/2018\/12\/04\/apos-nove-anos-tv-diario-volta-a-ter-sinal-aberto-nas-parabolicas-para-todo-o-brasil\/\" \/>\n<meta property=\"og:locale\" content=\"pt_BR\" \/>\n<meta property=\"og:type\" content=\"article\" \/>\n<meta property=\"og:title\" content=\"Ap\u00f3s nove anos, TV Di\u00e1rio volta a ter sinal aberto nas parab\u00f3licas para todo o Brasil - Portal NPM\" \/>\n<meta property=\"og:description\" content=\"Uma das emissoras regionais mais queridas do p\u00fablico brasileiro \u00e9, sem d\u00favida, a\u00a0TV Di\u00e1rio, de Fortaleza, no Cear\u00e1. O canal esteve com sinal aberto durante anos nas parab\u00f3licas anal\u00f3gicas, conquistando \u00edndices consider\u00e1veis de audi\u00eancia entre p\u00fablico. Desde 2009 seu sinal migrou para o formato digital e foi encriptado (fechado). No entanto, desde a \u00faltima ter\u00e7a-feira, &hellip;\" \/>\n<meta property=\"og:url\" content=\"https:\/\/portalnpm.com\/index.php\/2018\/12\/04\/apos-nove-anos-tv-diario-volta-a-ter-sinal-aberto-nas-parabolicas-para-todo-o-brasil\/\" \/>\n<meta property=\"og:site_name\" content=\"Portal NPM\" \/>\n<meta property=\"article:published_time\" content=\"2018-12-04T16:21:53+00:00\" \/>\n<meta name=\"author\" content=\"Reda\u00e7\u00e3o\" \/>\n<meta name=\"twitter:card\" content=\"summary_large_image\" \/>\n<meta name=\"twitter:label1\" content=\"Escrito por\" \/>\n\t<meta name=\"twitter:data1\" content=\"Reda\u00e7\u00e3o\" \/>\n\t<meta name=\"twitter:label2\" content=\"Est. tempo de leitura\" \/>\n\t<meta name=\"twitter:data2\" content=\"1 minuto\" \/>\n<script type=\"application\/ld+json\" class=\"yoast-schema-graph\">{\"@context\":\"https:\/\/schema.org\",\"@graph\":[{\"@type\":\"WebPage\",\"@id\":\"https:\/\/portalnpm.com\/index.php\/2018\/12\/04\/apos-nove-anos-tv-diario-volta-a-ter-sinal-aberto-nas-parabolicas-para-todo-o-brasil\/\",\"url\":\"https:\/\/portalnpm.com\/index.php\/2018\/12\/04\/apos-nove-anos-tv-diario-volta-a-ter-sinal-aberto-nas-parabolicas-para-todo-o-brasil\/\",\"name\":\"Ap\u00f3s nove anos, TV Di\u00e1rio volta a ter sinal aberto nas parab\u00f3licas para todo o Brasil - Portal NPM\",\"isPartOf\":{\"@id\":\"https:\/\/portalnpm.com\/#website\"},\"primaryImageOfPage\":{\"@id\":\"https:\/\/portalnpm.com\/index.php\/2018\/12\/04\/apos-nove-anos-tv-diario-volta-a-ter-sinal-aberto-nas-parabolicas-para-todo-o-brasil\/#primaryimage\"},\"image\":{\"@id\":\"https:\/\/portalnpm.com\/index.php\/2018\/12\/04\/apos-nove-anos-tv-diario-volta-a-ter-sinal-aberto-nas-parabolicas-para-todo-o-brasil\/#primaryimage\"},\"thumbnailUrl\":\"\",\"datePublished\":\"2018-12-04T16:21:53+00:00\",\"dateModified\":\"2018-12-04T16:21:53+00:00\",\"author\":{\"@id\":\"https:\/\/portalnpm.com\/#\/schema\/person\/0b5f230ec96cee25504fa328e7f2b733\"},\"breadcrumb\":{\"@id\":\"https:\/\/portalnpm.com\/index.php\/2018\/12\/04\/apos-nove-anos-tv-diario-volta-a-ter-sinal-aberto-nas-parabolicas-para-todo-o-brasil\/#breadcrumb\"},\"inLanguage\":\"pt-BR\",\"potentialAction\":[{\"@type\":\"ReadAction\",\"target\":[\"https:\/\/portalnpm.com\/index.php\/2018\/12\/04\/apos-nove-anos-tv-diario-volta-a-ter-sinal-aberto-nas-parabolicas-para-todo-o-brasil\/\"]}]},{\"@type\":\"ImageObject\",\"inLanguage\":\"pt-BR\",\"@id\":\"https:\/\/portalnpm.com\/index.php\/2018\/12\/04\/apos-nove-anos-tv-diario-volta-a-ter-sinal-aberto-nas-parabolicas-para-todo-o-brasil\/#primaryimage\",\"url\":\"\",\"contentUrl\":\"\"},{\"@type\":\"BreadcrumbList\",\"@id\":\"https:\/\/portalnpm.com\/index.php\/2018\/12\/04\/apos-nove-anos-tv-diario-volta-a-ter-sinal-aberto-nas-parabolicas-para-todo-o-brasil\/#breadcrumb\",\"itemListElement\":[{\"@type\":\"ListItem\",\"position\":1,\"name\":\"In\u00edcio\",\"item\":\"https:\/\/portalnpm.com\/\"},{\"@type\":\"ListItem\",\"position\":2,\"name\":\"Ap\u00f3s nove anos, TV Di\u00e1rio volta a ter sinal aberto nas parab\u00f3licas para todo o Brasil\"}]},{\"@type\":\"WebSite\",\"@id\":\"https:\/\/portalnpm.com\/#website\",\"url\":\"https:\/\/portalnpm.com\/\",\"name\":\"Portal NPM\",\"description\":\"Not\u00edcias em Primeira M\u00e3o\",\"potentialAction\":[{\"@type\":\"SearchAction\",\"target\":{\"@type\":\"EntryPoint\",\"urlTemplate\":\"https:\/\/portalnpm.com\/?s={search_term_string}\"},\"query-input\":\"required name=search_term_string\"}],\"inLanguage\":\"pt-BR\"},{\"@type\":\"Person\",\"@id\":\"https:\/\/portalnpm.com\/#\/schema\/person\/0b5f230ec96cee25504fa328e7f2b733\",\"name\":\"Reda\u00e7\u00e3o\",\"image\":{\"@type\":\"ImageObject\",\"inLanguage\":\"pt-BR\",\"@id\":\"https:\/\/portalnpm.com\/#\/schema\/person\/image\/\",\"url\":\"https:\/\/portalnpm.com\/wp-content\/uploads\/2024\/03\/avatar_user_4_1710097212-96x96.png\",\"contentUrl\":\"https:\/\/portalnpm.com\/wp-content\/uploads\/2024\/03\/avatar_user_4_1710097212-96x96.png\",\"caption\":\"Reda\u00e7\u00e3o\"},\"url\":\"https:\/\/portalnpm.com\/index.php\/author\/redacao\/\"}]}<\/script>\n<!-- \/ Yoast SEO plugin. -->","yoast_head_json":{"title":"Ap\u00f3s nove anos, TV Di\u00e1rio volta a ter sinal aberto nas parab\u00f3licas para todo o Brasil - Portal NPM","robots":{"index":"index","follow":"follow","max-snippet":"max-snippet:-1","max-image-preview":"max-image-preview:large","max-video-preview":"max-video-preview:-1"},"canonical":"https:\/\/portalnpm.com\/index.php\/2018\/12\/04\/apos-nove-anos-tv-diario-volta-a-ter-sinal-aberto-nas-parabolicas-para-todo-o-brasil\/","og_locale":"pt_BR","og_type":"article","og_title":"Ap\u00f3s nove anos, TV Di\u00e1rio volta a ter sinal aberto nas parab\u00f3licas para todo o Brasil - Portal NPM","og_description":"Uma das emissoras regionais mais queridas do p\u00fablico brasileiro \u00e9, sem d\u00favida, a\u00a0TV Di\u00e1rio, de Fortaleza, no Cear\u00e1. O canal esteve com sinal aberto durante anos nas parab\u00f3licas anal\u00f3gicas, conquistando \u00edndices consider\u00e1veis de audi\u00eancia entre p\u00fablico. Desde 2009 seu sinal migrou para o formato digital e foi encriptado (fechado). No entanto, desde a \u00faltima ter\u00e7a-feira, &hellip;","og_url":"https:\/\/portalnpm.com\/index.php\/2018\/12\/04\/apos-nove-anos-tv-diario-volta-a-ter-sinal-aberto-nas-parabolicas-para-todo-o-brasil\/","og_site_name":"Portal NPM","article_published_time":"2018-12-04T16:21:53+00:00","author":"Reda\u00e7\u00e3o","twitter_card":"summary_large_image","twitter_misc":{"Escrito por":"Reda\u00e7\u00e3o","Est. tempo de leitura":"1 minuto"},"schema":{"@context":"https:\/\/schema.org","@graph":[{"@type":"WebPage","@id":"https:\/\/portalnpm.com\/index.php\/2018\/12\/04\/apos-nove-anos-tv-diario-volta-a-ter-sinal-aberto-nas-parabolicas-para-todo-o-brasil\/","url":"https:\/\/portalnpm.com\/index.php\/2018\/12\/04\/apos-nove-anos-tv-diario-volta-a-ter-sinal-aberto-nas-parabolicas-para-todo-o-brasil\/","name":"Ap\u00f3s nove anos, TV Di\u00e1rio volta a ter sinal aberto nas parab\u00f3licas para todo o Brasil - Portal NPM","isPartOf":{"@id":"https:\/\/portalnpm.com\/#website"},"primaryImageOfPage":{"@id":"https:\/\/portalnpm.com\/index.php\/2018\/12\/04\/apos-nove-anos-tv-diario-volta-a-ter-sinal-aberto-nas-parabolicas-para-todo-o-brasil\/#primaryimage"},"image":{"@id":"https:\/\/portalnpm.com\/index.php\/2018\/12\/04\/apos-nove-anos-tv-diario-volta-a-ter-sinal-aberto-nas-parabolicas-para-todo-o-brasil\/#primaryimage"},"thumbnailUrl":"","datePublished":"2018-12-04T16:21:53+00:00","dateModified":"2018-12-04T16:21:53+00:00","author":{"@id":"https:\/\/portalnpm.com\/#\/schema\/person\/0b5f230ec96cee25504fa328e7f2b733"},"breadcrumb":{"@id":"https:\/\/portalnpm.com\/index.php\/2018\/12\/04\/apos-nove-anos-tv-diario-volta-a-ter-sinal-aberto-nas-parabolicas-para-todo-o-brasil\/#breadcrumb"},"inLanguage":"pt-BR","potentialAction":[{"@type":"ReadAction","target":["https:\/\/portalnpm.com\/index.php\/2018\/12\/04\/apos-nove-anos-tv-diario-volta-a-ter-sinal-aberto-nas-parabolicas-para-todo-o-brasil\/"]}]},{"@type":"ImageObject","inLanguage":"pt-BR","@id":"https:\/\/portalnpm.com\/index.php\/2018\/12\/04\/apos-nove-anos-tv-diario-volta-a-ter-sinal-aberto-nas-parabolicas-para-todo-o-brasil\/#primaryimage","url":"","contentUrl":""},{"@type":"BreadcrumbList","@id":"https:\/\/portalnpm.com\/index.php\/2018\/12\/04\/apos-nove-anos-tv-diario-volta-a-ter-sinal-aberto-nas-parabolicas-para-todo-o-brasil\/#breadcrumb","itemListElement":[{"@type":"ListItem","position":1,"name":"In\u00edcio","item":"https:\/\/portalnpm.com\/"},{"@type":"ListItem","position":2,"name":"Ap\u00f3s nove anos, TV Di\u00e1rio volta a ter sinal aberto nas parab\u00f3licas para todo o Brasil"}]},{"@type":"WebSite","@id":"https:\/\/portalnpm.com\/#website","url":"https:\/\/portalnpm.com\/","name":"Portal NPM","description":"Not\u00edcias em Primeira M\u00e3o","potentialAction":[{"@type":"SearchAction","target":{"@type":"EntryPoint","urlTemplate":"https:\/\/portalnpm.com\/?s={search_term_string}"},"query-input":"required name=search_term_string"}],"inLanguage":"pt-BR"},{"@type":"Person","@id":"https:\/\/portalnpm.com\/#\/schema\/person\/0b5f230ec96cee25504fa328e7f2b733","name":"Reda\u00e7\u00e3o","image":{"@type":"ImageObject","inLanguage":"pt-BR","@id":"https:\/\/portalnpm.com\/#\/schema\/person\/image\/","url":"https:\/\/portalnpm.com\/wp-content\/uploads\/2024\/03\/avatar_user_4_1710097212-96x96.png","contentUrl":"https:\/\/portalnpm.com\/wp-content\/uploads\/2024\/03\/avatar_user_4_1710097212-96x96.png","caption":"Reda\u00e7\u00e3o"},"url":"https:\/\/portalnpm.com\/index.php\/author\/redacao\/"}]}},"jetpack_sharing_enabled":true,"jetpack_featured_media_url":"","_links":{"self":[{"href":"https:\/\/portalnpm.com\/index.php\/wp-json\/wp\/v2\/posts\/3207"}],"collection":[{"href":"https:\/\/portalnpm.com\/index.php\/wp-json\/wp\/v2\/posts"}],"about":[{"href":"https:\/\/portalnpm.com\/index.php\/wp-json\/wp\/v2\/types\/post"}],"author":[{"embeddable":true,"href":"https:\/\/portalnpm.com\/index.php\/wp-json\/wp\/v2\/users\/4"}],"replies":[{"embeddable":true,"href":"https:\/\/portalnpm.com\/index.php\/wp-json\/wp\/v2\/comments?post=3207"}],"version-history":[{"count":0,"href":"https:\/\/portalnpm.com\/index.php\/wp-json\/wp\/v2\/posts\/3207\/revisions"}],"wp:featuredmedia":[{"embeddable":true,"href":"https:\/\/portalnpm.com\/index.php\/wp-json\/"}],"wp:attachment":[{"href":"https:\/\/portalnpm.com\/index.php\/wp-json\/wp\/v2\/media?parent=3207"}],"wp:term":[{"taxonomy":"category","embeddable":true,"href":"https:\/\/portalnpm.com\/index.php\/wp-json\/wp\/v2\/categories?post=3207"},{"taxonomy":"post_tag","embeddable":true,"href":"https:\/\/portalnpm.com\/index.php\/wp-json\/wp\/v2\/tags?post=3207"}],"curies":[{"name":"wp","href":"https:\/\/api.w.org\/{rel}","templated":true}]}}