{"id":3215,"date":"2018-12-04T14:47:40","date_gmt":"2018-12-04T16:47:40","guid":{"rendered":"http:\/\/srv.portalnpm.com.br\/?p=3215"},"modified":"2018-12-04T14:47:40","modified_gmt":"2018-12-04T16:47:40","slug":"chuva-desta-terca-e-a-maior-dos-ultimos-15-anos-em-picos","status":"publish","type":"post","link":"https:\/\/portalnpm.com\/index.php\/2018\/12\/04\/chuva-desta-terca-e-a-maior-dos-ultimos-15-anos-em-picos\/","title":{"rendered":"Chuva desta ter\u00e7a \u00e9 a maior dos \u00faltimos 15 anos em Picos"},"content":{"rendered":"<p style=\"text-align: justify;\">A chuva desta ter\u00e7a-feira, 04, que teve in\u00edcio por volta das 03h42, \u00e9 segundo a Instituto Nacional de Meteorologia- INMET a maior dos \u00faltimos 15 anos, registrada em Picos.<\/p>\n<p style=\"text-align: justify;\">\u201cEstamos necessitando de uma chuva dessas. Com intensidade moderada e forte e muito duradoura. O \u00faltimo registro de chuva que durou esse tanto e teve essa intensidade foi registrada em 2003, que chegou aos 125 mil\u00edmetros, de l\u00e1 para c\u00e1 nenhuma chuva atingiu os 100 mil\u00edmetros\u201d, disse o t\u00e9cnico do INMET, Eug\u00eanio Lopes.<\/p>\n<p><img decoding=\"async\" class=\"alignnone size-medium wp-image-3216\" src=\"http:\/\/portalnpm.com.br\/wp-content\/uploads\/2018\/12\/P40G-IMG-6c327e136532fe540d-300x146.jpeg\" alt=\"\" width=\"300\" height=\"146\" \/><\/p>\n<p style=\"text-align: justify;\">Eug\u00eanio explica, que apesar de n\u00e3o ter ocorrido tempestade, os preju\u00edzos se devem ao fato de Picos ser uma cidade com um relevo acidentado, mas apesar disso, a precipita\u00e7\u00e3o \u00e9 de suma import\u00e2ncia para toda a regi\u00e3o.<\/p>\n<p style=\"text-align: justify;\">A frente fria que se estacionou no Nordeste dever\u00e1 provocar mais chuvas nos pr\u00f3ximos dias, mas ap\u00f3s seu deslocamento, as temperaturas dever\u00e3o voltar a se elevar.<\/p>\n<p style=\"text-align: justify;\">\u201cAcreditamos que outras chuvas vir\u00e3o, nesta intensidade ser\u00e1 dif\u00edcil. Deveremos ter tardes quentes durante o m\u00eas de dezembro com temperaturas de at\u00e9 38\u00ba\u201d, explicou o t\u00e9cnico.<\/p>\n<p style=\"text-align: justify;\">A chuva deixou preju\u00edzos nos mais diferentes bairros da cidade.<\/p>\n<p style=\"text-align: justify;\"><strong>Fonte: Picos 40 Graus<\/strong><\/p>\n","protected":false},"excerpt":{"rendered":"<p>A chuva desta ter\u00e7a-feira, 04, que teve in\u00edcio por volta das 03h42, \u00e9 segundo a Instituto Nacional de Meteorologia- INMET a maior dos \u00faltimos 15 anos, registrada em Picos. \u201cEstamos necessitando de uma chuva dessas. Com intensidade moderada e forte e muito duradoura. O \u00faltimo registro de chuva que durou esse tanto e teve essa &hellip;<\/p>\n","protected":false},"author":4,"featured_media":3217,"comment_status":"open","ping_status":"open","sticky":false,"template":"","format":"standard","meta":{"content-type":"","rop_custom_images_group":[],"rop_custom_messages_group":[],"rop_publish_now":"initial","rop_publish_now_accounts":{"facebook_2648258775420054_1618374048415101":""},"rop_publish_now_history":[],"rop_publish_now_status":"pending","footnotes":"","_jetpack_memberships_contains_paid_content":false},"categories":[113,109,127],"tags":[826,1631,1632,128],"yoast_head":"<!-- This site is optimized with the Yoast SEO plugin v22.3 - https:\/\/yoast.com\/wordpress\/plugins\/seo\/ -->\n<title>Chuva desta ter\u00e7a \u00e9 a maior dos \u00faltimos 15 anos em Picos - Portal NPM<\/title>\n<meta name=\"robots\" content=\"index, follow, max-snippet:-1, max-image-preview:large, max-video-preview:-1\" \/>\n<link rel=\"canonical\" href=\"https:\/\/portalnpm.com\/index.php\/2018\/12\/04\/chuva-desta-terca-e-a-maior-dos-ultimos-15-anos-em-picos\/\" \/>\n<meta property=\"og:locale\" content=\"pt_BR\" \/>\n<meta property=\"og:type\" content=\"article\" \/>\n<meta property=\"og:title\" content=\"Chuva desta ter\u00e7a \u00e9 a maior dos \u00faltimos 15 anos em Picos - Portal NPM\" \/>\n<meta property=\"og:description\" content=\"A chuva desta ter\u00e7a-feira, 04, que teve in\u00edcio por volta das 03h42, \u00e9 segundo a Instituto Nacional de Meteorologia- INMET a maior dos \u00faltimos 15 anos, registrada em Picos. \u201cEstamos necessitando de uma chuva dessas. Com intensidade moderada e forte e muito duradoura. O \u00faltimo registro de chuva que durou esse tanto e teve essa &hellip;\" \/>\n<meta property=\"og:url\" content=\"https:\/\/portalnpm.com\/index.php\/2018\/12\/04\/chuva-desta-terca-e-a-maior-dos-ultimos-15-anos-em-picos\/\" \/>\n<meta property=\"og:site_name\" content=\"Portal NPM\" \/>\n<meta property=\"article:published_time\" content=\"2018-12-04T16:47:40+00:00\" \/>\n<meta name=\"author\" content=\"Reda\u00e7\u00e3o\" \/>\n<meta name=\"twitter:card\" content=\"summary_large_image\" \/>\n<meta name=\"twitter:label1\" content=\"Escrito por\" \/>\n\t<meta name=\"twitter:data1\" content=\"Reda\u00e7\u00e3o\" \/>\n\t<meta name=\"twitter:label2\" content=\"Est. tempo de leitura\" \/>\n\t<meta name=\"twitter:data2\" content=\"1 minuto\" \/>\n<script type=\"application\/ld+json\" class=\"yoast-schema-graph\">{\"@context\":\"https:\/\/schema.org\",\"@graph\":[{\"@type\":\"WebPage\",\"@id\":\"https:\/\/portalnpm.com\/index.php\/2018\/12\/04\/chuva-desta-terca-e-a-maior-dos-ultimos-15-anos-em-picos\/\",\"url\":\"https:\/\/portalnpm.com\/index.php\/2018\/12\/04\/chuva-desta-terca-e-a-maior-dos-ultimos-15-anos-em-picos\/\",\"name\":\"Chuva desta ter\u00e7a \u00e9 a maior dos \u00faltimos 15 anos em Picos - Portal NPM\",\"isPartOf\":{\"@id\":\"https:\/\/portalnpm.com\/#website\"},\"primaryImageOfPage\":{\"@id\":\"https:\/\/portalnpm.com\/index.php\/2018\/12\/04\/chuva-desta-terca-e-a-maior-dos-ultimos-15-anos-em-picos\/#primaryimage\"},\"image\":{\"@id\":\"https:\/\/portalnpm.com\/index.php\/2018\/12\/04\/chuva-desta-terca-e-a-maior-dos-ultimos-15-anos-em-picos\/#primaryimage\"},\"thumbnailUrl\":\"\",\"datePublished\":\"2018-12-04T16:47:40+00:00\",\"dateModified\":\"2018-12-04T16:47:40+00:00\",\"author\":{\"@id\":\"https:\/\/portalnpm.com\/#\/schema\/person\/0b5f230ec96cee25504fa328e7f2b733\"},\"breadcrumb\":{\"@id\":\"https:\/\/portalnpm.com\/index.php\/2018\/12\/04\/chuva-desta-terca-e-a-maior-dos-ultimos-15-anos-em-picos\/#breadcrumb\"},\"inLanguage\":\"pt-BR\",\"potentialAction\":[{\"@type\":\"ReadAction\",\"target\":[\"https:\/\/portalnpm.com\/index.php\/2018\/12\/04\/chuva-desta-terca-e-a-maior-dos-ultimos-15-anos-em-picos\/\"]}]},{\"@type\":\"ImageObject\",\"inLanguage\":\"pt-BR\",\"@id\":\"https:\/\/portalnpm.com\/index.php\/2018\/12\/04\/chuva-desta-terca-e-a-maior-dos-ultimos-15-anos-em-picos\/#primaryimage\",\"url\":\"\",\"contentUrl\":\"\"},{\"@type\":\"BreadcrumbList\",\"@id\":\"https:\/\/portalnpm.com\/index.php\/2018\/12\/04\/chuva-desta-terca-e-a-maior-dos-ultimos-15-anos-em-picos\/#breadcrumb\",\"itemListElement\":[{\"@type\":\"ListItem\",\"position\":1,\"name\":\"In\u00edcio\",\"item\":\"https:\/\/portalnpm.com\/\"},{\"@type\":\"ListItem\",\"position\":2,\"name\":\"Chuva desta ter\u00e7a \u00e9 a maior dos \u00faltimos 15 anos em Picos\"}]},{\"@type\":\"WebSite\",\"@id\":\"https:\/\/portalnpm.com\/#website\",\"url\":\"https:\/\/portalnpm.com\/\",\"name\":\"Portal NPM\",\"description\":\"Not\u00edcias em Primeira M\u00e3o\",\"potentialAction\":[{\"@type\":\"SearchAction\",\"target\":{\"@type\":\"EntryPoint\",\"urlTemplate\":\"https:\/\/portalnpm.com\/?s={search_term_string}\"},\"query-input\":\"required name=search_term_string\"}],\"inLanguage\":\"pt-BR\"},{\"@type\":\"Person\",\"@id\":\"https:\/\/portalnpm.com\/#\/schema\/person\/0b5f230ec96cee25504fa328e7f2b733\",\"name\":\"Reda\u00e7\u00e3o\",\"image\":{\"@type\":\"ImageObject\",\"inLanguage\":\"pt-BR\",\"@id\":\"https:\/\/portalnpm.com\/#\/schema\/person\/image\/\",\"url\":\"https:\/\/portalnpm.com\/wp-content\/uploads\/2024\/03\/avatar_user_4_1710097212-96x96.png\",\"contentUrl\":\"https:\/\/portalnpm.com\/wp-content\/uploads\/2024\/03\/avatar_user_4_1710097212-96x96.png\",\"caption\":\"Reda\u00e7\u00e3o\"},\"url\":\"https:\/\/portalnpm.com\/index.php\/author\/redacao\/\"}]}<\/script>\n<!-- \/ Yoast SEO plugin. -->","yoast_head_json":{"title":"Chuva desta ter\u00e7a \u00e9 a maior dos \u00faltimos 15 anos em Picos - Portal NPM","robots":{"index":"index","follow":"follow","max-snippet":"max-snippet:-1","max-image-preview":"max-image-preview:large","max-video-preview":"max-video-preview:-1"},"canonical":"https:\/\/portalnpm.com\/index.php\/2018\/12\/04\/chuva-desta-terca-e-a-maior-dos-ultimos-15-anos-em-picos\/","og_locale":"pt_BR","og_type":"article","og_title":"Chuva desta ter\u00e7a \u00e9 a maior dos \u00faltimos 15 anos em Picos - Portal NPM","og_description":"A chuva desta ter\u00e7a-feira, 04, que teve in\u00edcio por volta das 03h42, \u00e9 segundo a Instituto Nacional de Meteorologia- INMET a maior dos \u00faltimos 15 anos, registrada em Picos. \u201cEstamos necessitando de uma chuva dessas. Com intensidade moderada e forte e muito duradoura. O \u00faltimo registro de chuva que durou esse tanto e teve essa &hellip;","og_url":"https:\/\/portalnpm.com\/index.php\/2018\/12\/04\/chuva-desta-terca-e-a-maior-dos-ultimos-15-anos-em-picos\/","og_site_name":"Portal NPM","article_published_time":"2018-12-04T16:47:40+00:00","author":"Reda\u00e7\u00e3o","twitter_card":"summary_large_image","twitter_misc":{"Escrito por":"Reda\u00e7\u00e3o","Est. tempo de leitura":"1 minuto"},"schema":{"@context":"https:\/\/schema.org","@graph":[{"@type":"WebPage","@id":"https:\/\/portalnpm.com\/index.php\/2018\/12\/04\/chuva-desta-terca-e-a-maior-dos-ultimos-15-anos-em-picos\/","url":"https:\/\/portalnpm.com\/index.php\/2018\/12\/04\/chuva-desta-terca-e-a-maior-dos-ultimos-15-anos-em-picos\/","name":"Chuva desta ter\u00e7a \u00e9 a maior dos \u00faltimos 15 anos em Picos - Portal NPM","isPartOf":{"@id":"https:\/\/portalnpm.com\/#website"},"primaryImageOfPage":{"@id":"https:\/\/portalnpm.com\/index.php\/2018\/12\/04\/chuva-desta-terca-e-a-maior-dos-ultimos-15-anos-em-picos\/#primaryimage"},"image":{"@id":"https:\/\/portalnpm.com\/index.php\/2018\/12\/04\/chuva-desta-terca-e-a-maior-dos-ultimos-15-anos-em-picos\/#primaryimage"},"thumbnailUrl":"","datePublished":"2018-12-04T16:47:40+00:00","dateModified":"2018-12-04T16:47:40+00:00","author":{"@id":"https:\/\/portalnpm.com\/#\/schema\/person\/0b5f230ec96cee25504fa328e7f2b733"},"breadcrumb":{"@id":"https:\/\/portalnpm.com\/index.php\/2018\/12\/04\/chuva-desta-terca-e-a-maior-dos-ultimos-15-anos-em-picos\/#breadcrumb"},"inLanguage":"pt-BR","potentialAction":[{"@type":"ReadAction","target":["https:\/\/portalnpm.com\/index.php\/2018\/12\/04\/chuva-desta-terca-e-a-maior-dos-ultimos-15-anos-em-picos\/"]}]},{"@type":"ImageObject","inLanguage":"pt-BR","@id":"https:\/\/portalnpm.com\/index.php\/2018\/12\/04\/chuva-desta-terca-e-a-maior-dos-ultimos-15-anos-em-picos\/#primaryimage","url":"","contentUrl":""},{"@type":"BreadcrumbList","@id":"https:\/\/portalnpm.com\/index.php\/2018\/12\/04\/chuva-desta-terca-e-a-maior-dos-ultimos-15-anos-em-picos\/#breadcrumb","itemListElement":[{"@type":"ListItem","position":1,"name":"In\u00edcio","item":"https:\/\/portalnpm.com\/"},{"@type":"ListItem","position":2,"name":"Chuva desta ter\u00e7a \u00e9 a maior dos \u00faltimos 15 anos em Picos"}]},{"@type":"WebSite","@id":"https:\/\/portalnpm.com\/#website","url":"https:\/\/portalnpm.com\/","name":"Portal NPM","description":"Not\u00edcias em Primeira M\u00e3o","potentialAction":[{"@type":"SearchAction","target":{"@type":"EntryPoint","urlTemplate":"https:\/\/portalnpm.com\/?s={search_term_string}"},"query-input":"required name=search_term_string"}],"inLanguage":"pt-BR"},{"@type":"Person","@id":"https:\/\/portalnpm.com\/#\/schema\/person\/0b5f230ec96cee25504fa328e7f2b733","name":"Reda\u00e7\u00e3o","image":{"@type":"ImageObject","inLanguage":"pt-BR","@id":"https:\/\/portalnpm.com\/#\/schema\/person\/image\/","url":"https:\/\/portalnpm.com\/wp-content\/uploads\/2024\/03\/avatar_user_4_1710097212-96x96.png","contentUrl":"https:\/\/portalnpm.com\/wp-content\/uploads\/2024\/03\/avatar_user_4_1710097212-96x96.png","caption":"Reda\u00e7\u00e3o"},"url":"https:\/\/portalnpm.com\/index.php\/author\/redacao\/"}]}},"jetpack_sharing_enabled":true,"jetpack_featured_media_url":"","_links":{"self":[{"href":"https:\/\/portalnpm.com\/index.php\/wp-json\/wp\/v2\/posts\/3215"}],"collection":[{"href":"https:\/\/portalnpm.com\/index.php\/wp-json\/wp\/v2\/posts"}],"about":[{"href":"https:\/\/portalnpm.com\/index.php\/wp-json\/wp\/v2\/types\/post"}],"author":[{"embeddable":true,"href":"https:\/\/portalnpm.com\/index.php\/wp-json\/wp\/v2\/users\/4"}],"replies":[{"embeddable":true,"href":"https:\/\/portalnpm.com\/index.php\/wp-json\/wp\/v2\/comments?post=3215"}],"version-history":[{"count":0,"href":"https:\/\/portalnpm.com\/index.php\/wp-json\/wp\/v2\/posts\/3215\/revisions"}],"wp:featuredmedia":[{"embeddable":true,"href":"https:\/\/portalnpm.com\/index.php\/wp-json\/"}],"wp:attachment":[{"href":"https:\/\/portalnpm.com\/index.php\/wp-json\/wp\/v2\/media?parent=3215"}],"wp:term":[{"taxonomy":"category","embeddable":true,"href":"https:\/\/portalnpm.com\/index.php\/wp-json\/wp\/v2\/categories?post=3215"},{"taxonomy":"post_tag","embeddable":true,"href":"https:\/\/portalnpm.com\/index.php\/wp-json\/wp\/v2\/tags?post=3215"}],"curies":[{"name":"wp","href":"https:\/\/api.w.org\/{rel}","templated":true}]}}