{"id":3221,"date":"2018-12-04T15:03:25","date_gmt":"2018-12-04T17:03:25","guid":{"rendered":"http:\/\/srv.portalnpm.com.br\/?p=3221"},"modified":"2018-12-04T15:03:25","modified_gmt":"2018-12-04T17:03:25","slug":"supremo-julga-nesta-terca-novo-pedido-para-soltar-lula","status":"publish","type":"post","link":"https:\/\/portalnpm.com\/index.php\/2018\/12\/04\/supremo-julga-nesta-terca-novo-pedido-para-soltar-lula\/","title":{"rendered":"Supremo julga nesta ter\u00e7a novo pedido para soltar Lula"},"content":{"rendered":"<p style=\"text-align: justify;\">A Segunda Turma do STF (Supremo Tribunal Federal) prev\u00ea julgar na tarde desta ter\u00e7a-feira (4) um habeas corpus, pedido pela defesa do ex-presidente Luiz In\u00e1cio Lula da Silva, sob o argumento de que o ex-juiz Sergio Moro, que o condenou, agiu com parcialidade e motiva\u00e7\u00e3o pol\u00edtica.<\/p>\n<p style=\"text-align: justify;\">O fato novo para alegar a suspei\u00e7\u00e3o de Moro, segundo a defesa do petista, \u00e9 que o ex-juiz aceitou um cargo no primeiro escal\u00e3o do governo de Jair Bolsonaro (PSL), advers\u00e1rio pol\u00edtico de Lula. Moro ser\u00e1 o novo ministro da Justi\u00e7a.<\/p>\n<p style=\"text-align: justify;\">Lula quer sua liberdade e a anula\u00e7\u00e3o do processo que o condenou. &#8220;No curso das investiga\u00e7\u00f5es da assim denominada Opera\u00e7\u00e3o Lava Jato, o [ex-]juiz federal Sergio Fernando Moro revelou clara parcialidade e motiva\u00e7\u00e3o pol\u00edtica nos atos de persecu\u00e7\u00e3o que envolveram o ex-presidente Lula&#8221;, sustentam os advogados.<\/p>\n<p style=\"text-align: justify;\">&#8220;Houve manifestas ilegalidades e arbitrariedades contra o paciente [Lula] com o objetivo de afetar sua imagem e sua reputa\u00e7\u00e3o naquele per\u00edodo, como a sua condu\u00e7\u00e3o coercitiva (j\u00e1 declarada inconstitucional por esta Suprema Corte), buscas e apreens\u00f5es, intercepta\u00e7\u00f5es telef\u00f4nicas e divulga\u00e7\u00e3o de parte do conte\u00fado das conversas interceptadas, dentre outras coisas&#8221;, sintetiza a defesa.<\/p>\n<p style=\"text-align: justify;\">Lula est\u00e1 preso na Superintend\u00eancia da Pol\u00edcia Federal em Curitiba h\u00e1 quase oito meses, condenado por corrup\u00e7\u00e3o e lavagem de dinheiro no caso do tr\u00edplex de Guaruj\u00e1 (SP). Sua pena foi fixada em 12 anos e um m\u00eas de pris\u00e3o pelo TRF-4 (Tribunal Regional Federal da 4\u00aa Regi\u00e3o), a segunda inst\u00e2ncia da Justi\u00e7a Federal.<\/p>\n<p style=\"text-align: justify;\">Antes de o petista ser preso, em abril, o Supremo j\u00e1 negou um habeas corpus a ele. Na ocasi\u00e3o, o pedido foi analisado pelo plen\u00e1rio (composto pelos 11 ministros), e n\u00e3o pela turma (formada por cinco).Na \u00faltima quinta (29) a PGR (Procuradoria-Geral da Rep\u00fablica) opinou pela rejei\u00e7\u00e3o do novo pedido de soltura.<\/p>\n<p style=\"text-align: justify;\">&#8220;Quando proferiu a senten\u00e7a acima mencionada [que condenou Lula], por \u00f3bvio, Sergio Moro n\u00e3o poderia imaginar que, mais de um ano depois, seria chamado para ser ministro da Justi\u00e7a do Presidente eleito. Frise-se que a decis\u00e3o de ter aceitado o convite para ser ministro da Justi\u00e7a do presidente eleito pertence \u00e0 esfera estritamente pessoal de Sergio Moro. A motiva\u00e7\u00e3o do ex-magistrado em aceitar tal convite n\u00e3o interessa aos autos&#8221;, afirmou a procuradora-geral, Raquel Dodge, na \u00faltima quinta (29).<\/p>\n<p style=\"text-align: justify;\">A composi\u00e7\u00e3o da Segunda Turma mudou recentemente, quando o ministro Dias Toffoli, que fazia parte dela, assumiu a presid\u00eancia da corte. No lugar dele entrou na Segunda Turma a ministra C\u00e1rmen L\u00facia, em geral mais afinada com a Lava Jato e seu relator, Edson Fachin.<\/p>\n<p style=\"text-align: justify;\">Integram o colegiado os ministros Fachin, C\u00e1rmen, Gilmar Mendes, Celso de Mello e Ricardo Lewandowski. Em abril, no plen\u00e1rio, os ministros Gilmar, Lewandowski e Celso de Mello votaram por conceder o habeas corpus a Lula -e foram vencidos por 6 votos a 5.<\/p>\n<p style=\"text-align: justify;\"><strong>Fonte: FolhaPress<\/strong><\/p>\n","protected":false},"excerpt":{"rendered":"<p>A Segunda Turma do STF (Supremo Tribunal Federal) prev\u00ea julgar na tarde desta ter\u00e7a-feira (4) um habeas corpus, pedido pela defesa do ex-presidente Luiz In\u00e1cio Lula da Silva, sob o argumento de que o ex-juiz Sergio Moro, que o condenou, agiu com parcialidade e motiva\u00e7\u00e3o pol\u00edtica. O fato novo para alegar a suspei\u00e7\u00e3o de Moro, &hellip;<\/p>\n","protected":false},"author":4,"featured_media":3222,"comment_status":"open","ping_status":"open","sticky":false,"template":"","format":"standard","meta":{"content-type":"","rop_custom_images_group":[],"rop_custom_messages_group":[],"rop_publish_now":"initial","rop_publish_now_accounts":{"facebook_2648258775420054_1618374048415101":""},"rop_publish_now_history":[],"rop_publish_now_status":"pending","footnotes":"","_jetpack_memberships_contains_paid_content":false},"categories":[113,118],"tags":[1633,1634,1635],"yoast_head":"<!-- This site is optimized with the Yoast SEO plugin v22.3 - https:\/\/yoast.com\/wordpress\/plugins\/seo\/ -->\n<title>Supremo julga nesta ter\u00e7a novo pedido para soltar Lula - Portal NPM<\/title>\n<meta name=\"robots\" content=\"index, follow, max-snippet:-1, max-image-preview:large, max-video-preview:-1\" \/>\n<link rel=\"canonical\" href=\"https:\/\/portalnpm.com\/index.php\/2018\/12\/04\/supremo-julga-nesta-terca-novo-pedido-para-soltar-lula\/\" \/>\n<meta property=\"og:locale\" content=\"pt_BR\" \/>\n<meta property=\"og:type\" content=\"article\" \/>\n<meta property=\"og:title\" content=\"Supremo julga nesta ter\u00e7a novo pedido para soltar Lula - Portal NPM\" \/>\n<meta property=\"og:description\" content=\"A Segunda Turma do STF (Supremo Tribunal Federal) prev\u00ea julgar na tarde desta ter\u00e7a-feira (4) um habeas corpus, pedido pela defesa do ex-presidente Luiz In\u00e1cio Lula da Silva, sob o argumento de que o ex-juiz Sergio Moro, que o condenou, agiu com parcialidade e motiva\u00e7\u00e3o pol\u00edtica. O fato novo para alegar a suspei\u00e7\u00e3o de Moro, &hellip;\" \/>\n<meta property=\"og:url\" content=\"https:\/\/portalnpm.com\/index.php\/2018\/12\/04\/supremo-julga-nesta-terca-novo-pedido-para-soltar-lula\/\" \/>\n<meta property=\"og:site_name\" content=\"Portal NPM\" \/>\n<meta property=\"article:published_time\" content=\"2018-12-04T17:03:25+00:00\" \/>\n<meta name=\"author\" content=\"Reda\u00e7\u00e3o\" \/>\n<meta name=\"twitter:card\" content=\"summary_large_image\" \/>\n<meta name=\"twitter:label1\" content=\"Escrito por\" \/>\n\t<meta name=\"twitter:data1\" content=\"Reda\u00e7\u00e3o\" \/>\n\t<meta name=\"twitter:label2\" content=\"Est. tempo de leitura\" \/>\n\t<meta name=\"twitter:data2\" content=\"3 minutos\" \/>\n<script type=\"application\/ld+json\" class=\"yoast-schema-graph\">{\"@context\":\"https:\/\/schema.org\",\"@graph\":[{\"@type\":\"WebPage\",\"@id\":\"https:\/\/portalnpm.com\/index.php\/2018\/12\/04\/supremo-julga-nesta-terca-novo-pedido-para-soltar-lula\/\",\"url\":\"https:\/\/portalnpm.com\/index.php\/2018\/12\/04\/supremo-julga-nesta-terca-novo-pedido-para-soltar-lula\/\",\"name\":\"Supremo julga nesta ter\u00e7a novo pedido para soltar Lula - Portal NPM\",\"isPartOf\":{\"@id\":\"https:\/\/portalnpm.com\/#website\"},\"primaryImageOfPage\":{\"@id\":\"https:\/\/portalnpm.com\/index.php\/2018\/12\/04\/supremo-julga-nesta-terca-novo-pedido-para-soltar-lula\/#primaryimage\"},\"image\":{\"@id\":\"https:\/\/portalnpm.com\/index.php\/2018\/12\/04\/supremo-julga-nesta-terca-novo-pedido-para-soltar-lula\/#primaryimage\"},\"thumbnailUrl\":\"\",\"datePublished\":\"2018-12-04T17:03:25+00:00\",\"dateModified\":\"2018-12-04T17:03:25+00:00\",\"author\":{\"@id\":\"https:\/\/portalnpm.com\/#\/schema\/person\/0b5f230ec96cee25504fa328e7f2b733\"},\"breadcrumb\":{\"@id\":\"https:\/\/portalnpm.com\/index.php\/2018\/12\/04\/supremo-julga-nesta-terca-novo-pedido-para-soltar-lula\/#breadcrumb\"},\"inLanguage\":\"pt-BR\",\"potentialAction\":[{\"@type\":\"ReadAction\",\"target\":[\"https:\/\/portalnpm.com\/index.php\/2018\/12\/04\/supremo-julga-nesta-terca-novo-pedido-para-soltar-lula\/\"]}]},{\"@type\":\"ImageObject\",\"inLanguage\":\"pt-BR\",\"@id\":\"https:\/\/portalnpm.com\/index.php\/2018\/12\/04\/supremo-julga-nesta-terca-novo-pedido-para-soltar-lula\/#primaryimage\",\"url\":\"\",\"contentUrl\":\"\"},{\"@type\":\"BreadcrumbList\",\"@id\":\"https:\/\/portalnpm.com\/index.php\/2018\/12\/04\/supremo-julga-nesta-terca-novo-pedido-para-soltar-lula\/#breadcrumb\",\"itemListElement\":[{\"@type\":\"ListItem\",\"position\":1,\"name\":\"In\u00edcio\",\"item\":\"https:\/\/portalnpm.com\/\"},{\"@type\":\"ListItem\",\"position\":2,\"name\":\"Supremo julga nesta ter\u00e7a novo pedido para soltar Lula\"}]},{\"@type\":\"WebSite\",\"@id\":\"https:\/\/portalnpm.com\/#website\",\"url\":\"https:\/\/portalnpm.com\/\",\"name\":\"Portal NPM\",\"description\":\"Not\u00edcias em Primeira M\u00e3o\",\"potentialAction\":[{\"@type\":\"SearchAction\",\"target\":{\"@type\":\"EntryPoint\",\"urlTemplate\":\"https:\/\/portalnpm.com\/?s={search_term_string}\"},\"query-input\":\"required name=search_term_string\"}],\"inLanguage\":\"pt-BR\"},{\"@type\":\"Person\",\"@id\":\"https:\/\/portalnpm.com\/#\/schema\/person\/0b5f230ec96cee25504fa328e7f2b733\",\"name\":\"Reda\u00e7\u00e3o\",\"image\":{\"@type\":\"ImageObject\",\"inLanguage\":\"pt-BR\",\"@id\":\"https:\/\/portalnpm.com\/#\/schema\/person\/image\/\",\"url\":\"https:\/\/portalnpm.com\/wp-content\/uploads\/2024\/03\/avatar_user_4_1710097212-96x96.png\",\"contentUrl\":\"https:\/\/portalnpm.com\/wp-content\/uploads\/2024\/03\/avatar_user_4_1710097212-96x96.png\",\"caption\":\"Reda\u00e7\u00e3o\"},\"url\":\"https:\/\/portalnpm.com\/index.php\/author\/redacao\/\"}]}<\/script>\n<!-- \/ Yoast SEO plugin. -->","yoast_head_json":{"title":"Supremo julga nesta ter\u00e7a novo pedido para soltar Lula - Portal NPM","robots":{"index":"index","follow":"follow","max-snippet":"max-snippet:-1","max-image-preview":"max-image-preview:large","max-video-preview":"max-video-preview:-1"},"canonical":"https:\/\/portalnpm.com\/index.php\/2018\/12\/04\/supremo-julga-nesta-terca-novo-pedido-para-soltar-lula\/","og_locale":"pt_BR","og_type":"article","og_title":"Supremo julga nesta ter\u00e7a novo pedido para soltar Lula - Portal NPM","og_description":"A Segunda Turma do STF (Supremo Tribunal Federal) prev\u00ea julgar na tarde desta ter\u00e7a-feira (4) um habeas corpus, pedido pela defesa do ex-presidente Luiz In\u00e1cio Lula da Silva, sob o argumento de que o ex-juiz Sergio Moro, que o condenou, agiu com parcialidade e motiva\u00e7\u00e3o pol\u00edtica. O fato novo para alegar a suspei\u00e7\u00e3o de Moro, &hellip;","og_url":"https:\/\/portalnpm.com\/index.php\/2018\/12\/04\/supremo-julga-nesta-terca-novo-pedido-para-soltar-lula\/","og_site_name":"Portal NPM","article_published_time":"2018-12-04T17:03:25+00:00","author":"Reda\u00e7\u00e3o","twitter_card":"summary_large_image","twitter_misc":{"Escrito por":"Reda\u00e7\u00e3o","Est. tempo de leitura":"3 minutos"},"schema":{"@context":"https:\/\/schema.org","@graph":[{"@type":"WebPage","@id":"https:\/\/portalnpm.com\/index.php\/2018\/12\/04\/supremo-julga-nesta-terca-novo-pedido-para-soltar-lula\/","url":"https:\/\/portalnpm.com\/index.php\/2018\/12\/04\/supremo-julga-nesta-terca-novo-pedido-para-soltar-lula\/","name":"Supremo julga nesta ter\u00e7a novo pedido para soltar Lula - Portal NPM","isPartOf":{"@id":"https:\/\/portalnpm.com\/#website"},"primaryImageOfPage":{"@id":"https:\/\/portalnpm.com\/index.php\/2018\/12\/04\/supremo-julga-nesta-terca-novo-pedido-para-soltar-lula\/#primaryimage"},"image":{"@id":"https:\/\/portalnpm.com\/index.php\/2018\/12\/04\/supremo-julga-nesta-terca-novo-pedido-para-soltar-lula\/#primaryimage"},"thumbnailUrl":"","datePublished":"2018-12-04T17:03:25+00:00","dateModified":"2018-12-04T17:03:25+00:00","author":{"@id":"https:\/\/portalnpm.com\/#\/schema\/person\/0b5f230ec96cee25504fa328e7f2b733"},"breadcrumb":{"@id":"https:\/\/portalnpm.com\/index.php\/2018\/12\/04\/supremo-julga-nesta-terca-novo-pedido-para-soltar-lula\/#breadcrumb"},"inLanguage":"pt-BR","potentialAction":[{"@type":"ReadAction","target":["https:\/\/portalnpm.com\/index.php\/2018\/12\/04\/supremo-julga-nesta-terca-novo-pedido-para-soltar-lula\/"]}]},{"@type":"ImageObject","inLanguage":"pt-BR","@id":"https:\/\/portalnpm.com\/index.php\/2018\/12\/04\/supremo-julga-nesta-terca-novo-pedido-para-soltar-lula\/#primaryimage","url":"","contentUrl":""},{"@type":"BreadcrumbList","@id":"https:\/\/portalnpm.com\/index.php\/2018\/12\/04\/supremo-julga-nesta-terca-novo-pedido-para-soltar-lula\/#breadcrumb","itemListElement":[{"@type":"ListItem","position":1,"name":"In\u00edcio","item":"https:\/\/portalnpm.com\/"},{"@type":"ListItem","position":2,"name":"Supremo julga nesta ter\u00e7a novo pedido para soltar Lula"}]},{"@type":"WebSite","@id":"https:\/\/portalnpm.com\/#website","url":"https:\/\/portalnpm.com\/","name":"Portal NPM","description":"Not\u00edcias em Primeira M\u00e3o","potentialAction":[{"@type":"SearchAction","target":{"@type":"EntryPoint","urlTemplate":"https:\/\/portalnpm.com\/?s={search_term_string}"},"query-input":"required name=search_term_string"}],"inLanguage":"pt-BR"},{"@type":"Person","@id":"https:\/\/portalnpm.com\/#\/schema\/person\/0b5f230ec96cee25504fa328e7f2b733","name":"Reda\u00e7\u00e3o","image":{"@type":"ImageObject","inLanguage":"pt-BR","@id":"https:\/\/portalnpm.com\/#\/schema\/person\/image\/","url":"https:\/\/portalnpm.com\/wp-content\/uploads\/2024\/03\/avatar_user_4_1710097212-96x96.png","contentUrl":"https:\/\/portalnpm.com\/wp-content\/uploads\/2024\/03\/avatar_user_4_1710097212-96x96.png","caption":"Reda\u00e7\u00e3o"},"url":"https:\/\/portalnpm.com\/index.php\/author\/redacao\/"}]}},"jetpack_sharing_enabled":true,"jetpack_featured_media_url":"","_links":{"self":[{"href":"https:\/\/portalnpm.com\/index.php\/wp-json\/wp\/v2\/posts\/3221"}],"collection":[{"href":"https:\/\/portalnpm.com\/index.php\/wp-json\/wp\/v2\/posts"}],"about":[{"href":"https:\/\/portalnpm.com\/index.php\/wp-json\/wp\/v2\/types\/post"}],"author":[{"embeddable":true,"href":"https:\/\/portalnpm.com\/index.php\/wp-json\/wp\/v2\/users\/4"}],"replies":[{"embeddable":true,"href":"https:\/\/portalnpm.com\/index.php\/wp-json\/wp\/v2\/comments?post=3221"}],"version-history":[{"count":0,"href":"https:\/\/portalnpm.com\/index.php\/wp-json\/wp\/v2\/posts\/3221\/revisions"}],"wp:featuredmedia":[{"embeddable":true,"href":"https:\/\/portalnpm.com\/index.php\/wp-json\/"}],"wp:attachment":[{"href":"https:\/\/portalnpm.com\/index.php\/wp-json\/wp\/v2\/media?parent=3221"}],"wp:term":[{"taxonomy":"category","embeddable":true,"href":"https:\/\/portalnpm.com\/index.php\/wp-json\/wp\/v2\/categories?post=3221"},{"taxonomy":"post_tag","embeddable":true,"href":"https:\/\/portalnpm.com\/index.php\/wp-json\/wp\/v2\/tags?post=3221"}],"curies":[{"name":"wp","href":"https:\/\/api.w.org\/{rel}","templated":true}]}}