{"id":3224,"date":"2018-12-05T10:57:57","date_gmt":"2018-12-05T12:57:57","guid":{"rendered":"http:\/\/srv.portalnpm.com.br\/?p=3224"},"modified":"2018-12-05T10:57:57","modified_gmt":"2018-12-05T12:57:57","slug":"river-embarca-para-fase-final-da-copa-do-nordeste-sub-20","status":"publish","type":"post","link":"https:\/\/portalnpm.com\/index.php\/2018\/12\/05\/river-embarca-para-fase-final-da-copa-do-nordeste-sub-20\/","title":{"rendered":"River embarca para fase final da Copa do Nordeste Sub-20"},"content":{"rendered":"<p style=\"text-align: justify;\">Depois da classifica\u00e7\u00e3o sofrida para as semifinais, o River embarcou, na tarde desta ter\u00e7a-feira (4), para Aracaju (SE), onde disputar\u00e1 a fase decisiva da Copa do Nordeste Sub-20.<\/p>\n<p style=\"text-align: justify;\">A delega\u00e7\u00e3o conta com 20 jogadores, mas apenas 18 deles estar\u00e3o aptos a entrarem em campo na quinta-feira (6), \u00e0s 16h, contra o Fortaleza. Expulsos na goleada por 10 a 0 sobre o Moto Club (MA), Kaio e Kary s\u00f3 ser\u00e3o aproveitados caso o Galo decida o t\u00edtulo no s\u00e1bado (8), contra Bahia ou Santa Cruz (PE).<\/p>\n<p style=\"text-align: justify;\"><em>\u2013 Temos as aus\u00eancias importantes de Kaio e Kary, mas preparamos o time com os seus substitutos e o importante agora \u00e9 concentrar e estarmos focados no jogo contra o Fortaleza para que a gente consiga o nosso resultado que \u00e9 a classifica\u00e7\u00e3o para a final \u2013<\/em>disse o t\u00e9cnico Maradona.<\/p>\n<p style=\"text-align: justify;\">Autor de 4 gols naquela partida, o artilheiro Matheus pediu foco ao time na busca por um feito in\u00e9dito. Semifinalista pela segunda vez do torneio, o River agora sonha com a final.<\/p>\n<p style=\"text-align: justify;\"><em>\u2013 A gente confiante por tudo que j\u00e1 passamos na fase de grupos para poder se classificar. Vamos manter o mesmo ritmo de jogo, at\u00e9 com um pouco mais pegado porque a equipe do Fortaleza \u00e9 mais qualificada, mas dentro de campo s\u00e3o 11 contra 11 e vamos jogar para vencer, para chegar \u00e0 final e sair campe\u00e3o<\/em><\/p>\n<p style=\"text-align: justify;\">O River embarcou com\u00a0Vin\u00edcius e\u00a0Clemilson (goleiros); Ruan,\u00a0Cleiltom,\u00a0Pitoco, Mickey,\u00a0Walisson e Ismael\u00a0(defensores); Mineiro,\u00a0Leo Santos,\u00a0Denilson, Glalber, Kaio,\u00a0Kary e\u00a0Vitinho\u00a0(meias); e Juninho, Jo\u00e3o Pedro,\u00a0Matheus, Ant\u00f4nio Carlos e Mathias (atacantes).<\/p>\n<p style=\"text-align: justify;\"><strong>Fonte: Cidade Verde<\/strong><\/p>\n","protected":false},"excerpt":{"rendered":"<p>Depois da classifica\u00e7\u00e3o sofrida para as semifinais, o River embarcou, na tarde desta ter\u00e7a-feira (4), para Aracaju (SE), onde disputar\u00e1 a fase decisiva da Copa do Nordeste Sub-20. A delega\u00e7\u00e3o conta com 20 jogadores, mas apenas 18 deles estar\u00e3o aptos a entrarem em campo na quinta-feira (6), \u00e0s 16h, contra o Fortaleza. Expulsos na goleada &hellip;<\/p>\n","protected":false},"author":3,"featured_media":3225,"comment_status":"open","ping_status":"open","sticky":false,"template":"","format":"standard","meta":{"content-type":"","rop_custom_images_group":[],"rop_custom_messages_group":[],"rop_publish_now":"initial","rop_publish_now_accounts":{"facebook_2648258775420054_1618374048415101":""},"rop_publish_now_history":[],"rop_publish_now_status":"pending","footnotes":"","_jetpack_memberships_contains_paid_content":false},"categories":[113,108],"tags":[1636,1637,1638],"yoast_head":"<!-- This site is optimized with the Yoast SEO plugin v22.3 - https:\/\/yoast.com\/wordpress\/plugins\/seo\/ -->\n<title>River embarca para fase final da Copa do Nordeste Sub-20 - Portal NPM<\/title>\n<meta name=\"robots\" content=\"index, follow, max-snippet:-1, max-image-preview:large, max-video-preview:-1\" \/>\n<link rel=\"canonical\" href=\"https:\/\/portalnpm.com\/index.php\/2018\/12\/05\/river-embarca-para-fase-final-da-copa-do-nordeste-sub-20\/\" \/>\n<meta property=\"og:locale\" content=\"pt_BR\" \/>\n<meta property=\"og:type\" content=\"article\" \/>\n<meta property=\"og:title\" content=\"River embarca para fase final da Copa do Nordeste Sub-20 - Portal NPM\" \/>\n<meta property=\"og:description\" content=\"Depois da classifica\u00e7\u00e3o sofrida para as semifinais, o River embarcou, na tarde desta ter\u00e7a-feira (4), para Aracaju (SE), onde disputar\u00e1 a fase decisiva da Copa do Nordeste Sub-20. A delega\u00e7\u00e3o conta com 20 jogadores, mas apenas 18 deles estar\u00e3o aptos a entrarem em campo na quinta-feira (6), \u00e0s 16h, contra o Fortaleza. Expulsos na goleada &hellip;\" \/>\n<meta property=\"og:url\" content=\"https:\/\/portalnpm.com\/index.php\/2018\/12\/05\/river-embarca-para-fase-final-da-copa-do-nordeste-sub-20\/\" \/>\n<meta property=\"og:site_name\" content=\"Portal NPM\" \/>\n<meta property=\"article:published_time\" content=\"2018-12-05T12:57:57+00:00\" \/>\n<meta name=\"author\" content=\"Luis Alberto\" \/>\n<meta name=\"twitter:card\" content=\"summary_large_image\" \/>\n<meta name=\"twitter:label1\" content=\"Escrito por\" \/>\n\t<meta name=\"twitter:data1\" content=\"Luis Alberto\" \/>\n\t<meta name=\"twitter:label2\" content=\"Est. tempo de leitura\" \/>\n\t<meta name=\"twitter:data2\" content=\"1 minuto\" \/>\n<script type=\"application\/ld+json\" class=\"yoast-schema-graph\">{\"@context\":\"https:\/\/schema.org\",\"@graph\":[{\"@type\":\"WebPage\",\"@id\":\"https:\/\/portalnpm.com\/index.php\/2018\/12\/05\/river-embarca-para-fase-final-da-copa-do-nordeste-sub-20\/\",\"url\":\"https:\/\/portalnpm.com\/index.php\/2018\/12\/05\/river-embarca-para-fase-final-da-copa-do-nordeste-sub-20\/\",\"name\":\"River embarca para fase final da Copa do Nordeste Sub-20 - Portal NPM\",\"isPartOf\":{\"@id\":\"https:\/\/portalnpm.com\/#website\"},\"primaryImageOfPage\":{\"@id\":\"https:\/\/portalnpm.com\/index.php\/2018\/12\/05\/river-embarca-para-fase-final-da-copa-do-nordeste-sub-20\/#primaryimage\"},\"image\":{\"@id\":\"https:\/\/portalnpm.com\/index.php\/2018\/12\/05\/river-embarca-para-fase-final-da-copa-do-nordeste-sub-20\/#primaryimage\"},\"thumbnailUrl\":\"\",\"datePublished\":\"2018-12-05T12:57:57+00:00\",\"dateModified\":\"2018-12-05T12:57:57+00:00\",\"author\":{\"@id\":\"https:\/\/portalnpm.com\/#\/schema\/person\/5c8006acdf71774cd4e7a5ab98482152\"},\"breadcrumb\":{\"@id\":\"https:\/\/portalnpm.com\/index.php\/2018\/12\/05\/river-embarca-para-fase-final-da-copa-do-nordeste-sub-20\/#breadcrumb\"},\"inLanguage\":\"pt-BR\",\"potentialAction\":[{\"@type\":\"ReadAction\",\"target\":[\"https:\/\/portalnpm.com\/index.php\/2018\/12\/05\/river-embarca-para-fase-final-da-copa-do-nordeste-sub-20\/\"]}]},{\"@type\":\"ImageObject\",\"inLanguage\":\"pt-BR\",\"@id\":\"https:\/\/portalnpm.com\/index.php\/2018\/12\/05\/river-embarca-para-fase-final-da-copa-do-nordeste-sub-20\/#primaryimage\",\"url\":\"\",\"contentUrl\":\"\"},{\"@type\":\"BreadcrumbList\",\"@id\":\"https:\/\/portalnpm.com\/index.php\/2018\/12\/05\/river-embarca-para-fase-final-da-copa-do-nordeste-sub-20\/#breadcrumb\",\"itemListElement\":[{\"@type\":\"ListItem\",\"position\":1,\"name\":\"In\u00edcio\",\"item\":\"https:\/\/portalnpm.com\/\"},{\"@type\":\"ListItem\",\"position\":2,\"name\":\"River embarca para fase final da Copa do Nordeste Sub-20\"}]},{\"@type\":\"WebSite\",\"@id\":\"https:\/\/portalnpm.com\/#website\",\"url\":\"https:\/\/portalnpm.com\/\",\"name\":\"Portal NPM\",\"description\":\"Not\u00edcias em Primeira M\u00e3o\",\"potentialAction\":[{\"@type\":\"SearchAction\",\"target\":{\"@type\":\"EntryPoint\",\"urlTemplate\":\"https:\/\/portalnpm.com\/?s={search_term_string}\"},\"query-input\":\"required name=search_term_string\"}],\"inLanguage\":\"pt-BR\"},{\"@type\":\"Person\",\"@id\":\"https:\/\/portalnpm.com\/#\/schema\/person\/5c8006acdf71774cd4e7a5ab98482152\",\"name\":\"Luis Alberto\",\"image\":{\"@type\":\"ImageObject\",\"inLanguage\":\"pt-BR\",\"@id\":\"https:\/\/portalnpm.com\/#\/schema\/person\/image\/\",\"url\":\"https:\/\/portalnpm.com\/wp-content\/uploads\/2024\/12\/avatar_user_3_1734699769-96x96.jpeg\",\"contentUrl\":\"https:\/\/portalnpm.com\/wp-content\/uploads\/2024\/12\/avatar_user_3_1734699769-96x96.jpeg\",\"caption\":\"Luis Alberto\"},\"description\":\"Editor-geral do Portal NPM, \u00e9 formado como T\u00e9cnico em Seguran\u00e7a do Trabalho pela Escola Metropolitana de Cursos T\u00e9cnicos. Det\u00e9m ainda licenciatura em Educa\u00e7\u00e3o F\u00edsica e bacharelado em Ci\u00eancias Pol\u00edticas, ambos obtidos pela institui\u00e7\u00e3o Anhanguera\/UNOPAR.\",\"url\":\"https:\/\/portalnpm.com\/index.php\/author\/pereira\/\"}]}<\/script>\n<!-- \/ Yoast SEO plugin. -->","yoast_head_json":{"title":"River embarca para fase final da Copa do Nordeste Sub-20 - Portal NPM","robots":{"index":"index","follow":"follow","max-snippet":"max-snippet:-1","max-image-preview":"max-image-preview:large","max-video-preview":"max-video-preview:-1"},"canonical":"https:\/\/portalnpm.com\/index.php\/2018\/12\/05\/river-embarca-para-fase-final-da-copa-do-nordeste-sub-20\/","og_locale":"pt_BR","og_type":"article","og_title":"River embarca para fase final da Copa do Nordeste Sub-20 - Portal NPM","og_description":"Depois da classifica\u00e7\u00e3o sofrida para as semifinais, o River embarcou, na tarde desta ter\u00e7a-feira (4), para Aracaju (SE), onde disputar\u00e1 a fase decisiva da Copa do Nordeste Sub-20. A delega\u00e7\u00e3o conta com 20 jogadores, mas apenas 18 deles estar\u00e3o aptos a entrarem em campo na quinta-feira (6), \u00e0s 16h, contra o Fortaleza. Expulsos na goleada &hellip;","og_url":"https:\/\/portalnpm.com\/index.php\/2018\/12\/05\/river-embarca-para-fase-final-da-copa-do-nordeste-sub-20\/","og_site_name":"Portal NPM","article_published_time":"2018-12-05T12:57:57+00:00","author":"Luis Alberto","twitter_card":"summary_large_image","twitter_misc":{"Escrito por":"Luis Alberto","Est. tempo de leitura":"1 minuto"},"schema":{"@context":"https:\/\/schema.org","@graph":[{"@type":"WebPage","@id":"https:\/\/portalnpm.com\/index.php\/2018\/12\/05\/river-embarca-para-fase-final-da-copa-do-nordeste-sub-20\/","url":"https:\/\/portalnpm.com\/index.php\/2018\/12\/05\/river-embarca-para-fase-final-da-copa-do-nordeste-sub-20\/","name":"River embarca para fase final da Copa do Nordeste Sub-20 - Portal NPM","isPartOf":{"@id":"https:\/\/portalnpm.com\/#website"},"primaryImageOfPage":{"@id":"https:\/\/portalnpm.com\/index.php\/2018\/12\/05\/river-embarca-para-fase-final-da-copa-do-nordeste-sub-20\/#primaryimage"},"image":{"@id":"https:\/\/portalnpm.com\/index.php\/2018\/12\/05\/river-embarca-para-fase-final-da-copa-do-nordeste-sub-20\/#primaryimage"},"thumbnailUrl":"","datePublished":"2018-12-05T12:57:57+00:00","dateModified":"2018-12-05T12:57:57+00:00","author":{"@id":"https:\/\/portalnpm.com\/#\/schema\/person\/5c8006acdf71774cd4e7a5ab98482152"},"breadcrumb":{"@id":"https:\/\/portalnpm.com\/index.php\/2018\/12\/05\/river-embarca-para-fase-final-da-copa-do-nordeste-sub-20\/#breadcrumb"},"inLanguage":"pt-BR","potentialAction":[{"@type":"ReadAction","target":["https:\/\/portalnpm.com\/index.php\/2018\/12\/05\/river-embarca-para-fase-final-da-copa-do-nordeste-sub-20\/"]}]},{"@type":"ImageObject","inLanguage":"pt-BR","@id":"https:\/\/portalnpm.com\/index.php\/2018\/12\/05\/river-embarca-para-fase-final-da-copa-do-nordeste-sub-20\/#primaryimage","url":"","contentUrl":""},{"@type":"BreadcrumbList","@id":"https:\/\/portalnpm.com\/index.php\/2018\/12\/05\/river-embarca-para-fase-final-da-copa-do-nordeste-sub-20\/#breadcrumb","itemListElement":[{"@type":"ListItem","position":1,"name":"In\u00edcio","item":"https:\/\/portalnpm.com\/"},{"@type":"ListItem","position":2,"name":"River embarca para fase final da Copa do Nordeste Sub-20"}]},{"@type":"WebSite","@id":"https:\/\/portalnpm.com\/#website","url":"https:\/\/portalnpm.com\/","name":"Portal NPM","description":"Not\u00edcias em Primeira M\u00e3o","potentialAction":[{"@type":"SearchAction","target":{"@type":"EntryPoint","urlTemplate":"https:\/\/portalnpm.com\/?s={search_term_string}"},"query-input":"required name=search_term_string"}],"inLanguage":"pt-BR"},{"@type":"Person","@id":"https:\/\/portalnpm.com\/#\/schema\/person\/5c8006acdf71774cd4e7a5ab98482152","name":"Luis Alberto","image":{"@type":"ImageObject","inLanguage":"pt-BR","@id":"https:\/\/portalnpm.com\/#\/schema\/person\/image\/","url":"https:\/\/portalnpm.com\/wp-content\/uploads\/2024\/12\/avatar_user_3_1734699769-96x96.jpeg","contentUrl":"https:\/\/portalnpm.com\/wp-content\/uploads\/2024\/12\/avatar_user_3_1734699769-96x96.jpeg","caption":"Luis Alberto"},"description":"Editor-geral do Portal NPM, \u00e9 formado como T\u00e9cnico em Seguran\u00e7a do Trabalho pela Escola Metropolitana de Cursos T\u00e9cnicos. Det\u00e9m ainda licenciatura em Educa\u00e7\u00e3o F\u00edsica e bacharelado em Ci\u00eancias Pol\u00edticas, ambos obtidos pela institui\u00e7\u00e3o Anhanguera\/UNOPAR.","url":"https:\/\/portalnpm.com\/index.php\/author\/pereira\/"}]}},"jetpack_sharing_enabled":true,"jetpack_featured_media_url":"","_links":{"self":[{"href":"https:\/\/portalnpm.com\/index.php\/wp-json\/wp\/v2\/posts\/3224"}],"collection":[{"href":"https:\/\/portalnpm.com\/index.php\/wp-json\/wp\/v2\/posts"}],"about":[{"href":"https:\/\/portalnpm.com\/index.php\/wp-json\/wp\/v2\/types\/post"}],"author":[{"embeddable":true,"href":"https:\/\/portalnpm.com\/index.php\/wp-json\/wp\/v2\/users\/3"}],"replies":[{"embeddable":true,"href":"https:\/\/portalnpm.com\/index.php\/wp-json\/wp\/v2\/comments?post=3224"}],"version-history":[{"count":0,"href":"https:\/\/portalnpm.com\/index.php\/wp-json\/wp\/v2\/posts\/3224\/revisions"}],"wp:featuredmedia":[{"embeddable":true,"href":"https:\/\/portalnpm.com\/index.php\/wp-json\/"}],"wp:attachment":[{"href":"https:\/\/portalnpm.com\/index.php\/wp-json\/wp\/v2\/media?parent=3224"}],"wp:term":[{"taxonomy":"category","embeddable":true,"href":"https:\/\/portalnpm.com\/index.php\/wp-json\/wp\/v2\/categories?post=3224"},{"taxonomy":"post_tag","embeddable":true,"href":"https:\/\/portalnpm.com\/index.php\/wp-json\/wp\/v2\/tags?post=3224"}],"curies":[{"name":"wp","href":"https:\/\/api.w.org\/{rel}","templated":true}]}}