{"id":3261,"date":"2018-12-07T14:15:27","date_gmt":"2018-12-07T16:15:27","guid":{"rendered":"http:\/\/srv.portalnpm.com.br\/?p=3261"},"modified":"2018-12-07T14:15:27","modified_gmt":"2018-12-07T16:15:27","slug":"e-impensavel-diz-marcelo-sobre-o-governador-defender-nome-na-alepi","status":"publish","type":"post","link":"https:\/\/portalnpm.com\/index.php\/2018\/12\/07\/e-impensavel-diz-marcelo-sobre-o-governador-defender-nome-na-alepi\/","title":{"rendered":"&#8220;\u00c9 impens\u00e1vel&#8221;, diz Marcelo sobre o governador defender nome na Alepi"},"content":{"rendered":"<p style=\"text-align: justify;\">O presidente do MDB, deputado Marcelo Castro,\u00a0 defendeu que o governador se mantenha neutro na disputa pela presid\u00eancia da Assembleia. Na pr\u00f3xima semana, eles dever\u00e3o se reunir e discutir o assunto.<\/p>\n<p style=\"text-align: justify;\">Marcelo afirma que o consenso vai impedir disputas na base. Ele defende o entendimento amplo na base.<\/p>\n<p style=\"text-align: justify;\">&#8220;Esta dependendo do governador. Ainda n\u00e3o tratei sobre isso com o governador. Queremos que o governador se coloque de maneira neutra.<br \/>\nSe o governador interferir que seja por um grande entendimento.\u00a0Se estivesse no lugar dele, eu gostaria que ocorresse uma concilia\u00e7\u00e3o, um entendimento amplo entre todas as for\u00e7as pol\u00edticas que apoiaram o governador. Se tiver disputa haver\u00e1 disputas e queixas&#8221;, disse.<\/p>\n<p style=\"text-align: justify;\">Segundo Castro, sem consenso, os aliados v\u00e3o se dividir no voto.<\/p>\n<p style=\"text-align: justify;\">&#8220;Se n\u00e3o tiver jeito a maneira de resolver \u00e9 no voto. Em benef\u00edcio do conjunto, da governabilidade e de maior benef\u00edcio para o governador para termos um amplo entendimento entre todas as for\u00e7as que estiveram juntas na elei\u00e7\u00e3o&#8221;, afirmou.<\/p>\n<p style=\"text-align: justify;\">Marcelo disse ser impens\u00e1vel o governador defender um nome. &#8220;N\u00e3o levei isso ao governador. Mas acho que ele nunca vai dizer que \u00e9\u00a0 a favor de um e contra outro porque s\u00e3o partidos da sua base, que apoiaram a sua reelei\u00e7\u00e3o. \u00c9 impens\u00e1vel ele fazer uma coisa dessas&#8221;, afirmou.<\/p>\n<p style=\"text-align: justify;\">Sobre a reforma administrativa, Marcelo diz que o MDB espera uma defini\u00e7\u00e3o do governador.<\/p>\n<p style=\"text-align: justify;\">&#8220;Tudo vai depender do governador. \u00c9 ele que sabe as necessidades e est\u00e1 com a bola. Ele que sabe as necessidades. Reunimos o MDB e declaramos apoio. Essas medidas s\u00e3o necess\u00e1rias para a economia necess\u00e1ria&#8221;, destacou.<\/p>\n<p style=\"text-align: justify;\"><strong>Fonte: Cidade Verde<\/strong><\/p>\n","protected":false},"excerpt":{"rendered":"<p>O presidente do MDB, deputado Marcelo Castro,\u00a0 defendeu que o governador se mantenha neutro na disputa pela presid\u00eancia da Assembleia. Na pr\u00f3xima semana, eles dever\u00e3o se reunir e discutir o assunto. Marcelo afirma que o consenso vai impedir disputas na base. Ele defende o entendimento amplo na base. &#8220;Esta dependendo do governador. Ainda n\u00e3o tratei &hellip;<\/p>\n","protected":false},"author":4,"featured_media":3262,"comment_status":"open","ping_status":"open","sticky":false,"template":"","format":"standard","meta":{"content-type":"","rop_custom_images_group":[],"rop_custom_messages_group":[],"rop_publish_now":"initial","rop_publish_now_accounts":{"facebook_2648258775420054_1618374048415101":""},"rop_publish_now_history":[],"rop_publish_now_status":"pending","footnotes":"","_jetpack_memberships_contains_paid_content":false},"categories":[113,130],"tags":[1057,402,423],"yoast_head":"<!-- This site is optimized with the Yoast SEO plugin v22.3 - https:\/\/yoast.com\/wordpress\/plugins\/seo\/ -->\n<title>&quot;\u00c9 impens\u00e1vel&quot;, diz Marcelo sobre o governador defender nome na Alepi - Portal NPM<\/title>\n<meta name=\"robots\" content=\"index, follow, max-snippet:-1, max-image-preview:large, max-video-preview:-1\" \/>\n<link rel=\"canonical\" href=\"https:\/\/portalnpm.com\/index.php\/2018\/12\/07\/e-impensavel-diz-marcelo-sobre-o-governador-defender-nome-na-alepi\/\" \/>\n<meta property=\"og:locale\" content=\"pt_BR\" \/>\n<meta property=\"og:type\" content=\"article\" \/>\n<meta property=\"og:title\" content=\"&quot;\u00c9 impens\u00e1vel&quot;, diz Marcelo sobre o governador defender nome na Alepi - Portal NPM\" \/>\n<meta property=\"og:description\" content=\"O presidente do MDB, deputado Marcelo Castro,\u00a0 defendeu que o governador se mantenha neutro na disputa pela presid\u00eancia da Assembleia. Na pr\u00f3xima semana, eles dever\u00e3o se reunir e discutir o assunto. Marcelo afirma que o consenso vai impedir disputas na base. Ele defende o entendimento amplo na base. &#8220;Esta dependendo do governador. Ainda n\u00e3o tratei &hellip;\" \/>\n<meta property=\"og:url\" content=\"https:\/\/portalnpm.com\/index.php\/2018\/12\/07\/e-impensavel-diz-marcelo-sobre-o-governador-defender-nome-na-alepi\/\" \/>\n<meta property=\"og:site_name\" content=\"Portal NPM\" \/>\n<meta property=\"article:published_time\" content=\"2018-12-07T16:15:27+00:00\" \/>\n<meta name=\"author\" content=\"Reda\u00e7\u00e3o\" \/>\n<meta name=\"twitter:card\" content=\"summary_large_image\" \/>\n<meta name=\"twitter:label1\" content=\"Escrito por\" \/>\n\t<meta name=\"twitter:data1\" content=\"Reda\u00e7\u00e3o\" \/>\n\t<meta name=\"twitter:label2\" content=\"Est. tempo de leitura\" \/>\n\t<meta name=\"twitter:data2\" content=\"1 minuto\" \/>\n<script type=\"application\/ld+json\" class=\"yoast-schema-graph\">{\"@context\":\"https:\/\/schema.org\",\"@graph\":[{\"@type\":\"WebPage\",\"@id\":\"https:\/\/portalnpm.com\/index.php\/2018\/12\/07\/e-impensavel-diz-marcelo-sobre-o-governador-defender-nome-na-alepi\/\",\"url\":\"https:\/\/portalnpm.com\/index.php\/2018\/12\/07\/e-impensavel-diz-marcelo-sobre-o-governador-defender-nome-na-alepi\/\",\"name\":\"\\\"\u00c9 impens\u00e1vel\\\", diz Marcelo sobre o governador defender nome na Alepi - Portal NPM\",\"isPartOf\":{\"@id\":\"https:\/\/portalnpm.com\/#website\"},\"primaryImageOfPage\":{\"@id\":\"https:\/\/portalnpm.com\/index.php\/2018\/12\/07\/e-impensavel-diz-marcelo-sobre-o-governador-defender-nome-na-alepi\/#primaryimage\"},\"image\":{\"@id\":\"https:\/\/portalnpm.com\/index.php\/2018\/12\/07\/e-impensavel-diz-marcelo-sobre-o-governador-defender-nome-na-alepi\/#primaryimage\"},\"thumbnailUrl\":\"\",\"datePublished\":\"2018-12-07T16:15:27+00:00\",\"dateModified\":\"2018-12-07T16:15:27+00:00\",\"author\":{\"@id\":\"https:\/\/portalnpm.com\/#\/schema\/person\/0b5f230ec96cee25504fa328e7f2b733\"},\"breadcrumb\":{\"@id\":\"https:\/\/portalnpm.com\/index.php\/2018\/12\/07\/e-impensavel-diz-marcelo-sobre-o-governador-defender-nome-na-alepi\/#breadcrumb\"},\"inLanguage\":\"pt-BR\",\"potentialAction\":[{\"@type\":\"ReadAction\",\"target\":[\"https:\/\/portalnpm.com\/index.php\/2018\/12\/07\/e-impensavel-diz-marcelo-sobre-o-governador-defender-nome-na-alepi\/\"]}]},{\"@type\":\"ImageObject\",\"inLanguage\":\"pt-BR\",\"@id\":\"https:\/\/portalnpm.com\/index.php\/2018\/12\/07\/e-impensavel-diz-marcelo-sobre-o-governador-defender-nome-na-alepi\/#primaryimage\",\"url\":\"\",\"contentUrl\":\"\"},{\"@type\":\"BreadcrumbList\",\"@id\":\"https:\/\/portalnpm.com\/index.php\/2018\/12\/07\/e-impensavel-diz-marcelo-sobre-o-governador-defender-nome-na-alepi\/#breadcrumb\",\"itemListElement\":[{\"@type\":\"ListItem\",\"position\":1,\"name\":\"In\u00edcio\",\"item\":\"https:\/\/portalnpm.com\/\"},{\"@type\":\"ListItem\",\"position\":2,\"name\":\"&#8220;\u00c9 impens\u00e1vel&#8221;, diz Marcelo sobre o governador defender nome na Alepi\"}]},{\"@type\":\"WebSite\",\"@id\":\"https:\/\/portalnpm.com\/#website\",\"url\":\"https:\/\/portalnpm.com\/\",\"name\":\"Portal NPM\",\"description\":\"Not\u00edcias em Primeira M\u00e3o\",\"potentialAction\":[{\"@type\":\"SearchAction\",\"target\":{\"@type\":\"EntryPoint\",\"urlTemplate\":\"https:\/\/portalnpm.com\/?s={search_term_string}\"},\"query-input\":\"required name=search_term_string\"}],\"inLanguage\":\"pt-BR\"},{\"@type\":\"Person\",\"@id\":\"https:\/\/portalnpm.com\/#\/schema\/person\/0b5f230ec96cee25504fa328e7f2b733\",\"name\":\"Reda\u00e7\u00e3o\",\"image\":{\"@type\":\"ImageObject\",\"inLanguage\":\"pt-BR\",\"@id\":\"https:\/\/portalnpm.com\/#\/schema\/person\/image\/\",\"url\":\"https:\/\/portalnpm.com\/wp-content\/uploads\/2024\/03\/avatar_user_4_1710097212-96x96.png\",\"contentUrl\":\"https:\/\/portalnpm.com\/wp-content\/uploads\/2024\/03\/avatar_user_4_1710097212-96x96.png\",\"caption\":\"Reda\u00e7\u00e3o\"},\"url\":\"https:\/\/portalnpm.com\/index.php\/author\/redacao\/\"}]}<\/script>\n<!-- \/ Yoast SEO plugin. -->","yoast_head_json":{"title":"\"\u00c9 impens\u00e1vel\", diz Marcelo sobre o governador defender nome na Alepi - Portal NPM","robots":{"index":"index","follow":"follow","max-snippet":"max-snippet:-1","max-image-preview":"max-image-preview:large","max-video-preview":"max-video-preview:-1"},"canonical":"https:\/\/portalnpm.com\/index.php\/2018\/12\/07\/e-impensavel-diz-marcelo-sobre-o-governador-defender-nome-na-alepi\/","og_locale":"pt_BR","og_type":"article","og_title":"\"\u00c9 impens\u00e1vel\", diz Marcelo sobre o governador defender nome na Alepi - Portal NPM","og_description":"O presidente do MDB, deputado Marcelo Castro,\u00a0 defendeu que o governador se mantenha neutro na disputa pela presid\u00eancia da Assembleia. Na pr\u00f3xima semana, eles dever\u00e3o se reunir e discutir o assunto. Marcelo afirma que o consenso vai impedir disputas na base. Ele defende o entendimento amplo na base. &#8220;Esta dependendo do governador. Ainda n\u00e3o tratei &hellip;","og_url":"https:\/\/portalnpm.com\/index.php\/2018\/12\/07\/e-impensavel-diz-marcelo-sobre-o-governador-defender-nome-na-alepi\/","og_site_name":"Portal NPM","article_published_time":"2018-12-07T16:15:27+00:00","author":"Reda\u00e7\u00e3o","twitter_card":"summary_large_image","twitter_misc":{"Escrito por":"Reda\u00e7\u00e3o","Est. tempo de leitura":"1 minuto"},"schema":{"@context":"https:\/\/schema.org","@graph":[{"@type":"WebPage","@id":"https:\/\/portalnpm.com\/index.php\/2018\/12\/07\/e-impensavel-diz-marcelo-sobre-o-governador-defender-nome-na-alepi\/","url":"https:\/\/portalnpm.com\/index.php\/2018\/12\/07\/e-impensavel-diz-marcelo-sobre-o-governador-defender-nome-na-alepi\/","name":"\"\u00c9 impens\u00e1vel\", diz Marcelo sobre o governador defender nome na Alepi - Portal NPM","isPartOf":{"@id":"https:\/\/portalnpm.com\/#website"},"primaryImageOfPage":{"@id":"https:\/\/portalnpm.com\/index.php\/2018\/12\/07\/e-impensavel-diz-marcelo-sobre-o-governador-defender-nome-na-alepi\/#primaryimage"},"image":{"@id":"https:\/\/portalnpm.com\/index.php\/2018\/12\/07\/e-impensavel-diz-marcelo-sobre-o-governador-defender-nome-na-alepi\/#primaryimage"},"thumbnailUrl":"","datePublished":"2018-12-07T16:15:27+00:00","dateModified":"2018-12-07T16:15:27+00:00","author":{"@id":"https:\/\/portalnpm.com\/#\/schema\/person\/0b5f230ec96cee25504fa328e7f2b733"},"breadcrumb":{"@id":"https:\/\/portalnpm.com\/index.php\/2018\/12\/07\/e-impensavel-diz-marcelo-sobre-o-governador-defender-nome-na-alepi\/#breadcrumb"},"inLanguage":"pt-BR","potentialAction":[{"@type":"ReadAction","target":["https:\/\/portalnpm.com\/index.php\/2018\/12\/07\/e-impensavel-diz-marcelo-sobre-o-governador-defender-nome-na-alepi\/"]}]},{"@type":"ImageObject","inLanguage":"pt-BR","@id":"https:\/\/portalnpm.com\/index.php\/2018\/12\/07\/e-impensavel-diz-marcelo-sobre-o-governador-defender-nome-na-alepi\/#primaryimage","url":"","contentUrl":""},{"@type":"BreadcrumbList","@id":"https:\/\/portalnpm.com\/index.php\/2018\/12\/07\/e-impensavel-diz-marcelo-sobre-o-governador-defender-nome-na-alepi\/#breadcrumb","itemListElement":[{"@type":"ListItem","position":1,"name":"In\u00edcio","item":"https:\/\/portalnpm.com\/"},{"@type":"ListItem","position":2,"name":"&#8220;\u00c9 impens\u00e1vel&#8221;, diz Marcelo sobre o governador defender nome na Alepi"}]},{"@type":"WebSite","@id":"https:\/\/portalnpm.com\/#website","url":"https:\/\/portalnpm.com\/","name":"Portal NPM","description":"Not\u00edcias em Primeira M\u00e3o","potentialAction":[{"@type":"SearchAction","target":{"@type":"EntryPoint","urlTemplate":"https:\/\/portalnpm.com\/?s={search_term_string}"},"query-input":"required name=search_term_string"}],"inLanguage":"pt-BR"},{"@type":"Person","@id":"https:\/\/portalnpm.com\/#\/schema\/person\/0b5f230ec96cee25504fa328e7f2b733","name":"Reda\u00e7\u00e3o","image":{"@type":"ImageObject","inLanguage":"pt-BR","@id":"https:\/\/portalnpm.com\/#\/schema\/person\/image\/","url":"https:\/\/portalnpm.com\/wp-content\/uploads\/2024\/03\/avatar_user_4_1710097212-96x96.png","contentUrl":"https:\/\/portalnpm.com\/wp-content\/uploads\/2024\/03\/avatar_user_4_1710097212-96x96.png","caption":"Reda\u00e7\u00e3o"},"url":"https:\/\/portalnpm.com\/index.php\/author\/redacao\/"}]}},"jetpack_sharing_enabled":true,"jetpack_featured_media_url":"","_links":{"self":[{"href":"https:\/\/portalnpm.com\/index.php\/wp-json\/wp\/v2\/posts\/3261"}],"collection":[{"href":"https:\/\/portalnpm.com\/index.php\/wp-json\/wp\/v2\/posts"}],"about":[{"href":"https:\/\/portalnpm.com\/index.php\/wp-json\/wp\/v2\/types\/post"}],"author":[{"embeddable":true,"href":"https:\/\/portalnpm.com\/index.php\/wp-json\/wp\/v2\/users\/4"}],"replies":[{"embeddable":true,"href":"https:\/\/portalnpm.com\/index.php\/wp-json\/wp\/v2\/comments?post=3261"}],"version-history":[{"count":0,"href":"https:\/\/portalnpm.com\/index.php\/wp-json\/wp\/v2\/posts\/3261\/revisions"}],"wp:featuredmedia":[{"embeddable":true,"href":"https:\/\/portalnpm.com\/index.php\/wp-json\/"}],"wp:attachment":[{"href":"https:\/\/portalnpm.com\/index.php\/wp-json\/wp\/v2\/media?parent=3261"}],"wp:term":[{"taxonomy":"category","embeddable":true,"href":"https:\/\/portalnpm.com\/index.php\/wp-json\/wp\/v2\/categories?post=3261"},{"taxonomy":"post_tag","embeddable":true,"href":"https:\/\/portalnpm.com\/index.php\/wp-json\/wp\/v2\/tags?post=3261"}],"curies":[{"name":"wp","href":"https:\/\/api.w.org\/{rel}","templated":true}]}}