{"id":3264,"date":"2018-12-07T14:24:31","date_gmt":"2018-12-07T16:24:31","guid":{"rendered":"http:\/\/srv.portalnpm.com.br\/?p=3264"},"modified":"2018-12-07T14:24:31","modified_gmt":"2018-12-07T16:24:31","slug":"senadora-antecipa-renuncia-e-quer-aprovar-oeiras-como-capital-dos-bandolins","status":"publish","type":"post","link":"https:\/\/portalnpm.com\/index.php\/2018\/12\/07\/senadora-antecipa-renuncia-e-quer-aprovar-oeiras-como-capital-dos-bandolins\/","title":{"rendered":"Senadora antecipa ren\u00fancia e quer aprovar Oeiras como &#8220;Capital dos Bandolins&#8221;"},"content":{"rendered":"<p style=\"text-align: justify;\">A senadora Regina Sousa (PT-PI) antecipou a ren\u00fancia que deveria ocorrer no dia 31 para a pr\u00f3xima sexta-feira (14). Em entrevista ao Not\u00edcia da Manh\u00e3, a piauiense explicou que a sa\u00edda antes do prazo se deve a um tratamento odontol\u00f3gico. Antes de deixar a Casa, ela ainda pretende votar projetos, inclusive, o que confere a Oeiras o t\u00edtulo de &#8220;Capital dos Bandolins&#8221;.<\/p>\n<p style=\"text-align: justify;\">&#8220;Renunciaria dia 31, mas estou passando por um tratamento bucal, que n\u00e3o \u00e9 est\u00e9tico, mas uma necessidade. Vou sair dia 14&#8221;, disse a senadora.<\/p>\n<p style=\"text-align: justify;\">Regina Sousa, que presidiu a Comiss\u00e3o de Direitos Humanos (CDH) no Senado, tamb\u00e9m fez um retrospecto de seu mandato como senadora. A uma semana de se despedir do Senado para assumir o cargo de vice-governadora do Piau\u00ed em 2019, ela diz que ainda d\u00e1 tempo de votar em Bras\u00edlia projetos importantes em benef\u00edcio dos estados. Al\u00e9m desses, a senadora cita o projeto que torna Oeiras, no interior do estado, como a &#8220;Capital dos Bandolins&#8221;.<\/p>\n<p style=\"text-align: justify;\">A senadora tamb\u00e9m comentou sobre a atua\u00e7\u00e3o do Partido dos Trabalhadores no governo Bolsonaro. Ela frisa que o PT continuar\u00e1 na oposi\u00e7\u00e3o e &#8220;far\u00e1 barulho&#8221;.<\/p>\n<p style=\"text-align: justify;\">&#8220;N\u00e3o tem oposi\u00e7\u00e3o pela oposi\u00e7\u00e3o. Mas \u00e9 claro que o PT \u00e9 oposi\u00e7\u00e3o, n\u00e3o tem identidade de projeto com o governo Bolsonaro. Vamos ter uma bancada de no m\u00e1ximo 150 deputados e vamos fazer barulho&#8221;,\u00a0 finaliza Regina Sousa.<\/p>\n<p style=\"text-align: justify;\">&#8220;N\u00e3o tem oposi\u00e7\u00e3o pela oposi\u00e7\u00e3o. Mas \u00e9 claro que o PT \u00e9 oposi\u00e7\u00e3o, n\u00e3o tem identidade de projeto com o governo Bolsonaro. Vamos ter uma bancada de no m\u00e1ximo 150 deputados e vamos fazer barulho&#8221;,\u00a0 finaliza Regina Sousa.<\/p>\n<p style=\"text-align: justify;\">&#8220;N\u00e3o tem oposi\u00e7\u00e3o pela oposi\u00e7\u00e3o. Mas \u00e9 claro que o PT \u00e9 oposi\u00e7\u00e3o, n\u00e3o tem identidade de projeto com o governo Bolsonaro. Vamos ter uma bancada de no m\u00e1ximo 150 deputados e vamos fazer barulho&#8221;,\u00a0 finaliza Regina Sousa.<\/p>\n<p style=\"text-align: justify;\">&#8220;N\u00e3o tem oposi\u00e7\u00e3o pela oposi\u00e7\u00e3o. Mas \u00e9 claro que o PT \u00e9 oposi\u00e7\u00e3o, n\u00e3o tem identidade de projeto com o governo Bolsonaro. Vamos ter uma bancada de no m\u00e1ximo 150 deputados e vamos fazer barulho&#8221;,\u00a0 finaliza Regina Sousa.<\/p>\n<p style=\"text-align: justify;\"><strong>Fonte: Cidade Verde<\/strong><\/p>\n<p style=\"text-align: justify;\">\n","protected":false},"excerpt":{"rendered":"<p>A senadora Regina Sousa (PT-PI) antecipou a ren\u00fancia que deveria ocorrer no dia 31 para a pr\u00f3xima sexta-feira (14). Em entrevista ao Not\u00edcia da Manh\u00e3, a piauiense explicou que a sa\u00edda antes do prazo se deve a um tratamento odontol\u00f3gico. Antes de deixar a Casa, ela ainda pretende votar projetos, inclusive, o que confere a &hellip;<\/p>\n","protected":false},"author":4,"featured_media":3265,"comment_status":"open","ping_status":"open","sticky":false,"template":"","format":"standard","meta":{"content-type":"","rop_custom_images_group":[],"rop_custom_messages_group":[],"rop_publish_now":"initial","rop_publish_now_accounts":{"facebook_2648258775420054_1618374048415101":""},"rop_publish_now_history":[],"rop_publish_now_status":"pending","footnotes":"","_jetpack_memberships_contains_paid_content":false},"categories":[113,125],"tags":[1664,1665,1666,1667],"yoast_head":"<!-- This site is optimized with the Yoast SEO plugin v22.3 - https:\/\/yoast.com\/wordpress\/plugins\/seo\/ -->\n<title>Senadora antecipa ren\u00fancia e quer aprovar Oeiras como &quot;Capital dos Bandolins&quot; - Portal NPM<\/title>\n<meta name=\"robots\" content=\"index, follow, max-snippet:-1, max-image-preview:large, max-video-preview:-1\" \/>\n<link rel=\"canonical\" href=\"https:\/\/portalnpm.com\/index.php\/2018\/12\/07\/senadora-antecipa-renuncia-e-quer-aprovar-oeiras-como-capital-dos-bandolins\/\" \/>\n<meta property=\"og:locale\" content=\"pt_BR\" \/>\n<meta property=\"og:type\" content=\"article\" \/>\n<meta property=\"og:title\" content=\"Senadora antecipa ren\u00fancia e quer aprovar Oeiras como &quot;Capital dos Bandolins&quot; - Portal NPM\" \/>\n<meta property=\"og:description\" content=\"A senadora Regina Sousa (PT-PI) antecipou a ren\u00fancia que deveria ocorrer no dia 31 para a pr\u00f3xima sexta-feira (14). Em entrevista ao Not\u00edcia da Manh\u00e3, a piauiense explicou que a sa\u00edda antes do prazo se deve a um tratamento odontol\u00f3gico. Antes de deixar a Casa, ela ainda pretende votar projetos, inclusive, o que confere a &hellip;\" \/>\n<meta property=\"og:url\" content=\"https:\/\/portalnpm.com\/index.php\/2018\/12\/07\/senadora-antecipa-renuncia-e-quer-aprovar-oeiras-como-capital-dos-bandolins\/\" \/>\n<meta property=\"og:site_name\" content=\"Portal NPM\" \/>\n<meta property=\"article:published_time\" content=\"2018-12-07T16:24:31+00:00\" \/>\n<meta name=\"author\" content=\"Reda\u00e7\u00e3o\" \/>\n<meta name=\"twitter:card\" content=\"summary_large_image\" \/>\n<meta name=\"twitter:label1\" content=\"Escrito por\" \/>\n\t<meta name=\"twitter:data1\" content=\"Reda\u00e7\u00e3o\" \/>\n\t<meta name=\"twitter:label2\" content=\"Est. tempo de leitura\" \/>\n\t<meta name=\"twitter:data2\" content=\"2 minutos\" \/>\n<script type=\"application\/ld+json\" class=\"yoast-schema-graph\">{\"@context\":\"https:\/\/schema.org\",\"@graph\":[{\"@type\":\"WebPage\",\"@id\":\"https:\/\/portalnpm.com\/index.php\/2018\/12\/07\/senadora-antecipa-renuncia-e-quer-aprovar-oeiras-como-capital-dos-bandolins\/\",\"url\":\"https:\/\/portalnpm.com\/index.php\/2018\/12\/07\/senadora-antecipa-renuncia-e-quer-aprovar-oeiras-como-capital-dos-bandolins\/\",\"name\":\"Senadora antecipa ren\u00fancia e quer aprovar Oeiras como \\\"Capital dos Bandolins\\\" - Portal NPM\",\"isPartOf\":{\"@id\":\"https:\/\/portalnpm.com\/#website\"},\"primaryImageOfPage\":{\"@id\":\"https:\/\/portalnpm.com\/index.php\/2018\/12\/07\/senadora-antecipa-renuncia-e-quer-aprovar-oeiras-como-capital-dos-bandolins\/#primaryimage\"},\"image\":{\"@id\":\"https:\/\/portalnpm.com\/index.php\/2018\/12\/07\/senadora-antecipa-renuncia-e-quer-aprovar-oeiras-como-capital-dos-bandolins\/#primaryimage\"},\"thumbnailUrl\":\"\",\"datePublished\":\"2018-12-07T16:24:31+00:00\",\"dateModified\":\"2018-12-07T16:24:31+00:00\",\"author\":{\"@id\":\"https:\/\/portalnpm.com\/#\/schema\/person\/0b5f230ec96cee25504fa328e7f2b733\"},\"breadcrumb\":{\"@id\":\"https:\/\/portalnpm.com\/index.php\/2018\/12\/07\/senadora-antecipa-renuncia-e-quer-aprovar-oeiras-como-capital-dos-bandolins\/#breadcrumb\"},\"inLanguage\":\"pt-BR\",\"potentialAction\":[{\"@type\":\"ReadAction\",\"target\":[\"https:\/\/portalnpm.com\/index.php\/2018\/12\/07\/senadora-antecipa-renuncia-e-quer-aprovar-oeiras-como-capital-dos-bandolins\/\"]}]},{\"@type\":\"ImageObject\",\"inLanguage\":\"pt-BR\",\"@id\":\"https:\/\/portalnpm.com\/index.php\/2018\/12\/07\/senadora-antecipa-renuncia-e-quer-aprovar-oeiras-como-capital-dos-bandolins\/#primaryimage\",\"url\":\"\",\"contentUrl\":\"\"},{\"@type\":\"BreadcrumbList\",\"@id\":\"https:\/\/portalnpm.com\/index.php\/2018\/12\/07\/senadora-antecipa-renuncia-e-quer-aprovar-oeiras-como-capital-dos-bandolins\/#breadcrumb\",\"itemListElement\":[{\"@type\":\"ListItem\",\"position\":1,\"name\":\"In\u00edcio\",\"item\":\"https:\/\/portalnpm.com\/\"},{\"@type\":\"ListItem\",\"position\":2,\"name\":\"Senadora antecipa ren\u00fancia e quer aprovar Oeiras como &#8220;Capital dos Bandolins&#8221;\"}]},{\"@type\":\"WebSite\",\"@id\":\"https:\/\/portalnpm.com\/#website\",\"url\":\"https:\/\/portalnpm.com\/\",\"name\":\"Portal NPM\",\"description\":\"Not\u00edcias em Primeira M\u00e3o\",\"potentialAction\":[{\"@type\":\"SearchAction\",\"target\":{\"@type\":\"EntryPoint\",\"urlTemplate\":\"https:\/\/portalnpm.com\/?s={search_term_string}\"},\"query-input\":\"required name=search_term_string\"}],\"inLanguage\":\"pt-BR\"},{\"@type\":\"Person\",\"@id\":\"https:\/\/portalnpm.com\/#\/schema\/person\/0b5f230ec96cee25504fa328e7f2b733\",\"name\":\"Reda\u00e7\u00e3o\",\"image\":{\"@type\":\"ImageObject\",\"inLanguage\":\"pt-BR\",\"@id\":\"https:\/\/portalnpm.com\/#\/schema\/person\/image\/\",\"url\":\"https:\/\/portalnpm.com\/wp-content\/uploads\/2024\/03\/avatar_user_4_1710097212-96x96.png\",\"contentUrl\":\"https:\/\/portalnpm.com\/wp-content\/uploads\/2024\/03\/avatar_user_4_1710097212-96x96.png\",\"caption\":\"Reda\u00e7\u00e3o\"},\"url\":\"https:\/\/portalnpm.com\/index.php\/author\/redacao\/\"}]}<\/script>\n<!-- \/ Yoast SEO plugin. -->","yoast_head_json":{"title":"Senadora antecipa ren\u00fancia e quer aprovar Oeiras como \"Capital dos Bandolins\" - Portal NPM","robots":{"index":"index","follow":"follow","max-snippet":"max-snippet:-1","max-image-preview":"max-image-preview:large","max-video-preview":"max-video-preview:-1"},"canonical":"https:\/\/portalnpm.com\/index.php\/2018\/12\/07\/senadora-antecipa-renuncia-e-quer-aprovar-oeiras-como-capital-dos-bandolins\/","og_locale":"pt_BR","og_type":"article","og_title":"Senadora antecipa ren\u00fancia e quer aprovar Oeiras como \"Capital dos Bandolins\" - Portal NPM","og_description":"A senadora Regina Sousa (PT-PI) antecipou a ren\u00fancia que deveria ocorrer no dia 31 para a pr\u00f3xima sexta-feira (14). Em entrevista ao Not\u00edcia da Manh\u00e3, a piauiense explicou que a sa\u00edda antes do prazo se deve a um tratamento odontol\u00f3gico. Antes de deixar a Casa, ela ainda pretende votar projetos, inclusive, o que confere a &hellip;","og_url":"https:\/\/portalnpm.com\/index.php\/2018\/12\/07\/senadora-antecipa-renuncia-e-quer-aprovar-oeiras-como-capital-dos-bandolins\/","og_site_name":"Portal NPM","article_published_time":"2018-12-07T16:24:31+00:00","author":"Reda\u00e7\u00e3o","twitter_card":"summary_large_image","twitter_misc":{"Escrito por":"Reda\u00e7\u00e3o","Est. tempo de leitura":"2 minutos"},"schema":{"@context":"https:\/\/schema.org","@graph":[{"@type":"WebPage","@id":"https:\/\/portalnpm.com\/index.php\/2018\/12\/07\/senadora-antecipa-renuncia-e-quer-aprovar-oeiras-como-capital-dos-bandolins\/","url":"https:\/\/portalnpm.com\/index.php\/2018\/12\/07\/senadora-antecipa-renuncia-e-quer-aprovar-oeiras-como-capital-dos-bandolins\/","name":"Senadora antecipa ren\u00fancia e quer aprovar Oeiras como \"Capital dos Bandolins\" - Portal NPM","isPartOf":{"@id":"https:\/\/portalnpm.com\/#website"},"primaryImageOfPage":{"@id":"https:\/\/portalnpm.com\/index.php\/2018\/12\/07\/senadora-antecipa-renuncia-e-quer-aprovar-oeiras-como-capital-dos-bandolins\/#primaryimage"},"image":{"@id":"https:\/\/portalnpm.com\/index.php\/2018\/12\/07\/senadora-antecipa-renuncia-e-quer-aprovar-oeiras-como-capital-dos-bandolins\/#primaryimage"},"thumbnailUrl":"","datePublished":"2018-12-07T16:24:31+00:00","dateModified":"2018-12-07T16:24:31+00:00","author":{"@id":"https:\/\/portalnpm.com\/#\/schema\/person\/0b5f230ec96cee25504fa328e7f2b733"},"breadcrumb":{"@id":"https:\/\/portalnpm.com\/index.php\/2018\/12\/07\/senadora-antecipa-renuncia-e-quer-aprovar-oeiras-como-capital-dos-bandolins\/#breadcrumb"},"inLanguage":"pt-BR","potentialAction":[{"@type":"ReadAction","target":["https:\/\/portalnpm.com\/index.php\/2018\/12\/07\/senadora-antecipa-renuncia-e-quer-aprovar-oeiras-como-capital-dos-bandolins\/"]}]},{"@type":"ImageObject","inLanguage":"pt-BR","@id":"https:\/\/portalnpm.com\/index.php\/2018\/12\/07\/senadora-antecipa-renuncia-e-quer-aprovar-oeiras-como-capital-dos-bandolins\/#primaryimage","url":"","contentUrl":""},{"@type":"BreadcrumbList","@id":"https:\/\/portalnpm.com\/index.php\/2018\/12\/07\/senadora-antecipa-renuncia-e-quer-aprovar-oeiras-como-capital-dos-bandolins\/#breadcrumb","itemListElement":[{"@type":"ListItem","position":1,"name":"In\u00edcio","item":"https:\/\/portalnpm.com\/"},{"@type":"ListItem","position":2,"name":"Senadora antecipa ren\u00fancia e quer aprovar Oeiras como &#8220;Capital dos Bandolins&#8221;"}]},{"@type":"WebSite","@id":"https:\/\/portalnpm.com\/#website","url":"https:\/\/portalnpm.com\/","name":"Portal NPM","description":"Not\u00edcias em Primeira M\u00e3o","potentialAction":[{"@type":"SearchAction","target":{"@type":"EntryPoint","urlTemplate":"https:\/\/portalnpm.com\/?s={search_term_string}"},"query-input":"required name=search_term_string"}],"inLanguage":"pt-BR"},{"@type":"Person","@id":"https:\/\/portalnpm.com\/#\/schema\/person\/0b5f230ec96cee25504fa328e7f2b733","name":"Reda\u00e7\u00e3o","image":{"@type":"ImageObject","inLanguage":"pt-BR","@id":"https:\/\/portalnpm.com\/#\/schema\/person\/image\/","url":"https:\/\/portalnpm.com\/wp-content\/uploads\/2024\/03\/avatar_user_4_1710097212-96x96.png","contentUrl":"https:\/\/portalnpm.com\/wp-content\/uploads\/2024\/03\/avatar_user_4_1710097212-96x96.png","caption":"Reda\u00e7\u00e3o"},"url":"https:\/\/portalnpm.com\/index.php\/author\/redacao\/"}]}},"jetpack_sharing_enabled":true,"jetpack_featured_media_url":"","_links":{"self":[{"href":"https:\/\/portalnpm.com\/index.php\/wp-json\/wp\/v2\/posts\/3264"}],"collection":[{"href":"https:\/\/portalnpm.com\/index.php\/wp-json\/wp\/v2\/posts"}],"about":[{"href":"https:\/\/portalnpm.com\/index.php\/wp-json\/wp\/v2\/types\/post"}],"author":[{"embeddable":true,"href":"https:\/\/portalnpm.com\/index.php\/wp-json\/wp\/v2\/users\/4"}],"replies":[{"embeddable":true,"href":"https:\/\/portalnpm.com\/index.php\/wp-json\/wp\/v2\/comments?post=3264"}],"version-history":[{"count":0,"href":"https:\/\/portalnpm.com\/index.php\/wp-json\/wp\/v2\/posts\/3264\/revisions"}],"wp:featuredmedia":[{"embeddable":true,"href":"https:\/\/portalnpm.com\/index.php\/wp-json\/"}],"wp:attachment":[{"href":"https:\/\/portalnpm.com\/index.php\/wp-json\/wp\/v2\/media?parent=3264"}],"wp:term":[{"taxonomy":"category","embeddable":true,"href":"https:\/\/portalnpm.com\/index.php\/wp-json\/wp\/v2\/categories?post=3264"},{"taxonomy":"post_tag","embeddable":true,"href":"https:\/\/portalnpm.com\/index.php\/wp-json\/wp\/v2\/tags?post=3264"}],"curies":[{"name":"wp","href":"https:\/\/api.w.org\/{rel}","templated":true}]}}