{"id":3274,"date":"2018-12-07T14:56:47","date_gmt":"2018-12-07T16:56:47","guid":{"rendered":"http:\/\/srv.portalnpm.com.br\/?p=3274"},"modified":"2018-12-07T14:56:47","modified_gmt":"2018-12-07T16:56:47","slug":"quem-decide-e-o-governador-diz-ciro-sobre-presidente-da-assembleia","status":"publish","type":"post","link":"https:\/\/portalnpm.com\/index.php\/2018\/12\/07\/quem-decide-e-o-governador-diz-ciro-sobre-presidente-da-assembleia\/","title":{"rendered":"\u201cQuem decide \u00e9 o governador\u201d, diz Ciro sobre presidente da Assembleia"},"content":{"rendered":"<p style=\"text-align: justify;\">O presidente nacional do Progressistas, senador Ciro Nogueira, deve se reunir neste final de semana com o governador Wellington Dias (PT). A pauta do encontro ser\u00e1 a disputa pela presid\u00eancia da Assembleia Legislativa do Estado.<\/p>\n<p style=\"text-align: justify;\">O Progressistas quer apresentar um candidato de oposi\u00e7\u00e3o a candidatura do atual presidente, deputado Them\u00edstocles Filho (MDB). O partido deve apresentar o nome do deputado H\u00e9lio Isaias como candidato ao cargo de presidente.<\/p>\n<p style=\"text-align: justify;\">Ciro Nogueira afirma que a defini\u00e7\u00e3o do nome vai depender do governador Wellington Dias. No partido, os deputados J\u00falio Arcoverde e Wilson Brand\u00e3o tamb\u00e9m manifestam desejo de candidatura.<\/p>\n<p>\u201cAinda n\u00e3o definimos nada. Vamos conversar com o governador. A defini\u00e7\u00e3o \u00e9 dele. Acredito que um consenso vai ser pelo nome de um candidato do nosso partido\u201d, disse.<\/p>\n<p style=\"text-align: justify;\">O governador Wellington Dias j\u00e1 avisou que vai trabalhar pelo consenso na base aliada. \u201cPrimeiro a Assembleia \u00e9 aut\u00f4noma e cabe a ela fazer essa escolha interna. \u00c9 claro que como pol\u00edtico sempre fico acompanhando. Pelo que sei as candidaturas postas ate agora s\u00e3o da base do governo e terei o maior prazer de ouvir sobre as candidaturas apresentadas, muito mais como parte de um mesmo time, do que propriamente de entrar na disputa da Assembleia. Aquela Casa age com muita autonomia e vai fazer a melhor escolha&#8221;, disse.<\/p>\n<p style=\"text-align: justify;\"><strong>Fonte: Cidade Verde<\/strong><\/p>\n","protected":false},"excerpt":{"rendered":"<p>O presidente nacional do Progressistas, senador Ciro Nogueira, deve se reunir neste final de semana com o governador Wellington Dias (PT). A pauta do encontro ser\u00e1 a disputa pela presid\u00eancia da Assembleia Legislativa do Estado. O Progressistas quer apresentar um candidato de oposi\u00e7\u00e3o a candidatura do atual presidente, deputado Them\u00edstocles Filho (MDB). O partido deve &hellip;<\/p>\n","protected":false},"author":4,"featured_media":3275,"comment_status":"open","ping_status":"open","sticky":false,"template":"","format":"standard","meta":{"content-type":"","rop_custom_images_group":[],"rop_custom_messages_group":[],"rop_publish_now":"initial","rop_publish_now_accounts":{"facebook_2648258775420054_1618374048415101":""},"rop_publish_now_history":[],"rop_publish_now_status":"pending","footnotes":"","_jetpack_memberships_contains_paid_content":false},"categories":[113,130],"tags":[946,880,402,1671],"yoast_head":"<!-- This site is optimized with the Yoast SEO plugin v22.3 - https:\/\/yoast.com\/wordpress\/plugins\/seo\/ -->\n<title>\u201cQuem decide \u00e9 o governador\u201d, diz Ciro sobre presidente da Assembleia - Portal NPM<\/title>\n<meta name=\"robots\" content=\"index, follow, max-snippet:-1, max-image-preview:large, max-video-preview:-1\" \/>\n<link rel=\"canonical\" href=\"https:\/\/portalnpm.com\/index.php\/2018\/12\/07\/quem-decide-e-o-governador-diz-ciro-sobre-presidente-da-assembleia\/\" \/>\n<meta property=\"og:locale\" content=\"pt_BR\" \/>\n<meta property=\"og:type\" content=\"article\" \/>\n<meta property=\"og:title\" content=\"\u201cQuem decide \u00e9 o governador\u201d, diz Ciro sobre presidente da Assembleia - Portal NPM\" \/>\n<meta property=\"og:description\" content=\"O presidente nacional do Progressistas, senador Ciro Nogueira, deve se reunir neste final de semana com o governador Wellington Dias (PT). A pauta do encontro ser\u00e1 a disputa pela presid\u00eancia da Assembleia Legislativa do Estado. O Progressistas quer apresentar um candidato de oposi\u00e7\u00e3o a candidatura do atual presidente, deputado Them\u00edstocles Filho (MDB). O partido deve &hellip;\" \/>\n<meta property=\"og:url\" content=\"https:\/\/portalnpm.com\/index.php\/2018\/12\/07\/quem-decide-e-o-governador-diz-ciro-sobre-presidente-da-assembleia\/\" \/>\n<meta property=\"og:site_name\" content=\"Portal NPM\" \/>\n<meta property=\"article:published_time\" content=\"2018-12-07T16:56:47+00:00\" \/>\n<meta name=\"author\" content=\"Reda\u00e7\u00e3o\" \/>\n<meta name=\"twitter:card\" content=\"summary_large_image\" \/>\n<meta name=\"twitter:label1\" content=\"Escrito por\" \/>\n\t<meta name=\"twitter:data1\" content=\"Reda\u00e7\u00e3o\" \/>\n\t<meta name=\"twitter:label2\" content=\"Est. tempo de leitura\" \/>\n\t<meta name=\"twitter:data2\" content=\"1 minuto\" \/>\n<script type=\"application\/ld+json\" class=\"yoast-schema-graph\">{\"@context\":\"https:\/\/schema.org\",\"@graph\":[{\"@type\":\"WebPage\",\"@id\":\"https:\/\/portalnpm.com\/index.php\/2018\/12\/07\/quem-decide-e-o-governador-diz-ciro-sobre-presidente-da-assembleia\/\",\"url\":\"https:\/\/portalnpm.com\/index.php\/2018\/12\/07\/quem-decide-e-o-governador-diz-ciro-sobre-presidente-da-assembleia\/\",\"name\":\"\u201cQuem decide \u00e9 o governador\u201d, diz Ciro sobre presidente da Assembleia - Portal NPM\",\"isPartOf\":{\"@id\":\"https:\/\/portalnpm.com\/#website\"},\"primaryImageOfPage\":{\"@id\":\"https:\/\/portalnpm.com\/index.php\/2018\/12\/07\/quem-decide-e-o-governador-diz-ciro-sobre-presidente-da-assembleia\/#primaryimage\"},\"image\":{\"@id\":\"https:\/\/portalnpm.com\/index.php\/2018\/12\/07\/quem-decide-e-o-governador-diz-ciro-sobre-presidente-da-assembleia\/#primaryimage\"},\"thumbnailUrl\":\"\",\"datePublished\":\"2018-12-07T16:56:47+00:00\",\"dateModified\":\"2018-12-07T16:56:47+00:00\",\"author\":{\"@id\":\"https:\/\/portalnpm.com\/#\/schema\/person\/0b5f230ec96cee25504fa328e7f2b733\"},\"breadcrumb\":{\"@id\":\"https:\/\/portalnpm.com\/index.php\/2018\/12\/07\/quem-decide-e-o-governador-diz-ciro-sobre-presidente-da-assembleia\/#breadcrumb\"},\"inLanguage\":\"pt-BR\",\"potentialAction\":[{\"@type\":\"ReadAction\",\"target\":[\"https:\/\/portalnpm.com\/index.php\/2018\/12\/07\/quem-decide-e-o-governador-diz-ciro-sobre-presidente-da-assembleia\/\"]}]},{\"@type\":\"ImageObject\",\"inLanguage\":\"pt-BR\",\"@id\":\"https:\/\/portalnpm.com\/index.php\/2018\/12\/07\/quem-decide-e-o-governador-diz-ciro-sobre-presidente-da-assembleia\/#primaryimage\",\"url\":\"\",\"contentUrl\":\"\"},{\"@type\":\"BreadcrumbList\",\"@id\":\"https:\/\/portalnpm.com\/index.php\/2018\/12\/07\/quem-decide-e-o-governador-diz-ciro-sobre-presidente-da-assembleia\/#breadcrumb\",\"itemListElement\":[{\"@type\":\"ListItem\",\"position\":1,\"name\":\"In\u00edcio\",\"item\":\"https:\/\/portalnpm.com\/\"},{\"@type\":\"ListItem\",\"position\":2,\"name\":\"\u201cQuem decide \u00e9 o governador\u201d, diz Ciro sobre presidente da Assembleia\"}]},{\"@type\":\"WebSite\",\"@id\":\"https:\/\/portalnpm.com\/#website\",\"url\":\"https:\/\/portalnpm.com\/\",\"name\":\"Portal NPM\",\"description\":\"Not\u00edcias em Primeira M\u00e3o\",\"potentialAction\":[{\"@type\":\"SearchAction\",\"target\":{\"@type\":\"EntryPoint\",\"urlTemplate\":\"https:\/\/portalnpm.com\/?s={search_term_string}\"},\"query-input\":\"required name=search_term_string\"}],\"inLanguage\":\"pt-BR\"},{\"@type\":\"Person\",\"@id\":\"https:\/\/portalnpm.com\/#\/schema\/person\/0b5f230ec96cee25504fa328e7f2b733\",\"name\":\"Reda\u00e7\u00e3o\",\"image\":{\"@type\":\"ImageObject\",\"inLanguage\":\"pt-BR\",\"@id\":\"https:\/\/portalnpm.com\/#\/schema\/person\/image\/\",\"url\":\"https:\/\/portalnpm.com\/wp-content\/uploads\/2024\/03\/avatar_user_4_1710097212-96x96.png\",\"contentUrl\":\"https:\/\/portalnpm.com\/wp-content\/uploads\/2024\/03\/avatar_user_4_1710097212-96x96.png\",\"caption\":\"Reda\u00e7\u00e3o\"},\"url\":\"https:\/\/portalnpm.com\/index.php\/author\/redacao\/\"}]}<\/script>\n<!-- \/ Yoast SEO plugin. -->","yoast_head_json":{"title":"\u201cQuem decide \u00e9 o governador\u201d, diz Ciro sobre presidente da Assembleia - Portal NPM","robots":{"index":"index","follow":"follow","max-snippet":"max-snippet:-1","max-image-preview":"max-image-preview:large","max-video-preview":"max-video-preview:-1"},"canonical":"https:\/\/portalnpm.com\/index.php\/2018\/12\/07\/quem-decide-e-o-governador-diz-ciro-sobre-presidente-da-assembleia\/","og_locale":"pt_BR","og_type":"article","og_title":"\u201cQuem decide \u00e9 o governador\u201d, diz Ciro sobre presidente da Assembleia - Portal NPM","og_description":"O presidente nacional do Progressistas, senador Ciro Nogueira, deve se reunir neste final de semana com o governador Wellington Dias (PT). A pauta do encontro ser\u00e1 a disputa pela presid\u00eancia da Assembleia Legislativa do Estado. O Progressistas quer apresentar um candidato de oposi\u00e7\u00e3o a candidatura do atual presidente, deputado Them\u00edstocles Filho (MDB). O partido deve &hellip;","og_url":"https:\/\/portalnpm.com\/index.php\/2018\/12\/07\/quem-decide-e-o-governador-diz-ciro-sobre-presidente-da-assembleia\/","og_site_name":"Portal NPM","article_published_time":"2018-12-07T16:56:47+00:00","author":"Reda\u00e7\u00e3o","twitter_card":"summary_large_image","twitter_misc":{"Escrito por":"Reda\u00e7\u00e3o","Est. tempo de leitura":"1 minuto"},"schema":{"@context":"https:\/\/schema.org","@graph":[{"@type":"WebPage","@id":"https:\/\/portalnpm.com\/index.php\/2018\/12\/07\/quem-decide-e-o-governador-diz-ciro-sobre-presidente-da-assembleia\/","url":"https:\/\/portalnpm.com\/index.php\/2018\/12\/07\/quem-decide-e-o-governador-diz-ciro-sobre-presidente-da-assembleia\/","name":"\u201cQuem decide \u00e9 o governador\u201d, diz Ciro sobre presidente da Assembleia - Portal NPM","isPartOf":{"@id":"https:\/\/portalnpm.com\/#website"},"primaryImageOfPage":{"@id":"https:\/\/portalnpm.com\/index.php\/2018\/12\/07\/quem-decide-e-o-governador-diz-ciro-sobre-presidente-da-assembleia\/#primaryimage"},"image":{"@id":"https:\/\/portalnpm.com\/index.php\/2018\/12\/07\/quem-decide-e-o-governador-diz-ciro-sobre-presidente-da-assembleia\/#primaryimage"},"thumbnailUrl":"","datePublished":"2018-12-07T16:56:47+00:00","dateModified":"2018-12-07T16:56:47+00:00","author":{"@id":"https:\/\/portalnpm.com\/#\/schema\/person\/0b5f230ec96cee25504fa328e7f2b733"},"breadcrumb":{"@id":"https:\/\/portalnpm.com\/index.php\/2018\/12\/07\/quem-decide-e-o-governador-diz-ciro-sobre-presidente-da-assembleia\/#breadcrumb"},"inLanguage":"pt-BR","potentialAction":[{"@type":"ReadAction","target":["https:\/\/portalnpm.com\/index.php\/2018\/12\/07\/quem-decide-e-o-governador-diz-ciro-sobre-presidente-da-assembleia\/"]}]},{"@type":"ImageObject","inLanguage":"pt-BR","@id":"https:\/\/portalnpm.com\/index.php\/2018\/12\/07\/quem-decide-e-o-governador-diz-ciro-sobre-presidente-da-assembleia\/#primaryimage","url":"","contentUrl":""},{"@type":"BreadcrumbList","@id":"https:\/\/portalnpm.com\/index.php\/2018\/12\/07\/quem-decide-e-o-governador-diz-ciro-sobre-presidente-da-assembleia\/#breadcrumb","itemListElement":[{"@type":"ListItem","position":1,"name":"In\u00edcio","item":"https:\/\/portalnpm.com\/"},{"@type":"ListItem","position":2,"name":"\u201cQuem decide \u00e9 o governador\u201d, diz Ciro sobre presidente da Assembleia"}]},{"@type":"WebSite","@id":"https:\/\/portalnpm.com\/#website","url":"https:\/\/portalnpm.com\/","name":"Portal NPM","description":"Not\u00edcias em Primeira M\u00e3o","potentialAction":[{"@type":"SearchAction","target":{"@type":"EntryPoint","urlTemplate":"https:\/\/portalnpm.com\/?s={search_term_string}"},"query-input":"required name=search_term_string"}],"inLanguage":"pt-BR"},{"@type":"Person","@id":"https:\/\/portalnpm.com\/#\/schema\/person\/0b5f230ec96cee25504fa328e7f2b733","name":"Reda\u00e7\u00e3o","image":{"@type":"ImageObject","inLanguage":"pt-BR","@id":"https:\/\/portalnpm.com\/#\/schema\/person\/image\/","url":"https:\/\/portalnpm.com\/wp-content\/uploads\/2024\/03\/avatar_user_4_1710097212-96x96.png","contentUrl":"https:\/\/portalnpm.com\/wp-content\/uploads\/2024\/03\/avatar_user_4_1710097212-96x96.png","caption":"Reda\u00e7\u00e3o"},"url":"https:\/\/portalnpm.com\/index.php\/author\/redacao\/"}]}},"jetpack_sharing_enabled":true,"jetpack_featured_media_url":"","_links":{"self":[{"href":"https:\/\/portalnpm.com\/index.php\/wp-json\/wp\/v2\/posts\/3274"}],"collection":[{"href":"https:\/\/portalnpm.com\/index.php\/wp-json\/wp\/v2\/posts"}],"about":[{"href":"https:\/\/portalnpm.com\/index.php\/wp-json\/wp\/v2\/types\/post"}],"author":[{"embeddable":true,"href":"https:\/\/portalnpm.com\/index.php\/wp-json\/wp\/v2\/users\/4"}],"replies":[{"embeddable":true,"href":"https:\/\/portalnpm.com\/index.php\/wp-json\/wp\/v2\/comments?post=3274"}],"version-history":[{"count":0,"href":"https:\/\/portalnpm.com\/index.php\/wp-json\/wp\/v2\/posts\/3274\/revisions"}],"wp:featuredmedia":[{"embeddable":true,"href":"https:\/\/portalnpm.com\/index.php\/wp-json\/"}],"wp:attachment":[{"href":"https:\/\/portalnpm.com\/index.php\/wp-json\/wp\/v2\/media?parent=3274"}],"wp:term":[{"taxonomy":"category","embeddable":true,"href":"https:\/\/portalnpm.com\/index.php\/wp-json\/wp\/v2\/categories?post=3274"},{"taxonomy":"post_tag","embeddable":true,"href":"https:\/\/portalnpm.com\/index.php\/wp-json\/wp\/v2\/tags?post=3274"}],"curies":[{"name":"wp","href":"https:\/\/api.w.org\/{rel}","templated":true}]}}