{"id":3290,"date":"2018-12-09T18:04:23","date_gmt":"2018-12-09T20:04:23","guid":{"rendered":"http:\/\/srv.portalnpm.com.br\/?p=3290"},"modified":"2018-12-09T18:04:23","modified_gmt":"2018-12-09T20:04:23","slug":"veja-poesia-escrita-pelo-jovem-sao-juliaoense-a-respeito-de-lampiao","status":"publish","type":"post","link":"https:\/\/portalnpm.com\/index.php\/2018\/12\/09\/veja-poesia-escrita-pelo-jovem-sao-juliaoense-a-respeito-de-lampiao\/","title":{"rendered":"Veja poesia escrita pelo jovem s\u00e3o juli\u00e3oense a respeito de Lampi\u00e3o"},"content":{"rendered":"<p style=\"text-align: justify;\">O jovem <strong>Atanael Rocha<\/strong>, 18 anos, natural da cidade de S\u00e3o Juli\u00e3o, cerca de 382 km de Teresina, capital do Piau\u00ed, escreveu uma poesia falando sobre Virgulino Ferreira da Silva, ou como \u00e9 mais conhecido, Lampi\u00e3o.<\/p>\n<figure id=\"attachment_3291\" aria-describedby=\"caption-attachment-3291\" style=\"width: 225px\" class=\"wp-caption alignnone\"><img fetchpriority=\"high\" decoding=\"async\" class=\"size-medium wp-image-3291\" src=\"http:\/\/portalnpm.com.br\/wp-content\/uploads\/2018\/12\/IMG-20181209-WA0107-225x300.jpg\" alt=\"\" width=\"225\" height=\"300\" \/><figcaption id=\"caption-attachment-3291\" class=\"wp-caption-text\">Atanael Rocha, jovem poeta de S\u00e3o Juli\u00e3o.<\/figcaption><\/figure>\n<p style=\"text-align: justify;\">Atanael Rocha reside atualmente com seus pais na localidade Cansanc\u00e3o, 13 km da sede do munic\u00edpio. O jovem est\u00e1 concluindo o terceiro ano do ensino m\u00e9dio, na Unidade Escolar Apr\u00edgio Pereira Bezerra, escola da rede estadual de ensino.<\/p>\n<p><strong>Um pouco da hist\u00f3ria de Lampi\u00e3o<\/strong><\/p>\n<p style=\"text-align: justify;\">Lampi\u00e3o nasceu em 7 de julho de 1897 em Serra Talhada, Sert\u00e3o pernambucano. Odiado por uns e amado por outros, o rei do canga\u00e7o como tamb\u00e9m era chamado, era colocado como um her\u00f3i pelos pobres e julgado como ladr\u00e3o sanguin\u00e1rio, pelos ricos.<\/p>\n<p><strong>A morte de Lampi\u00e3o<\/strong><\/p>\n<p style=\"text-align: justify;\">Na madrugada do dia 28 de Julho de 1938, a volante de militares atacou o grupo de Lampi\u00e3o, pegando todos desprevenidos, na fazenda Angicos, no sert\u00e3o de Sergipe.<\/p>\n<p style=\"text-align: justify;\">Esse foi o fim do grande rei do canga\u00e7o, que apesar do jeito violento de viver, ajudou muitas pessoas a passarem pela pobreza no Nordeste do Brasil. Lugar esse, onde a pobreza era muito atenuada pelos grandes detentores de terra. Lampi\u00e3o e seu bando morreram, mas seu instinto de sobrevivente \u00e9 perpetuado no Sert\u00e3o brasileiro.<\/p>\n<p style=\"text-align: justify;\">Na referida poesia que tem como nome &#8220;Capit\u00e3o Virgulino, A lenda imortalizada&#8221;, o jovem descreve um pouco da hist\u00f3ria do rei do canga\u00e7o.<\/p>\n<p><strong>Veja a poesia:<\/strong><\/p>\n<p>CAPIT\u00c3O VIRGULINO, A lenda imortalizada!<\/p>\n<p><em>Diz a hist\u00f3ria contada<\/em><br \/>\n<em>Lampi\u00e3o caba da peste<\/em><br \/>\n<em>Um assombro pro Nordeste<\/em><br \/>\n<em>E rei em Serra Talhada<\/em><br \/>\n<em>Nenhuma for\u00e7a armada <\/em><br \/>\n<em>Conseguiam lhe prender<\/em><br \/>\n<em>Homem de grande saber<\/em><br \/>\n<em>De intelig\u00eancia tamanha<\/em><br \/>\n<em>Usou de grande fa\u00e7anha<\/em><br \/>\n<em>Pra poder sobreviver.<\/em><\/p>\n<p><em>Por ser l\u00edder e ter poder<\/em><br \/>\n<em>Fica mais ainda afoito<\/em><br \/>\n<em>Mas a trai\u00e7\u00e3o de um coito<\/em><br \/>\n<em>Lhe impediu de viver<\/em><br \/>\n<em>Lampi\u00e3o veio a morrer<\/em><br \/>\n<em>E com ele sua amada<\/em><br \/>\n<em>A volante comandada<\/em><br \/>\n<em>Pelo o Capit\u00e3o de guerra<\/em><br \/>\n<em>Tombou Lampi\u00e3o por terra<\/em><br \/>\n<em>E Maria foi degolada.<\/em><\/p>\n<p><em>A hist\u00f3ria mas lembrada<\/em><br \/>\n<em>Do Nordeste brasileiro<\/em><br \/>\n<em>Lampi\u00e3o o cangaceiro<\/em><br \/>\n<em>Mas temido da Chapada<\/em><br \/>\n<em>Uma lenda imortalizada<\/em><br \/>\n<em>De uma figura brilhante<\/em><br \/>\n<em>Que sendo certo ou errante<\/em><br \/>\n<em>Fez sua vida de gl\u00f3ria<\/em><br \/>\n<em>Se foi mas deixou hist\u00f3ria<\/em><br \/>\n<em>Como grande comandante.<\/em><\/p>\n<p><em><strong>Autor: Atanael Rocha.<\/strong><\/em><\/p>\n<p><strong>Reda\u00e7\u00e3o do Portal NPM<\/strong><\/p>\n","protected":false},"excerpt":{"rendered":"<p>O jovem Atanael Rocha, 18 anos, natural da cidade de S\u00e3o Juli\u00e3o, cerca de 382 km de Teresina, capital do Piau\u00ed, escreveu uma poesia falando sobre Virgulino Ferreira da Silva, ou como \u00e9 mais conhecido, Lampi\u00e3o. Atanael Rocha reside atualmente com seus pais na localidade Cansanc\u00e3o, 13 km da sede do munic\u00edpio. O jovem est\u00e1 &hellip;<\/p>\n","protected":false},"author":3,"featured_media":3293,"comment_status":"open","ping_status":"open","sticky":false,"template":"","format":"standard","meta":{"content-type":"","rop_custom_images_group":[],"rop_custom_messages_group":[],"rop_publish_now":"initial","rop_publish_now_accounts":{"facebook_2648258775420054_1618374048415101":""},"rop_publish_now_history":[],"rop_publish_now_status":"pending","footnotes":"","_jetpack_memberships_contains_paid_content":false},"categories":[113,147],"tags":[172,1675,1676,137],"yoast_head":"<!-- This site is optimized with the Yoast SEO plugin v22.3 - https:\/\/yoast.com\/wordpress\/plugins\/seo\/ -->\n<title>Veja poesia escrita pelo jovem s\u00e3o juli\u00e3oense a respeito de Lampi\u00e3o - Portal NPM<\/title>\n<meta name=\"robots\" content=\"index, follow, max-snippet:-1, max-image-preview:large, max-video-preview:-1\" \/>\n<link rel=\"canonical\" href=\"https:\/\/portalnpm.com\/index.php\/2018\/12\/09\/veja-poesia-escrita-pelo-jovem-sao-juliaoense-a-respeito-de-lampiao\/\" \/>\n<meta property=\"og:locale\" content=\"pt_BR\" \/>\n<meta property=\"og:type\" content=\"article\" \/>\n<meta property=\"og:title\" content=\"Veja poesia escrita pelo jovem s\u00e3o juli\u00e3oense a respeito de Lampi\u00e3o - Portal NPM\" \/>\n<meta property=\"og:description\" content=\"O jovem Atanael Rocha, 18 anos, natural da cidade de S\u00e3o Juli\u00e3o, cerca de 382 km de Teresina, capital do Piau\u00ed, escreveu uma poesia falando sobre Virgulino Ferreira da Silva, ou como \u00e9 mais conhecido, Lampi\u00e3o. Atanael Rocha reside atualmente com seus pais na localidade Cansanc\u00e3o, 13 km da sede do munic\u00edpio. O jovem est\u00e1 &hellip;\" \/>\n<meta property=\"og:url\" content=\"https:\/\/portalnpm.com\/index.php\/2018\/12\/09\/veja-poesia-escrita-pelo-jovem-sao-juliaoense-a-respeito-de-lampiao\/\" \/>\n<meta property=\"og:site_name\" content=\"Portal NPM\" \/>\n<meta property=\"article:published_time\" content=\"2018-12-09T20:04:23+00:00\" \/>\n<meta name=\"author\" content=\"Luis Alberto\" \/>\n<meta name=\"twitter:card\" content=\"summary_large_image\" \/>\n<meta name=\"twitter:label1\" content=\"Escrito por\" \/>\n\t<meta name=\"twitter:data1\" content=\"Luis Alberto\" \/>\n\t<meta name=\"twitter:label2\" content=\"Est. tempo de leitura\" \/>\n\t<meta name=\"twitter:data2\" content=\"2 minutos\" \/>\n<script type=\"application\/ld+json\" class=\"yoast-schema-graph\">{\"@context\":\"https:\/\/schema.org\",\"@graph\":[{\"@type\":\"WebPage\",\"@id\":\"https:\/\/portalnpm.com\/index.php\/2018\/12\/09\/veja-poesia-escrita-pelo-jovem-sao-juliaoense-a-respeito-de-lampiao\/\",\"url\":\"https:\/\/portalnpm.com\/index.php\/2018\/12\/09\/veja-poesia-escrita-pelo-jovem-sao-juliaoense-a-respeito-de-lampiao\/\",\"name\":\"Veja poesia escrita pelo jovem s\u00e3o juli\u00e3oense a respeito de Lampi\u00e3o - Portal NPM\",\"isPartOf\":{\"@id\":\"https:\/\/portalnpm.com\/#website\"},\"primaryImageOfPage\":{\"@id\":\"https:\/\/portalnpm.com\/index.php\/2018\/12\/09\/veja-poesia-escrita-pelo-jovem-sao-juliaoense-a-respeito-de-lampiao\/#primaryimage\"},\"image\":{\"@id\":\"https:\/\/portalnpm.com\/index.php\/2018\/12\/09\/veja-poesia-escrita-pelo-jovem-sao-juliaoense-a-respeito-de-lampiao\/#primaryimage\"},\"thumbnailUrl\":\"\",\"datePublished\":\"2018-12-09T20:04:23+00:00\",\"dateModified\":\"2018-12-09T20:04:23+00:00\",\"author\":{\"@id\":\"https:\/\/portalnpm.com\/#\/schema\/person\/5c8006acdf71774cd4e7a5ab98482152\"},\"breadcrumb\":{\"@id\":\"https:\/\/portalnpm.com\/index.php\/2018\/12\/09\/veja-poesia-escrita-pelo-jovem-sao-juliaoense-a-respeito-de-lampiao\/#breadcrumb\"},\"inLanguage\":\"pt-BR\",\"potentialAction\":[{\"@type\":\"ReadAction\",\"target\":[\"https:\/\/portalnpm.com\/index.php\/2018\/12\/09\/veja-poesia-escrita-pelo-jovem-sao-juliaoense-a-respeito-de-lampiao\/\"]}]},{\"@type\":\"ImageObject\",\"inLanguage\":\"pt-BR\",\"@id\":\"https:\/\/portalnpm.com\/index.php\/2018\/12\/09\/veja-poesia-escrita-pelo-jovem-sao-juliaoense-a-respeito-de-lampiao\/#primaryimage\",\"url\":\"\",\"contentUrl\":\"\"},{\"@type\":\"BreadcrumbList\",\"@id\":\"https:\/\/portalnpm.com\/index.php\/2018\/12\/09\/veja-poesia-escrita-pelo-jovem-sao-juliaoense-a-respeito-de-lampiao\/#breadcrumb\",\"itemListElement\":[{\"@type\":\"ListItem\",\"position\":1,\"name\":\"In\u00edcio\",\"item\":\"https:\/\/portalnpm.com\/\"},{\"@type\":\"ListItem\",\"position\":2,\"name\":\"Veja poesia escrita pelo jovem s\u00e3o juli\u00e3oense a respeito de Lampi\u00e3o\"}]},{\"@type\":\"WebSite\",\"@id\":\"https:\/\/portalnpm.com\/#website\",\"url\":\"https:\/\/portalnpm.com\/\",\"name\":\"Portal NPM\",\"description\":\"Not\u00edcias em Primeira M\u00e3o\",\"potentialAction\":[{\"@type\":\"SearchAction\",\"target\":{\"@type\":\"EntryPoint\",\"urlTemplate\":\"https:\/\/portalnpm.com\/?s={search_term_string}\"},\"query-input\":\"required name=search_term_string\"}],\"inLanguage\":\"pt-BR\"},{\"@type\":\"Person\",\"@id\":\"https:\/\/portalnpm.com\/#\/schema\/person\/5c8006acdf71774cd4e7a5ab98482152\",\"name\":\"Luis Alberto\",\"image\":{\"@type\":\"ImageObject\",\"inLanguage\":\"pt-BR\",\"@id\":\"https:\/\/portalnpm.com\/#\/schema\/person\/image\/\",\"url\":\"https:\/\/portalnpm.com\/wp-content\/uploads\/2024\/12\/avatar_user_3_1734699769-96x96.jpeg\",\"contentUrl\":\"https:\/\/portalnpm.com\/wp-content\/uploads\/2024\/12\/avatar_user_3_1734699769-96x96.jpeg\",\"caption\":\"Luis Alberto\"},\"description\":\"Editor-geral do Portal NPM, \u00e9 formado como T\u00e9cnico em Seguran\u00e7a do Trabalho pela Escola Metropolitana de Cursos T\u00e9cnicos. Det\u00e9m ainda licenciatura em Educa\u00e7\u00e3o F\u00edsica e bacharelado em Ci\u00eancias Pol\u00edticas, ambos obtidos pela institui\u00e7\u00e3o Anhanguera\/UNOPAR.\",\"url\":\"https:\/\/portalnpm.com\/index.php\/author\/pereira\/\"}]}<\/script>\n<!-- \/ Yoast SEO plugin. -->","yoast_head_json":{"title":"Veja poesia escrita pelo jovem s\u00e3o juli\u00e3oense a respeito de Lampi\u00e3o - Portal NPM","robots":{"index":"index","follow":"follow","max-snippet":"max-snippet:-1","max-image-preview":"max-image-preview:large","max-video-preview":"max-video-preview:-1"},"canonical":"https:\/\/portalnpm.com\/index.php\/2018\/12\/09\/veja-poesia-escrita-pelo-jovem-sao-juliaoense-a-respeito-de-lampiao\/","og_locale":"pt_BR","og_type":"article","og_title":"Veja poesia escrita pelo jovem s\u00e3o juli\u00e3oense a respeito de Lampi\u00e3o - Portal NPM","og_description":"O jovem Atanael Rocha, 18 anos, natural da cidade de S\u00e3o Juli\u00e3o, cerca de 382 km de Teresina, capital do Piau\u00ed, escreveu uma poesia falando sobre Virgulino Ferreira da Silva, ou como \u00e9 mais conhecido, Lampi\u00e3o. Atanael Rocha reside atualmente com seus pais na localidade Cansanc\u00e3o, 13 km da sede do munic\u00edpio. O jovem est\u00e1 &hellip;","og_url":"https:\/\/portalnpm.com\/index.php\/2018\/12\/09\/veja-poesia-escrita-pelo-jovem-sao-juliaoense-a-respeito-de-lampiao\/","og_site_name":"Portal NPM","article_published_time":"2018-12-09T20:04:23+00:00","author":"Luis Alberto","twitter_card":"summary_large_image","twitter_misc":{"Escrito por":"Luis Alberto","Est. tempo de leitura":"2 minutos"},"schema":{"@context":"https:\/\/schema.org","@graph":[{"@type":"WebPage","@id":"https:\/\/portalnpm.com\/index.php\/2018\/12\/09\/veja-poesia-escrita-pelo-jovem-sao-juliaoense-a-respeito-de-lampiao\/","url":"https:\/\/portalnpm.com\/index.php\/2018\/12\/09\/veja-poesia-escrita-pelo-jovem-sao-juliaoense-a-respeito-de-lampiao\/","name":"Veja poesia escrita pelo jovem s\u00e3o juli\u00e3oense a respeito de Lampi\u00e3o - Portal NPM","isPartOf":{"@id":"https:\/\/portalnpm.com\/#website"},"primaryImageOfPage":{"@id":"https:\/\/portalnpm.com\/index.php\/2018\/12\/09\/veja-poesia-escrita-pelo-jovem-sao-juliaoense-a-respeito-de-lampiao\/#primaryimage"},"image":{"@id":"https:\/\/portalnpm.com\/index.php\/2018\/12\/09\/veja-poesia-escrita-pelo-jovem-sao-juliaoense-a-respeito-de-lampiao\/#primaryimage"},"thumbnailUrl":"","datePublished":"2018-12-09T20:04:23+00:00","dateModified":"2018-12-09T20:04:23+00:00","author":{"@id":"https:\/\/portalnpm.com\/#\/schema\/person\/5c8006acdf71774cd4e7a5ab98482152"},"breadcrumb":{"@id":"https:\/\/portalnpm.com\/index.php\/2018\/12\/09\/veja-poesia-escrita-pelo-jovem-sao-juliaoense-a-respeito-de-lampiao\/#breadcrumb"},"inLanguage":"pt-BR","potentialAction":[{"@type":"ReadAction","target":["https:\/\/portalnpm.com\/index.php\/2018\/12\/09\/veja-poesia-escrita-pelo-jovem-sao-juliaoense-a-respeito-de-lampiao\/"]}]},{"@type":"ImageObject","inLanguage":"pt-BR","@id":"https:\/\/portalnpm.com\/index.php\/2018\/12\/09\/veja-poesia-escrita-pelo-jovem-sao-juliaoense-a-respeito-de-lampiao\/#primaryimage","url":"","contentUrl":""},{"@type":"BreadcrumbList","@id":"https:\/\/portalnpm.com\/index.php\/2018\/12\/09\/veja-poesia-escrita-pelo-jovem-sao-juliaoense-a-respeito-de-lampiao\/#breadcrumb","itemListElement":[{"@type":"ListItem","position":1,"name":"In\u00edcio","item":"https:\/\/portalnpm.com\/"},{"@type":"ListItem","position":2,"name":"Veja poesia escrita pelo jovem s\u00e3o juli\u00e3oense a respeito de Lampi\u00e3o"}]},{"@type":"WebSite","@id":"https:\/\/portalnpm.com\/#website","url":"https:\/\/portalnpm.com\/","name":"Portal NPM","description":"Not\u00edcias em Primeira M\u00e3o","potentialAction":[{"@type":"SearchAction","target":{"@type":"EntryPoint","urlTemplate":"https:\/\/portalnpm.com\/?s={search_term_string}"},"query-input":"required name=search_term_string"}],"inLanguage":"pt-BR"},{"@type":"Person","@id":"https:\/\/portalnpm.com\/#\/schema\/person\/5c8006acdf71774cd4e7a5ab98482152","name":"Luis Alberto","image":{"@type":"ImageObject","inLanguage":"pt-BR","@id":"https:\/\/portalnpm.com\/#\/schema\/person\/image\/","url":"https:\/\/portalnpm.com\/wp-content\/uploads\/2024\/12\/avatar_user_3_1734699769-96x96.jpeg","contentUrl":"https:\/\/portalnpm.com\/wp-content\/uploads\/2024\/12\/avatar_user_3_1734699769-96x96.jpeg","caption":"Luis Alberto"},"description":"Editor-geral do Portal NPM, \u00e9 formado como T\u00e9cnico em Seguran\u00e7a do Trabalho pela Escola Metropolitana de Cursos T\u00e9cnicos. Det\u00e9m ainda licenciatura em Educa\u00e7\u00e3o F\u00edsica e bacharelado em Ci\u00eancias Pol\u00edticas, ambos obtidos pela institui\u00e7\u00e3o Anhanguera\/UNOPAR.","url":"https:\/\/portalnpm.com\/index.php\/author\/pereira\/"}]}},"jetpack_sharing_enabled":true,"jetpack_featured_media_url":"","_links":{"self":[{"href":"https:\/\/portalnpm.com\/index.php\/wp-json\/wp\/v2\/posts\/3290"}],"collection":[{"href":"https:\/\/portalnpm.com\/index.php\/wp-json\/wp\/v2\/posts"}],"about":[{"href":"https:\/\/portalnpm.com\/index.php\/wp-json\/wp\/v2\/types\/post"}],"author":[{"embeddable":true,"href":"https:\/\/portalnpm.com\/index.php\/wp-json\/wp\/v2\/users\/3"}],"replies":[{"embeddable":true,"href":"https:\/\/portalnpm.com\/index.php\/wp-json\/wp\/v2\/comments?post=3290"}],"version-history":[{"count":0,"href":"https:\/\/portalnpm.com\/index.php\/wp-json\/wp\/v2\/posts\/3290\/revisions"}],"wp:featuredmedia":[{"embeddable":true,"href":"https:\/\/portalnpm.com\/index.php\/wp-json\/"}],"wp:attachment":[{"href":"https:\/\/portalnpm.com\/index.php\/wp-json\/wp\/v2\/media?parent=3290"}],"wp:term":[{"taxonomy":"category","embeddable":true,"href":"https:\/\/portalnpm.com\/index.php\/wp-json\/wp\/v2\/categories?post=3290"},{"taxonomy":"post_tag","embeddable":true,"href":"https:\/\/portalnpm.com\/index.php\/wp-json\/wp\/v2\/tags?post=3290"}],"curies":[{"name":"wp","href":"https:\/\/api.w.org\/{rel}","templated":true}]}}