{"id":3345,"date":"2018-12-10T14:52:50","date_gmt":"2018-12-10T16:52:50","guid":{"rendered":"http:\/\/srv.portalnpm.com.br\/?p=3345"},"modified":"2018-12-10T14:52:50","modified_gmt":"2018-12-10T16:52:50","slug":"bolsonaro-sera-diplomado-pelo-tse-nesta-segunda-feira","status":"publish","type":"post","link":"https:\/\/portalnpm.com\/index.php\/2018\/12\/10\/bolsonaro-sera-diplomado-pelo-tse-nesta-segunda-feira\/","title":{"rendered":"Bolsonaro ser\u00e1 diplomado pelo TSE nesta segunda-feira"},"content":{"rendered":"<p style=\"text-align: justify;\">O presidente eleito, Jair Bolsonaro, chega a Bras\u00edlia hoje (10) para a cerim\u00f4nia de diploma\u00e7\u00e3o com seu vice Hamilton Mour\u00e3o, \u00e0s 16h, no Tribunal Superior Eleitoral (TSE). Para a solenidade, foram distribu\u00eddos 700 convites. Os diplomas s\u00e3o assinados pela presidente do TSE, ministra Rosa Weber, que abre a sess\u00e3o solene e indica dois ministros para conduzirem os eleitos ao plen\u00e1rio.<\/p>\n<p style=\"text-align: justify;\">A agenda do presidente eleito para esta semana \u00e9 intensa e inclui reuni\u00f5es com as bancadas do PSD, DEM, PSL, PP e PSB. Tamb\u00e9m h\u00e1 conversas com os governadores eleitos de Santa Catarina, Carlos Mois\u00e9s da Silva (PSL), e do Rio Grande do Sul, Eduardo Leite (PSDB).<\/p>\n<p style=\"text-align: justify;\">As reuni\u00f5es ocorrem no momento em que Bolsonaro j\u00e1 definiu toda a sua equipe ministerial. Os 22 ministros foram escolhidos. O \u00faltimo nome foi anunciado ontem (9), nas redes sociais, pelo pr\u00f3prio presidente eleito, o advogado e administrador Ricardo de Aquino Salles para o Minist\u00e9rio do Meio Ambiente.<\/p>\n<p style=\"text-align: justify;\"><strong>Consensos<\/strong><\/p>\n<p style=\"text-align: justify;\">Em busca de consenso para alinhar a base aliada no Congresso, o presidente eleito se re\u00fane amanh\u00e3 (11) com a bancada do PSD. No dia seguinte (12), ser\u00e1 a vez de conversar com o PSL, PP e PSB.<\/p>\n<p style=\"text-align: justify;\">Na reuni\u00e3o com o PSL, que \u00e9 o seu partido, Bolsonaro tentar\u00e1 dirimir as diverg\u00eancias internas que geraram troca de acusa\u00e7\u00f5es. A sigla foi a que mais cresceu nas elei\u00e7\u00f5es deste ano, ganhando 42 novos deputados e se tornando a segunda maior bancada da C\u00e2mara, atr\u00e1s apenas do PT, que tem 56.<\/p>\n<p style=\"text-align: justify;\">Na semana passada, o presidente eleito conversou com integrantes do MDB, PRB, PR e PSDB.<\/p>\n<p style=\"text-align: justify;\"><strong>Confraterniza\u00e7\u00e3o<\/strong><\/p>\n<p style=\"text-align: justify;\">Ainda em Bras\u00edlia, Bolsonaro vai se reunir amanh\u00e3 (11) com representantes do Corpo de Bombeiros e da Pol\u00edcia Militar. Na quarta-feira (12), ele almo\u00e7a com a sua turma de formandos da Academia Militar das Agulhas Negras (Aman), no Clube do Ex\u00e9rcito.<\/p>\n<p style=\"text-align: justify;\"><strong>Fonte: Ag\u00eancia Brasil<\/strong><\/p>\n","protected":false},"excerpt":{"rendered":"<p>O presidente eleito, Jair Bolsonaro, chega a Bras\u00edlia hoje (10) para a cerim\u00f4nia de diploma\u00e7\u00e3o com seu vice Hamilton Mour\u00e3o, \u00e0s 16h, no Tribunal Superior Eleitoral (TSE). Para a solenidade, foram distribu\u00eddos 700 convites. Os diplomas s\u00e3o assinados pela presidente do TSE, ministra Rosa Weber, que abre a sess\u00e3o solene e indica dois ministros para &hellip;<\/p>\n","protected":false},"author":4,"featured_media":3346,"comment_status":"open","ping_status":"open","sticky":false,"template":"","format":"standard","meta":{"content-type":"","rop_custom_images_group":[],"rop_custom_messages_group":[],"rop_publish_now":"initial","rop_publish_now_accounts":{"facebook_2648258775420054_1618374048415101":""},"rop_publish_now_history":[],"rop_publish_now_status":"pending","footnotes":"","_jetpack_memberships_contains_paid_content":false},"categories":[113,130],"tags":[680,479,702,398],"yoast_head":"<!-- This site is optimized with the Yoast SEO plugin v22.3 - https:\/\/yoast.com\/wordpress\/plugins\/seo\/ -->\n<title>Bolsonaro ser\u00e1 diplomado pelo TSE nesta segunda-feira - Portal NPM<\/title>\n<meta name=\"robots\" content=\"index, follow, max-snippet:-1, max-image-preview:large, max-video-preview:-1\" \/>\n<link rel=\"canonical\" href=\"https:\/\/portalnpm.com\/index.php\/2018\/12\/10\/bolsonaro-sera-diplomado-pelo-tse-nesta-segunda-feira\/\" \/>\n<meta property=\"og:locale\" content=\"pt_BR\" \/>\n<meta property=\"og:type\" content=\"article\" \/>\n<meta property=\"og:title\" content=\"Bolsonaro ser\u00e1 diplomado pelo TSE nesta segunda-feira - Portal NPM\" \/>\n<meta property=\"og:description\" content=\"O presidente eleito, Jair Bolsonaro, chega a Bras\u00edlia hoje (10) para a cerim\u00f4nia de diploma\u00e7\u00e3o com seu vice Hamilton Mour\u00e3o, \u00e0s 16h, no Tribunal Superior Eleitoral (TSE). Para a solenidade, foram distribu\u00eddos 700 convites. Os diplomas s\u00e3o assinados pela presidente do TSE, ministra Rosa Weber, que abre a sess\u00e3o solene e indica dois ministros para &hellip;\" \/>\n<meta property=\"og:url\" content=\"https:\/\/portalnpm.com\/index.php\/2018\/12\/10\/bolsonaro-sera-diplomado-pelo-tse-nesta-segunda-feira\/\" \/>\n<meta property=\"og:site_name\" content=\"Portal NPM\" \/>\n<meta property=\"article:published_time\" content=\"2018-12-10T16:52:50+00:00\" \/>\n<meta name=\"author\" content=\"Reda\u00e7\u00e3o\" \/>\n<meta name=\"twitter:card\" content=\"summary_large_image\" \/>\n<meta name=\"twitter:label1\" content=\"Escrito por\" \/>\n\t<meta name=\"twitter:data1\" content=\"Reda\u00e7\u00e3o\" \/>\n\t<meta name=\"twitter:label2\" content=\"Est. tempo de leitura\" \/>\n\t<meta name=\"twitter:data2\" content=\"2 minutos\" \/>\n<script type=\"application\/ld+json\" class=\"yoast-schema-graph\">{\"@context\":\"https:\/\/schema.org\",\"@graph\":[{\"@type\":\"WebPage\",\"@id\":\"https:\/\/portalnpm.com\/index.php\/2018\/12\/10\/bolsonaro-sera-diplomado-pelo-tse-nesta-segunda-feira\/\",\"url\":\"https:\/\/portalnpm.com\/index.php\/2018\/12\/10\/bolsonaro-sera-diplomado-pelo-tse-nesta-segunda-feira\/\",\"name\":\"Bolsonaro ser\u00e1 diplomado pelo TSE nesta segunda-feira - Portal NPM\",\"isPartOf\":{\"@id\":\"https:\/\/portalnpm.com\/#website\"},\"primaryImageOfPage\":{\"@id\":\"https:\/\/portalnpm.com\/index.php\/2018\/12\/10\/bolsonaro-sera-diplomado-pelo-tse-nesta-segunda-feira\/#primaryimage\"},\"image\":{\"@id\":\"https:\/\/portalnpm.com\/index.php\/2018\/12\/10\/bolsonaro-sera-diplomado-pelo-tse-nesta-segunda-feira\/#primaryimage\"},\"thumbnailUrl\":\"\",\"datePublished\":\"2018-12-10T16:52:50+00:00\",\"dateModified\":\"2018-12-10T16:52:50+00:00\",\"author\":{\"@id\":\"https:\/\/portalnpm.com\/#\/schema\/person\/0b5f230ec96cee25504fa328e7f2b733\"},\"breadcrumb\":{\"@id\":\"https:\/\/portalnpm.com\/index.php\/2018\/12\/10\/bolsonaro-sera-diplomado-pelo-tse-nesta-segunda-feira\/#breadcrumb\"},\"inLanguage\":\"pt-BR\",\"potentialAction\":[{\"@type\":\"ReadAction\",\"target\":[\"https:\/\/portalnpm.com\/index.php\/2018\/12\/10\/bolsonaro-sera-diplomado-pelo-tse-nesta-segunda-feira\/\"]}]},{\"@type\":\"ImageObject\",\"inLanguage\":\"pt-BR\",\"@id\":\"https:\/\/portalnpm.com\/index.php\/2018\/12\/10\/bolsonaro-sera-diplomado-pelo-tse-nesta-segunda-feira\/#primaryimage\",\"url\":\"\",\"contentUrl\":\"\"},{\"@type\":\"BreadcrumbList\",\"@id\":\"https:\/\/portalnpm.com\/index.php\/2018\/12\/10\/bolsonaro-sera-diplomado-pelo-tse-nesta-segunda-feira\/#breadcrumb\",\"itemListElement\":[{\"@type\":\"ListItem\",\"position\":1,\"name\":\"In\u00edcio\",\"item\":\"https:\/\/portalnpm.com\/\"},{\"@type\":\"ListItem\",\"position\":2,\"name\":\"Bolsonaro ser\u00e1 diplomado pelo TSE nesta segunda-feira\"}]},{\"@type\":\"WebSite\",\"@id\":\"https:\/\/portalnpm.com\/#website\",\"url\":\"https:\/\/portalnpm.com\/\",\"name\":\"Portal NPM\",\"description\":\"Not\u00edcias em Primeira M\u00e3o\",\"potentialAction\":[{\"@type\":\"SearchAction\",\"target\":{\"@type\":\"EntryPoint\",\"urlTemplate\":\"https:\/\/portalnpm.com\/?s={search_term_string}\"},\"query-input\":\"required name=search_term_string\"}],\"inLanguage\":\"pt-BR\"},{\"@type\":\"Person\",\"@id\":\"https:\/\/portalnpm.com\/#\/schema\/person\/0b5f230ec96cee25504fa328e7f2b733\",\"name\":\"Reda\u00e7\u00e3o\",\"image\":{\"@type\":\"ImageObject\",\"inLanguage\":\"pt-BR\",\"@id\":\"https:\/\/portalnpm.com\/#\/schema\/person\/image\/\",\"url\":\"https:\/\/portalnpm.com\/wp-content\/uploads\/2024\/03\/avatar_user_4_1710097212-96x96.png\",\"contentUrl\":\"https:\/\/portalnpm.com\/wp-content\/uploads\/2024\/03\/avatar_user_4_1710097212-96x96.png\",\"caption\":\"Reda\u00e7\u00e3o\"},\"url\":\"https:\/\/portalnpm.com\/index.php\/author\/redacao\/\"}]}<\/script>\n<!-- \/ Yoast SEO plugin. -->","yoast_head_json":{"title":"Bolsonaro ser\u00e1 diplomado pelo TSE nesta segunda-feira - Portal NPM","robots":{"index":"index","follow":"follow","max-snippet":"max-snippet:-1","max-image-preview":"max-image-preview:large","max-video-preview":"max-video-preview:-1"},"canonical":"https:\/\/portalnpm.com\/index.php\/2018\/12\/10\/bolsonaro-sera-diplomado-pelo-tse-nesta-segunda-feira\/","og_locale":"pt_BR","og_type":"article","og_title":"Bolsonaro ser\u00e1 diplomado pelo TSE nesta segunda-feira - Portal NPM","og_description":"O presidente eleito, Jair Bolsonaro, chega a Bras\u00edlia hoje (10) para a cerim\u00f4nia de diploma\u00e7\u00e3o com seu vice Hamilton Mour\u00e3o, \u00e0s 16h, no Tribunal Superior Eleitoral (TSE). Para a solenidade, foram distribu\u00eddos 700 convites. Os diplomas s\u00e3o assinados pela presidente do TSE, ministra Rosa Weber, que abre a sess\u00e3o solene e indica dois ministros para &hellip;","og_url":"https:\/\/portalnpm.com\/index.php\/2018\/12\/10\/bolsonaro-sera-diplomado-pelo-tse-nesta-segunda-feira\/","og_site_name":"Portal NPM","article_published_time":"2018-12-10T16:52:50+00:00","author":"Reda\u00e7\u00e3o","twitter_card":"summary_large_image","twitter_misc":{"Escrito por":"Reda\u00e7\u00e3o","Est. tempo de leitura":"2 minutos"},"schema":{"@context":"https:\/\/schema.org","@graph":[{"@type":"WebPage","@id":"https:\/\/portalnpm.com\/index.php\/2018\/12\/10\/bolsonaro-sera-diplomado-pelo-tse-nesta-segunda-feira\/","url":"https:\/\/portalnpm.com\/index.php\/2018\/12\/10\/bolsonaro-sera-diplomado-pelo-tse-nesta-segunda-feira\/","name":"Bolsonaro ser\u00e1 diplomado pelo TSE nesta segunda-feira - Portal NPM","isPartOf":{"@id":"https:\/\/portalnpm.com\/#website"},"primaryImageOfPage":{"@id":"https:\/\/portalnpm.com\/index.php\/2018\/12\/10\/bolsonaro-sera-diplomado-pelo-tse-nesta-segunda-feira\/#primaryimage"},"image":{"@id":"https:\/\/portalnpm.com\/index.php\/2018\/12\/10\/bolsonaro-sera-diplomado-pelo-tse-nesta-segunda-feira\/#primaryimage"},"thumbnailUrl":"","datePublished":"2018-12-10T16:52:50+00:00","dateModified":"2018-12-10T16:52:50+00:00","author":{"@id":"https:\/\/portalnpm.com\/#\/schema\/person\/0b5f230ec96cee25504fa328e7f2b733"},"breadcrumb":{"@id":"https:\/\/portalnpm.com\/index.php\/2018\/12\/10\/bolsonaro-sera-diplomado-pelo-tse-nesta-segunda-feira\/#breadcrumb"},"inLanguage":"pt-BR","potentialAction":[{"@type":"ReadAction","target":["https:\/\/portalnpm.com\/index.php\/2018\/12\/10\/bolsonaro-sera-diplomado-pelo-tse-nesta-segunda-feira\/"]}]},{"@type":"ImageObject","inLanguage":"pt-BR","@id":"https:\/\/portalnpm.com\/index.php\/2018\/12\/10\/bolsonaro-sera-diplomado-pelo-tse-nesta-segunda-feira\/#primaryimage","url":"","contentUrl":""},{"@type":"BreadcrumbList","@id":"https:\/\/portalnpm.com\/index.php\/2018\/12\/10\/bolsonaro-sera-diplomado-pelo-tse-nesta-segunda-feira\/#breadcrumb","itemListElement":[{"@type":"ListItem","position":1,"name":"In\u00edcio","item":"https:\/\/portalnpm.com\/"},{"@type":"ListItem","position":2,"name":"Bolsonaro ser\u00e1 diplomado pelo TSE nesta segunda-feira"}]},{"@type":"WebSite","@id":"https:\/\/portalnpm.com\/#website","url":"https:\/\/portalnpm.com\/","name":"Portal NPM","description":"Not\u00edcias em Primeira M\u00e3o","potentialAction":[{"@type":"SearchAction","target":{"@type":"EntryPoint","urlTemplate":"https:\/\/portalnpm.com\/?s={search_term_string}"},"query-input":"required name=search_term_string"}],"inLanguage":"pt-BR"},{"@type":"Person","@id":"https:\/\/portalnpm.com\/#\/schema\/person\/0b5f230ec96cee25504fa328e7f2b733","name":"Reda\u00e7\u00e3o","image":{"@type":"ImageObject","inLanguage":"pt-BR","@id":"https:\/\/portalnpm.com\/#\/schema\/person\/image\/","url":"https:\/\/portalnpm.com\/wp-content\/uploads\/2024\/03\/avatar_user_4_1710097212-96x96.png","contentUrl":"https:\/\/portalnpm.com\/wp-content\/uploads\/2024\/03\/avatar_user_4_1710097212-96x96.png","caption":"Reda\u00e7\u00e3o"},"url":"https:\/\/portalnpm.com\/index.php\/author\/redacao\/"}]}},"jetpack_sharing_enabled":true,"jetpack_featured_media_url":"","_links":{"self":[{"href":"https:\/\/portalnpm.com\/index.php\/wp-json\/wp\/v2\/posts\/3345"}],"collection":[{"href":"https:\/\/portalnpm.com\/index.php\/wp-json\/wp\/v2\/posts"}],"about":[{"href":"https:\/\/portalnpm.com\/index.php\/wp-json\/wp\/v2\/types\/post"}],"author":[{"embeddable":true,"href":"https:\/\/portalnpm.com\/index.php\/wp-json\/wp\/v2\/users\/4"}],"replies":[{"embeddable":true,"href":"https:\/\/portalnpm.com\/index.php\/wp-json\/wp\/v2\/comments?post=3345"}],"version-history":[{"count":0,"href":"https:\/\/portalnpm.com\/index.php\/wp-json\/wp\/v2\/posts\/3345\/revisions"}],"wp:featuredmedia":[{"embeddable":true,"href":"https:\/\/portalnpm.com\/index.php\/wp-json\/"}],"wp:attachment":[{"href":"https:\/\/portalnpm.com\/index.php\/wp-json\/wp\/v2\/media?parent=3345"}],"wp:term":[{"taxonomy":"category","embeddable":true,"href":"https:\/\/portalnpm.com\/index.php\/wp-json\/wp\/v2\/categories?post=3345"},{"taxonomy":"post_tag","embeddable":true,"href":"https:\/\/portalnpm.com\/index.php\/wp-json\/wp\/v2\/tags?post=3345"}],"curies":[{"name":"wp","href":"https:\/\/api.w.org\/{rel}","templated":true}]}}