{"id":3348,"date":"2018-12-10T15:07:14","date_gmt":"2018-12-10T17:07:14","guid":{"rendered":"http:\/\/srv.portalnpm.com.br\/?p=3348"},"modified":"2018-12-10T15:07:14","modified_gmt":"2018-12-10T17:07:14","slug":"prf-fiscaliza-247-veiculos-na-regiao-de-picos-durante-o-final-de-semana","status":"publish","type":"post","link":"https:\/\/portalnpm.com\/index.php\/2018\/12\/10\/prf-fiscaliza-247-veiculos-na-regiao-de-picos-durante-o-final-de-semana\/","title":{"rendered":"PRF fiscaliza 247 ve\u00edculos na regi\u00e3o de Picos durante o final de semana"},"content":{"rendered":"<p style=\"text-align: justify;\">O inspetor Jorge Madeira informou sobre o resumo operacional durante o final de semana nas estradas da regi\u00e3o de Picos e classificou o per\u00edodo como tranquilo, j\u00e1 que os agentes n\u00e3o registraram nenhum acidente.<\/p>\n<p style=\"text-align: justify;\">De sexta-feira (07) a domingo (09), 247 ve\u00edculos foram fiscalizados; 04 CNHs (Carteira Nacional de Habilita\u00e7\u00e3o) e 35 CRLVs (Certificado de Registro e Licenciamento de Ve\u00edculo) foram recolhidos; foram extra\u00eddas 154 notifica\u00e7\u00f5es \u2013 as mais comuns, segundo o agente, s\u00e3o de condutor e passageiro sem capacete, passageiros sem o sinto de seguran\u00e7a. Cinco ve\u00edculos de carga foram notificados por excesso de peso, onde somados, chegou-se a aproximadamente, 32 toneladas a mais do total permitido.<\/p>\n<p style=\"text-align: justify;\">Doze ve\u00edculos foram recolhidos aos postos de Picos, Valen\u00e7a e Alegrete, o trabalho contou com a atua\u00e7\u00e3o de 27 policiais rodovi\u00e1rios.<\/p>\n<p style=\"text-align: justify;\"><strong>Fonte:Grande Picos<\/strong><\/p>\n","protected":false},"excerpt":{"rendered":"<p>O inspetor Jorge Madeira informou sobre o resumo operacional durante o final de semana nas estradas da regi\u00e3o de Picos e classificou o per\u00edodo como tranquilo, j\u00e1 que os agentes n\u00e3o registraram nenhum acidente. De sexta-feira (07) a domingo (09), 247 ve\u00edculos foram fiscalizados; 04 CNHs (Carteira Nacional de Habilita\u00e7\u00e3o) e 35 CRLVs (Certificado de &hellip;<\/p>\n","protected":false},"author":4,"featured_media":3349,"comment_status":"open","ping_status":"open","sticky":false,"template":"","format":"standard","meta":{"content-type":"","rop_custom_images_group":[],"rop_custom_messages_group":[],"rop_publish_now":"initial","rop_publish_now_accounts":{"facebook_2648258775420054_1618374048415101":""},"rop_publish_now_history":[],"rop_publish_now_status":"pending","footnotes":"","_jetpack_memberships_contains_paid_content":false},"categories":[113,125],"tags":[1684,1685,1308,1686],"yoast_head":"<!-- This site is optimized with the Yoast SEO plugin v22.3 - https:\/\/yoast.com\/wordpress\/plugins\/seo\/ -->\n<title>PRF fiscaliza 247 ve\u00edculos na regi\u00e3o de Picos durante o final de semana - Portal NPM<\/title>\n<meta name=\"robots\" content=\"index, follow, max-snippet:-1, max-image-preview:large, max-video-preview:-1\" \/>\n<link rel=\"canonical\" href=\"https:\/\/portalnpm.com\/index.php\/2018\/12\/10\/prf-fiscaliza-247-veiculos-na-regiao-de-picos-durante-o-final-de-semana\/\" \/>\n<meta property=\"og:locale\" content=\"pt_BR\" \/>\n<meta property=\"og:type\" content=\"article\" \/>\n<meta property=\"og:title\" content=\"PRF fiscaliza 247 ve\u00edculos na regi\u00e3o de Picos durante o final de semana - Portal NPM\" \/>\n<meta property=\"og:description\" content=\"O inspetor Jorge Madeira informou sobre o resumo operacional durante o final de semana nas estradas da regi\u00e3o de Picos e classificou o per\u00edodo como tranquilo, j\u00e1 que os agentes n\u00e3o registraram nenhum acidente. De sexta-feira (07) a domingo (09), 247 ve\u00edculos foram fiscalizados; 04 CNHs (Carteira Nacional de Habilita\u00e7\u00e3o) e 35 CRLVs (Certificado de &hellip;\" \/>\n<meta property=\"og:url\" content=\"https:\/\/portalnpm.com\/index.php\/2018\/12\/10\/prf-fiscaliza-247-veiculos-na-regiao-de-picos-durante-o-final-de-semana\/\" \/>\n<meta property=\"og:site_name\" content=\"Portal NPM\" \/>\n<meta property=\"article:published_time\" content=\"2018-12-10T17:07:14+00:00\" \/>\n<meta name=\"author\" content=\"Reda\u00e7\u00e3o\" \/>\n<meta name=\"twitter:card\" content=\"summary_large_image\" \/>\n<meta name=\"twitter:label1\" content=\"Escrito por\" \/>\n\t<meta name=\"twitter:data1\" content=\"Reda\u00e7\u00e3o\" \/>\n\t<meta name=\"twitter:label2\" content=\"Est. tempo de leitura\" \/>\n\t<meta name=\"twitter:data2\" content=\"1 minuto\" \/>\n<script type=\"application\/ld+json\" class=\"yoast-schema-graph\">{\"@context\":\"https:\/\/schema.org\",\"@graph\":[{\"@type\":\"WebPage\",\"@id\":\"https:\/\/portalnpm.com\/index.php\/2018\/12\/10\/prf-fiscaliza-247-veiculos-na-regiao-de-picos-durante-o-final-de-semana\/\",\"url\":\"https:\/\/portalnpm.com\/index.php\/2018\/12\/10\/prf-fiscaliza-247-veiculos-na-regiao-de-picos-durante-o-final-de-semana\/\",\"name\":\"PRF fiscaliza 247 ve\u00edculos na regi\u00e3o de Picos durante o final de semana - Portal NPM\",\"isPartOf\":{\"@id\":\"https:\/\/portalnpm.com\/#website\"},\"primaryImageOfPage\":{\"@id\":\"https:\/\/portalnpm.com\/index.php\/2018\/12\/10\/prf-fiscaliza-247-veiculos-na-regiao-de-picos-durante-o-final-de-semana\/#primaryimage\"},\"image\":{\"@id\":\"https:\/\/portalnpm.com\/index.php\/2018\/12\/10\/prf-fiscaliza-247-veiculos-na-regiao-de-picos-durante-o-final-de-semana\/#primaryimage\"},\"thumbnailUrl\":\"\",\"datePublished\":\"2018-12-10T17:07:14+00:00\",\"dateModified\":\"2018-12-10T17:07:14+00:00\",\"author\":{\"@id\":\"https:\/\/portalnpm.com\/#\/schema\/person\/0b5f230ec96cee25504fa328e7f2b733\"},\"breadcrumb\":{\"@id\":\"https:\/\/portalnpm.com\/index.php\/2018\/12\/10\/prf-fiscaliza-247-veiculos-na-regiao-de-picos-durante-o-final-de-semana\/#breadcrumb\"},\"inLanguage\":\"pt-BR\",\"potentialAction\":[{\"@type\":\"ReadAction\",\"target\":[\"https:\/\/portalnpm.com\/index.php\/2018\/12\/10\/prf-fiscaliza-247-veiculos-na-regiao-de-picos-durante-o-final-de-semana\/\"]}]},{\"@type\":\"ImageObject\",\"inLanguage\":\"pt-BR\",\"@id\":\"https:\/\/portalnpm.com\/index.php\/2018\/12\/10\/prf-fiscaliza-247-veiculos-na-regiao-de-picos-durante-o-final-de-semana\/#primaryimage\",\"url\":\"\",\"contentUrl\":\"\"},{\"@type\":\"BreadcrumbList\",\"@id\":\"https:\/\/portalnpm.com\/index.php\/2018\/12\/10\/prf-fiscaliza-247-veiculos-na-regiao-de-picos-durante-o-final-de-semana\/#breadcrumb\",\"itemListElement\":[{\"@type\":\"ListItem\",\"position\":1,\"name\":\"In\u00edcio\",\"item\":\"https:\/\/portalnpm.com\/\"},{\"@type\":\"ListItem\",\"position\":2,\"name\":\"PRF fiscaliza 247 ve\u00edculos na regi\u00e3o de Picos durante o final de semana\"}]},{\"@type\":\"WebSite\",\"@id\":\"https:\/\/portalnpm.com\/#website\",\"url\":\"https:\/\/portalnpm.com\/\",\"name\":\"Portal NPM\",\"description\":\"Not\u00edcias em Primeira M\u00e3o\",\"potentialAction\":[{\"@type\":\"SearchAction\",\"target\":{\"@type\":\"EntryPoint\",\"urlTemplate\":\"https:\/\/portalnpm.com\/?s={search_term_string}\"},\"query-input\":\"required name=search_term_string\"}],\"inLanguage\":\"pt-BR\"},{\"@type\":\"Person\",\"@id\":\"https:\/\/portalnpm.com\/#\/schema\/person\/0b5f230ec96cee25504fa328e7f2b733\",\"name\":\"Reda\u00e7\u00e3o\",\"image\":{\"@type\":\"ImageObject\",\"inLanguage\":\"pt-BR\",\"@id\":\"https:\/\/portalnpm.com\/#\/schema\/person\/image\/\",\"url\":\"https:\/\/portalnpm.com\/wp-content\/uploads\/2024\/03\/avatar_user_4_1710097212-96x96.png\",\"contentUrl\":\"https:\/\/portalnpm.com\/wp-content\/uploads\/2024\/03\/avatar_user_4_1710097212-96x96.png\",\"caption\":\"Reda\u00e7\u00e3o\"},\"url\":\"https:\/\/portalnpm.com\/index.php\/author\/redacao\/\"}]}<\/script>\n<!-- \/ Yoast SEO plugin. -->","yoast_head_json":{"title":"PRF fiscaliza 247 ve\u00edculos na regi\u00e3o de Picos durante o final de semana - Portal NPM","robots":{"index":"index","follow":"follow","max-snippet":"max-snippet:-1","max-image-preview":"max-image-preview:large","max-video-preview":"max-video-preview:-1"},"canonical":"https:\/\/portalnpm.com\/index.php\/2018\/12\/10\/prf-fiscaliza-247-veiculos-na-regiao-de-picos-durante-o-final-de-semana\/","og_locale":"pt_BR","og_type":"article","og_title":"PRF fiscaliza 247 ve\u00edculos na regi\u00e3o de Picos durante o final de semana - Portal NPM","og_description":"O inspetor Jorge Madeira informou sobre o resumo operacional durante o final de semana nas estradas da regi\u00e3o de Picos e classificou o per\u00edodo como tranquilo, j\u00e1 que os agentes n\u00e3o registraram nenhum acidente. De sexta-feira (07) a domingo (09), 247 ve\u00edculos foram fiscalizados; 04 CNHs (Carteira Nacional de Habilita\u00e7\u00e3o) e 35 CRLVs (Certificado de &hellip;","og_url":"https:\/\/portalnpm.com\/index.php\/2018\/12\/10\/prf-fiscaliza-247-veiculos-na-regiao-de-picos-durante-o-final-de-semana\/","og_site_name":"Portal NPM","article_published_time":"2018-12-10T17:07:14+00:00","author":"Reda\u00e7\u00e3o","twitter_card":"summary_large_image","twitter_misc":{"Escrito por":"Reda\u00e7\u00e3o","Est. tempo de leitura":"1 minuto"},"schema":{"@context":"https:\/\/schema.org","@graph":[{"@type":"WebPage","@id":"https:\/\/portalnpm.com\/index.php\/2018\/12\/10\/prf-fiscaliza-247-veiculos-na-regiao-de-picos-durante-o-final-de-semana\/","url":"https:\/\/portalnpm.com\/index.php\/2018\/12\/10\/prf-fiscaliza-247-veiculos-na-regiao-de-picos-durante-o-final-de-semana\/","name":"PRF fiscaliza 247 ve\u00edculos na regi\u00e3o de Picos durante o final de semana - Portal NPM","isPartOf":{"@id":"https:\/\/portalnpm.com\/#website"},"primaryImageOfPage":{"@id":"https:\/\/portalnpm.com\/index.php\/2018\/12\/10\/prf-fiscaliza-247-veiculos-na-regiao-de-picos-durante-o-final-de-semana\/#primaryimage"},"image":{"@id":"https:\/\/portalnpm.com\/index.php\/2018\/12\/10\/prf-fiscaliza-247-veiculos-na-regiao-de-picos-durante-o-final-de-semana\/#primaryimage"},"thumbnailUrl":"","datePublished":"2018-12-10T17:07:14+00:00","dateModified":"2018-12-10T17:07:14+00:00","author":{"@id":"https:\/\/portalnpm.com\/#\/schema\/person\/0b5f230ec96cee25504fa328e7f2b733"},"breadcrumb":{"@id":"https:\/\/portalnpm.com\/index.php\/2018\/12\/10\/prf-fiscaliza-247-veiculos-na-regiao-de-picos-durante-o-final-de-semana\/#breadcrumb"},"inLanguage":"pt-BR","potentialAction":[{"@type":"ReadAction","target":["https:\/\/portalnpm.com\/index.php\/2018\/12\/10\/prf-fiscaliza-247-veiculos-na-regiao-de-picos-durante-o-final-de-semana\/"]}]},{"@type":"ImageObject","inLanguage":"pt-BR","@id":"https:\/\/portalnpm.com\/index.php\/2018\/12\/10\/prf-fiscaliza-247-veiculos-na-regiao-de-picos-durante-o-final-de-semana\/#primaryimage","url":"","contentUrl":""},{"@type":"BreadcrumbList","@id":"https:\/\/portalnpm.com\/index.php\/2018\/12\/10\/prf-fiscaliza-247-veiculos-na-regiao-de-picos-durante-o-final-de-semana\/#breadcrumb","itemListElement":[{"@type":"ListItem","position":1,"name":"In\u00edcio","item":"https:\/\/portalnpm.com\/"},{"@type":"ListItem","position":2,"name":"PRF fiscaliza 247 ve\u00edculos na regi\u00e3o de Picos durante o final de semana"}]},{"@type":"WebSite","@id":"https:\/\/portalnpm.com\/#website","url":"https:\/\/portalnpm.com\/","name":"Portal NPM","description":"Not\u00edcias em Primeira M\u00e3o","potentialAction":[{"@type":"SearchAction","target":{"@type":"EntryPoint","urlTemplate":"https:\/\/portalnpm.com\/?s={search_term_string}"},"query-input":"required name=search_term_string"}],"inLanguage":"pt-BR"},{"@type":"Person","@id":"https:\/\/portalnpm.com\/#\/schema\/person\/0b5f230ec96cee25504fa328e7f2b733","name":"Reda\u00e7\u00e3o","image":{"@type":"ImageObject","inLanguage":"pt-BR","@id":"https:\/\/portalnpm.com\/#\/schema\/person\/image\/","url":"https:\/\/portalnpm.com\/wp-content\/uploads\/2024\/03\/avatar_user_4_1710097212-96x96.png","contentUrl":"https:\/\/portalnpm.com\/wp-content\/uploads\/2024\/03\/avatar_user_4_1710097212-96x96.png","caption":"Reda\u00e7\u00e3o"},"url":"https:\/\/portalnpm.com\/index.php\/author\/redacao\/"}]}},"jetpack_sharing_enabled":true,"jetpack_featured_media_url":"","_links":{"self":[{"href":"https:\/\/portalnpm.com\/index.php\/wp-json\/wp\/v2\/posts\/3348"}],"collection":[{"href":"https:\/\/portalnpm.com\/index.php\/wp-json\/wp\/v2\/posts"}],"about":[{"href":"https:\/\/portalnpm.com\/index.php\/wp-json\/wp\/v2\/types\/post"}],"author":[{"embeddable":true,"href":"https:\/\/portalnpm.com\/index.php\/wp-json\/wp\/v2\/users\/4"}],"replies":[{"embeddable":true,"href":"https:\/\/portalnpm.com\/index.php\/wp-json\/wp\/v2\/comments?post=3348"}],"version-history":[{"count":0,"href":"https:\/\/portalnpm.com\/index.php\/wp-json\/wp\/v2\/posts\/3348\/revisions"}],"wp:featuredmedia":[{"embeddable":true,"href":"https:\/\/portalnpm.com\/index.php\/wp-json\/"}],"wp:attachment":[{"href":"https:\/\/portalnpm.com\/index.php\/wp-json\/wp\/v2\/media?parent=3348"}],"wp:term":[{"taxonomy":"category","embeddable":true,"href":"https:\/\/portalnpm.com\/index.php\/wp-json\/wp\/v2\/categories?post=3348"},{"taxonomy":"post_tag","embeddable":true,"href":"https:\/\/portalnpm.com\/index.php\/wp-json\/wp\/v2\/tags?post=3348"}],"curies":[{"name":"wp","href":"https:\/\/api.w.org\/{rel}","templated":true}]}}