{"id":3365,"date":"2018-12-11T12:54:33","date_gmt":"2018-12-11T14:54:33","guid":{"rendered":"http:\/\/srv.portalnpm.com.br\/?p=3365"},"modified":"2018-12-11T12:54:33","modified_gmt":"2018-12-11T14:54:33","slug":"prefeito-valdinar-anuncia-atracoes-artisticas-do-55o-aniversario-de-padre-marcos","status":"publish","type":"post","link":"https:\/\/portalnpm.com\/index.php\/2018\/12\/11\/prefeito-valdinar-anuncia-atracoes-artisticas-do-55o-aniversario-de-padre-marcos\/","title":{"rendered":"Prefeito Valdinar anuncia atra\u00e7\u00f5es art\u00edsticas do 55\u00ba anivers\u00e1rio de Padre Marcos"},"content":{"rendered":"<p style=\"text-align: justify;\">Em janeiro de 2019, Padre Marcos completar\u00e1 55 anos de emancipa\u00e7\u00e3o pol\u00edtica. E para comemorar a mais importante data do calend\u00e1rio oficial do munic\u00edpio, o Governo Municipal est\u00e1 preparando vasta programa\u00e7\u00e3o com atividades c\u00edvicas, culturais, esportivas, religiosas e festivas.<\/p>\n<p style=\"text-align: justify;\">O ponto alto da programa\u00e7\u00e3o s\u00e3o os shows em pra\u00e7a p\u00fablica, que atraem, anualmente, milhares de pessoas do pr\u00f3prio munic\u00edpio e de toda a regi\u00e3o para festejar o anivers\u00e1rio da \u201cTerra da Boa Esperan\u00e7a\u201d.<\/p>\n<p style=\"text-align: justify;\">O prefeito de Padre Marcos, Jos\u00e9 Valdinar da Silva \u2013 PSB, anunciou tr\u00eas atra\u00e7\u00f5es art\u00edsticas para o evento, que acontecer\u00e1 no dia 17 de janeiro. Est\u00e3o confirmados os shows com o sanfoneiro o cantor Lamarck e Akangaia, a banda Sorriso de Menina e a principal delas, M\u00e1rcia Fellipe, a fenomenal, como \u00e9 conhecida, um dos principais nomes do mundo do forr\u00f3 na atualidade.<\/p>\n<p><img fetchpriority=\"high\" decoding=\"async\" class=\"alignnone size-medium wp-image-3367\" src=\"http:\/\/portalnpm.com.br\/wp-content\/uploads\/2018\/12\/M\u00e1rcia-Fellipe-768x687-300x268.png\" alt=\"\" width=\"300\" height=\"268\" \/><\/p>\n<p style=\"text-align: justify;\">O evento \u00e9 promovido pela Prefeitura Municipal e, segundo o gestor, ter\u00e1, por mais um ano, o total apoio do deputado Georgiano Neto. \u201cN\u00f3s, padremarcoenses, temos o que comemorar. Com o trabalho da nossa gest\u00e3o, o nosso munic\u00edpio tem se desenvolvido muito. Sem falar que o anivers\u00e1rio do munic\u00edpio \u00e9 a data mais importante.\u201d, disse, acrescentando que em breve ser\u00e1 divulgada a programa\u00e7\u00e3o completa.<\/p>\n<p style=\"text-align: justify;\"><strong>Fonte: Cidades Na Net<\/strong><\/p>\n","protected":false},"excerpt":{"rendered":"<p>Em janeiro de 2019, Padre Marcos completar\u00e1 55 anos de emancipa\u00e7\u00e3o pol\u00edtica. E para comemorar a mais importante data do calend\u00e1rio oficial do munic\u00edpio, o Governo Municipal est\u00e1 preparando vasta programa\u00e7\u00e3o com atividades c\u00edvicas, culturais, esportivas, religiosas e festivas. O ponto alto da programa\u00e7\u00e3o s\u00e3o os shows em pra\u00e7a p\u00fablica, que atraem, anualmente, milhares de &hellip;<\/p>\n","protected":false},"author":4,"featured_media":3366,"comment_status":"open","ping_status":"open","sticky":false,"template":"","format":"standard","meta":{"content-type":"","rop_custom_images_group":[],"rop_custom_messages_group":[],"rop_publish_now":"initial","rop_publish_now_accounts":{"facebook_2648258775420054_1618374048415101":""},"rop_publish_now_history":[],"rop_publish_now_status":"pending","footnotes":"","_jetpack_memberships_contains_paid_content":false},"categories":[113,109,119],"tags":[1691,223,437,135],"yoast_head":"<!-- This site is optimized with the Yoast SEO plugin v22.3 - https:\/\/yoast.com\/wordpress\/plugins\/seo\/ -->\n<title>Prefeito Valdinar anuncia atra\u00e7\u00f5es art\u00edsticas do 55\u00ba anivers\u00e1rio de Padre Marcos - Portal NPM<\/title>\n<meta name=\"robots\" content=\"index, follow, max-snippet:-1, max-image-preview:large, max-video-preview:-1\" \/>\n<link rel=\"canonical\" href=\"https:\/\/portalnpm.com\/index.php\/2018\/12\/11\/prefeito-valdinar-anuncia-atracoes-artisticas-do-55o-aniversario-de-padre-marcos\/\" \/>\n<meta property=\"og:locale\" content=\"pt_BR\" \/>\n<meta property=\"og:type\" content=\"article\" \/>\n<meta property=\"og:title\" content=\"Prefeito Valdinar anuncia atra\u00e7\u00f5es art\u00edsticas do 55\u00ba anivers\u00e1rio de Padre Marcos - Portal NPM\" \/>\n<meta property=\"og:description\" content=\"Em janeiro de 2019, Padre Marcos completar\u00e1 55 anos de emancipa\u00e7\u00e3o pol\u00edtica. E para comemorar a mais importante data do calend\u00e1rio oficial do munic\u00edpio, o Governo Municipal est\u00e1 preparando vasta programa\u00e7\u00e3o com atividades c\u00edvicas, culturais, esportivas, religiosas e festivas. O ponto alto da programa\u00e7\u00e3o s\u00e3o os shows em pra\u00e7a p\u00fablica, que atraem, anualmente, milhares de &hellip;\" \/>\n<meta property=\"og:url\" content=\"https:\/\/portalnpm.com\/index.php\/2018\/12\/11\/prefeito-valdinar-anuncia-atracoes-artisticas-do-55o-aniversario-de-padre-marcos\/\" \/>\n<meta property=\"og:site_name\" content=\"Portal NPM\" \/>\n<meta property=\"article:published_time\" content=\"2018-12-11T14:54:33+00:00\" \/>\n<meta name=\"author\" content=\"Reda\u00e7\u00e3o\" \/>\n<meta name=\"twitter:card\" content=\"summary_large_image\" \/>\n<meta name=\"twitter:label1\" content=\"Escrito por\" \/>\n\t<meta name=\"twitter:data1\" content=\"Reda\u00e7\u00e3o\" \/>\n\t<meta name=\"twitter:label2\" content=\"Est. tempo de leitura\" \/>\n\t<meta name=\"twitter:data2\" content=\"1 minuto\" \/>\n<script type=\"application\/ld+json\" class=\"yoast-schema-graph\">{\"@context\":\"https:\/\/schema.org\",\"@graph\":[{\"@type\":\"WebPage\",\"@id\":\"https:\/\/portalnpm.com\/index.php\/2018\/12\/11\/prefeito-valdinar-anuncia-atracoes-artisticas-do-55o-aniversario-de-padre-marcos\/\",\"url\":\"https:\/\/portalnpm.com\/index.php\/2018\/12\/11\/prefeito-valdinar-anuncia-atracoes-artisticas-do-55o-aniversario-de-padre-marcos\/\",\"name\":\"Prefeito Valdinar anuncia atra\u00e7\u00f5es art\u00edsticas do 55\u00ba anivers\u00e1rio de Padre Marcos - Portal NPM\",\"isPartOf\":{\"@id\":\"https:\/\/portalnpm.com\/#website\"},\"primaryImageOfPage\":{\"@id\":\"https:\/\/portalnpm.com\/index.php\/2018\/12\/11\/prefeito-valdinar-anuncia-atracoes-artisticas-do-55o-aniversario-de-padre-marcos\/#primaryimage\"},\"image\":{\"@id\":\"https:\/\/portalnpm.com\/index.php\/2018\/12\/11\/prefeito-valdinar-anuncia-atracoes-artisticas-do-55o-aniversario-de-padre-marcos\/#primaryimage\"},\"thumbnailUrl\":\"\",\"datePublished\":\"2018-12-11T14:54:33+00:00\",\"dateModified\":\"2018-12-11T14:54:33+00:00\",\"author\":{\"@id\":\"https:\/\/portalnpm.com\/#\/schema\/person\/0b5f230ec96cee25504fa328e7f2b733\"},\"breadcrumb\":{\"@id\":\"https:\/\/portalnpm.com\/index.php\/2018\/12\/11\/prefeito-valdinar-anuncia-atracoes-artisticas-do-55o-aniversario-de-padre-marcos\/#breadcrumb\"},\"inLanguage\":\"pt-BR\",\"potentialAction\":[{\"@type\":\"ReadAction\",\"target\":[\"https:\/\/portalnpm.com\/index.php\/2018\/12\/11\/prefeito-valdinar-anuncia-atracoes-artisticas-do-55o-aniversario-de-padre-marcos\/\"]}]},{\"@type\":\"ImageObject\",\"inLanguage\":\"pt-BR\",\"@id\":\"https:\/\/portalnpm.com\/index.php\/2018\/12\/11\/prefeito-valdinar-anuncia-atracoes-artisticas-do-55o-aniversario-de-padre-marcos\/#primaryimage\",\"url\":\"\",\"contentUrl\":\"\"},{\"@type\":\"BreadcrumbList\",\"@id\":\"https:\/\/portalnpm.com\/index.php\/2018\/12\/11\/prefeito-valdinar-anuncia-atracoes-artisticas-do-55o-aniversario-de-padre-marcos\/#breadcrumb\",\"itemListElement\":[{\"@type\":\"ListItem\",\"position\":1,\"name\":\"In\u00edcio\",\"item\":\"https:\/\/portalnpm.com\/\"},{\"@type\":\"ListItem\",\"position\":2,\"name\":\"Prefeito Valdinar anuncia atra\u00e7\u00f5es art\u00edsticas do 55\u00ba anivers\u00e1rio de Padre Marcos\"}]},{\"@type\":\"WebSite\",\"@id\":\"https:\/\/portalnpm.com\/#website\",\"url\":\"https:\/\/portalnpm.com\/\",\"name\":\"Portal NPM\",\"description\":\"Not\u00edcias em Primeira M\u00e3o\",\"potentialAction\":[{\"@type\":\"SearchAction\",\"target\":{\"@type\":\"EntryPoint\",\"urlTemplate\":\"https:\/\/portalnpm.com\/?s={search_term_string}\"},\"query-input\":\"required name=search_term_string\"}],\"inLanguage\":\"pt-BR\"},{\"@type\":\"Person\",\"@id\":\"https:\/\/portalnpm.com\/#\/schema\/person\/0b5f230ec96cee25504fa328e7f2b733\",\"name\":\"Reda\u00e7\u00e3o\",\"image\":{\"@type\":\"ImageObject\",\"inLanguage\":\"pt-BR\",\"@id\":\"https:\/\/portalnpm.com\/#\/schema\/person\/image\/\",\"url\":\"https:\/\/portalnpm.com\/wp-content\/uploads\/2024\/03\/avatar_user_4_1710097212-96x96.png\",\"contentUrl\":\"https:\/\/portalnpm.com\/wp-content\/uploads\/2024\/03\/avatar_user_4_1710097212-96x96.png\",\"caption\":\"Reda\u00e7\u00e3o\"},\"url\":\"https:\/\/portalnpm.com\/index.php\/author\/redacao\/\"}]}<\/script>\n<!-- \/ Yoast SEO plugin. -->","yoast_head_json":{"title":"Prefeito Valdinar anuncia atra\u00e7\u00f5es art\u00edsticas do 55\u00ba anivers\u00e1rio de Padre Marcos - Portal NPM","robots":{"index":"index","follow":"follow","max-snippet":"max-snippet:-1","max-image-preview":"max-image-preview:large","max-video-preview":"max-video-preview:-1"},"canonical":"https:\/\/portalnpm.com\/index.php\/2018\/12\/11\/prefeito-valdinar-anuncia-atracoes-artisticas-do-55o-aniversario-de-padre-marcos\/","og_locale":"pt_BR","og_type":"article","og_title":"Prefeito Valdinar anuncia atra\u00e7\u00f5es art\u00edsticas do 55\u00ba anivers\u00e1rio de Padre Marcos - Portal NPM","og_description":"Em janeiro de 2019, Padre Marcos completar\u00e1 55 anos de emancipa\u00e7\u00e3o pol\u00edtica. E para comemorar a mais importante data do calend\u00e1rio oficial do munic\u00edpio, o Governo Municipal est\u00e1 preparando vasta programa\u00e7\u00e3o com atividades c\u00edvicas, culturais, esportivas, religiosas e festivas. O ponto alto da programa\u00e7\u00e3o s\u00e3o os shows em pra\u00e7a p\u00fablica, que atraem, anualmente, milhares de &hellip;","og_url":"https:\/\/portalnpm.com\/index.php\/2018\/12\/11\/prefeito-valdinar-anuncia-atracoes-artisticas-do-55o-aniversario-de-padre-marcos\/","og_site_name":"Portal NPM","article_published_time":"2018-12-11T14:54:33+00:00","author":"Reda\u00e7\u00e3o","twitter_card":"summary_large_image","twitter_misc":{"Escrito por":"Reda\u00e7\u00e3o","Est. tempo de leitura":"1 minuto"},"schema":{"@context":"https:\/\/schema.org","@graph":[{"@type":"WebPage","@id":"https:\/\/portalnpm.com\/index.php\/2018\/12\/11\/prefeito-valdinar-anuncia-atracoes-artisticas-do-55o-aniversario-de-padre-marcos\/","url":"https:\/\/portalnpm.com\/index.php\/2018\/12\/11\/prefeito-valdinar-anuncia-atracoes-artisticas-do-55o-aniversario-de-padre-marcos\/","name":"Prefeito Valdinar anuncia atra\u00e7\u00f5es art\u00edsticas do 55\u00ba anivers\u00e1rio de Padre Marcos - Portal NPM","isPartOf":{"@id":"https:\/\/portalnpm.com\/#website"},"primaryImageOfPage":{"@id":"https:\/\/portalnpm.com\/index.php\/2018\/12\/11\/prefeito-valdinar-anuncia-atracoes-artisticas-do-55o-aniversario-de-padre-marcos\/#primaryimage"},"image":{"@id":"https:\/\/portalnpm.com\/index.php\/2018\/12\/11\/prefeito-valdinar-anuncia-atracoes-artisticas-do-55o-aniversario-de-padre-marcos\/#primaryimage"},"thumbnailUrl":"","datePublished":"2018-12-11T14:54:33+00:00","dateModified":"2018-12-11T14:54:33+00:00","author":{"@id":"https:\/\/portalnpm.com\/#\/schema\/person\/0b5f230ec96cee25504fa328e7f2b733"},"breadcrumb":{"@id":"https:\/\/portalnpm.com\/index.php\/2018\/12\/11\/prefeito-valdinar-anuncia-atracoes-artisticas-do-55o-aniversario-de-padre-marcos\/#breadcrumb"},"inLanguage":"pt-BR","potentialAction":[{"@type":"ReadAction","target":["https:\/\/portalnpm.com\/index.php\/2018\/12\/11\/prefeito-valdinar-anuncia-atracoes-artisticas-do-55o-aniversario-de-padre-marcos\/"]}]},{"@type":"ImageObject","inLanguage":"pt-BR","@id":"https:\/\/portalnpm.com\/index.php\/2018\/12\/11\/prefeito-valdinar-anuncia-atracoes-artisticas-do-55o-aniversario-de-padre-marcos\/#primaryimage","url":"","contentUrl":""},{"@type":"BreadcrumbList","@id":"https:\/\/portalnpm.com\/index.php\/2018\/12\/11\/prefeito-valdinar-anuncia-atracoes-artisticas-do-55o-aniversario-de-padre-marcos\/#breadcrumb","itemListElement":[{"@type":"ListItem","position":1,"name":"In\u00edcio","item":"https:\/\/portalnpm.com\/"},{"@type":"ListItem","position":2,"name":"Prefeito Valdinar anuncia atra\u00e7\u00f5es art\u00edsticas do 55\u00ba anivers\u00e1rio de Padre Marcos"}]},{"@type":"WebSite","@id":"https:\/\/portalnpm.com\/#website","url":"https:\/\/portalnpm.com\/","name":"Portal NPM","description":"Not\u00edcias em Primeira M\u00e3o","potentialAction":[{"@type":"SearchAction","target":{"@type":"EntryPoint","urlTemplate":"https:\/\/portalnpm.com\/?s={search_term_string}"},"query-input":"required name=search_term_string"}],"inLanguage":"pt-BR"},{"@type":"Person","@id":"https:\/\/portalnpm.com\/#\/schema\/person\/0b5f230ec96cee25504fa328e7f2b733","name":"Reda\u00e7\u00e3o","image":{"@type":"ImageObject","inLanguage":"pt-BR","@id":"https:\/\/portalnpm.com\/#\/schema\/person\/image\/","url":"https:\/\/portalnpm.com\/wp-content\/uploads\/2024\/03\/avatar_user_4_1710097212-96x96.png","contentUrl":"https:\/\/portalnpm.com\/wp-content\/uploads\/2024\/03\/avatar_user_4_1710097212-96x96.png","caption":"Reda\u00e7\u00e3o"},"url":"https:\/\/portalnpm.com\/index.php\/author\/redacao\/"}]}},"jetpack_sharing_enabled":true,"jetpack_featured_media_url":"","_links":{"self":[{"href":"https:\/\/portalnpm.com\/index.php\/wp-json\/wp\/v2\/posts\/3365"}],"collection":[{"href":"https:\/\/portalnpm.com\/index.php\/wp-json\/wp\/v2\/posts"}],"about":[{"href":"https:\/\/portalnpm.com\/index.php\/wp-json\/wp\/v2\/types\/post"}],"author":[{"embeddable":true,"href":"https:\/\/portalnpm.com\/index.php\/wp-json\/wp\/v2\/users\/4"}],"replies":[{"embeddable":true,"href":"https:\/\/portalnpm.com\/index.php\/wp-json\/wp\/v2\/comments?post=3365"}],"version-history":[{"count":0,"href":"https:\/\/portalnpm.com\/index.php\/wp-json\/wp\/v2\/posts\/3365\/revisions"}],"wp:featuredmedia":[{"embeddable":true,"href":"https:\/\/portalnpm.com\/index.php\/wp-json\/"}],"wp:attachment":[{"href":"https:\/\/portalnpm.com\/index.php\/wp-json\/wp\/v2\/media?parent=3365"}],"wp:term":[{"taxonomy":"category","embeddable":true,"href":"https:\/\/portalnpm.com\/index.php\/wp-json\/wp\/v2\/categories?post=3365"},{"taxonomy":"post_tag","embeddable":true,"href":"https:\/\/portalnpm.com\/index.php\/wp-json\/wp\/v2\/tags?post=3365"}],"curies":[{"name":"wp","href":"https:\/\/api.w.org\/{rel}","templated":true}]}}