{"id":3418,"date":"2018-12-12T20:46:08","date_gmt":"2018-12-12T22:46:08","guid":{"rendered":"http:\/\/srv.portalnpm.com.br\/?p=3418"},"modified":"2018-12-12T20:46:08","modified_gmt":"2018-12-12T22:46:08","slug":"piauienses-sao-resgatados-em-condicoes-de-escravidao-na-colheita-de-cebolas-em-sc","status":"publish","type":"post","link":"https:\/\/portalnpm.com\/index.php\/2018\/12\/12\/piauienses-sao-resgatados-em-condicoes-de-escravidao-na-colheita-de-cebolas-em-sc\/","title":{"rendered":"Piauienses s\u00e3o resgatados em condi\u00e7\u00f5es de escravid\u00e3o na colheita de cebolas em SC"},"content":{"rendered":"<p style=\"text-align: justify;\">Uma opera\u00e7\u00e3o de resgate realizada no \u00faltimo dia 30 de novembro e comandada por auditores-fiscais do Minist\u00e9rio do Trabalho, com apoio da Pol\u00edcia Rodovi\u00e1ria Federal, libertou 22 trabalhadores mantidos em condi\u00e7\u00f5es an\u00e1logas \u00e0 escravid\u00e3o nas terras de Bom Retiro, em Santa Catarina. O propriet\u00e1rio das terras ainda n\u00e3o foi identificado para ser autuado pelo Minist\u00e9rio P\u00fablico do Trabalho do estado (MPT-SC).<\/p>\n<p style=\"text-align: justify;\">Os trabalhadores foram recrutados no Estado do Piau\u00ed para fazer a colheita de cebola em diversas propriedades da serra catarinense, sem qualquer comunica\u00e7\u00e3o ao Minist\u00e9rio do Trabalho e sem registro em Carteira de Trabalho. Isso configura, em tese, crime de aliciamento e est\u00e1 previsto no artigo 207 do C\u00f3digo Penal brasileiro.<\/p>\n<p style=\"text-align: justify;\">Os auditores-fiscais encontraram os trabalhadores em uma casa com tr\u00eas quartos, sem as m\u00ednimas condi\u00e7\u00f5es de conforto e higiene. Eles dormiam em peda\u00e7os de espuma improvisados, conviviam com graves problemas de infiltra\u00e7\u00e3o e a \u00e1gua da chuva invadia os c\u00f4modos do alojamento atingindo os colch\u00f5es e pertences dos trabalhadores.<\/p>\n<p style=\"text-align: justify;\">Al\u00e9m disso, o empres\u00e1rio que contratou os trabalhadores n\u00e3o fornecia \u00e1gua pot\u00e1vel e filtrada, as instala\u00e7\u00f5es sanit\u00e1rias estavam em condi\u00e7\u00f5es prec\u00e1rias de manuten\u00e7\u00e3o e higiene e tinha muita sujeira acumulada no local.<\/p>\n<p style=\"text-align: justify;\">Os trabalhadores est\u00e3o em um hotel na regi\u00e3o aguardando a conclus\u00e3o dos procedimentos de resgate e o pagamento das verbas rescis\u00f3rias, emiss\u00e3o de guias de seguro-desemprego e retorno ao local de origem.<\/p>\n<p style=\"text-align: justify;\">Segundo o auditor-fiscal Pedro Henrique Maglioni da Cruz, chefe do Setor de Seguran\u00e7a e Sa\u00fade no Trabalho da Superintend\u00eancia Regional do Trabalho em Santa Catarina, a identifica\u00e7\u00e3o desses casos de trabalho an\u00e1logo \u00e0 escravid\u00e3o na regi\u00e3o se deve a estrat\u00e9gia adotada este ano de intensificar a fiscaliza\u00e7\u00e3o na colheita da cebola.<\/p>\n<p style=\"text-align: justify;\">A atividade continua sendo um importante foco de infra\u00e7\u00f5es trabalhistas no Estado de Santa Catarina, segundo o auditor-fiscal.<\/p>\n<p style=\"text-align: justify;\"><strong>Pagos com drogas<\/strong><\/p>\n<p style=\"text-align: justify;\">A equipe de fiscaliza\u00e7\u00e3o e autoridades da esfera criminal est\u00e3o investigando uma den\u00fancia de que existem outros aliciadores na regi\u00e3o e que os trabalhadores estariam sendo pagos com drogas, especialmente crack.<\/p>\n<p style=\"text-align: justify;\"><strong>Autua\u00e7\u00e3o<\/strong><\/p>\n<p style=\"text-align: justify;\">Assim que respons\u00e1veis pela contrata\u00e7\u00e3o forem identificados, o MPT-SC vai autu\u00e1-los. Eles poder\u00e3o ser processados criminalmente, conforme prev\u00ea o artigo 149 do C\u00f3digo Penal.<\/p>\n<p style=\"text-align: justify;\">O procurador do Trabalho Jaime Perottoni vai propor ainda a assinatura de um Termo de Ajuste de Conduta (TAC) para que os produtores de cebola envolvidos no caso se comprometam a n\u00e3o mais aliciar trabalhadores e mant\u00ea-los em situa\u00e7\u00e3o semelhante \u00e0 de escravid\u00e3o.<\/p>\n<p style=\"text-align: justify;\">O processo ser\u00e1 conduzido pelo procurador do MPT-SC, Jaime Roque Perottoni.<\/p>\n<p><strong>Com informa\u00e7\u00f5es do Portal do MPT<\/strong><\/p>\n","protected":false},"excerpt":{"rendered":"<p>Uma opera\u00e7\u00e3o de resgate realizada no \u00faltimo dia 30 de novembro e comandada por auditores-fiscais do Minist\u00e9rio do Trabalho, com apoio da Pol\u00edcia Rodovi\u00e1ria Federal, libertou 22 trabalhadores mantidos em condi\u00e7\u00f5es an\u00e1logas \u00e0 escravid\u00e3o nas terras de Bom Retiro, em Santa Catarina. O propriet\u00e1rio das terras ainda n\u00e3o foi identificado para ser autuado pelo Minist\u00e9rio &hellip;<\/p>\n","protected":false},"author":8,"featured_media":3421,"comment_status":"open","ping_status":"open","sticky":false,"template":"","format":"standard","meta":{"content-type":"","rop_custom_images_group":[],"rop_custom_messages_group":[],"rop_publish_now":"initial","rop_publish_now_accounts":{"facebook_2648258775420054_1618374048415101":""},"rop_publish_now_history":[],"rop_publish_now_status":"pending","footnotes":"","_jetpack_memberships_contains_paid_content":false},"categories":[109,118],"tags":[1696,1697,1698,1699],"yoast_head":"<!-- This site is optimized with the Yoast SEO plugin v22.3 - https:\/\/yoast.com\/wordpress\/plugins\/seo\/ -->\n<title>Piauienses s\u00e3o resgatados em condi\u00e7\u00f5es de escravid\u00e3o na colheita de cebolas em SC - Portal NPM<\/title>\n<meta name=\"robots\" content=\"index, follow, max-snippet:-1, max-image-preview:large, max-video-preview:-1\" \/>\n<link rel=\"canonical\" href=\"https:\/\/portalnpm.com\/index.php\/2018\/12\/12\/piauienses-sao-resgatados-em-condicoes-de-escravidao-na-colheita-de-cebolas-em-sc\/\" \/>\n<meta property=\"og:locale\" content=\"pt_BR\" \/>\n<meta property=\"og:type\" content=\"article\" \/>\n<meta property=\"og:title\" content=\"Piauienses s\u00e3o resgatados em condi\u00e7\u00f5es de escravid\u00e3o na colheita de cebolas em SC - Portal NPM\" \/>\n<meta property=\"og:description\" content=\"Uma opera\u00e7\u00e3o de resgate realizada no \u00faltimo dia 30 de novembro e comandada por auditores-fiscais do Minist\u00e9rio do Trabalho, com apoio da Pol\u00edcia Rodovi\u00e1ria Federal, libertou 22 trabalhadores mantidos em condi\u00e7\u00f5es an\u00e1logas \u00e0 escravid\u00e3o nas terras de Bom Retiro, em Santa Catarina. O propriet\u00e1rio das terras ainda n\u00e3o foi identificado para ser autuado pelo Minist\u00e9rio &hellip;\" \/>\n<meta property=\"og:url\" content=\"https:\/\/portalnpm.com\/index.php\/2018\/12\/12\/piauienses-sao-resgatados-em-condicoes-de-escravidao-na-colheita-de-cebolas-em-sc\/\" \/>\n<meta property=\"og:site_name\" content=\"Portal NPM\" \/>\n<meta property=\"article:published_time\" content=\"2018-12-12T22:46:08+00:00\" \/>\n<meta name=\"author\" content=\"Zenilton Lima\" \/>\n<meta name=\"twitter:card\" content=\"summary_large_image\" \/>\n<meta name=\"twitter:label1\" content=\"Escrito por\" \/>\n\t<meta name=\"twitter:data1\" content=\"Zenilton Lima\" \/>\n\t<meta name=\"twitter:label2\" content=\"Est. tempo de leitura\" \/>\n\t<meta name=\"twitter:data2\" content=\"2 minutos\" \/>\n<script type=\"application\/ld+json\" class=\"yoast-schema-graph\">{\"@context\":\"https:\/\/schema.org\",\"@graph\":[{\"@type\":\"WebPage\",\"@id\":\"https:\/\/portalnpm.com\/index.php\/2018\/12\/12\/piauienses-sao-resgatados-em-condicoes-de-escravidao-na-colheita-de-cebolas-em-sc\/\",\"url\":\"https:\/\/portalnpm.com\/index.php\/2018\/12\/12\/piauienses-sao-resgatados-em-condicoes-de-escravidao-na-colheita-de-cebolas-em-sc\/\",\"name\":\"Piauienses s\u00e3o resgatados em condi\u00e7\u00f5es de escravid\u00e3o na colheita de cebolas em SC - Portal NPM\",\"isPartOf\":{\"@id\":\"https:\/\/portalnpm.com\/#website\"},\"primaryImageOfPage\":{\"@id\":\"https:\/\/portalnpm.com\/index.php\/2018\/12\/12\/piauienses-sao-resgatados-em-condicoes-de-escravidao-na-colheita-de-cebolas-em-sc\/#primaryimage\"},\"image\":{\"@id\":\"https:\/\/portalnpm.com\/index.php\/2018\/12\/12\/piauienses-sao-resgatados-em-condicoes-de-escravidao-na-colheita-de-cebolas-em-sc\/#primaryimage\"},\"thumbnailUrl\":\"\",\"datePublished\":\"2018-12-12T22:46:08+00:00\",\"dateModified\":\"2018-12-12T22:46:08+00:00\",\"author\":{\"@id\":\"https:\/\/portalnpm.com\/#\/schema\/person\/35cb55186eae3f074b6783da6d35591e\"},\"breadcrumb\":{\"@id\":\"https:\/\/portalnpm.com\/index.php\/2018\/12\/12\/piauienses-sao-resgatados-em-condicoes-de-escravidao-na-colheita-de-cebolas-em-sc\/#breadcrumb\"},\"inLanguage\":\"pt-BR\",\"potentialAction\":[{\"@type\":\"ReadAction\",\"target\":[\"https:\/\/portalnpm.com\/index.php\/2018\/12\/12\/piauienses-sao-resgatados-em-condicoes-de-escravidao-na-colheita-de-cebolas-em-sc\/\"]}]},{\"@type\":\"ImageObject\",\"inLanguage\":\"pt-BR\",\"@id\":\"https:\/\/portalnpm.com\/index.php\/2018\/12\/12\/piauienses-sao-resgatados-em-condicoes-de-escravidao-na-colheita-de-cebolas-em-sc\/#primaryimage\",\"url\":\"\",\"contentUrl\":\"\"},{\"@type\":\"BreadcrumbList\",\"@id\":\"https:\/\/portalnpm.com\/index.php\/2018\/12\/12\/piauienses-sao-resgatados-em-condicoes-de-escravidao-na-colheita-de-cebolas-em-sc\/#breadcrumb\",\"itemListElement\":[{\"@type\":\"ListItem\",\"position\":1,\"name\":\"In\u00edcio\",\"item\":\"https:\/\/portalnpm.com\/\"},{\"@type\":\"ListItem\",\"position\":2,\"name\":\"Piauienses s\u00e3o resgatados em condi\u00e7\u00f5es de escravid\u00e3o na colheita de cebolas em SC\"}]},{\"@type\":\"WebSite\",\"@id\":\"https:\/\/portalnpm.com\/#website\",\"url\":\"https:\/\/portalnpm.com\/\",\"name\":\"Portal NPM\",\"description\":\"Not\u00edcias em Primeira M\u00e3o\",\"potentialAction\":[{\"@type\":\"SearchAction\",\"target\":{\"@type\":\"EntryPoint\",\"urlTemplate\":\"https:\/\/portalnpm.com\/?s={search_term_string}\"},\"query-input\":\"required name=search_term_string\"}],\"inLanguage\":\"pt-BR\"},{\"@type\":\"Person\",\"@id\":\"https:\/\/portalnpm.com\/#\/schema\/person\/35cb55186eae3f074b6783da6d35591e\",\"name\":\"Zenilton Lima\",\"image\":{\"@type\":\"ImageObject\",\"inLanguage\":\"pt-BR\",\"@id\":\"https:\/\/portalnpm.com\/#\/schema\/person\/image\/\",\"url\":\"https:\/\/portalnpm.com\/wp-content\/uploads\/2024\/12\/avatar_user_8_1733658137-96x96.jpeg\",\"contentUrl\":\"https:\/\/portalnpm.com\/wp-content\/uploads\/2024\/12\/avatar_user_8_1733658137-96x96.jpeg\",\"caption\":\"Zenilton Lima\"},\"url\":\"https:\/\/portalnpm.com\/index.php\/author\/zenilton\/\"}]}<\/script>\n<!-- \/ Yoast SEO plugin. -->","yoast_head_json":{"title":"Piauienses s\u00e3o resgatados em condi\u00e7\u00f5es de escravid\u00e3o na colheita de cebolas em SC - Portal NPM","robots":{"index":"index","follow":"follow","max-snippet":"max-snippet:-1","max-image-preview":"max-image-preview:large","max-video-preview":"max-video-preview:-1"},"canonical":"https:\/\/portalnpm.com\/index.php\/2018\/12\/12\/piauienses-sao-resgatados-em-condicoes-de-escravidao-na-colheita-de-cebolas-em-sc\/","og_locale":"pt_BR","og_type":"article","og_title":"Piauienses s\u00e3o resgatados em condi\u00e7\u00f5es de escravid\u00e3o na colheita de cebolas em SC - Portal NPM","og_description":"Uma opera\u00e7\u00e3o de resgate realizada no \u00faltimo dia 30 de novembro e comandada por auditores-fiscais do Minist\u00e9rio do Trabalho, com apoio da Pol\u00edcia Rodovi\u00e1ria Federal, libertou 22 trabalhadores mantidos em condi\u00e7\u00f5es an\u00e1logas \u00e0 escravid\u00e3o nas terras de Bom Retiro, em Santa Catarina. O propriet\u00e1rio das terras ainda n\u00e3o foi identificado para ser autuado pelo Minist\u00e9rio &hellip;","og_url":"https:\/\/portalnpm.com\/index.php\/2018\/12\/12\/piauienses-sao-resgatados-em-condicoes-de-escravidao-na-colheita-de-cebolas-em-sc\/","og_site_name":"Portal NPM","article_published_time":"2018-12-12T22:46:08+00:00","author":"Zenilton Lima","twitter_card":"summary_large_image","twitter_misc":{"Escrito por":"Zenilton Lima","Est. tempo de leitura":"2 minutos"},"schema":{"@context":"https:\/\/schema.org","@graph":[{"@type":"WebPage","@id":"https:\/\/portalnpm.com\/index.php\/2018\/12\/12\/piauienses-sao-resgatados-em-condicoes-de-escravidao-na-colheita-de-cebolas-em-sc\/","url":"https:\/\/portalnpm.com\/index.php\/2018\/12\/12\/piauienses-sao-resgatados-em-condicoes-de-escravidao-na-colheita-de-cebolas-em-sc\/","name":"Piauienses s\u00e3o resgatados em condi\u00e7\u00f5es de escravid\u00e3o na colheita de cebolas em SC - Portal NPM","isPartOf":{"@id":"https:\/\/portalnpm.com\/#website"},"primaryImageOfPage":{"@id":"https:\/\/portalnpm.com\/index.php\/2018\/12\/12\/piauienses-sao-resgatados-em-condicoes-de-escravidao-na-colheita-de-cebolas-em-sc\/#primaryimage"},"image":{"@id":"https:\/\/portalnpm.com\/index.php\/2018\/12\/12\/piauienses-sao-resgatados-em-condicoes-de-escravidao-na-colheita-de-cebolas-em-sc\/#primaryimage"},"thumbnailUrl":"","datePublished":"2018-12-12T22:46:08+00:00","dateModified":"2018-12-12T22:46:08+00:00","author":{"@id":"https:\/\/portalnpm.com\/#\/schema\/person\/35cb55186eae3f074b6783da6d35591e"},"breadcrumb":{"@id":"https:\/\/portalnpm.com\/index.php\/2018\/12\/12\/piauienses-sao-resgatados-em-condicoes-de-escravidao-na-colheita-de-cebolas-em-sc\/#breadcrumb"},"inLanguage":"pt-BR","potentialAction":[{"@type":"ReadAction","target":["https:\/\/portalnpm.com\/index.php\/2018\/12\/12\/piauienses-sao-resgatados-em-condicoes-de-escravidao-na-colheita-de-cebolas-em-sc\/"]}]},{"@type":"ImageObject","inLanguage":"pt-BR","@id":"https:\/\/portalnpm.com\/index.php\/2018\/12\/12\/piauienses-sao-resgatados-em-condicoes-de-escravidao-na-colheita-de-cebolas-em-sc\/#primaryimage","url":"","contentUrl":""},{"@type":"BreadcrumbList","@id":"https:\/\/portalnpm.com\/index.php\/2018\/12\/12\/piauienses-sao-resgatados-em-condicoes-de-escravidao-na-colheita-de-cebolas-em-sc\/#breadcrumb","itemListElement":[{"@type":"ListItem","position":1,"name":"In\u00edcio","item":"https:\/\/portalnpm.com\/"},{"@type":"ListItem","position":2,"name":"Piauienses s\u00e3o resgatados em condi\u00e7\u00f5es de escravid\u00e3o na colheita de cebolas em SC"}]},{"@type":"WebSite","@id":"https:\/\/portalnpm.com\/#website","url":"https:\/\/portalnpm.com\/","name":"Portal NPM","description":"Not\u00edcias em Primeira M\u00e3o","potentialAction":[{"@type":"SearchAction","target":{"@type":"EntryPoint","urlTemplate":"https:\/\/portalnpm.com\/?s={search_term_string}"},"query-input":"required name=search_term_string"}],"inLanguage":"pt-BR"},{"@type":"Person","@id":"https:\/\/portalnpm.com\/#\/schema\/person\/35cb55186eae3f074b6783da6d35591e","name":"Zenilton Lima","image":{"@type":"ImageObject","inLanguage":"pt-BR","@id":"https:\/\/portalnpm.com\/#\/schema\/person\/image\/","url":"https:\/\/portalnpm.com\/wp-content\/uploads\/2024\/12\/avatar_user_8_1733658137-96x96.jpeg","contentUrl":"https:\/\/portalnpm.com\/wp-content\/uploads\/2024\/12\/avatar_user_8_1733658137-96x96.jpeg","caption":"Zenilton Lima"},"url":"https:\/\/portalnpm.com\/index.php\/author\/zenilton\/"}]}},"jetpack_sharing_enabled":true,"jetpack_featured_media_url":"","_links":{"self":[{"href":"https:\/\/portalnpm.com\/index.php\/wp-json\/wp\/v2\/posts\/3418"}],"collection":[{"href":"https:\/\/portalnpm.com\/index.php\/wp-json\/wp\/v2\/posts"}],"about":[{"href":"https:\/\/portalnpm.com\/index.php\/wp-json\/wp\/v2\/types\/post"}],"author":[{"embeddable":true,"href":"https:\/\/portalnpm.com\/index.php\/wp-json\/wp\/v2\/users\/8"}],"replies":[{"embeddable":true,"href":"https:\/\/portalnpm.com\/index.php\/wp-json\/wp\/v2\/comments?post=3418"}],"version-history":[{"count":0,"href":"https:\/\/portalnpm.com\/index.php\/wp-json\/wp\/v2\/posts\/3418\/revisions"}],"wp:featuredmedia":[{"embeddable":true,"href":"https:\/\/portalnpm.com\/index.php\/wp-json\/"}],"wp:attachment":[{"href":"https:\/\/portalnpm.com\/index.php\/wp-json\/wp\/v2\/media?parent=3418"}],"wp:term":[{"taxonomy":"category","embeddable":true,"href":"https:\/\/portalnpm.com\/index.php\/wp-json\/wp\/v2\/categories?post=3418"},{"taxonomy":"post_tag","embeddable":true,"href":"https:\/\/portalnpm.com\/index.php\/wp-json\/wp\/v2\/tags?post=3418"}],"curies":[{"name":"wp","href":"https:\/\/api.w.org\/{rel}","templated":true}]}}