{"id":344,"date":"2018-08-05T13:27:43","date_gmt":"2018-08-05T16:27:43","guid":{"rendered":"http:\/\/srv.portalnpm.com.br\/?p=344"},"modified":"2018-08-05T13:27:43","modified_gmt":"2018-08-05T16:27:43","slug":"campanha-de-vacinacao-contra-a-poliomielite-e-o-sarampo-comeca-na-segunda-feira-06","status":"publish","type":"post","link":"https:\/\/portalnpm.com\/index.php\/2018\/08\/05\/campanha-de-vacinacao-contra-a-poliomielite-e-o-sarampo-comeca-na-segunda-feira-06\/","title":{"rendered":"Campanha de Vacina\u00e7\u00e3o contra a Poliomielite e o Sarampo come\u00e7a na segunda-feira, 06"},"content":{"rendered":"<header class=\"headerDown\">\n<div class=\"headerTabContainer headerUp\">\n<nav class=\"headerTab\">\n<div class=\"swiper-container swiper-container-horizontal swiper-container-android\">\n<div class=\"swiper-wrapper\">\n<div class=\"swiper-slide tab entertainment swiper-slide-prev\">A Campanha Nacional de Vacina\u00e7\u00e3o contra a Poliomielite e o Sarampo come\u00e7a nesta segunda-feira\u00a0(6) em todo o pa\u00eds. A meta \u00e9 imunizar mais de 11 milh\u00f5es de crian\u00e7as com idade entre 1 ano e menores de 5 anos, p\u00fablico mais suscet\u00edvel a complica\u00e7\u00f5es de ambas as doen\u00e7as. O Dia D de Mobiliza\u00e7\u00e3o Nacional foi agendado para\u00a018 de agosto, um\u00a0s\u00e1bado, mas a campanha segue at\u00e9 o dia\u00a031 de agosto.<\/div>\n<\/div>\n<\/div>\n<\/nav>\n<\/div>\n<\/header>\n<div id=\"barba-wrapper\">\n<div class=\"barba-container\">\n<div id=\"js-newsContainer\" class=\"container is-fluid\">\n<section class=\"news isPage\">\n<div class=\"sectionContent\">\n<article class=\"note news\">\n<div class=\"noteContent\">\n<p>De acordo com o Minist\u00e9rio da Sa\u00fade, foram adquiridas 28,3 milh\u00f5es de doses de ambas as vacinas \u2013 um total de R$ 160,7 milh\u00f5es. Todos os estados, segundo a pasta, j\u00e1 est\u00e3o abastecidos com 871,3 mil doses da Vacina Inativadas Poliomielite (VIP), 14 milh\u00f5es da Vacina Oral Poliomielite (VOP) e 13,4 milh\u00f5es da Tr\u00edplice Viral, que protege contra o sarampo, a rub\u00e9ola e a caxumba.<\/p>\n<p>Este ano, a vacina\u00e7\u00e3o ser\u00e1 feita de forma indiscriminada, ou seja, todas as crian\u00e7as dentro da faixa et\u00e1ria estabelecida ser\u00e3o imunizadas \u2013 mesmo as que j\u00e1 est\u00e3o com o esquema vacinal completo. Neste caso, a crian\u00e7a vai receber um outro refor\u00e7o. A campanha ocorre em meio a pelo menos dois surtos de sarampo no Brasil, em Roraima e no Amazonas. No caso da p\u00f3lio, 312 munic\u00edpios registram baixas taxas de cobertura vacinal contra a doen\u00e7a.<\/p>\n<p>Veja a seguir algumas das principais perguntas e respostas relacionadas \u00e0 campanha, com base em informa\u00e7\u00f5es divulgadas pelo Minist\u00e9rio da Sa\u00fade:<\/p>\n<p><strong>Quando e onde ocorre a campanha?<\/strong><\/p>\n<p>Entre 6 e\u00a031 de agosto, com o Dia D agendado para\u00a018 de agosto, em postos de sa\u00fade de todo o pa\u00eds.<\/p>\n<p><strong>Qual o foco da campanha?<\/strong><\/p>\n<p>Crian\u00e7as com idade entre 1 ano e 5 anos incompletos (4 anos e 11 meses).<\/p>\n<p><strong>Crian\u00e7as que j\u00e1 foram vacinadas anteriormente devem ser levadas aos postos?<\/strong><\/p>\n<p>Sim. Todas as crian\u00e7as com idade entre 1 ano e menores de 5 anos devem comparecer aos postos. Quem estiver com o esquema vacinal incompleto receber\u00e1 as doses necess\u00e1rias para atualiza\u00e7\u00e3o e quem estiver com o esquema vacinal completo receber\u00e1 outro refor\u00e7o.<\/p>\n<p><strong>Qual a vacina usada contra a p\u00f3lio?<\/strong><\/p>\n<p>Crian\u00e7as que nunca foram imunizadas contra a p\u00f3lio v\u00e3o receber a Vacina Inativada Poliomielite (VIP), na forma injet\u00e1vel. Crian\u00e7as que j\u00e1 receberam uma ou mais doses contra a p\u00f3lio v\u00e3o receber a Vacina Oral Poliomielite (VOP), na forma de gotinha.<\/p>\n<p><strong>Qual a vacina usada contra o sarampo?<\/strong><\/p>\n<p>A vacina contra o sarampo usada na campanha \u00e9 a Tr\u00edplice Viral, que protege tamb\u00e9m contra a rub\u00e9ola e a caxumba. Todas as crian\u00e7as na faixa et\u00e1ria estabelecida v\u00e3o receber uma dose da Tr\u00edplice Viral, independentemente de sua situa\u00e7\u00e3o vacinal, desde que n\u00e3o tenham sido vacinadas nos \u00faltimos 30 dias.<\/p>\n<p><strong>Adultos participam da campanha?<\/strong><\/p>\n<p>N\u00e3o. A campanha tem como foco crian\u00e7as com idade entre 1 ano e menores de 5 anos.<\/p>\n<p><strong>Mesmo n\u00e3o sendo foco da campanha, adultos precisam de alguma das duas doses?<\/strong><\/p>\n<p>Sim. Conforme previsto no Calend\u00e1rio Nacional de Vacina\u00e7\u00e3o, adultos com at\u00e9 29 anos que n\u00e3o tiverem completado o esquema na inf\u00e2ncia devem receber duas doses da Tr\u00edplice Viral e adultos com idade entre 30 e 49 anos devem receber uma dose da Tr\u00edplice Viral. O adulto que n\u00e3o souber sua situa\u00e7\u00e3o vacinal deve procurar o posto de sa\u00fade mais pr\u00f3ximo para tomar as doses previstas para sua faixa et\u00e1ria.<\/p>\n<div class=\"sourceContainer\"><strong><span class=\"source\">Fonte:<\/span>\u00a0<span class=\"sourceContent\">Com informa\u00e7\u00f5es da Ag\u00eancia Brasil<\/span><\/strong><\/div>\n<\/div>\n<\/article>\n<\/div>\n<\/section>\n<\/div>\n<\/div>\n<\/div>\n","protected":false},"excerpt":{"rendered":"<p>A Campanha Nacional de Vacina\u00e7\u00e3o contra a Poliomielite e o Sarampo come\u00e7a nesta segunda-feira\u00a0(6) em todo o pa\u00eds. A meta \u00e9 imunizar mais de 11 milh\u00f5es de crian\u00e7as com idade entre 1 ano e menores de 5 anos, p\u00fablico mais suscet\u00edvel a complica\u00e7\u00f5es de ambas as doen\u00e7as. O Dia D de Mobiliza\u00e7\u00e3o Nacional foi agendado &hellip;<\/p>\n","protected":false},"author":3,"featured_media":345,"comment_status":"open","ping_status":"open","sticky":false,"template":"","format":"standard","meta":{"content-type":"","rop_custom_images_group":[],"rop_custom_messages_group":[],"rop_publish_now":"initial","rop_publish_now_accounts":{"facebook_2648258775420054_1618374048415101":""},"rop_publish_now_history":[],"rop_publish_now_status":"pending","footnotes":"","_jetpack_memberships_contains_paid_content":false},"categories":[113,384],"tags":[471,472],"yoast_head":"<!-- This site is optimized with the Yoast SEO plugin v22.3 - https:\/\/yoast.com\/wordpress\/plugins\/seo\/ -->\n<title>Campanha de Vacina\u00e7\u00e3o contra a Poliomielite e o Sarampo come\u00e7a na segunda-feira, 06 - Portal NPM<\/title>\n<meta name=\"robots\" content=\"index, follow, max-snippet:-1, max-image-preview:large, max-video-preview:-1\" \/>\n<link rel=\"canonical\" href=\"https:\/\/portalnpm.com\/index.php\/2018\/08\/05\/campanha-de-vacinacao-contra-a-poliomielite-e-o-sarampo-comeca-na-segunda-feira-06\/\" \/>\n<meta property=\"og:locale\" content=\"pt_BR\" \/>\n<meta property=\"og:type\" content=\"article\" \/>\n<meta property=\"og:title\" content=\"Campanha de Vacina\u00e7\u00e3o contra a Poliomielite e o Sarampo come\u00e7a na segunda-feira, 06 - Portal NPM\" \/>\n<meta property=\"og:description\" content=\"A Campanha Nacional de Vacina\u00e7\u00e3o contra a Poliomielite e o Sarampo come\u00e7a nesta segunda-feira\u00a0(6) em todo o pa\u00eds. A meta \u00e9 imunizar mais de 11 milh\u00f5es de crian\u00e7as com idade entre 1 ano e menores de 5 anos, p\u00fablico mais suscet\u00edvel a complica\u00e7\u00f5es de ambas as doen\u00e7as. O Dia D de Mobiliza\u00e7\u00e3o Nacional foi agendado &hellip;\" \/>\n<meta property=\"og:url\" content=\"https:\/\/portalnpm.com\/index.php\/2018\/08\/05\/campanha-de-vacinacao-contra-a-poliomielite-e-o-sarampo-comeca-na-segunda-feira-06\/\" \/>\n<meta property=\"og:site_name\" content=\"Portal NPM\" \/>\n<meta property=\"article:published_time\" content=\"2018-08-05T16:27:43+00:00\" \/>\n<meta property=\"og:image\" content=\"https:\/\/portalnpm.com\/wp-content\/uploads\/2018\/08\/20180805_132628.png\" \/>\n\t<meta property=\"og:image:width\" content=\"981\" \/>\n\t<meta property=\"og:image:height\" content=\"405\" \/>\n\t<meta property=\"og:image:type\" content=\"image\/png\" \/>\n<meta name=\"author\" content=\"Luis Alberto\" \/>\n<meta name=\"twitter:card\" content=\"summary_large_image\" \/>\n<meta name=\"twitter:label1\" content=\"Escrito por\" \/>\n\t<meta name=\"twitter:data1\" content=\"Luis Alberto\" \/>\n\t<meta name=\"twitter:label2\" content=\"Est. tempo de leitura\" \/>\n\t<meta name=\"twitter:data2\" content=\"3 minutos\" \/>\n<script type=\"application\/ld+json\" class=\"yoast-schema-graph\">{\"@context\":\"https:\/\/schema.org\",\"@graph\":[{\"@type\":\"WebPage\",\"@id\":\"https:\/\/portalnpm.com\/index.php\/2018\/08\/05\/campanha-de-vacinacao-contra-a-poliomielite-e-o-sarampo-comeca-na-segunda-feira-06\/\",\"url\":\"https:\/\/portalnpm.com\/index.php\/2018\/08\/05\/campanha-de-vacinacao-contra-a-poliomielite-e-o-sarampo-comeca-na-segunda-feira-06\/\",\"name\":\"Campanha de Vacina\u00e7\u00e3o contra a Poliomielite e o Sarampo come\u00e7a na segunda-feira, 06 - Portal NPM\",\"isPartOf\":{\"@id\":\"https:\/\/portalnpm.com\/#website\"},\"primaryImageOfPage\":{\"@id\":\"https:\/\/portalnpm.com\/index.php\/2018\/08\/05\/campanha-de-vacinacao-contra-a-poliomielite-e-o-sarampo-comeca-na-segunda-feira-06\/#primaryimage\"},\"image\":{\"@id\":\"https:\/\/portalnpm.com\/index.php\/2018\/08\/05\/campanha-de-vacinacao-contra-a-poliomielite-e-o-sarampo-comeca-na-segunda-feira-06\/#primaryimage\"},\"thumbnailUrl\":\"https:\/\/portalnpm.com\/wp-content\/uploads\/2018\/08\/20180805_132628.png\",\"datePublished\":\"2018-08-05T16:27:43+00:00\",\"dateModified\":\"2018-08-05T16:27:43+00:00\",\"author\":{\"@id\":\"https:\/\/portalnpm.com\/#\/schema\/person\/5c8006acdf71774cd4e7a5ab98482152\"},\"breadcrumb\":{\"@id\":\"https:\/\/portalnpm.com\/index.php\/2018\/08\/05\/campanha-de-vacinacao-contra-a-poliomielite-e-o-sarampo-comeca-na-segunda-feira-06\/#breadcrumb\"},\"inLanguage\":\"pt-BR\",\"potentialAction\":[{\"@type\":\"ReadAction\",\"target\":[\"https:\/\/portalnpm.com\/index.php\/2018\/08\/05\/campanha-de-vacinacao-contra-a-poliomielite-e-o-sarampo-comeca-na-segunda-feira-06\/\"]}]},{\"@type\":\"ImageObject\",\"inLanguage\":\"pt-BR\",\"@id\":\"https:\/\/portalnpm.com\/index.php\/2018\/08\/05\/campanha-de-vacinacao-contra-a-poliomielite-e-o-sarampo-comeca-na-segunda-feira-06\/#primaryimage\",\"url\":\"https:\/\/portalnpm.com\/wp-content\/uploads\/2018\/08\/20180805_132628.png\",\"contentUrl\":\"https:\/\/portalnpm.com\/wp-content\/uploads\/2018\/08\/20180805_132628.png\",\"width\":981,\"height\":405},{\"@type\":\"BreadcrumbList\",\"@id\":\"https:\/\/portalnpm.com\/index.php\/2018\/08\/05\/campanha-de-vacinacao-contra-a-poliomielite-e-o-sarampo-comeca-na-segunda-feira-06\/#breadcrumb\",\"itemListElement\":[{\"@type\":\"ListItem\",\"position\":1,\"name\":\"In\u00edcio\",\"item\":\"https:\/\/portalnpm.com\/\"},{\"@type\":\"ListItem\",\"position\":2,\"name\":\"Campanha de Vacina\u00e7\u00e3o contra a Poliomielite e o Sarampo come\u00e7a na segunda-feira, 06\"}]},{\"@type\":\"WebSite\",\"@id\":\"https:\/\/portalnpm.com\/#website\",\"url\":\"https:\/\/portalnpm.com\/\",\"name\":\"Portal NPM\",\"description\":\"Not\u00edcias em Primeira M\u00e3o\",\"potentialAction\":[{\"@type\":\"SearchAction\",\"target\":{\"@type\":\"EntryPoint\",\"urlTemplate\":\"https:\/\/portalnpm.com\/?s={search_term_string}\"},\"query-input\":\"required name=search_term_string\"}],\"inLanguage\":\"pt-BR\"},{\"@type\":\"Person\",\"@id\":\"https:\/\/portalnpm.com\/#\/schema\/person\/5c8006acdf71774cd4e7a5ab98482152\",\"name\":\"Luis Alberto\",\"image\":{\"@type\":\"ImageObject\",\"inLanguage\":\"pt-BR\",\"@id\":\"https:\/\/portalnpm.com\/#\/schema\/person\/image\/\",\"url\":\"https:\/\/portalnpm.com\/wp-content\/uploads\/2024\/12\/avatar_user_3_1734699769-96x96.jpeg\",\"contentUrl\":\"https:\/\/portalnpm.com\/wp-content\/uploads\/2024\/12\/avatar_user_3_1734699769-96x96.jpeg\",\"caption\":\"Luis Alberto\"},\"description\":\"Editor-geral do Portal NPM, \u00e9 formado como T\u00e9cnico em Seguran\u00e7a do Trabalho pela Escola Metropolitana de Cursos T\u00e9cnicos. Det\u00e9m ainda licenciatura em Educa\u00e7\u00e3o F\u00edsica e bacharelado em Ci\u00eancias Pol\u00edticas, ambos obtidos pela institui\u00e7\u00e3o Anhanguera\/UNOPAR.\",\"url\":\"https:\/\/portalnpm.com\/index.php\/author\/pereira\/\"}]}<\/script>\n<!-- \/ Yoast SEO plugin. -->","yoast_head_json":{"title":"Campanha de Vacina\u00e7\u00e3o contra a Poliomielite e o Sarampo come\u00e7a na segunda-feira, 06 - Portal NPM","robots":{"index":"index","follow":"follow","max-snippet":"max-snippet:-1","max-image-preview":"max-image-preview:large","max-video-preview":"max-video-preview:-1"},"canonical":"https:\/\/portalnpm.com\/index.php\/2018\/08\/05\/campanha-de-vacinacao-contra-a-poliomielite-e-o-sarampo-comeca-na-segunda-feira-06\/","og_locale":"pt_BR","og_type":"article","og_title":"Campanha de Vacina\u00e7\u00e3o contra a Poliomielite e o Sarampo come\u00e7a na segunda-feira, 06 - Portal NPM","og_description":"A Campanha Nacional de Vacina\u00e7\u00e3o contra a Poliomielite e o Sarampo come\u00e7a nesta segunda-feira\u00a0(6) em todo o pa\u00eds. A meta \u00e9 imunizar mais de 11 milh\u00f5es de crian\u00e7as com idade entre 1 ano e menores de 5 anos, p\u00fablico mais suscet\u00edvel a complica\u00e7\u00f5es de ambas as doen\u00e7as. O Dia D de Mobiliza\u00e7\u00e3o Nacional foi agendado &hellip;","og_url":"https:\/\/portalnpm.com\/index.php\/2018\/08\/05\/campanha-de-vacinacao-contra-a-poliomielite-e-o-sarampo-comeca-na-segunda-feira-06\/","og_site_name":"Portal NPM","article_published_time":"2018-08-05T16:27:43+00:00","og_image":[{"width":981,"height":405,"url":"https:\/\/portalnpm.com\/wp-content\/uploads\/2018\/08\/20180805_132628.png","type":"image\/png"}],"author":"Luis Alberto","twitter_card":"summary_large_image","twitter_misc":{"Escrito por":"Luis Alberto","Est. tempo de leitura":"3 minutos"},"schema":{"@context":"https:\/\/schema.org","@graph":[{"@type":"WebPage","@id":"https:\/\/portalnpm.com\/index.php\/2018\/08\/05\/campanha-de-vacinacao-contra-a-poliomielite-e-o-sarampo-comeca-na-segunda-feira-06\/","url":"https:\/\/portalnpm.com\/index.php\/2018\/08\/05\/campanha-de-vacinacao-contra-a-poliomielite-e-o-sarampo-comeca-na-segunda-feira-06\/","name":"Campanha de Vacina\u00e7\u00e3o contra a Poliomielite e o Sarampo come\u00e7a na segunda-feira, 06 - Portal NPM","isPartOf":{"@id":"https:\/\/portalnpm.com\/#website"},"primaryImageOfPage":{"@id":"https:\/\/portalnpm.com\/index.php\/2018\/08\/05\/campanha-de-vacinacao-contra-a-poliomielite-e-o-sarampo-comeca-na-segunda-feira-06\/#primaryimage"},"image":{"@id":"https:\/\/portalnpm.com\/index.php\/2018\/08\/05\/campanha-de-vacinacao-contra-a-poliomielite-e-o-sarampo-comeca-na-segunda-feira-06\/#primaryimage"},"thumbnailUrl":"https:\/\/portalnpm.com\/wp-content\/uploads\/2018\/08\/20180805_132628.png","datePublished":"2018-08-05T16:27:43+00:00","dateModified":"2018-08-05T16:27:43+00:00","author":{"@id":"https:\/\/portalnpm.com\/#\/schema\/person\/5c8006acdf71774cd4e7a5ab98482152"},"breadcrumb":{"@id":"https:\/\/portalnpm.com\/index.php\/2018\/08\/05\/campanha-de-vacinacao-contra-a-poliomielite-e-o-sarampo-comeca-na-segunda-feira-06\/#breadcrumb"},"inLanguage":"pt-BR","potentialAction":[{"@type":"ReadAction","target":["https:\/\/portalnpm.com\/index.php\/2018\/08\/05\/campanha-de-vacinacao-contra-a-poliomielite-e-o-sarampo-comeca-na-segunda-feira-06\/"]}]},{"@type":"ImageObject","inLanguage":"pt-BR","@id":"https:\/\/portalnpm.com\/index.php\/2018\/08\/05\/campanha-de-vacinacao-contra-a-poliomielite-e-o-sarampo-comeca-na-segunda-feira-06\/#primaryimage","url":"https:\/\/portalnpm.com\/wp-content\/uploads\/2018\/08\/20180805_132628.png","contentUrl":"https:\/\/portalnpm.com\/wp-content\/uploads\/2018\/08\/20180805_132628.png","width":981,"height":405},{"@type":"BreadcrumbList","@id":"https:\/\/portalnpm.com\/index.php\/2018\/08\/05\/campanha-de-vacinacao-contra-a-poliomielite-e-o-sarampo-comeca-na-segunda-feira-06\/#breadcrumb","itemListElement":[{"@type":"ListItem","position":1,"name":"In\u00edcio","item":"https:\/\/portalnpm.com\/"},{"@type":"ListItem","position":2,"name":"Campanha de Vacina\u00e7\u00e3o contra a Poliomielite e o Sarampo come\u00e7a na segunda-feira, 06"}]},{"@type":"WebSite","@id":"https:\/\/portalnpm.com\/#website","url":"https:\/\/portalnpm.com\/","name":"Portal NPM","description":"Not\u00edcias em Primeira M\u00e3o","potentialAction":[{"@type":"SearchAction","target":{"@type":"EntryPoint","urlTemplate":"https:\/\/portalnpm.com\/?s={search_term_string}"},"query-input":"required name=search_term_string"}],"inLanguage":"pt-BR"},{"@type":"Person","@id":"https:\/\/portalnpm.com\/#\/schema\/person\/5c8006acdf71774cd4e7a5ab98482152","name":"Luis Alberto","image":{"@type":"ImageObject","inLanguage":"pt-BR","@id":"https:\/\/portalnpm.com\/#\/schema\/person\/image\/","url":"https:\/\/portalnpm.com\/wp-content\/uploads\/2024\/12\/avatar_user_3_1734699769-96x96.jpeg","contentUrl":"https:\/\/portalnpm.com\/wp-content\/uploads\/2024\/12\/avatar_user_3_1734699769-96x96.jpeg","caption":"Luis Alberto"},"description":"Editor-geral do Portal NPM, \u00e9 formado como T\u00e9cnico em Seguran\u00e7a do Trabalho pela Escola Metropolitana de Cursos T\u00e9cnicos. Det\u00e9m ainda licenciatura em Educa\u00e7\u00e3o F\u00edsica e bacharelado em Ci\u00eancias Pol\u00edticas, ambos obtidos pela institui\u00e7\u00e3o Anhanguera\/UNOPAR.","url":"https:\/\/portalnpm.com\/index.php\/author\/pereira\/"}]}},"jetpack_sharing_enabled":true,"jetpack_featured_media_url":"https:\/\/portalnpm.com\/wp-content\/uploads\/2018\/08\/20180805_132628.png","_links":{"self":[{"href":"https:\/\/portalnpm.com\/index.php\/wp-json\/wp\/v2\/posts\/344"}],"collection":[{"href":"https:\/\/portalnpm.com\/index.php\/wp-json\/wp\/v2\/posts"}],"about":[{"href":"https:\/\/portalnpm.com\/index.php\/wp-json\/wp\/v2\/types\/post"}],"author":[{"embeddable":true,"href":"https:\/\/portalnpm.com\/index.php\/wp-json\/wp\/v2\/users\/3"}],"replies":[{"embeddable":true,"href":"https:\/\/portalnpm.com\/index.php\/wp-json\/wp\/v2\/comments?post=344"}],"version-history":[{"count":0,"href":"https:\/\/portalnpm.com\/index.php\/wp-json\/wp\/v2\/posts\/344\/revisions"}],"wp:featuredmedia":[{"embeddable":true,"href":"https:\/\/portalnpm.com\/index.php\/wp-json\/wp\/v2\/media\/345"}],"wp:attachment":[{"href":"https:\/\/portalnpm.com\/index.php\/wp-json\/wp\/v2\/media?parent=344"}],"wp:term":[{"taxonomy":"category","embeddable":true,"href":"https:\/\/portalnpm.com\/index.php\/wp-json\/wp\/v2\/categories?post=344"},{"taxonomy":"post_tag","embeddable":true,"href":"https:\/\/portalnpm.com\/index.php\/wp-json\/wp\/v2\/tags?post=344"}],"curies":[{"name":"wp","href":"https:\/\/api.w.org\/{rel}","templated":true}]}}