{"id":3440,"date":"2018-12-13T14:39:52","date_gmt":"2018-12-13T16:39:52","guid":{"rendered":"http:\/\/srv.portalnpm.com.br\/?p=3440"},"modified":"2018-12-13T14:39:52","modified_gmt":"2018-12-13T16:39:52","slug":"mais-de-40-dos-jovens-formados-ocupam-postos-de-menor-qualificacao","status":"publish","type":"post","link":"https:\/\/portalnpm.com\/index.php\/2018\/12\/13\/mais-de-40-dos-jovens-formados-ocupam-postos-de-menor-qualificacao\/","title":{"rendered":"Mais de 40% dos jovens formados ocupam postos de menor qualifica\u00e7\u00e3o"},"content":{"rendered":"<p style=\"text-align: justify;\">Pelo menos 44,2% dos jovens entre 24 a 35 anos formados no ensino superior exercem atualmente trabalhos que requerem menor qualifica\u00e7\u00e3o do que a escolaridade adquirida. Em 2012, as taxa era de 38%.<\/p>\n<p style=\"text-align: justify;\">Os dados foram divulgados a hoje (12) pelo Instituto de Pesquisa Econ\u00f4mica Aplicada (Ipea), dentro da se\u00e7\u00e3o Mercado de Trabalho da Carta de Conjuntura do quarto trimestre de 2018.<\/p>\n<p style=\"text-align: justify;\">O estudo, do Instituto de Pesquisa Econ\u00f4mico Aplicada (Ipea), A evolu\u00e7\u00e3o da popula\u00e7\u00e3o ocupada com n\u00edvel superior foi feito com base nos dados da Pesquisa Nacional por Amostra de Domic\u00edlios Cont\u00ednua (Pnad Cont\u00ednua), realizada pelo Instituto Brasileiro de Geografia e Estat\u00edstica (IBGE) em parceria com o Cadastro Geral de Empregados e Desempregados (Caged), do Minist\u00e9rio do Trabalho e Emprego.<\/p>\n<p style=\"text-align: justify;\">Segundo a t\u00e9cnica de Planejamento e Pesquisa do Ipea Maria Andrea Lameiras, o estudo mostra que a economia brasileira ainda n\u00e3o consegue gerar postos de trabalho compat\u00edveis com o aumento da escolaridade da popula\u00e7\u00e3o. O percentual de brasileiros com n\u00edvel superior passou de 10,2% em 2012 para 13,9% em 2018 e o n\u00famero de trabalhadores com n\u00edvel superior passou de 13,1 milh\u00f5es para 19,4 milh\u00f5es no mesmo per\u00edodo.<\/p>\n<p style=\"text-align: justify;\">\u201cHoje temos uma popula\u00e7\u00e3o ocupada cada vez mais escolarizada, um momento forte no n\u00famero dos que t\u00eam diploma universit\u00e1rio, mas um ter\u00e7o n\u00e3o consegue emprego compat\u00edvel.&#8221; A propor\u00e7\u00e3o de trabalhadores com n\u00edvel superior, que exercem fun\u00e7\u00e3o de menor qualifica\u00e7\u00e3o, est\u00e1 em 38%, o maior \u00edndice da s\u00e9rie hist\u00f3rica, iniciada em 2012, quando a taxa era de 33%.<\/p>\n<p style=\"text-align: justify;\"><strong>Vagas<\/strong><br \/>\nSegundo a t\u00e9cnica, com a crise econ\u00f4mica iniciada no final de 2014, diminuiu o n\u00famero dos que conseguem cargo compat\u00edvel com a escolariza\u00e7\u00e3o e, consequentemente, eles tiram as vagas de quem n\u00e3o tem gradua\u00e7\u00e3o.<\/p>\n<p style=\"text-align: justify;\">&#8220;Hoje tenho uma gama grande de trabalhadores universit\u00e1rios que acabam tendo que desempenhar fun\u00e7\u00f5es de escolaridade m\u00e9dia ou at\u00e9 de escolaridade fundamental, porque n\u00e3o h\u00e1 emprego compat\u00edvel com a gradua\u00e7\u00e3o dele\u201d.<\/p>\n<p style=\"text-align: justify;\">A diferen\u00e7a salarial entre a popula\u00e7\u00e3o de n\u00edvel superior ocupada em cargo compat\u00edvel e a que exerce fun\u00e7\u00e3o abaixo de sua qualifica\u00e7\u00e3o tamb\u00e9m aumentou no per\u00edodo.<\/p>\n<p style=\"text-align: justify;\">Em 2012, a diferen\u00e7a era de 46% e no terceiro trimestre de 2018 subiu para 74%. \u201cOu seja, um trabalhador que tem um diploma e uma fun\u00e7\u00e3o compat\u00edvel ganha 5.700 reais. E um trabalhador que tamb\u00e9m tem um diploma superior, mas que n\u00e3o tem emprego compat\u00edvel, est\u00e1 ganhando R$ 3.200 reais.\u201d<\/p>\n<p style=\"text-align: justify;\"><strong>Mercado de Trabalho<\/strong><br \/>\nO estudo tamb\u00e9m mostra que a recupera\u00e7\u00e3o do pa\u00eds est\u00e1 moderada. A taxa de desocupa\u00e7\u00e3o caiu no trimestre m\u00f3vel encerrado em outubro, ficando em 11,7%. Por\u00e9m, houve aumento de 10,4% no n\u00famero de pessoas subocupadas, que trabalham menos de 40 horas semanais, mas gostariam de trabalhar mais, chegando a 7 milh\u00f5es, na compara\u00e7\u00e3o com o mesmo per\u00edodo de 2017. Aumentou tamb\u00e9m o n\u00famero de pessoas que procuram trabalho a mais de dois anos, chegando a um quarto do total de 12,7 milh\u00f5es dos desempregados.<\/p>\n<p style=\"text-align: justify;\">O Ipea aponta que a recupera\u00e7\u00e3o da economia e do mercado de trabalho em 2018 ficou abaixo da expectativa, apesar da gera\u00e7\u00e3o de 790 mil vagas com carteira assinada no ano.<\/p>\n<p style=\"text-align: justify;\">Segundo a pesquisadora, o ano foi \u201cmuito conturbado\u201d, com greve dos caminhoneiros, desvaloriza\u00e7\u00e3o do Real e elei\u00e7\u00f5es, que refletiram em falta de confian\u00e7a no mercado para retomar o crescimento econ\u00f4mico e impediram que os efeitos da reforma trabalhista fossem sentidos no mercado de trabalho.<\/p>\n<p style=\"text-align: justify;\">\u201cDo final de 2014 para setembro de 2018 houve piora nos indicadores econ\u00f4micos e no ano passado os n\u00fameros estabilizaram num patamar ruim.&#8221; O mercado de trabalho \u00e9 o \u00faltimo a entrar na crise e o \u00faltimo a retomar. Em 2015 a economia estava muito mal, mas o mercado de trabalho n\u00e3o. Quando a crise chega no mercado de trabalho piora tudo, o que ocorreu no final de 2015 para 2016. Quando os outros setores da economia voltam, demora a refletir no mercado de trabalho\u201d.<\/p>\n<p style=\"text-align: justify;\">Os dados mostram que a popula\u00e7\u00e3o economicamente ativa teve leve alta de 0,9 e a popula\u00e7\u00e3o ocupada aumentou 1,5% no trimestre terminado em setembro, o que leva a uma tend\u00eancia de retra\u00e7\u00e3o na desocupa\u00e7\u00e3o.<\/p>\n<p style=\"text-align: justify;\">O Ipea destaca que o n\u00edvel de desemprego ainda est\u00e1 muito alto, assim como o desalento, ou seja, pessoas sem ocupa\u00e7\u00e3o que n\u00e3o procuraram trabalho, que est\u00e1 em 4,37 milh\u00f5es de brasileiros, um aumento de 10,6% em rela\u00e7\u00e3o ao mesmo per\u00edodo de 2017. Isso corresponde a 2,7% da popula\u00e7\u00e3o em idade ativa. O n\u00famero de trabalhadores sem carteira assinada aumentou 2,9% e o de trabalhadores por conta pr\u00f3pria subiu 5,2% no trimestre.<\/p>\n<p style=\"text-align: justify;\">A expetativa dos pesquisadores do Ipea para 2019 \u00e9 de melhora no mercado de trabalho, mas para isso \u00e9 necess\u00e1rio crescimento econ\u00f4mico mais forte.<\/p>\n<p style=\"text-align: justify;\"><strong>Fonte: Ag\u00eancia Brasil<\/strong><\/p>\n","protected":false},"excerpt":{"rendered":"<p>Pelo menos 44,2% dos jovens entre 24 a 35 anos formados no ensino superior exercem atualmente trabalhos que requerem menor qualifica\u00e7\u00e3o do que a escolaridade adquirida. Em 2012, as taxa era de 38%. Os dados foram divulgados a hoje (12) pelo Instituto de Pesquisa Econ\u00f4mica Aplicada (Ipea), dentro da se\u00e7\u00e3o Mercado de Trabalho da Carta &hellip;<\/p>\n","protected":false},"author":4,"featured_media":3442,"comment_status":"open","ping_status":"open","sticky":false,"template":"","format":"standard","meta":{"content-type":"","rop_custom_images_group":[],"rop_custom_messages_group":[],"rop_publish_now":"initial","rop_publish_now_accounts":{"facebook_2648258775420054_1618374048415101":""},"rop_publish_now_history":[],"rop_publish_now_status":"pending","footnotes":"","_jetpack_memberships_contains_paid_content":false},"categories":[113,414],"tags":[1127,1398,1713,601,1714],"yoast_head":"<!-- This site is optimized with the Yoast SEO plugin v22.3 - https:\/\/yoast.com\/wordpress\/plugins\/seo\/ -->\n<title>Mais de 40% dos jovens formados ocupam postos de menor qualifica\u00e7\u00e3o - Portal NPM<\/title>\n<meta name=\"robots\" content=\"index, follow, max-snippet:-1, max-image-preview:large, max-video-preview:-1\" \/>\n<link rel=\"canonical\" href=\"https:\/\/portalnpm.com\/index.php\/2018\/12\/13\/mais-de-40-dos-jovens-formados-ocupam-postos-de-menor-qualificacao\/\" \/>\n<meta property=\"og:locale\" content=\"pt_BR\" \/>\n<meta property=\"og:type\" content=\"article\" \/>\n<meta property=\"og:title\" content=\"Mais de 40% dos jovens formados ocupam postos de menor qualifica\u00e7\u00e3o - Portal NPM\" \/>\n<meta property=\"og:description\" content=\"Pelo menos 44,2% dos jovens entre 24 a 35 anos formados no ensino superior exercem atualmente trabalhos que requerem menor qualifica\u00e7\u00e3o do que a escolaridade adquirida. Em 2012, as taxa era de 38%. Os dados foram divulgados a hoje (12) pelo Instituto de Pesquisa Econ\u00f4mica Aplicada (Ipea), dentro da se\u00e7\u00e3o Mercado de Trabalho da Carta &hellip;\" \/>\n<meta property=\"og:url\" content=\"https:\/\/portalnpm.com\/index.php\/2018\/12\/13\/mais-de-40-dos-jovens-formados-ocupam-postos-de-menor-qualificacao\/\" \/>\n<meta property=\"og:site_name\" content=\"Portal NPM\" \/>\n<meta property=\"article:published_time\" content=\"2018-12-13T16:39:52+00:00\" \/>\n<meta name=\"author\" content=\"Reda\u00e7\u00e3o\" \/>\n<meta name=\"twitter:card\" content=\"summary_large_image\" \/>\n<meta name=\"twitter:label1\" content=\"Escrito por\" \/>\n\t<meta name=\"twitter:data1\" content=\"Reda\u00e7\u00e3o\" \/>\n\t<meta name=\"twitter:label2\" content=\"Est. tempo de leitura\" \/>\n\t<meta name=\"twitter:data2\" content=\"4 minutos\" \/>\n<script type=\"application\/ld+json\" class=\"yoast-schema-graph\">{\"@context\":\"https:\/\/schema.org\",\"@graph\":[{\"@type\":\"WebPage\",\"@id\":\"https:\/\/portalnpm.com\/index.php\/2018\/12\/13\/mais-de-40-dos-jovens-formados-ocupam-postos-de-menor-qualificacao\/\",\"url\":\"https:\/\/portalnpm.com\/index.php\/2018\/12\/13\/mais-de-40-dos-jovens-formados-ocupam-postos-de-menor-qualificacao\/\",\"name\":\"Mais de 40% dos jovens formados ocupam postos de menor qualifica\u00e7\u00e3o - Portal NPM\",\"isPartOf\":{\"@id\":\"https:\/\/portalnpm.com\/#website\"},\"primaryImageOfPage\":{\"@id\":\"https:\/\/portalnpm.com\/index.php\/2018\/12\/13\/mais-de-40-dos-jovens-formados-ocupam-postos-de-menor-qualificacao\/#primaryimage\"},\"image\":{\"@id\":\"https:\/\/portalnpm.com\/index.php\/2018\/12\/13\/mais-de-40-dos-jovens-formados-ocupam-postos-de-menor-qualificacao\/#primaryimage\"},\"thumbnailUrl\":\"\",\"datePublished\":\"2018-12-13T16:39:52+00:00\",\"dateModified\":\"2018-12-13T16:39:52+00:00\",\"author\":{\"@id\":\"https:\/\/portalnpm.com\/#\/schema\/person\/0b5f230ec96cee25504fa328e7f2b733\"},\"breadcrumb\":{\"@id\":\"https:\/\/portalnpm.com\/index.php\/2018\/12\/13\/mais-de-40-dos-jovens-formados-ocupam-postos-de-menor-qualificacao\/#breadcrumb\"},\"inLanguage\":\"pt-BR\",\"potentialAction\":[{\"@type\":\"ReadAction\",\"target\":[\"https:\/\/portalnpm.com\/index.php\/2018\/12\/13\/mais-de-40-dos-jovens-formados-ocupam-postos-de-menor-qualificacao\/\"]}]},{\"@type\":\"ImageObject\",\"inLanguage\":\"pt-BR\",\"@id\":\"https:\/\/portalnpm.com\/index.php\/2018\/12\/13\/mais-de-40-dos-jovens-formados-ocupam-postos-de-menor-qualificacao\/#primaryimage\",\"url\":\"\",\"contentUrl\":\"\"},{\"@type\":\"BreadcrumbList\",\"@id\":\"https:\/\/portalnpm.com\/index.php\/2018\/12\/13\/mais-de-40-dos-jovens-formados-ocupam-postos-de-menor-qualificacao\/#breadcrumb\",\"itemListElement\":[{\"@type\":\"ListItem\",\"position\":1,\"name\":\"In\u00edcio\",\"item\":\"https:\/\/portalnpm.com\/\"},{\"@type\":\"ListItem\",\"position\":2,\"name\":\"Mais de 40% dos jovens formados ocupam postos de menor qualifica\u00e7\u00e3o\"}]},{\"@type\":\"WebSite\",\"@id\":\"https:\/\/portalnpm.com\/#website\",\"url\":\"https:\/\/portalnpm.com\/\",\"name\":\"Portal NPM\",\"description\":\"Not\u00edcias em Primeira M\u00e3o\",\"potentialAction\":[{\"@type\":\"SearchAction\",\"target\":{\"@type\":\"EntryPoint\",\"urlTemplate\":\"https:\/\/portalnpm.com\/?s={search_term_string}\"},\"query-input\":\"required name=search_term_string\"}],\"inLanguage\":\"pt-BR\"},{\"@type\":\"Person\",\"@id\":\"https:\/\/portalnpm.com\/#\/schema\/person\/0b5f230ec96cee25504fa328e7f2b733\",\"name\":\"Reda\u00e7\u00e3o\",\"image\":{\"@type\":\"ImageObject\",\"inLanguage\":\"pt-BR\",\"@id\":\"https:\/\/portalnpm.com\/#\/schema\/person\/image\/\",\"url\":\"https:\/\/portalnpm.com\/wp-content\/uploads\/2024\/03\/avatar_user_4_1710097212-96x96.png\",\"contentUrl\":\"https:\/\/portalnpm.com\/wp-content\/uploads\/2024\/03\/avatar_user_4_1710097212-96x96.png\",\"caption\":\"Reda\u00e7\u00e3o\"},\"url\":\"https:\/\/portalnpm.com\/index.php\/author\/redacao\/\"}]}<\/script>\n<!-- \/ Yoast SEO plugin. -->","yoast_head_json":{"title":"Mais de 40% dos jovens formados ocupam postos de menor qualifica\u00e7\u00e3o - Portal NPM","robots":{"index":"index","follow":"follow","max-snippet":"max-snippet:-1","max-image-preview":"max-image-preview:large","max-video-preview":"max-video-preview:-1"},"canonical":"https:\/\/portalnpm.com\/index.php\/2018\/12\/13\/mais-de-40-dos-jovens-formados-ocupam-postos-de-menor-qualificacao\/","og_locale":"pt_BR","og_type":"article","og_title":"Mais de 40% dos jovens formados ocupam postos de menor qualifica\u00e7\u00e3o - Portal NPM","og_description":"Pelo menos 44,2% dos jovens entre 24 a 35 anos formados no ensino superior exercem atualmente trabalhos que requerem menor qualifica\u00e7\u00e3o do que a escolaridade adquirida. Em 2012, as taxa era de 38%. Os dados foram divulgados a hoje (12) pelo Instituto de Pesquisa Econ\u00f4mica Aplicada (Ipea), dentro da se\u00e7\u00e3o Mercado de Trabalho da Carta &hellip;","og_url":"https:\/\/portalnpm.com\/index.php\/2018\/12\/13\/mais-de-40-dos-jovens-formados-ocupam-postos-de-menor-qualificacao\/","og_site_name":"Portal NPM","article_published_time":"2018-12-13T16:39:52+00:00","author":"Reda\u00e7\u00e3o","twitter_card":"summary_large_image","twitter_misc":{"Escrito por":"Reda\u00e7\u00e3o","Est. tempo de leitura":"4 minutos"},"schema":{"@context":"https:\/\/schema.org","@graph":[{"@type":"WebPage","@id":"https:\/\/portalnpm.com\/index.php\/2018\/12\/13\/mais-de-40-dos-jovens-formados-ocupam-postos-de-menor-qualificacao\/","url":"https:\/\/portalnpm.com\/index.php\/2018\/12\/13\/mais-de-40-dos-jovens-formados-ocupam-postos-de-menor-qualificacao\/","name":"Mais de 40% dos jovens formados ocupam postos de menor qualifica\u00e7\u00e3o - Portal NPM","isPartOf":{"@id":"https:\/\/portalnpm.com\/#website"},"primaryImageOfPage":{"@id":"https:\/\/portalnpm.com\/index.php\/2018\/12\/13\/mais-de-40-dos-jovens-formados-ocupam-postos-de-menor-qualificacao\/#primaryimage"},"image":{"@id":"https:\/\/portalnpm.com\/index.php\/2018\/12\/13\/mais-de-40-dos-jovens-formados-ocupam-postos-de-menor-qualificacao\/#primaryimage"},"thumbnailUrl":"","datePublished":"2018-12-13T16:39:52+00:00","dateModified":"2018-12-13T16:39:52+00:00","author":{"@id":"https:\/\/portalnpm.com\/#\/schema\/person\/0b5f230ec96cee25504fa328e7f2b733"},"breadcrumb":{"@id":"https:\/\/portalnpm.com\/index.php\/2018\/12\/13\/mais-de-40-dos-jovens-formados-ocupam-postos-de-menor-qualificacao\/#breadcrumb"},"inLanguage":"pt-BR","potentialAction":[{"@type":"ReadAction","target":["https:\/\/portalnpm.com\/index.php\/2018\/12\/13\/mais-de-40-dos-jovens-formados-ocupam-postos-de-menor-qualificacao\/"]}]},{"@type":"ImageObject","inLanguage":"pt-BR","@id":"https:\/\/portalnpm.com\/index.php\/2018\/12\/13\/mais-de-40-dos-jovens-formados-ocupam-postos-de-menor-qualificacao\/#primaryimage","url":"","contentUrl":""},{"@type":"BreadcrumbList","@id":"https:\/\/portalnpm.com\/index.php\/2018\/12\/13\/mais-de-40-dos-jovens-formados-ocupam-postos-de-menor-qualificacao\/#breadcrumb","itemListElement":[{"@type":"ListItem","position":1,"name":"In\u00edcio","item":"https:\/\/portalnpm.com\/"},{"@type":"ListItem","position":2,"name":"Mais de 40% dos jovens formados ocupam postos de menor qualifica\u00e7\u00e3o"}]},{"@type":"WebSite","@id":"https:\/\/portalnpm.com\/#website","url":"https:\/\/portalnpm.com\/","name":"Portal NPM","description":"Not\u00edcias em Primeira M\u00e3o","potentialAction":[{"@type":"SearchAction","target":{"@type":"EntryPoint","urlTemplate":"https:\/\/portalnpm.com\/?s={search_term_string}"},"query-input":"required name=search_term_string"}],"inLanguage":"pt-BR"},{"@type":"Person","@id":"https:\/\/portalnpm.com\/#\/schema\/person\/0b5f230ec96cee25504fa328e7f2b733","name":"Reda\u00e7\u00e3o","image":{"@type":"ImageObject","inLanguage":"pt-BR","@id":"https:\/\/portalnpm.com\/#\/schema\/person\/image\/","url":"https:\/\/portalnpm.com\/wp-content\/uploads\/2024\/03\/avatar_user_4_1710097212-96x96.png","contentUrl":"https:\/\/portalnpm.com\/wp-content\/uploads\/2024\/03\/avatar_user_4_1710097212-96x96.png","caption":"Reda\u00e7\u00e3o"},"url":"https:\/\/portalnpm.com\/index.php\/author\/redacao\/"}]}},"jetpack_sharing_enabled":true,"jetpack_featured_media_url":"","_links":{"self":[{"href":"https:\/\/portalnpm.com\/index.php\/wp-json\/wp\/v2\/posts\/3440"}],"collection":[{"href":"https:\/\/portalnpm.com\/index.php\/wp-json\/wp\/v2\/posts"}],"about":[{"href":"https:\/\/portalnpm.com\/index.php\/wp-json\/wp\/v2\/types\/post"}],"author":[{"embeddable":true,"href":"https:\/\/portalnpm.com\/index.php\/wp-json\/wp\/v2\/users\/4"}],"replies":[{"embeddable":true,"href":"https:\/\/portalnpm.com\/index.php\/wp-json\/wp\/v2\/comments?post=3440"}],"version-history":[{"count":0,"href":"https:\/\/portalnpm.com\/index.php\/wp-json\/wp\/v2\/posts\/3440\/revisions"}],"wp:featuredmedia":[{"embeddable":true,"href":"https:\/\/portalnpm.com\/index.php\/wp-json\/"}],"wp:attachment":[{"href":"https:\/\/portalnpm.com\/index.php\/wp-json\/wp\/v2\/media?parent=3440"}],"wp:term":[{"taxonomy":"category","embeddable":true,"href":"https:\/\/portalnpm.com\/index.php\/wp-json\/wp\/v2\/categories?post=3440"},{"taxonomy":"post_tag","embeddable":true,"href":"https:\/\/portalnpm.com\/index.php\/wp-json\/wp\/v2\/tags?post=3440"}],"curies":[{"name":"wp","href":"https:\/\/api.w.org\/{rel}","templated":true}]}}