{"id":3450,"date":"2018-12-14T14:14:04","date_gmt":"2018-12-14T16:14:04","guid":{"rendered":"http:\/\/srv.portalnpm.com.br\/?p=3450"},"modified":"2018-12-14T14:14:04","modified_gmt":"2018-12-14T16:14:04","slug":"prf-inicia-operacao-nas-rodovias-que-se-estende-ate-o-carnaval","status":"publish","type":"post","link":"https:\/\/portalnpm.com\/index.php\/2018\/12\/14\/prf-inicia-operacao-nas-rodovias-que-se-estende-ate-o-carnaval\/","title":{"rendered":"PRF inicia opera\u00e7\u00e3o nas rodovias que se estende at\u00e9 o Carnaval"},"content":{"rendered":"<p style=\"text-align: justify;\">A Pol\u00edcia Rodovi\u00e1ria Federal (PRF) inicia nesta sexta-feira (14) a opera\u00e7\u00e3o Rodovida nas estradas. A a\u00e7\u00e3o ocorre simultaneamente em todos os estados brasileiros e tem o objetivo de prevenir acidentes de tr\u00e2nsito nas rodovias federais durante as festas de fim de ano, f\u00e9rias escolares e tamb\u00e9m no Carnaval.<\/p>\n<p style=\"text-align: justify;\">&#8220;Anualmente, a PRF atrav\u00e9s do Minist\u00e9rio da Justi\u00e7a lan\u00e7a essa opera\u00e7\u00e3o com o objetivo de diminuir os acidentes nas rodovias federais. Nesse momento, a gente chama todos os parceiros PM, Pol\u00edcia Civil, Corpo de Bombeiros, Samu, secretaria de Sa\u00fade para intensificar as a\u00e7\u00f5es&#8221;, explica Barros Filho, policial rodovi\u00e1rio federal.<\/p>\n<p style=\"text-align: justify;\">Ele explica que as a\u00e7\u00f5es ser\u00e3o voltadas para educa\u00e7\u00e3o para o tr\u00e2nsito, fiscaliza\u00e7\u00e3o, entre outras, que impactem na diminui\u00e7\u00e3o do n\u00famero de acidentes nas rodovias.<\/p>\n<p style=\"text-align: justify;\">&#8220;Al\u00e9m do n\u00famero de acidentes, queremos tamb\u00e9m repreender a criminalidade. A gente sabe que a motocicleta hoje \u00e9 um vetor no aumento do n\u00famero de acidentes e criminalidade&#8221;, destaca Barros.<\/p>\n<p style=\"text-align: justify;\">Paralelo a opera\u00e7\u00e3o Rodovia acontece a Duas Rodas voltada especificamente para a fiscaliza\u00e7\u00e3o de motocicletas.<\/p>\n<p style=\"text-align: justify;\">&#8220;Na Duas Rodas, a gente vai fiscalizar de forma intensiva a quest\u00e3o da motocicleta que est\u00e1 presente na maioria dos acidentes. A principal causa \u00e9 a imprud\u00eancia, seguida de motos antigas, motoristas sem CNH, entre outras&#8221;, completa o PRF.<\/p>\n<p style=\"text-align: justify;\">As a\u00e7\u00f5es da opera\u00e7\u00e3o Duas Rodas v\u00e3o se concentrar em Teresina e tamb\u00e9m no interior do estado.<\/p>\n<p style=\"text-align: justify;\"><strong>Fonte: Cidade Verde<\/strong><\/p>\n","protected":false},"excerpt":{"rendered":"<p>A Pol\u00edcia Rodovi\u00e1ria Federal (PRF) inicia nesta sexta-feira (14) a opera\u00e7\u00e3o Rodovida nas estradas. A a\u00e7\u00e3o ocorre simultaneamente em todos os estados brasileiros e tem o objetivo de prevenir acidentes de tr\u00e2nsito nas rodovias federais durante as festas de fim de ano, f\u00e9rias escolares e tamb\u00e9m no Carnaval. &#8220;Anualmente, a PRF atrav\u00e9s do Minist\u00e9rio da &hellip;<\/p>\n","protected":false},"author":4,"featured_media":3451,"comment_status":"open","ping_status":"open","sticky":false,"template":"","format":"standard","meta":{"content-type":"","rop_custom_images_group":[],"rop_custom_messages_group":[],"rop_publish_now":"initial","rop_publish_now_accounts":{"facebook_2648258775420054_1618374048415101":""},"rop_publish_now_history":[],"rop_publish_now_status":"pending","footnotes":"","_jetpack_memberships_contains_paid_content":false},"categories":[113,118],"tags":[1718,448,1308],"yoast_head":"<!-- This site is optimized with the Yoast SEO plugin v22.3 - https:\/\/yoast.com\/wordpress\/plugins\/seo\/ -->\n<title>PRF inicia opera\u00e7\u00e3o nas rodovias que se estende at\u00e9 o Carnaval - Portal NPM<\/title>\n<meta name=\"robots\" content=\"index, follow, max-snippet:-1, max-image-preview:large, max-video-preview:-1\" \/>\n<link rel=\"canonical\" href=\"https:\/\/portalnpm.com\/index.php\/2018\/12\/14\/prf-inicia-operacao-nas-rodovias-que-se-estende-ate-o-carnaval\/\" \/>\n<meta property=\"og:locale\" content=\"pt_BR\" \/>\n<meta property=\"og:type\" content=\"article\" \/>\n<meta property=\"og:title\" content=\"PRF inicia opera\u00e7\u00e3o nas rodovias que se estende at\u00e9 o Carnaval - Portal NPM\" \/>\n<meta property=\"og:description\" content=\"A Pol\u00edcia Rodovi\u00e1ria Federal (PRF) inicia nesta sexta-feira (14) a opera\u00e7\u00e3o Rodovida nas estradas. A a\u00e7\u00e3o ocorre simultaneamente em todos os estados brasileiros e tem o objetivo de prevenir acidentes de tr\u00e2nsito nas rodovias federais durante as festas de fim de ano, f\u00e9rias escolares e tamb\u00e9m no Carnaval. &#8220;Anualmente, a PRF atrav\u00e9s do Minist\u00e9rio da &hellip;\" \/>\n<meta property=\"og:url\" content=\"https:\/\/portalnpm.com\/index.php\/2018\/12\/14\/prf-inicia-operacao-nas-rodovias-que-se-estende-ate-o-carnaval\/\" \/>\n<meta property=\"og:site_name\" content=\"Portal NPM\" \/>\n<meta property=\"article:published_time\" content=\"2018-12-14T16:14:04+00:00\" \/>\n<meta name=\"author\" content=\"Reda\u00e7\u00e3o\" \/>\n<meta name=\"twitter:card\" content=\"summary_large_image\" \/>\n<meta name=\"twitter:label1\" content=\"Escrito por\" \/>\n\t<meta name=\"twitter:data1\" content=\"Reda\u00e7\u00e3o\" \/>\n\t<meta name=\"twitter:label2\" content=\"Est. tempo de leitura\" \/>\n\t<meta name=\"twitter:data2\" content=\"1 minuto\" \/>\n<script type=\"application\/ld+json\" class=\"yoast-schema-graph\">{\"@context\":\"https:\/\/schema.org\",\"@graph\":[{\"@type\":\"WebPage\",\"@id\":\"https:\/\/portalnpm.com\/index.php\/2018\/12\/14\/prf-inicia-operacao-nas-rodovias-que-se-estende-ate-o-carnaval\/\",\"url\":\"https:\/\/portalnpm.com\/index.php\/2018\/12\/14\/prf-inicia-operacao-nas-rodovias-que-se-estende-ate-o-carnaval\/\",\"name\":\"PRF inicia opera\u00e7\u00e3o nas rodovias que se estende at\u00e9 o Carnaval - Portal NPM\",\"isPartOf\":{\"@id\":\"https:\/\/portalnpm.com\/#website\"},\"primaryImageOfPage\":{\"@id\":\"https:\/\/portalnpm.com\/index.php\/2018\/12\/14\/prf-inicia-operacao-nas-rodovias-que-se-estende-ate-o-carnaval\/#primaryimage\"},\"image\":{\"@id\":\"https:\/\/portalnpm.com\/index.php\/2018\/12\/14\/prf-inicia-operacao-nas-rodovias-que-se-estende-ate-o-carnaval\/#primaryimage\"},\"thumbnailUrl\":\"\",\"datePublished\":\"2018-12-14T16:14:04+00:00\",\"dateModified\":\"2018-12-14T16:14:04+00:00\",\"author\":{\"@id\":\"https:\/\/portalnpm.com\/#\/schema\/person\/0b5f230ec96cee25504fa328e7f2b733\"},\"breadcrumb\":{\"@id\":\"https:\/\/portalnpm.com\/index.php\/2018\/12\/14\/prf-inicia-operacao-nas-rodovias-que-se-estende-ate-o-carnaval\/#breadcrumb\"},\"inLanguage\":\"pt-BR\",\"potentialAction\":[{\"@type\":\"ReadAction\",\"target\":[\"https:\/\/portalnpm.com\/index.php\/2018\/12\/14\/prf-inicia-operacao-nas-rodovias-que-se-estende-ate-o-carnaval\/\"]}]},{\"@type\":\"ImageObject\",\"inLanguage\":\"pt-BR\",\"@id\":\"https:\/\/portalnpm.com\/index.php\/2018\/12\/14\/prf-inicia-operacao-nas-rodovias-que-se-estende-ate-o-carnaval\/#primaryimage\",\"url\":\"\",\"contentUrl\":\"\"},{\"@type\":\"BreadcrumbList\",\"@id\":\"https:\/\/portalnpm.com\/index.php\/2018\/12\/14\/prf-inicia-operacao-nas-rodovias-que-se-estende-ate-o-carnaval\/#breadcrumb\",\"itemListElement\":[{\"@type\":\"ListItem\",\"position\":1,\"name\":\"In\u00edcio\",\"item\":\"https:\/\/portalnpm.com\/\"},{\"@type\":\"ListItem\",\"position\":2,\"name\":\"PRF inicia opera\u00e7\u00e3o nas rodovias que se estende at\u00e9 o Carnaval\"}]},{\"@type\":\"WebSite\",\"@id\":\"https:\/\/portalnpm.com\/#website\",\"url\":\"https:\/\/portalnpm.com\/\",\"name\":\"Portal NPM\",\"description\":\"Not\u00edcias em Primeira M\u00e3o\",\"potentialAction\":[{\"@type\":\"SearchAction\",\"target\":{\"@type\":\"EntryPoint\",\"urlTemplate\":\"https:\/\/portalnpm.com\/?s={search_term_string}\"},\"query-input\":\"required name=search_term_string\"}],\"inLanguage\":\"pt-BR\"},{\"@type\":\"Person\",\"@id\":\"https:\/\/portalnpm.com\/#\/schema\/person\/0b5f230ec96cee25504fa328e7f2b733\",\"name\":\"Reda\u00e7\u00e3o\",\"image\":{\"@type\":\"ImageObject\",\"inLanguage\":\"pt-BR\",\"@id\":\"https:\/\/portalnpm.com\/#\/schema\/person\/image\/\",\"url\":\"https:\/\/portalnpm.com\/wp-content\/uploads\/2024\/03\/avatar_user_4_1710097212-96x96.png\",\"contentUrl\":\"https:\/\/portalnpm.com\/wp-content\/uploads\/2024\/03\/avatar_user_4_1710097212-96x96.png\",\"caption\":\"Reda\u00e7\u00e3o\"},\"url\":\"https:\/\/portalnpm.com\/index.php\/author\/redacao\/\"}]}<\/script>\n<!-- \/ Yoast SEO plugin. -->","yoast_head_json":{"title":"PRF inicia opera\u00e7\u00e3o nas rodovias que se estende at\u00e9 o Carnaval - Portal NPM","robots":{"index":"index","follow":"follow","max-snippet":"max-snippet:-1","max-image-preview":"max-image-preview:large","max-video-preview":"max-video-preview:-1"},"canonical":"https:\/\/portalnpm.com\/index.php\/2018\/12\/14\/prf-inicia-operacao-nas-rodovias-que-se-estende-ate-o-carnaval\/","og_locale":"pt_BR","og_type":"article","og_title":"PRF inicia opera\u00e7\u00e3o nas rodovias que se estende at\u00e9 o Carnaval - Portal NPM","og_description":"A Pol\u00edcia Rodovi\u00e1ria Federal (PRF) inicia nesta sexta-feira (14) a opera\u00e7\u00e3o Rodovida nas estradas. A a\u00e7\u00e3o ocorre simultaneamente em todos os estados brasileiros e tem o objetivo de prevenir acidentes de tr\u00e2nsito nas rodovias federais durante as festas de fim de ano, f\u00e9rias escolares e tamb\u00e9m no Carnaval. &#8220;Anualmente, a PRF atrav\u00e9s do Minist\u00e9rio da &hellip;","og_url":"https:\/\/portalnpm.com\/index.php\/2018\/12\/14\/prf-inicia-operacao-nas-rodovias-que-se-estende-ate-o-carnaval\/","og_site_name":"Portal NPM","article_published_time":"2018-12-14T16:14:04+00:00","author":"Reda\u00e7\u00e3o","twitter_card":"summary_large_image","twitter_misc":{"Escrito por":"Reda\u00e7\u00e3o","Est. tempo de leitura":"1 minuto"},"schema":{"@context":"https:\/\/schema.org","@graph":[{"@type":"WebPage","@id":"https:\/\/portalnpm.com\/index.php\/2018\/12\/14\/prf-inicia-operacao-nas-rodovias-que-se-estende-ate-o-carnaval\/","url":"https:\/\/portalnpm.com\/index.php\/2018\/12\/14\/prf-inicia-operacao-nas-rodovias-que-se-estende-ate-o-carnaval\/","name":"PRF inicia opera\u00e7\u00e3o nas rodovias que se estende at\u00e9 o Carnaval - Portal NPM","isPartOf":{"@id":"https:\/\/portalnpm.com\/#website"},"primaryImageOfPage":{"@id":"https:\/\/portalnpm.com\/index.php\/2018\/12\/14\/prf-inicia-operacao-nas-rodovias-que-se-estende-ate-o-carnaval\/#primaryimage"},"image":{"@id":"https:\/\/portalnpm.com\/index.php\/2018\/12\/14\/prf-inicia-operacao-nas-rodovias-que-se-estende-ate-o-carnaval\/#primaryimage"},"thumbnailUrl":"","datePublished":"2018-12-14T16:14:04+00:00","dateModified":"2018-12-14T16:14:04+00:00","author":{"@id":"https:\/\/portalnpm.com\/#\/schema\/person\/0b5f230ec96cee25504fa328e7f2b733"},"breadcrumb":{"@id":"https:\/\/portalnpm.com\/index.php\/2018\/12\/14\/prf-inicia-operacao-nas-rodovias-que-se-estende-ate-o-carnaval\/#breadcrumb"},"inLanguage":"pt-BR","potentialAction":[{"@type":"ReadAction","target":["https:\/\/portalnpm.com\/index.php\/2018\/12\/14\/prf-inicia-operacao-nas-rodovias-que-se-estende-ate-o-carnaval\/"]}]},{"@type":"ImageObject","inLanguage":"pt-BR","@id":"https:\/\/portalnpm.com\/index.php\/2018\/12\/14\/prf-inicia-operacao-nas-rodovias-que-se-estende-ate-o-carnaval\/#primaryimage","url":"","contentUrl":""},{"@type":"BreadcrumbList","@id":"https:\/\/portalnpm.com\/index.php\/2018\/12\/14\/prf-inicia-operacao-nas-rodovias-que-se-estende-ate-o-carnaval\/#breadcrumb","itemListElement":[{"@type":"ListItem","position":1,"name":"In\u00edcio","item":"https:\/\/portalnpm.com\/"},{"@type":"ListItem","position":2,"name":"PRF inicia opera\u00e7\u00e3o nas rodovias que se estende at\u00e9 o Carnaval"}]},{"@type":"WebSite","@id":"https:\/\/portalnpm.com\/#website","url":"https:\/\/portalnpm.com\/","name":"Portal NPM","description":"Not\u00edcias em Primeira M\u00e3o","potentialAction":[{"@type":"SearchAction","target":{"@type":"EntryPoint","urlTemplate":"https:\/\/portalnpm.com\/?s={search_term_string}"},"query-input":"required name=search_term_string"}],"inLanguage":"pt-BR"},{"@type":"Person","@id":"https:\/\/portalnpm.com\/#\/schema\/person\/0b5f230ec96cee25504fa328e7f2b733","name":"Reda\u00e7\u00e3o","image":{"@type":"ImageObject","inLanguage":"pt-BR","@id":"https:\/\/portalnpm.com\/#\/schema\/person\/image\/","url":"https:\/\/portalnpm.com\/wp-content\/uploads\/2024\/03\/avatar_user_4_1710097212-96x96.png","contentUrl":"https:\/\/portalnpm.com\/wp-content\/uploads\/2024\/03\/avatar_user_4_1710097212-96x96.png","caption":"Reda\u00e7\u00e3o"},"url":"https:\/\/portalnpm.com\/index.php\/author\/redacao\/"}]}},"jetpack_sharing_enabled":true,"jetpack_featured_media_url":"","_links":{"self":[{"href":"https:\/\/portalnpm.com\/index.php\/wp-json\/wp\/v2\/posts\/3450"}],"collection":[{"href":"https:\/\/portalnpm.com\/index.php\/wp-json\/wp\/v2\/posts"}],"about":[{"href":"https:\/\/portalnpm.com\/index.php\/wp-json\/wp\/v2\/types\/post"}],"author":[{"embeddable":true,"href":"https:\/\/portalnpm.com\/index.php\/wp-json\/wp\/v2\/users\/4"}],"replies":[{"embeddable":true,"href":"https:\/\/portalnpm.com\/index.php\/wp-json\/wp\/v2\/comments?post=3450"}],"version-history":[{"count":0,"href":"https:\/\/portalnpm.com\/index.php\/wp-json\/wp\/v2\/posts\/3450\/revisions"}],"wp:featuredmedia":[{"embeddable":true,"href":"https:\/\/portalnpm.com\/index.php\/wp-json\/"}],"wp:attachment":[{"href":"https:\/\/portalnpm.com\/index.php\/wp-json\/wp\/v2\/media?parent=3450"}],"wp:term":[{"taxonomy":"category","embeddable":true,"href":"https:\/\/portalnpm.com\/index.php\/wp-json\/wp\/v2\/categories?post=3450"},{"taxonomy":"post_tag","embeddable":true,"href":"https:\/\/portalnpm.com\/index.php\/wp-json\/wp\/v2\/tags?post=3450"}],"curies":[{"name":"wp","href":"https:\/\/api.w.org\/{rel}","templated":true}]}}