{"id":3458,"date":"2018-12-14T14:30:22","date_gmt":"2018-12-14T16:30:22","guid":{"rendered":"http:\/\/srv.portalnpm.com.br\/?p=3458"},"modified":"2018-12-14T14:30:22","modified_gmt":"2018-12-14T16:30:22","slug":"com-renuncia-de-regina-ze-santana-assume-hoje-mandato-no-senado","status":"publish","type":"post","link":"https:\/\/portalnpm.com\/index.php\/2018\/12\/14\/com-renuncia-de-regina-ze-santana-assume-hoje-mandato-no-senado\/","title":{"rendered":"Com ren\u00fancia de Regina, Z\u00e9 Santana assume hoje mandato no Senado"},"content":{"rendered":"<p style=\"text-align: justify;\">O deputado Z\u00e9 Santana (MDB) assume nesta sexta-feira (14) a cadeira no Senado Federal, quando Regina Sousa (PT) renuncia do cargo. Ela antecipou a sa\u00edda da Casa para assumir o cargo de vice-governadora em janeiro. O parlamentar \u00e9 o segundo suplente da coliga\u00e7\u00e3o de Wellington Dias (PT) e ficar\u00e1 no cargo at\u00e9 o fim de janeiro.<\/p>\n<p style=\"text-align: justify;\">A partir da pr\u00f3xima semana Z\u00e9 Santana j\u00e1 participa das sess\u00f5es no Senado. De acordo com o deputado, em entrevista a TV local, ele e o governador Wellington Dias dever\u00e3o ter uma conversa para definir as prioridades que o parlamentar ter\u00e1 no curto tempo que ficar\u00e1 na Casa.<\/p>\n<p style=\"text-align: justify;\"><sup>Para assumir o Senado, Z\u00e9 Santana renunciou ontem (13) ao mandato de deputado estadual.\u00a0<\/sup><\/p>\n<p style=\"text-align: justify;\">\u201cVamos conversar para ver o que a gente pode fazer para conseguir ajudar o Estado, inclusive dando encaminhamento aos projetos da pr\u00f3pria senadora Regina Sousa. Mas acho importante tamb\u00e9m o or\u00e7amento da Uni\u00e3o para 2019. N\u00f3s vamos poder votar e intervir de algum modo em rela\u00e7\u00e3o ao texto para buscar trazer uma contribui\u00e7\u00e3o mais significativa para o Estado. Vamos tentar deixar uma marca positiva da nossa passagem\u201d, disse.<\/p>\n<p style=\"text-align: justify;\">Z\u00e9 Santana falou ainda que sua atua\u00e7\u00e3o principal nos mais de 40 dias no Senado ser\u00e1 a busca de recursos para o Piau\u00ed. \u201cVamos trabalhar nisso para que se desenvolva alguma obra, algum investimento, que efetivamente n\u00e3o se conclua agora, mas que se assegure os recursos para o desenvolvimento do Estado\u201d, concluiu o parlamentar.<\/p>\n<p style=\"text-align: justify;\">Para assumir a vaga de senador, Z\u00e9 Santana renunciou ao mandato de deputado. Com isso, Ant\u00f4nio F\u00e9lix assume o mandato na Assembleia Legislativa do Piau\u00ed.<\/p>\n<p style=\"text-align: justify;\"><strong>Fonte: Jornal O Dia<\/strong><\/p>\n","protected":false},"excerpt":{"rendered":"<p>O deputado Z\u00e9 Santana (MDB) assume nesta sexta-feira (14) a cadeira no Senado Federal, quando Regina Sousa (PT) renuncia do cargo. Ela antecipou a sa\u00edda da Casa para assumir o cargo de vice-governadora em janeiro. O parlamentar \u00e9 o segundo suplente da coliga\u00e7\u00e3o de Wellington Dias (PT) e ficar\u00e1 no cargo at\u00e9 o fim de &hellip;<\/p>\n","protected":false},"author":4,"featured_media":3459,"comment_status":"open","ping_status":"open","sticky":false,"template":"","format":"standard","meta":{"content-type":"","rop_custom_images_group":[],"rop_custom_messages_group":[],"rop_publish_now":"initial","rop_publish_now_accounts":{"facebook_2648258775420054_1618374048415101":""},"rop_publish_now_history":[],"rop_publish_now_status":"pending","footnotes":"","_jetpack_memberships_contains_paid_content":false},"categories":[113,130],"tags":[1721,1510,1511,1722,1723],"yoast_head":"<!-- This site is optimized with the Yoast SEO plugin v22.3 - https:\/\/yoast.com\/wordpress\/plugins\/seo\/ -->\n<title>Com ren\u00fancia de Regina, Z\u00e9 Santana assume hoje mandato no Senado - Portal NPM<\/title>\n<meta name=\"robots\" content=\"index, follow, max-snippet:-1, max-image-preview:large, max-video-preview:-1\" \/>\n<link rel=\"canonical\" href=\"https:\/\/portalnpm.com\/index.php\/2018\/12\/14\/com-renuncia-de-regina-ze-santana-assume-hoje-mandato-no-senado\/\" \/>\n<meta property=\"og:locale\" content=\"pt_BR\" \/>\n<meta property=\"og:type\" content=\"article\" \/>\n<meta property=\"og:title\" content=\"Com ren\u00fancia de Regina, Z\u00e9 Santana assume hoje mandato no Senado - Portal NPM\" \/>\n<meta property=\"og:description\" content=\"O deputado Z\u00e9 Santana (MDB) assume nesta sexta-feira (14) a cadeira no Senado Federal, quando Regina Sousa (PT) renuncia do cargo. Ela antecipou a sa\u00edda da Casa para assumir o cargo de vice-governadora em janeiro. O parlamentar \u00e9 o segundo suplente da coliga\u00e7\u00e3o de Wellington Dias (PT) e ficar\u00e1 no cargo at\u00e9 o fim de &hellip;\" \/>\n<meta property=\"og:url\" content=\"https:\/\/portalnpm.com\/index.php\/2018\/12\/14\/com-renuncia-de-regina-ze-santana-assume-hoje-mandato-no-senado\/\" \/>\n<meta property=\"og:site_name\" content=\"Portal NPM\" \/>\n<meta property=\"article:published_time\" content=\"2018-12-14T16:30:22+00:00\" \/>\n<meta name=\"author\" content=\"Reda\u00e7\u00e3o\" \/>\n<meta name=\"twitter:card\" content=\"summary_large_image\" \/>\n<meta name=\"twitter:label1\" content=\"Escrito por\" \/>\n\t<meta name=\"twitter:data1\" content=\"Reda\u00e7\u00e3o\" \/>\n\t<meta name=\"twitter:label2\" content=\"Est. tempo de leitura\" \/>\n\t<meta name=\"twitter:data2\" content=\"1 minuto\" \/>\n<script type=\"application\/ld+json\" class=\"yoast-schema-graph\">{\"@context\":\"https:\/\/schema.org\",\"@graph\":[{\"@type\":\"WebPage\",\"@id\":\"https:\/\/portalnpm.com\/index.php\/2018\/12\/14\/com-renuncia-de-regina-ze-santana-assume-hoje-mandato-no-senado\/\",\"url\":\"https:\/\/portalnpm.com\/index.php\/2018\/12\/14\/com-renuncia-de-regina-ze-santana-assume-hoje-mandato-no-senado\/\",\"name\":\"Com ren\u00fancia de Regina, Z\u00e9 Santana assume hoje mandato no Senado - Portal NPM\",\"isPartOf\":{\"@id\":\"https:\/\/portalnpm.com\/#website\"},\"primaryImageOfPage\":{\"@id\":\"https:\/\/portalnpm.com\/index.php\/2018\/12\/14\/com-renuncia-de-regina-ze-santana-assume-hoje-mandato-no-senado\/#primaryimage\"},\"image\":{\"@id\":\"https:\/\/portalnpm.com\/index.php\/2018\/12\/14\/com-renuncia-de-regina-ze-santana-assume-hoje-mandato-no-senado\/#primaryimage\"},\"thumbnailUrl\":\"\",\"datePublished\":\"2018-12-14T16:30:22+00:00\",\"dateModified\":\"2018-12-14T16:30:22+00:00\",\"author\":{\"@id\":\"https:\/\/portalnpm.com\/#\/schema\/person\/0b5f230ec96cee25504fa328e7f2b733\"},\"breadcrumb\":{\"@id\":\"https:\/\/portalnpm.com\/index.php\/2018\/12\/14\/com-renuncia-de-regina-ze-santana-assume-hoje-mandato-no-senado\/#breadcrumb\"},\"inLanguage\":\"pt-BR\",\"potentialAction\":[{\"@type\":\"ReadAction\",\"target\":[\"https:\/\/portalnpm.com\/index.php\/2018\/12\/14\/com-renuncia-de-regina-ze-santana-assume-hoje-mandato-no-senado\/\"]}]},{\"@type\":\"ImageObject\",\"inLanguage\":\"pt-BR\",\"@id\":\"https:\/\/portalnpm.com\/index.php\/2018\/12\/14\/com-renuncia-de-regina-ze-santana-assume-hoje-mandato-no-senado\/#primaryimage\",\"url\":\"\",\"contentUrl\":\"\"},{\"@type\":\"BreadcrumbList\",\"@id\":\"https:\/\/portalnpm.com\/index.php\/2018\/12\/14\/com-renuncia-de-regina-ze-santana-assume-hoje-mandato-no-senado\/#breadcrumb\",\"itemListElement\":[{\"@type\":\"ListItem\",\"position\":1,\"name\":\"In\u00edcio\",\"item\":\"https:\/\/portalnpm.com\/\"},{\"@type\":\"ListItem\",\"position\":2,\"name\":\"Com ren\u00fancia de Regina, Z\u00e9 Santana assume hoje mandato no Senado\"}]},{\"@type\":\"WebSite\",\"@id\":\"https:\/\/portalnpm.com\/#website\",\"url\":\"https:\/\/portalnpm.com\/\",\"name\":\"Portal NPM\",\"description\":\"Not\u00edcias em Primeira M\u00e3o\",\"potentialAction\":[{\"@type\":\"SearchAction\",\"target\":{\"@type\":\"EntryPoint\",\"urlTemplate\":\"https:\/\/portalnpm.com\/?s={search_term_string}\"},\"query-input\":\"required name=search_term_string\"}],\"inLanguage\":\"pt-BR\"},{\"@type\":\"Person\",\"@id\":\"https:\/\/portalnpm.com\/#\/schema\/person\/0b5f230ec96cee25504fa328e7f2b733\",\"name\":\"Reda\u00e7\u00e3o\",\"image\":{\"@type\":\"ImageObject\",\"inLanguage\":\"pt-BR\",\"@id\":\"https:\/\/portalnpm.com\/#\/schema\/person\/image\/\",\"url\":\"https:\/\/portalnpm.com\/wp-content\/uploads\/2024\/03\/avatar_user_4_1710097212-96x96.png\",\"contentUrl\":\"https:\/\/portalnpm.com\/wp-content\/uploads\/2024\/03\/avatar_user_4_1710097212-96x96.png\",\"caption\":\"Reda\u00e7\u00e3o\"},\"url\":\"https:\/\/portalnpm.com\/index.php\/author\/redacao\/\"}]}<\/script>\n<!-- \/ Yoast SEO plugin. -->","yoast_head_json":{"title":"Com ren\u00fancia de Regina, Z\u00e9 Santana assume hoje mandato no Senado - Portal NPM","robots":{"index":"index","follow":"follow","max-snippet":"max-snippet:-1","max-image-preview":"max-image-preview:large","max-video-preview":"max-video-preview:-1"},"canonical":"https:\/\/portalnpm.com\/index.php\/2018\/12\/14\/com-renuncia-de-regina-ze-santana-assume-hoje-mandato-no-senado\/","og_locale":"pt_BR","og_type":"article","og_title":"Com ren\u00fancia de Regina, Z\u00e9 Santana assume hoje mandato no Senado - Portal NPM","og_description":"O deputado Z\u00e9 Santana (MDB) assume nesta sexta-feira (14) a cadeira no Senado Federal, quando Regina Sousa (PT) renuncia do cargo. Ela antecipou a sa\u00edda da Casa para assumir o cargo de vice-governadora em janeiro. O parlamentar \u00e9 o segundo suplente da coliga\u00e7\u00e3o de Wellington Dias (PT) e ficar\u00e1 no cargo at\u00e9 o fim de &hellip;","og_url":"https:\/\/portalnpm.com\/index.php\/2018\/12\/14\/com-renuncia-de-regina-ze-santana-assume-hoje-mandato-no-senado\/","og_site_name":"Portal NPM","article_published_time":"2018-12-14T16:30:22+00:00","author":"Reda\u00e7\u00e3o","twitter_card":"summary_large_image","twitter_misc":{"Escrito por":"Reda\u00e7\u00e3o","Est. tempo de leitura":"1 minuto"},"schema":{"@context":"https:\/\/schema.org","@graph":[{"@type":"WebPage","@id":"https:\/\/portalnpm.com\/index.php\/2018\/12\/14\/com-renuncia-de-regina-ze-santana-assume-hoje-mandato-no-senado\/","url":"https:\/\/portalnpm.com\/index.php\/2018\/12\/14\/com-renuncia-de-regina-ze-santana-assume-hoje-mandato-no-senado\/","name":"Com ren\u00fancia de Regina, Z\u00e9 Santana assume hoje mandato no Senado - Portal NPM","isPartOf":{"@id":"https:\/\/portalnpm.com\/#website"},"primaryImageOfPage":{"@id":"https:\/\/portalnpm.com\/index.php\/2018\/12\/14\/com-renuncia-de-regina-ze-santana-assume-hoje-mandato-no-senado\/#primaryimage"},"image":{"@id":"https:\/\/portalnpm.com\/index.php\/2018\/12\/14\/com-renuncia-de-regina-ze-santana-assume-hoje-mandato-no-senado\/#primaryimage"},"thumbnailUrl":"","datePublished":"2018-12-14T16:30:22+00:00","dateModified":"2018-12-14T16:30:22+00:00","author":{"@id":"https:\/\/portalnpm.com\/#\/schema\/person\/0b5f230ec96cee25504fa328e7f2b733"},"breadcrumb":{"@id":"https:\/\/portalnpm.com\/index.php\/2018\/12\/14\/com-renuncia-de-regina-ze-santana-assume-hoje-mandato-no-senado\/#breadcrumb"},"inLanguage":"pt-BR","potentialAction":[{"@type":"ReadAction","target":["https:\/\/portalnpm.com\/index.php\/2018\/12\/14\/com-renuncia-de-regina-ze-santana-assume-hoje-mandato-no-senado\/"]}]},{"@type":"ImageObject","inLanguage":"pt-BR","@id":"https:\/\/portalnpm.com\/index.php\/2018\/12\/14\/com-renuncia-de-regina-ze-santana-assume-hoje-mandato-no-senado\/#primaryimage","url":"","contentUrl":""},{"@type":"BreadcrumbList","@id":"https:\/\/portalnpm.com\/index.php\/2018\/12\/14\/com-renuncia-de-regina-ze-santana-assume-hoje-mandato-no-senado\/#breadcrumb","itemListElement":[{"@type":"ListItem","position":1,"name":"In\u00edcio","item":"https:\/\/portalnpm.com\/"},{"@type":"ListItem","position":2,"name":"Com ren\u00fancia de Regina, Z\u00e9 Santana assume hoje mandato no Senado"}]},{"@type":"WebSite","@id":"https:\/\/portalnpm.com\/#website","url":"https:\/\/portalnpm.com\/","name":"Portal NPM","description":"Not\u00edcias em Primeira M\u00e3o","potentialAction":[{"@type":"SearchAction","target":{"@type":"EntryPoint","urlTemplate":"https:\/\/portalnpm.com\/?s={search_term_string}"},"query-input":"required name=search_term_string"}],"inLanguage":"pt-BR"},{"@type":"Person","@id":"https:\/\/portalnpm.com\/#\/schema\/person\/0b5f230ec96cee25504fa328e7f2b733","name":"Reda\u00e7\u00e3o","image":{"@type":"ImageObject","inLanguage":"pt-BR","@id":"https:\/\/portalnpm.com\/#\/schema\/person\/image\/","url":"https:\/\/portalnpm.com\/wp-content\/uploads\/2024\/03\/avatar_user_4_1710097212-96x96.png","contentUrl":"https:\/\/portalnpm.com\/wp-content\/uploads\/2024\/03\/avatar_user_4_1710097212-96x96.png","caption":"Reda\u00e7\u00e3o"},"url":"https:\/\/portalnpm.com\/index.php\/author\/redacao\/"}]}},"jetpack_sharing_enabled":true,"jetpack_featured_media_url":"","_links":{"self":[{"href":"https:\/\/portalnpm.com\/index.php\/wp-json\/wp\/v2\/posts\/3458"}],"collection":[{"href":"https:\/\/portalnpm.com\/index.php\/wp-json\/wp\/v2\/posts"}],"about":[{"href":"https:\/\/portalnpm.com\/index.php\/wp-json\/wp\/v2\/types\/post"}],"author":[{"embeddable":true,"href":"https:\/\/portalnpm.com\/index.php\/wp-json\/wp\/v2\/users\/4"}],"replies":[{"embeddable":true,"href":"https:\/\/portalnpm.com\/index.php\/wp-json\/wp\/v2\/comments?post=3458"}],"version-history":[{"count":0,"href":"https:\/\/portalnpm.com\/index.php\/wp-json\/wp\/v2\/posts\/3458\/revisions"}],"wp:featuredmedia":[{"embeddable":true,"href":"https:\/\/portalnpm.com\/index.php\/wp-json\/"}],"wp:attachment":[{"href":"https:\/\/portalnpm.com\/index.php\/wp-json\/wp\/v2\/media?parent=3458"}],"wp:term":[{"taxonomy":"category","embeddable":true,"href":"https:\/\/portalnpm.com\/index.php\/wp-json\/wp\/v2\/categories?post=3458"},{"taxonomy":"post_tag","embeddable":true,"href":"https:\/\/portalnpm.com\/index.php\/wp-json\/wp\/v2\/tags?post=3458"}],"curies":[{"name":"wp","href":"https:\/\/api.w.org\/{rel}","templated":true}]}}