{"id":35363,"date":"2021-07-28T19:11:43","date_gmt":"2021-07-28T22:11:43","guid":{"rendered":"https:\/\/backupnpm.codetainer.com.br\/?p=35363"},"modified":"2021-07-28T19:11:43","modified_gmt":"2021-07-28T22:11:43","slug":"bolsonaro-veta-ampliar-quimioterapia-oral-em-plano-de-saude","status":"publish","type":"post","link":"https:\/\/portalnpm.com\/index.php\/2021\/07\/28\/bolsonaro-veta-ampliar-quimioterapia-oral-em-plano-de-saude\/","title":{"rendered":"Bolsonaro veta ampliar quimioterapia oral em plano de sa\u00fade"},"content":{"rendered":"<p style=\"text-align: justify;\">\n<p style=\"text-align: justify;\">O presidente Jair Bolsonaro vetou na noite de segunda-feira a lei que obrigava planos de sa\u00fade a custear medicamentos orais para pacientes diagnosticados com c\u00e2ncer. Aprovada pelo Congresso no in\u00edcio do m\u00eas, a medida enfrentava resist\u00eancia de operadoras de sa\u00fade. Por outro lado, era defendida por entidades m\u00e9dicas, que viam mais conforto e op\u00e7\u00f5es para quem estivesse em tratamento. Essas associa\u00e7\u00f5es criticaram a decis\u00e3o do presidente<\/p>\n<p style=\"text-align: justify;\">\n<p style=\"text-align: justify;\">\n<p style=\"text-align: justify;\">Hoje, existem 59 quimioterapias orais cobertas pelos planos de sa\u00fade. O projeto abria espa\u00e7o para a oferta de pelo menos outros 23 rem\u00e9dios de quimioterapia oral a pacientes de conv\u00eanios m\u00e9dicos, como mostrou o Estad\u00e3o na semana passada. Pela proposta, as operadoras deveriam oferecer todos os tratamentos desse tipo que j\u00e1 tivessem aprova\u00e7\u00e3o da Ag\u00eancia Nacional de Vigil\u00e2ncia Sanit\u00e1ria (Anvisa).<\/p>\n<p style=\"text-align: justify;\">Pelo modelo atual &#8211; que continuar\u00e1 vigente -, \u00e9 necess\u00e1ria tamb\u00e9m a inclus\u00e3o no rol de medicamentos aprovados pela Ag\u00eancia Nacional de Sa\u00fade Suplementar (ANS) para que o plano de sa\u00fade seja obrigado a ofertar o medicamento ao paciente. Se estiver fora dessa lista, n\u00e3o h\u00e1 essa exig\u00eancia da operadora &#8211; muitos clientes acionam a Justi\u00e7a. Na \u00faltima an\u00e1lise para amplia\u00e7\u00e3o da lista de tratamentos cobertos, 12 rem\u00e9dios foram rejeitados.<\/p>\n<p style=\"text-align: justify;\">&#8220;Embora a boa inten\u00e7\u00e3o do legislador&#8221;, justificou a Subchefia para Assuntos Jur\u00eddicos da Presid\u00eancia da Rep\u00fablica, a inclus\u00e3o autom\u00e1tica dos rem\u00e9dios &#8220;contrariaria o interesse p\u00fablico por deixar de levar em conta aspectos como a previsibilidade, transpar\u00eancia e seguran\u00e7a jur\u00eddica aos atores do mercado e toda a sociedade civil&#8221;. Ainda conforme o \u00f3rg\u00e3o, haveria &#8220;inevit\u00e1vel repasse&#8221; de custos adicionais a consumidores, o que faria encarecer ainda mais os planos de sa\u00fade.<\/p>\n<p style=\"text-align: justify;\">J\u00e1 Bolsonaro disse a apoiadores ontem \u00e0 tarde que n\u00e3o havia fonte de custeio prevista para liberar a medida &#8211; embora a lei envolvesse o sistema privado. Ele deu a entender que a san\u00e7\u00e3o poderia implicar at\u00e9 em poss\u00edvel crime de responsabilidade. &#8220;Se eu sancionar, estou em curso de crime de responsabilidade. A\u00ed veto. Apanho porque vetei. Por falta de conhecimento do pessoal&#8221;, afirmou.<\/p>\n<p style=\"text-align: justify;\">&#8220;Se (Bolsonaro) tivesse lido, n\u00e3o teria vetado. O que tem a ver crime de responsabilidade com um projeto que gera zero gasto p\u00fablico?&#8221;, disse ao Estad\u00e3o o autor da lei da quimioterapia oral, o senador Jos\u00e9 Reguffe (Podemos-DF). Ele afirmou que j\u00e1 tenta articular com parlamentares a derrubada do veto.<\/p>\n<p style=\"text-align: justify;\">O fundador do Instituto Vencer o C\u00e2ncer, Fernando Maluf, refor\u00e7a que, com a san\u00e7\u00e3o do projeto, o custeio das medica\u00e7\u00f5es seria dos planos de sa\u00fade. &#8220;O governo n\u00e3o tem absolutamente nenhum preju\u00edzo, pelo contr\u00e1rio&#8221;, afirmou o m\u00e9dico. &#8220;70% dos rem\u00e9dios contra o c\u00e2ncer s\u00e3o orais. Eles tratam os 20 tumores mais comuns&#8221;, continua Maluf. Ele complementa ainda que \u00e9 &#8220;absolutamente verdadeiro o fato de que o tratamento sai mais caro&#8221;, j\u00e1 que medicamentos podem evitar que pacientes com doen\u00e7as cur\u00e1veis se tornem metast\u00e1ticos, o que resulta em eleva\u00e7\u00e3o significativa no custo do tratamento. A amplia\u00e7\u00e3o da quimioterapia oral \u00e9 &#8220;o projeto de maior impacto na oncologia do Pa\u00eds&#8221;, defendeu o especialista.<\/p>\n<p style=\"text-align: justify;\">A presidente da Sociedade Brasileira de Oncologia Cl\u00ednica (SBOC), Clarissa Mathias, diz que, com o veto ao projeto, o presidente &#8220;desconsidera que, ao menos desde a aprova\u00e7\u00e3o da Lei dos Planos de Sa\u00fade, em 1999, os medicamentos quimioter\u00e1picos de aplica\u00e7\u00e3o endovenosa s\u00e3o oferecidos pelos planos de sa\u00fade automaticamente ap\u00f3s a aprova\u00e7\u00e3o da Anvisa&#8221;. Esse era o modelo da lei aprovada pelo Legislativo. &#8220;E isso nunca afetou a oferta dos medicamentos nem o pre\u00e7o dos planos privados de sa\u00fade foi modificado, como aponta o presidente&#8221;, destaca a Clarissa .<\/p>\n<p style=\"text-align: justify;\">Professor da Faculdade de Medicina da Universidade de S\u00e3o Paulo (USP), M\u00e1rio Scheffer tamb\u00e9m lamentou. &#8220;Hoje existem antineopl\u00e1sicos de uso oral que fazem a diferen\u00e7a no tratamento &#8221; Segundo ele, no Brasil as pessoas com c\u00e2ncer, em m\u00e9dia, vivem menos do que em outros pa\u00edses justamente, entre outros motivos, pelo menor acesso a tratamentos.<\/p>\n<p style=\"text-align: justify;\"><strong>Mercado<\/strong><\/p>\n<p style=\"text-align: justify;\">Para entidades ligadas aos planos, a lei nova abria precedentes para que tratamentos fossem adotados sem an\u00e1lise de custo-efetividade, algo que afetaria a incorpora\u00e7\u00e3o de rem\u00e9dios para outras doen\u00e7as e aumentaria as mensalidades de todos os benefici\u00e1rios.<\/p>\n<p style=\"text-align: justify;\">Em nota, a Federa\u00e7\u00e3o Nacional de Sa\u00fade Suplementar (FenaSa\u00fade), representante de 15 dos maiores planos nacionais, celebrou a decis\u00e3o. &#8220;A inclus\u00e3o autom\u00e1tica prevista no projeto de lei afetaria um dos pilares do funcionamento da sa\u00fade suplementar e prejudicaria a sustentabilidade de um sistema que assiste mais de 48 milh\u00f5es de pessoas&#8221;, afirmou. As informa\u00e7\u00f5es s\u00e3o do jornal O Estado de S. Paulo.<\/p>\n<p style=\"text-align: justify;\">\n<p style=\"text-align: justify;\">\nFonte:Estad\u00e3o Conte\u00fado<\/p>\n","protected":false},"excerpt":{"rendered":"<p>O presidente Jair Bolsonaro vetou na noite de segunda-feira a lei que obrigava planos de sa\u00fade a custear medicamentos orais para pacientes diagnosticados com c\u00e2ncer. Aprovada pelo Congresso no in\u00edcio do m\u00eas, a medida enfrentava resist\u00eancia de operadoras de sa\u00fade. Por outro lado, era defendida por entidades m\u00e9dicas, que viam mais conforto e op\u00e7\u00f5es para &hellip;<\/p>\n","protected":false},"author":2,"featured_media":0,"comment_status":"open","ping_status":"open","sticky":false,"template":"","format":"standard","meta":{"content-type":"","rop_custom_images_group":[],"rop_custom_messages_group":[],"rop_publish_now":"initial","rop_publish_now_accounts":{"facebook_2648258775420054_1618374048415101":""},"rop_publish_now_history":[],"rop_publish_now_status":"pending","footnotes":"","_jetpack_memberships_contains_paid_content":false},"categories":[125],"tags":[14711,14712,14713,14714],"yoast_head":"<!-- This site is optimized with the Yoast SEO plugin v22.3 - https:\/\/yoast.com\/wordpress\/plugins\/seo\/ -->\n<title>Bolsonaro veta ampliar quimioterapia oral em plano de sa\u00fade - Portal NPM<\/title>\n<meta name=\"robots\" content=\"index, follow, max-snippet:-1, max-image-preview:large, max-video-preview:-1\" \/>\n<link rel=\"canonical\" href=\"https:\/\/portalnpm.com\/index.php\/2021\/07\/28\/bolsonaro-veta-ampliar-quimioterapia-oral-em-plano-de-saude\/\" \/>\n<meta property=\"og:locale\" content=\"pt_BR\" \/>\n<meta property=\"og:type\" content=\"article\" \/>\n<meta property=\"og:title\" content=\"Bolsonaro veta ampliar quimioterapia oral em plano de sa\u00fade - Portal NPM\" \/>\n<meta property=\"og:description\" content=\"O presidente Jair Bolsonaro vetou na noite de segunda-feira a lei que obrigava planos de sa\u00fade a custear medicamentos orais para pacientes diagnosticados com c\u00e2ncer. Aprovada pelo Congresso no in\u00edcio do m\u00eas, a medida enfrentava resist\u00eancia de operadoras de sa\u00fade. Por outro lado, era defendida por entidades m\u00e9dicas, que viam mais conforto e op\u00e7\u00f5es para &hellip;\" \/>\n<meta property=\"og:url\" content=\"https:\/\/portalnpm.com\/index.php\/2021\/07\/28\/bolsonaro-veta-ampliar-quimioterapia-oral-em-plano-de-saude\/\" \/>\n<meta property=\"og:site_name\" content=\"Portal NPM\" \/>\n<meta property=\"article:published_time\" content=\"2021-07-28T22:11:43+00:00\" \/>\n<meta name=\"author\" content=\"Genival Barbosa\" \/>\n<meta name=\"twitter:card\" content=\"summary_large_image\" \/>\n<meta name=\"twitter:label1\" content=\"Escrito por\" \/>\n\t<meta name=\"twitter:data1\" content=\"Genival Barbosa\" \/>\n\t<meta name=\"twitter:label2\" content=\"Est. tempo de leitura\" \/>\n\t<meta name=\"twitter:data2\" content=\"4 minutos\" \/>\n<script type=\"application\/ld+json\" class=\"yoast-schema-graph\">{\"@context\":\"https:\/\/schema.org\",\"@graph\":[{\"@type\":\"WebPage\",\"@id\":\"https:\/\/portalnpm.com\/index.php\/2021\/07\/28\/bolsonaro-veta-ampliar-quimioterapia-oral-em-plano-de-saude\/\",\"url\":\"https:\/\/portalnpm.com\/index.php\/2021\/07\/28\/bolsonaro-veta-ampliar-quimioterapia-oral-em-plano-de-saude\/\",\"name\":\"Bolsonaro veta ampliar quimioterapia oral em plano de sa\u00fade - Portal NPM\",\"isPartOf\":{\"@id\":\"https:\/\/portalnpm.com\/#website\"},\"datePublished\":\"2021-07-28T22:11:43+00:00\",\"dateModified\":\"2021-07-28T22:11:43+00:00\",\"author\":{\"@id\":\"https:\/\/portalnpm.com\/#\/schema\/person\/49313e563cfdefcc167f1ee4c017c294\"},\"breadcrumb\":{\"@id\":\"https:\/\/portalnpm.com\/index.php\/2021\/07\/28\/bolsonaro-veta-ampliar-quimioterapia-oral-em-plano-de-saude\/#breadcrumb\"},\"inLanguage\":\"pt-BR\",\"potentialAction\":[{\"@type\":\"ReadAction\",\"target\":[\"https:\/\/portalnpm.com\/index.php\/2021\/07\/28\/bolsonaro-veta-ampliar-quimioterapia-oral-em-plano-de-saude\/\"]}]},{\"@type\":\"BreadcrumbList\",\"@id\":\"https:\/\/portalnpm.com\/index.php\/2021\/07\/28\/bolsonaro-veta-ampliar-quimioterapia-oral-em-plano-de-saude\/#breadcrumb\",\"itemListElement\":[{\"@type\":\"ListItem\",\"position\":1,\"name\":\"In\u00edcio\",\"item\":\"https:\/\/portalnpm.com\/\"},{\"@type\":\"ListItem\",\"position\":2,\"name\":\"Bolsonaro veta ampliar quimioterapia oral em plano de sa\u00fade\"}]},{\"@type\":\"WebSite\",\"@id\":\"https:\/\/portalnpm.com\/#website\",\"url\":\"https:\/\/portalnpm.com\/\",\"name\":\"Portal NPM\",\"description\":\"Not\u00edcias em Primeira M\u00e3o\",\"potentialAction\":[{\"@type\":\"SearchAction\",\"target\":{\"@type\":\"EntryPoint\",\"urlTemplate\":\"https:\/\/portalnpm.com\/?s={search_term_string}\"},\"query-input\":\"required name=search_term_string\"}],\"inLanguage\":\"pt-BR\"},{\"@type\":\"Person\",\"@id\":\"https:\/\/portalnpm.com\/#\/schema\/person\/49313e563cfdefcc167f1ee4c017c294\",\"name\":\"Genival Barbosa\",\"image\":{\"@type\":\"ImageObject\",\"inLanguage\":\"pt-BR\",\"@id\":\"https:\/\/portalnpm.com\/#\/schema\/person\/image\/\",\"url\":\"https:\/\/portalnpm.com\/wp-content\/uploads\/2024\/02\/avatar_user_2_1707743258-96x96.jpeg\",\"contentUrl\":\"https:\/\/portalnpm.com\/wp-content\/uploads\/2024\/02\/avatar_user_2_1707743258-96x96.jpeg\",\"caption\":\"Genival Barbosa\"},\"url\":\"https:\/\/portalnpm.com\/index.php\/author\/genival\/\"}]}<\/script>\n<!-- \/ Yoast SEO plugin. -->","yoast_head_json":{"title":"Bolsonaro veta ampliar quimioterapia oral em plano de sa\u00fade - Portal NPM","robots":{"index":"index","follow":"follow","max-snippet":"max-snippet:-1","max-image-preview":"max-image-preview:large","max-video-preview":"max-video-preview:-1"},"canonical":"https:\/\/portalnpm.com\/index.php\/2021\/07\/28\/bolsonaro-veta-ampliar-quimioterapia-oral-em-plano-de-saude\/","og_locale":"pt_BR","og_type":"article","og_title":"Bolsonaro veta ampliar quimioterapia oral em plano de sa\u00fade - Portal NPM","og_description":"O presidente Jair Bolsonaro vetou na noite de segunda-feira a lei que obrigava planos de sa\u00fade a custear medicamentos orais para pacientes diagnosticados com c\u00e2ncer. Aprovada pelo Congresso no in\u00edcio do m\u00eas, a medida enfrentava resist\u00eancia de operadoras de sa\u00fade. Por outro lado, era defendida por entidades m\u00e9dicas, que viam mais conforto e op\u00e7\u00f5es para &hellip;","og_url":"https:\/\/portalnpm.com\/index.php\/2021\/07\/28\/bolsonaro-veta-ampliar-quimioterapia-oral-em-plano-de-saude\/","og_site_name":"Portal NPM","article_published_time":"2021-07-28T22:11:43+00:00","author":"Genival Barbosa","twitter_card":"summary_large_image","twitter_misc":{"Escrito por":"Genival Barbosa","Est. tempo de leitura":"4 minutos"},"schema":{"@context":"https:\/\/schema.org","@graph":[{"@type":"WebPage","@id":"https:\/\/portalnpm.com\/index.php\/2021\/07\/28\/bolsonaro-veta-ampliar-quimioterapia-oral-em-plano-de-saude\/","url":"https:\/\/portalnpm.com\/index.php\/2021\/07\/28\/bolsonaro-veta-ampliar-quimioterapia-oral-em-plano-de-saude\/","name":"Bolsonaro veta ampliar quimioterapia oral em plano de sa\u00fade - Portal NPM","isPartOf":{"@id":"https:\/\/portalnpm.com\/#website"},"datePublished":"2021-07-28T22:11:43+00:00","dateModified":"2021-07-28T22:11:43+00:00","author":{"@id":"https:\/\/portalnpm.com\/#\/schema\/person\/49313e563cfdefcc167f1ee4c017c294"},"breadcrumb":{"@id":"https:\/\/portalnpm.com\/index.php\/2021\/07\/28\/bolsonaro-veta-ampliar-quimioterapia-oral-em-plano-de-saude\/#breadcrumb"},"inLanguage":"pt-BR","potentialAction":[{"@type":"ReadAction","target":["https:\/\/portalnpm.com\/index.php\/2021\/07\/28\/bolsonaro-veta-ampliar-quimioterapia-oral-em-plano-de-saude\/"]}]},{"@type":"BreadcrumbList","@id":"https:\/\/portalnpm.com\/index.php\/2021\/07\/28\/bolsonaro-veta-ampliar-quimioterapia-oral-em-plano-de-saude\/#breadcrumb","itemListElement":[{"@type":"ListItem","position":1,"name":"In\u00edcio","item":"https:\/\/portalnpm.com\/"},{"@type":"ListItem","position":2,"name":"Bolsonaro veta ampliar quimioterapia oral em plano de sa\u00fade"}]},{"@type":"WebSite","@id":"https:\/\/portalnpm.com\/#website","url":"https:\/\/portalnpm.com\/","name":"Portal NPM","description":"Not\u00edcias em Primeira M\u00e3o","potentialAction":[{"@type":"SearchAction","target":{"@type":"EntryPoint","urlTemplate":"https:\/\/portalnpm.com\/?s={search_term_string}"},"query-input":"required name=search_term_string"}],"inLanguage":"pt-BR"},{"@type":"Person","@id":"https:\/\/portalnpm.com\/#\/schema\/person\/49313e563cfdefcc167f1ee4c017c294","name":"Genival Barbosa","image":{"@type":"ImageObject","inLanguage":"pt-BR","@id":"https:\/\/portalnpm.com\/#\/schema\/person\/image\/","url":"https:\/\/portalnpm.com\/wp-content\/uploads\/2024\/02\/avatar_user_2_1707743258-96x96.jpeg","contentUrl":"https:\/\/portalnpm.com\/wp-content\/uploads\/2024\/02\/avatar_user_2_1707743258-96x96.jpeg","caption":"Genival Barbosa"},"url":"https:\/\/portalnpm.com\/index.php\/author\/genival\/"}]}},"jetpack_sharing_enabled":true,"jetpack_featured_media_url":"","_links":{"self":[{"href":"https:\/\/portalnpm.com\/index.php\/wp-json\/wp\/v2\/posts\/35363"}],"collection":[{"href":"https:\/\/portalnpm.com\/index.php\/wp-json\/wp\/v2\/posts"}],"about":[{"href":"https:\/\/portalnpm.com\/index.php\/wp-json\/wp\/v2\/types\/post"}],"author":[{"embeddable":true,"href":"https:\/\/portalnpm.com\/index.php\/wp-json\/wp\/v2\/users\/2"}],"replies":[{"embeddable":true,"href":"https:\/\/portalnpm.com\/index.php\/wp-json\/wp\/v2\/comments?post=35363"}],"version-history":[{"count":0,"href":"https:\/\/portalnpm.com\/index.php\/wp-json\/wp\/v2\/posts\/35363\/revisions"}],"wp:attachment":[{"href":"https:\/\/portalnpm.com\/index.php\/wp-json\/wp\/v2\/media?parent=35363"}],"wp:term":[{"taxonomy":"category","embeddable":true,"href":"https:\/\/portalnpm.com\/index.php\/wp-json\/wp\/v2\/categories?post=35363"},{"taxonomy":"post_tag","embeddable":true,"href":"https:\/\/portalnpm.com\/index.php\/wp-json\/wp\/v2\/tags?post=35363"}],"curies":[{"name":"wp","href":"https:\/\/api.w.org\/{rel}","templated":true}]}}