{"id":35375,"date":"2021-07-28T19:24:37","date_gmt":"2021-07-28T22:24:37","guid":{"rendered":"https:\/\/backupnpm.codetainer.com.br\/?p=35375"},"modified":"2021-07-28T19:24:37","modified_gmt":"2021-07-28T22:24:37","slug":"bolsonaro-zera-imposto-de-exportacao-de-armas-que-sao-vendidas-para-americas-do-sul-e-central","status":"publish","type":"post","link":"https:\/\/portalnpm.com\/index.php\/2021\/07\/28\/bolsonaro-zera-imposto-de-exportacao-de-armas-que-sao-vendidas-para-americas-do-sul-e-central\/","title":{"rendered":"Bolsonaro zera imposto de exporta\u00e7\u00e3o de armas que s\u00e3o vendidas para Am\u00e9ricas do Sul e Central"},"content":{"rendered":"<header>\n<div id=\"menu-bar\" class=\"menu-bar\">\n<div class=\"container\">\n<div id=\"ra_dois\" class=\"tv-radio\" style=\"text-align: justify;\">Brasil \u2013 O Comit\u00ea Executivo de Gest\u00e3o da C\u00e2mara de Com\u00e9rcio Exterior (Gecex\/Camex) zerou o imposto de exporta\u00e7\u00e3o das armas e muni\u00e7\u00f5es brasileiras para a Am\u00e9rica do Sul e a Am\u00e9rica Central. A decis\u00e3o foi publicada na edi\u00e7\u00e3o da \u00faltima\u00a0 segunda-feira (26) do Di\u00e1rio Oficial da Uni\u00e3o (DOU).<\/div>\n<\/div>\n<\/div>\n<\/header>\n<p>&nbsp;<\/p>\n<div class=\"container post-content\">\n<p style=\"text-align: justify;\">A medida entra em vigor na pr\u00f3xima semana e anula a tarifa de exporta\u00e7\u00e3o, sob a al\u00edquota de 150% e foi decidida em uma reuni\u00e3o do comit\u00ea realizada no dia 14 de julho.<\/p>\n<p style=\"text-align: justify;\">A facilita\u00e7\u00e3o ao acesso \u00e0s armas \u00e9 pauta defendida pelo presidente Jair Bolsonaro desde sua campanha eleitoral para a presid\u00eancia. Ap\u00f3s eleito, ele chegou a editar decretos, normas e projetos encaminhados ao Congresso Nacional para facilitar o porte de armas no Brasil.<\/p>\n<p style=\"text-align: justify;\">A Camex j\u00e1 havia zerado a al\u00edquota de importa\u00e7\u00e3o para rev\u00f3lveres e pistolas desde o dia 1\u00ba de janeiro deste ano. A tarifa, at\u00e9 ent\u00e3o, era cobrada em 20%.<\/p>\n<p style=\"text-align: justify;\">Medida abrange pa\u00edses da Am\u00e9rica do Sul e da Am\u00e9rica Central.<\/p>\n<p style=\"text-align: justify;\">A flexibiliza\u00e7\u00e3o do acesso a armas \u00e9 uma das principais bandeiras do presidente\u00a0Jair Bolsonaro. Desde que assumiu a Presid\u00eancia, Bolsonaro j\u00e1 editou decretos e outras normas, al\u00e9m de projetos de lei encaminhados ao Congresso Nacional, para tornar mais f\u00e1cil o porte e a posse de armas e muni\u00e7\u00f5es no Pa\u00eds.<\/p>\n<p style=\"text-align: justify;\">Fonte:\u00a0 Portal CM7<\/p>\n<\/div>\n<p>&nbsp;<\/p>\n","protected":false},"excerpt":{"rendered":"<p>Brasil \u2013 O Comit\u00ea Executivo de Gest\u00e3o da C\u00e2mara de Com\u00e9rcio Exterior (Gecex\/Camex) zerou o imposto de exporta\u00e7\u00e3o das armas e muni\u00e7\u00f5es brasileiras para a Am\u00e9rica do Sul e a Am\u00e9rica Central. A decis\u00e3o foi publicada na edi\u00e7\u00e3o da \u00faltima\u00a0 segunda-feira (26) do Di\u00e1rio Oficial da Uni\u00e3o (DOU). &nbsp; A medida entra em vigor na &hellip;<\/p>\n","protected":false},"author":2,"featured_media":35376,"comment_status":"open","ping_status":"open","sticky":false,"template":"","format":"standard","meta":{"content-type":"","rop_custom_images_group":[],"rop_custom_messages_group":[],"rop_publish_now":"initial","rop_publish_now_accounts":{"facebook_2648258775420054_1618374048415101":""},"rop_publish_now_history":[],"rop_publish_now_status":"pending","footnotes":"","_jetpack_memberships_contains_paid_content":false},"categories":[113],"tags":[13476,1950,680,1137],"yoast_head":"<!-- This site is optimized with the Yoast SEO plugin v22.3 - https:\/\/yoast.com\/wordpress\/plugins\/seo\/ -->\n<title>Bolsonaro zera imposto de exporta\u00e7\u00e3o de armas que s\u00e3o vendidas para Am\u00e9ricas do Sul e Central - Portal NPM<\/title>\n<meta name=\"robots\" content=\"index, follow, max-snippet:-1, max-image-preview:large, max-video-preview:-1\" \/>\n<link rel=\"canonical\" href=\"https:\/\/portalnpm.com\/index.php\/2021\/07\/28\/bolsonaro-zera-imposto-de-exportacao-de-armas-que-sao-vendidas-para-americas-do-sul-e-central\/\" \/>\n<meta property=\"og:locale\" content=\"pt_BR\" \/>\n<meta property=\"og:type\" content=\"article\" \/>\n<meta property=\"og:title\" content=\"Bolsonaro zera imposto de exporta\u00e7\u00e3o de armas que s\u00e3o vendidas para Am\u00e9ricas do Sul e Central - Portal NPM\" \/>\n<meta property=\"og:description\" content=\"Brasil \u2013 O Comit\u00ea Executivo de Gest\u00e3o da C\u00e2mara de Com\u00e9rcio Exterior (Gecex\/Camex) zerou o imposto de exporta\u00e7\u00e3o das armas e muni\u00e7\u00f5es brasileiras para a Am\u00e9rica do Sul e a Am\u00e9rica Central. A decis\u00e3o foi publicada na edi\u00e7\u00e3o da \u00faltima\u00a0 segunda-feira (26) do Di\u00e1rio Oficial da Uni\u00e3o (DOU). &nbsp; A medida entra em vigor na &hellip;\" \/>\n<meta property=\"og:url\" content=\"https:\/\/portalnpm.com\/index.php\/2021\/07\/28\/bolsonaro-zera-imposto-de-exportacao-de-armas-que-sao-vendidas-para-americas-do-sul-e-central\/\" \/>\n<meta property=\"og:site_name\" content=\"Portal NPM\" \/>\n<meta property=\"article:published_time\" content=\"2021-07-28T22:24:37+00:00\" \/>\n<meta name=\"author\" content=\"Genival Barbosa\" \/>\n<meta name=\"twitter:card\" content=\"summary_large_image\" \/>\n<meta name=\"twitter:label1\" content=\"Escrito por\" \/>\n\t<meta name=\"twitter:data1\" content=\"Genival Barbosa\" \/>\n\t<meta name=\"twitter:label2\" content=\"Est. tempo de leitura\" \/>\n\t<meta name=\"twitter:data2\" content=\"1 minuto\" \/>\n<script type=\"application\/ld+json\" class=\"yoast-schema-graph\">{\"@context\":\"https:\/\/schema.org\",\"@graph\":[{\"@type\":\"WebPage\",\"@id\":\"https:\/\/portalnpm.com\/index.php\/2021\/07\/28\/bolsonaro-zera-imposto-de-exportacao-de-armas-que-sao-vendidas-para-americas-do-sul-e-central\/\",\"url\":\"https:\/\/portalnpm.com\/index.php\/2021\/07\/28\/bolsonaro-zera-imposto-de-exportacao-de-armas-que-sao-vendidas-para-americas-do-sul-e-central\/\",\"name\":\"Bolsonaro zera imposto de exporta\u00e7\u00e3o de armas que s\u00e3o vendidas para Am\u00e9ricas do Sul e Central - Portal NPM\",\"isPartOf\":{\"@id\":\"https:\/\/portalnpm.com\/#website\"},\"primaryImageOfPage\":{\"@id\":\"https:\/\/portalnpm.com\/index.php\/2021\/07\/28\/bolsonaro-zera-imposto-de-exportacao-de-armas-que-sao-vendidas-para-americas-do-sul-e-central\/#primaryimage\"},\"image\":{\"@id\":\"https:\/\/portalnpm.com\/index.php\/2021\/07\/28\/bolsonaro-zera-imposto-de-exportacao-de-armas-que-sao-vendidas-para-americas-do-sul-e-central\/#primaryimage\"},\"thumbnailUrl\":\"\",\"datePublished\":\"2021-07-28T22:24:37+00:00\",\"dateModified\":\"2021-07-28T22:24:37+00:00\",\"author\":{\"@id\":\"https:\/\/portalnpm.com\/#\/schema\/person\/49313e563cfdefcc167f1ee4c017c294\"},\"breadcrumb\":{\"@id\":\"https:\/\/portalnpm.com\/index.php\/2021\/07\/28\/bolsonaro-zera-imposto-de-exportacao-de-armas-que-sao-vendidas-para-americas-do-sul-e-central\/#breadcrumb\"},\"inLanguage\":\"pt-BR\",\"potentialAction\":[{\"@type\":\"ReadAction\",\"target\":[\"https:\/\/portalnpm.com\/index.php\/2021\/07\/28\/bolsonaro-zera-imposto-de-exportacao-de-armas-que-sao-vendidas-para-americas-do-sul-e-central\/\"]}]},{\"@type\":\"ImageObject\",\"inLanguage\":\"pt-BR\",\"@id\":\"https:\/\/portalnpm.com\/index.php\/2021\/07\/28\/bolsonaro-zera-imposto-de-exportacao-de-armas-que-sao-vendidas-para-americas-do-sul-e-central\/#primaryimage\",\"url\":\"\",\"contentUrl\":\"\"},{\"@type\":\"BreadcrumbList\",\"@id\":\"https:\/\/portalnpm.com\/index.php\/2021\/07\/28\/bolsonaro-zera-imposto-de-exportacao-de-armas-que-sao-vendidas-para-americas-do-sul-e-central\/#breadcrumb\",\"itemListElement\":[{\"@type\":\"ListItem\",\"position\":1,\"name\":\"In\u00edcio\",\"item\":\"https:\/\/portalnpm.com\/\"},{\"@type\":\"ListItem\",\"position\":2,\"name\":\"Bolsonaro zera imposto de exporta\u00e7\u00e3o de armas que s\u00e3o vendidas para Am\u00e9ricas do Sul e Central\"}]},{\"@type\":\"WebSite\",\"@id\":\"https:\/\/portalnpm.com\/#website\",\"url\":\"https:\/\/portalnpm.com\/\",\"name\":\"Portal NPM\",\"description\":\"Not\u00edcias em Primeira M\u00e3o\",\"potentialAction\":[{\"@type\":\"SearchAction\",\"target\":{\"@type\":\"EntryPoint\",\"urlTemplate\":\"https:\/\/portalnpm.com\/?s={search_term_string}\"},\"query-input\":\"required name=search_term_string\"}],\"inLanguage\":\"pt-BR\"},{\"@type\":\"Person\",\"@id\":\"https:\/\/portalnpm.com\/#\/schema\/person\/49313e563cfdefcc167f1ee4c017c294\",\"name\":\"Genival Barbosa\",\"image\":{\"@type\":\"ImageObject\",\"inLanguage\":\"pt-BR\",\"@id\":\"https:\/\/portalnpm.com\/#\/schema\/person\/image\/\",\"url\":\"https:\/\/portalnpm.com\/wp-content\/uploads\/2024\/02\/avatar_user_2_1707743258-96x96.jpeg\",\"contentUrl\":\"https:\/\/portalnpm.com\/wp-content\/uploads\/2024\/02\/avatar_user_2_1707743258-96x96.jpeg\",\"caption\":\"Genival Barbosa\"},\"url\":\"https:\/\/portalnpm.com\/index.php\/author\/genival\/\"}]}<\/script>\n<!-- \/ Yoast SEO plugin. -->","yoast_head_json":{"title":"Bolsonaro zera imposto de exporta\u00e7\u00e3o de armas que s\u00e3o vendidas para Am\u00e9ricas do Sul e Central - Portal NPM","robots":{"index":"index","follow":"follow","max-snippet":"max-snippet:-1","max-image-preview":"max-image-preview:large","max-video-preview":"max-video-preview:-1"},"canonical":"https:\/\/portalnpm.com\/index.php\/2021\/07\/28\/bolsonaro-zera-imposto-de-exportacao-de-armas-que-sao-vendidas-para-americas-do-sul-e-central\/","og_locale":"pt_BR","og_type":"article","og_title":"Bolsonaro zera imposto de exporta\u00e7\u00e3o de armas que s\u00e3o vendidas para Am\u00e9ricas do Sul e Central - Portal NPM","og_description":"Brasil \u2013 O Comit\u00ea Executivo de Gest\u00e3o da C\u00e2mara de Com\u00e9rcio Exterior (Gecex\/Camex) zerou o imposto de exporta\u00e7\u00e3o das armas e muni\u00e7\u00f5es brasileiras para a Am\u00e9rica do Sul e a Am\u00e9rica Central. A decis\u00e3o foi publicada na edi\u00e7\u00e3o da \u00faltima\u00a0 segunda-feira (26) do Di\u00e1rio Oficial da Uni\u00e3o (DOU). &nbsp; A medida entra em vigor na &hellip;","og_url":"https:\/\/portalnpm.com\/index.php\/2021\/07\/28\/bolsonaro-zera-imposto-de-exportacao-de-armas-que-sao-vendidas-para-americas-do-sul-e-central\/","og_site_name":"Portal NPM","article_published_time":"2021-07-28T22:24:37+00:00","author":"Genival Barbosa","twitter_card":"summary_large_image","twitter_misc":{"Escrito por":"Genival Barbosa","Est. tempo de leitura":"1 minuto"},"schema":{"@context":"https:\/\/schema.org","@graph":[{"@type":"WebPage","@id":"https:\/\/portalnpm.com\/index.php\/2021\/07\/28\/bolsonaro-zera-imposto-de-exportacao-de-armas-que-sao-vendidas-para-americas-do-sul-e-central\/","url":"https:\/\/portalnpm.com\/index.php\/2021\/07\/28\/bolsonaro-zera-imposto-de-exportacao-de-armas-que-sao-vendidas-para-americas-do-sul-e-central\/","name":"Bolsonaro zera imposto de exporta\u00e7\u00e3o de armas que s\u00e3o vendidas para Am\u00e9ricas do Sul e Central - Portal NPM","isPartOf":{"@id":"https:\/\/portalnpm.com\/#website"},"primaryImageOfPage":{"@id":"https:\/\/portalnpm.com\/index.php\/2021\/07\/28\/bolsonaro-zera-imposto-de-exportacao-de-armas-que-sao-vendidas-para-americas-do-sul-e-central\/#primaryimage"},"image":{"@id":"https:\/\/portalnpm.com\/index.php\/2021\/07\/28\/bolsonaro-zera-imposto-de-exportacao-de-armas-que-sao-vendidas-para-americas-do-sul-e-central\/#primaryimage"},"thumbnailUrl":"","datePublished":"2021-07-28T22:24:37+00:00","dateModified":"2021-07-28T22:24:37+00:00","author":{"@id":"https:\/\/portalnpm.com\/#\/schema\/person\/49313e563cfdefcc167f1ee4c017c294"},"breadcrumb":{"@id":"https:\/\/portalnpm.com\/index.php\/2021\/07\/28\/bolsonaro-zera-imposto-de-exportacao-de-armas-que-sao-vendidas-para-americas-do-sul-e-central\/#breadcrumb"},"inLanguage":"pt-BR","potentialAction":[{"@type":"ReadAction","target":["https:\/\/portalnpm.com\/index.php\/2021\/07\/28\/bolsonaro-zera-imposto-de-exportacao-de-armas-que-sao-vendidas-para-americas-do-sul-e-central\/"]}]},{"@type":"ImageObject","inLanguage":"pt-BR","@id":"https:\/\/portalnpm.com\/index.php\/2021\/07\/28\/bolsonaro-zera-imposto-de-exportacao-de-armas-que-sao-vendidas-para-americas-do-sul-e-central\/#primaryimage","url":"","contentUrl":""},{"@type":"BreadcrumbList","@id":"https:\/\/portalnpm.com\/index.php\/2021\/07\/28\/bolsonaro-zera-imposto-de-exportacao-de-armas-que-sao-vendidas-para-americas-do-sul-e-central\/#breadcrumb","itemListElement":[{"@type":"ListItem","position":1,"name":"In\u00edcio","item":"https:\/\/portalnpm.com\/"},{"@type":"ListItem","position":2,"name":"Bolsonaro zera imposto de exporta\u00e7\u00e3o de armas que s\u00e3o vendidas para Am\u00e9ricas do Sul e Central"}]},{"@type":"WebSite","@id":"https:\/\/portalnpm.com\/#website","url":"https:\/\/portalnpm.com\/","name":"Portal NPM","description":"Not\u00edcias em Primeira M\u00e3o","potentialAction":[{"@type":"SearchAction","target":{"@type":"EntryPoint","urlTemplate":"https:\/\/portalnpm.com\/?s={search_term_string}"},"query-input":"required name=search_term_string"}],"inLanguage":"pt-BR"},{"@type":"Person","@id":"https:\/\/portalnpm.com\/#\/schema\/person\/49313e563cfdefcc167f1ee4c017c294","name":"Genival Barbosa","image":{"@type":"ImageObject","inLanguage":"pt-BR","@id":"https:\/\/portalnpm.com\/#\/schema\/person\/image\/","url":"https:\/\/portalnpm.com\/wp-content\/uploads\/2024\/02\/avatar_user_2_1707743258-96x96.jpeg","contentUrl":"https:\/\/portalnpm.com\/wp-content\/uploads\/2024\/02\/avatar_user_2_1707743258-96x96.jpeg","caption":"Genival Barbosa"},"url":"https:\/\/portalnpm.com\/index.php\/author\/genival\/"}]}},"jetpack_sharing_enabled":true,"jetpack_featured_media_url":"","_links":{"self":[{"href":"https:\/\/portalnpm.com\/index.php\/wp-json\/wp\/v2\/posts\/35375"}],"collection":[{"href":"https:\/\/portalnpm.com\/index.php\/wp-json\/wp\/v2\/posts"}],"about":[{"href":"https:\/\/portalnpm.com\/index.php\/wp-json\/wp\/v2\/types\/post"}],"author":[{"embeddable":true,"href":"https:\/\/portalnpm.com\/index.php\/wp-json\/wp\/v2\/users\/2"}],"replies":[{"embeddable":true,"href":"https:\/\/portalnpm.com\/index.php\/wp-json\/wp\/v2\/comments?post=35375"}],"version-history":[{"count":0,"href":"https:\/\/portalnpm.com\/index.php\/wp-json\/wp\/v2\/posts\/35375\/revisions"}],"wp:featuredmedia":[{"embeddable":true,"href":"https:\/\/portalnpm.com\/index.php\/wp-json\/"}],"wp:attachment":[{"href":"https:\/\/portalnpm.com\/index.php\/wp-json\/wp\/v2\/media?parent=35375"}],"wp:term":[{"taxonomy":"category","embeddable":true,"href":"https:\/\/portalnpm.com\/index.php\/wp-json\/wp\/v2\/categories?post=35375"},{"taxonomy":"post_tag","embeddable":true,"href":"https:\/\/portalnpm.com\/index.php\/wp-json\/wp\/v2\/tags?post=35375"}],"curies":[{"name":"wp","href":"https:\/\/api.w.org\/{rel}","templated":true}]}}