{"id":3542,"date":"2018-12-17T14:16:20","date_gmt":"2018-12-17T16:16:20","guid":{"rendered":"http:\/\/srv.portalnpm.com.br\/?p=3542"},"modified":"2018-12-17T14:16:20","modified_gmt":"2018-12-17T16:16:20","slug":"w-dias-sera-diplomado-para-quarto-mandato-nesta-segunda-feira","status":"publish","type":"post","link":"https:\/\/portalnpm.com\/index.php\/2018\/12\/17\/w-dias-sera-diplomado-para-quarto-mandato-nesta-segunda-feira\/","title":{"rendered":"W. Dias ser\u00e1 diplomado para quarto mandato nesta segunda-feira"},"content":{"rendered":"<aside class=\"post-complement\">\n<div class=\"ads-pub\">\n<aside class=\"post-complement\">\n<div class=\"ads-pub\" style=\"text-align: justify;\">O governador reeleito Wellington Dias e a vice-governadora eleita, Regina Sousa, ser\u00e3o diplomados nesta segunda-feira , \u00e0s 19h. A solenidade ser\u00e1 realizada no audit\u00f3rio do Tribunal de Justi\u00e7a do Piau\u00ed (TJ-PI).<\/div>\n<\/aside>\n<div id=\"texto\" style=\"text-align: justify;\">\n<p>Na oportunidade devem ser diplomados al\u00e9m do governador e da vice-governadora, 30 deputados estaduais, 10 federais, 5 suplentes de cada coliga\u00e7\u00e3o, senadores e suplentes. Totalizando 83 candidatos a serem diplomados durante a cerim\u00f4nia.<\/p>\n<p>A cerim\u00f4nia de diploma\u00e7\u00e3o atesta que os escolhidos pelos eleitores cumpriram todas as formalidades previstas na legisla\u00e7\u00e3o eleitoral e a entrega dos diplomas confirma que os eleitos est\u00e3o aptos a tomar posse nos mandatos para os quais foram eleitos a partir de 1\u00ba de janeiro de 2019 nos termos da Constitui\u00e7\u00e3o Federal. Para receber o diploma, \u00e9 necess\u00e1rio que eleitos e suplentes estejam com o registro de candidatura deferido e as contas de campanha julgadas, n\u00e3o necessariamente aprovadas.<\/p>\n<p>O governador reeleito destaca a import\u00e2ncia da cerim\u00f4nia para os eleitos e para a sociedade. \u201cA diploma\u00e7\u00e3o \u00e9 um momento muito importante para mim, enquanto pol\u00edtico, pois mostra que toda a nossa campanha foi realizada de forma id\u00f4nea. Me sinto muito honrado em ter sido escolhido democraticamente pelo nosso povo para representar o Piau\u00ed pela quarta vez. Aqui destaco o desempenho do TRE que merece todo o nosso respeito por ter realizado de forma transparente e eficiente esse per\u00edodo eleitoral\u201d, disse Wellington Dias.<\/p>\n<p>Fonte: Meio Norte<\/p>\n<\/div>\n<p>governador reeleito Wellington Dias e a vice-governadora eleita, Regina Sousa, ser\u00e3o diplomados nesta segunda-feira , \u00e0s 19h. A solenidade ser\u00e1 realizada no audit\u00f3rio do Tribunal de Justi\u00e7a do Piau\u00ed (TJ-PI).<\/p><\/div>\n<\/aside>\n<div id=\"texto\">\n<p style=\"text-align: justify;\">Na oportunidade devem ser diplomados al\u00e9m do governador e da vice-governadora, 30 deputados estaduais, 10 federais, 5 suplentes de cada coliga\u00e7\u00e3o, senadores e suplentes. Totalizando 83 candidatos a serem diplomados durante a cerim\u00f4nia.<\/p>\n<p style=\"text-align: justify;\">A cerim\u00f4nia de diploma\u00e7\u00e3o atesta que os escolhidos pelos eleitores cumpriram todas as formalidades previstas na legisla\u00e7\u00e3o eleitoral e a entrega dos diplomas confirma que os eleitos est\u00e3o aptos a tomar posse nos mandatos para os quais foram eleitos a partir de 1\u00ba de janeiro de 2019 nos termos da Constitui\u00e7\u00e3o Federal. Para receber o diploma, \u00e9 necess\u00e1rio que eleitos e suplentes estejam com o registro de candidatura deferido e as contas de campanha julgadas, n\u00e3o necessariamente aprovadas.<\/p>\n<p style=\"text-align: justify;\">O governador reeleito destaca a import\u00e2ncia da cerim\u00f4nia para os eleitos e para a sociedade. \u201cA diploma\u00e7\u00e3o \u00e9 um momento muito importante para mim, enquanto pol\u00edtico, pois mostra que toda a nossa campanha foi realizada de forma id\u00f4nea. Me sinto muito honrado em ter sido escolhido democraticamente pelo nosso povo para representar o Piau\u00ed pela quarta vez. Aqui destaco o desempenho do TRE que merece todo o nosso respeito por ter realizado de forma transparente e eficiente esse per\u00edodo eleitoral\u201d, disse Wellington Dias.<\/p>\n<p style=\"text-align: justify;\"><strong>Fonte: Meio Norte<\/strong><\/p>\n<\/div>\n","protected":false},"excerpt":{"rendered":"<p>O governador reeleito Wellington Dias e a vice-governadora eleita, Regina Sousa, ser\u00e3o diplomados nesta segunda-feira , \u00e0s 19h. A solenidade ser\u00e1 realizada no audit\u00f3rio do Tribunal de Justi\u00e7a do Piau\u00ed (TJ-PI). Na oportunidade devem ser diplomados al\u00e9m do governador e da vice-governadora, 30 deputados estaduais, 10 federais, 5 suplentes de cada coliga\u00e7\u00e3o, senadores e suplentes. &hellip;<\/p>\n","protected":false},"author":4,"featured_media":3543,"comment_status":"open","ping_status":"open","sticky":false,"template":"","format":"standard","meta":{"content-type":"","rop_custom_images_group":[],"rop_custom_messages_group":[],"rop_publish_now":"initial","rop_publish_now_accounts":{"facebook_2648258775420054_1618374048415101":""},"rop_publish_now_history":[],"rop_publish_now_status":"pending","footnotes":"","_jetpack_memberships_contains_paid_content":false},"categories":[113,130],"tags":[1731,1732,1733,1734,1735],"yoast_head":"<!-- This site is optimized with the Yoast SEO plugin v22.3 - https:\/\/yoast.com\/wordpress\/plugins\/seo\/ -->\n<title>W. Dias ser\u00e1 diplomado para quarto mandato nesta segunda-feira - Portal NPM<\/title>\n<meta name=\"robots\" content=\"index, follow, max-snippet:-1, max-image-preview:large, max-video-preview:-1\" \/>\n<link rel=\"canonical\" href=\"https:\/\/portalnpm.com\/index.php\/2018\/12\/17\/w-dias-sera-diplomado-para-quarto-mandato-nesta-segunda-feira\/\" \/>\n<meta property=\"og:locale\" content=\"pt_BR\" \/>\n<meta property=\"og:type\" content=\"article\" \/>\n<meta property=\"og:title\" content=\"W. Dias ser\u00e1 diplomado para quarto mandato nesta segunda-feira - Portal NPM\" \/>\n<meta property=\"og:description\" content=\"O governador reeleito Wellington Dias e a vice-governadora eleita, Regina Sousa, ser\u00e3o diplomados nesta segunda-feira , \u00e0s 19h. A solenidade ser\u00e1 realizada no audit\u00f3rio do Tribunal de Justi\u00e7a do Piau\u00ed (TJ-PI). Na oportunidade devem ser diplomados al\u00e9m do governador e da vice-governadora, 30 deputados estaduais, 10 federais, 5 suplentes de cada coliga\u00e7\u00e3o, senadores e suplentes. &hellip;\" \/>\n<meta property=\"og:url\" content=\"https:\/\/portalnpm.com\/index.php\/2018\/12\/17\/w-dias-sera-diplomado-para-quarto-mandato-nesta-segunda-feira\/\" \/>\n<meta property=\"og:site_name\" content=\"Portal NPM\" \/>\n<meta property=\"article:published_time\" content=\"2018-12-17T16:16:20+00:00\" \/>\n<meta name=\"author\" content=\"Reda\u00e7\u00e3o\" \/>\n<meta name=\"twitter:card\" content=\"summary_large_image\" \/>\n<meta name=\"twitter:label1\" content=\"Escrito por\" \/>\n\t<meta name=\"twitter:data1\" content=\"Reda\u00e7\u00e3o\" \/>\n\t<meta name=\"twitter:label2\" content=\"Est. tempo de leitura\" \/>\n\t<meta name=\"twitter:data2\" content=\"2 minutos\" \/>\n<script type=\"application\/ld+json\" class=\"yoast-schema-graph\">{\"@context\":\"https:\/\/schema.org\",\"@graph\":[{\"@type\":\"WebPage\",\"@id\":\"https:\/\/portalnpm.com\/index.php\/2018\/12\/17\/w-dias-sera-diplomado-para-quarto-mandato-nesta-segunda-feira\/\",\"url\":\"https:\/\/portalnpm.com\/index.php\/2018\/12\/17\/w-dias-sera-diplomado-para-quarto-mandato-nesta-segunda-feira\/\",\"name\":\"W. Dias ser\u00e1 diplomado para quarto mandato nesta segunda-feira - Portal NPM\",\"isPartOf\":{\"@id\":\"https:\/\/portalnpm.com\/#website\"},\"primaryImageOfPage\":{\"@id\":\"https:\/\/portalnpm.com\/index.php\/2018\/12\/17\/w-dias-sera-diplomado-para-quarto-mandato-nesta-segunda-feira\/#primaryimage\"},\"image\":{\"@id\":\"https:\/\/portalnpm.com\/index.php\/2018\/12\/17\/w-dias-sera-diplomado-para-quarto-mandato-nesta-segunda-feira\/#primaryimage\"},\"thumbnailUrl\":\"\",\"datePublished\":\"2018-12-17T16:16:20+00:00\",\"dateModified\":\"2018-12-17T16:16:20+00:00\",\"author\":{\"@id\":\"https:\/\/portalnpm.com\/#\/schema\/person\/0b5f230ec96cee25504fa328e7f2b733\"},\"breadcrumb\":{\"@id\":\"https:\/\/portalnpm.com\/index.php\/2018\/12\/17\/w-dias-sera-diplomado-para-quarto-mandato-nesta-segunda-feira\/#breadcrumb\"},\"inLanguage\":\"pt-BR\",\"potentialAction\":[{\"@type\":\"ReadAction\",\"target\":[\"https:\/\/portalnpm.com\/index.php\/2018\/12\/17\/w-dias-sera-diplomado-para-quarto-mandato-nesta-segunda-feira\/\"]}]},{\"@type\":\"ImageObject\",\"inLanguage\":\"pt-BR\",\"@id\":\"https:\/\/portalnpm.com\/index.php\/2018\/12\/17\/w-dias-sera-diplomado-para-quarto-mandato-nesta-segunda-feira\/#primaryimage\",\"url\":\"\",\"contentUrl\":\"\"},{\"@type\":\"BreadcrumbList\",\"@id\":\"https:\/\/portalnpm.com\/index.php\/2018\/12\/17\/w-dias-sera-diplomado-para-quarto-mandato-nesta-segunda-feira\/#breadcrumb\",\"itemListElement\":[{\"@type\":\"ListItem\",\"position\":1,\"name\":\"In\u00edcio\",\"item\":\"https:\/\/portalnpm.com\/\"},{\"@type\":\"ListItem\",\"position\":2,\"name\":\"W. Dias ser\u00e1 diplomado para quarto mandato nesta segunda-feira\"}]},{\"@type\":\"WebSite\",\"@id\":\"https:\/\/portalnpm.com\/#website\",\"url\":\"https:\/\/portalnpm.com\/\",\"name\":\"Portal NPM\",\"description\":\"Not\u00edcias em Primeira M\u00e3o\",\"potentialAction\":[{\"@type\":\"SearchAction\",\"target\":{\"@type\":\"EntryPoint\",\"urlTemplate\":\"https:\/\/portalnpm.com\/?s={search_term_string}\"},\"query-input\":\"required name=search_term_string\"}],\"inLanguage\":\"pt-BR\"},{\"@type\":\"Person\",\"@id\":\"https:\/\/portalnpm.com\/#\/schema\/person\/0b5f230ec96cee25504fa328e7f2b733\",\"name\":\"Reda\u00e7\u00e3o\",\"image\":{\"@type\":\"ImageObject\",\"inLanguage\":\"pt-BR\",\"@id\":\"https:\/\/portalnpm.com\/#\/schema\/person\/image\/\",\"url\":\"https:\/\/portalnpm.com\/wp-content\/uploads\/2024\/03\/avatar_user_4_1710097212-96x96.png\",\"contentUrl\":\"https:\/\/portalnpm.com\/wp-content\/uploads\/2024\/03\/avatar_user_4_1710097212-96x96.png\",\"caption\":\"Reda\u00e7\u00e3o\"},\"url\":\"https:\/\/portalnpm.com\/index.php\/author\/redacao\/\"}]}<\/script>\n<!-- \/ Yoast SEO plugin. -->","yoast_head_json":{"title":"W. Dias ser\u00e1 diplomado para quarto mandato nesta segunda-feira - Portal NPM","robots":{"index":"index","follow":"follow","max-snippet":"max-snippet:-1","max-image-preview":"max-image-preview:large","max-video-preview":"max-video-preview:-1"},"canonical":"https:\/\/portalnpm.com\/index.php\/2018\/12\/17\/w-dias-sera-diplomado-para-quarto-mandato-nesta-segunda-feira\/","og_locale":"pt_BR","og_type":"article","og_title":"W. Dias ser\u00e1 diplomado para quarto mandato nesta segunda-feira - Portal NPM","og_description":"O governador reeleito Wellington Dias e a vice-governadora eleita, Regina Sousa, ser\u00e3o diplomados nesta segunda-feira , \u00e0s 19h. A solenidade ser\u00e1 realizada no audit\u00f3rio do Tribunal de Justi\u00e7a do Piau\u00ed (TJ-PI). Na oportunidade devem ser diplomados al\u00e9m do governador e da vice-governadora, 30 deputados estaduais, 10 federais, 5 suplentes de cada coliga\u00e7\u00e3o, senadores e suplentes. &hellip;","og_url":"https:\/\/portalnpm.com\/index.php\/2018\/12\/17\/w-dias-sera-diplomado-para-quarto-mandato-nesta-segunda-feira\/","og_site_name":"Portal NPM","article_published_time":"2018-12-17T16:16:20+00:00","author":"Reda\u00e7\u00e3o","twitter_card":"summary_large_image","twitter_misc":{"Escrito por":"Reda\u00e7\u00e3o","Est. tempo de leitura":"2 minutos"},"schema":{"@context":"https:\/\/schema.org","@graph":[{"@type":"WebPage","@id":"https:\/\/portalnpm.com\/index.php\/2018\/12\/17\/w-dias-sera-diplomado-para-quarto-mandato-nesta-segunda-feira\/","url":"https:\/\/portalnpm.com\/index.php\/2018\/12\/17\/w-dias-sera-diplomado-para-quarto-mandato-nesta-segunda-feira\/","name":"W. Dias ser\u00e1 diplomado para quarto mandato nesta segunda-feira - Portal NPM","isPartOf":{"@id":"https:\/\/portalnpm.com\/#website"},"primaryImageOfPage":{"@id":"https:\/\/portalnpm.com\/index.php\/2018\/12\/17\/w-dias-sera-diplomado-para-quarto-mandato-nesta-segunda-feira\/#primaryimage"},"image":{"@id":"https:\/\/portalnpm.com\/index.php\/2018\/12\/17\/w-dias-sera-diplomado-para-quarto-mandato-nesta-segunda-feira\/#primaryimage"},"thumbnailUrl":"","datePublished":"2018-12-17T16:16:20+00:00","dateModified":"2018-12-17T16:16:20+00:00","author":{"@id":"https:\/\/portalnpm.com\/#\/schema\/person\/0b5f230ec96cee25504fa328e7f2b733"},"breadcrumb":{"@id":"https:\/\/portalnpm.com\/index.php\/2018\/12\/17\/w-dias-sera-diplomado-para-quarto-mandato-nesta-segunda-feira\/#breadcrumb"},"inLanguage":"pt-BR","potentialAction":[{"@type":"ReadAction","target":["https:\/\/portalnpm.com\/index.php\/2018\/12\/17\/w-dias-sera-diplomado-para-quarto-mandato-nesta-segunda-feira\/"]}]},{"@type":"ImageObject","inLanguage":"pt-BR","@id":"https:\/\/portalnpm.com\/index.php\/2018\/12\/17\/w-dias-sera-diplomado-para-quarto-mandato-nesta-segunda-feira\/#primaryimage","url":"","contentUrl":""},{"@type":"BreadcrumbList","@id":"https:\/\/portalnpm.com\/index.php\/2018\/12\/17\/w-dias-sera-diplomado-para-quarto-mandato-nesta-segunda-feira\/#breadcrumb","itemListElement":[{"@type":"ListItem","position":1,"name":"In\u00edcio","item":"https:\/\/portalnpm.com\/"},{"@type":"ListItem","position":2,"name":"W. Dias ser\u00e1 diplomado para quarto mandato nesta segunda-feira"}]},{"@type":"WebSite","@id":"https:\/\/portalnpm.com\/#website","url":"https:\/\/portalnpm.com\/","name":"Portal NPM","description":"Not\u00edcias em Primeira M\u00e3o","potentialAction":[{"@type":"SearchAction","target":{"@type":"EntryPoint","urlTemplate":"https:\/\/portalnpm.com\/?s={search_term_string}"},"query-input":"required name=search_term_string"}],"inLanguage":"pt-BR"},{"@type":"Person","@id":"https:\/\/portalnpm.com\/#\/schema\/person\/0b5f230ec96cee25504fa328e7f2b733","name":"Reda\u00e7\u00e3o","image":{"@type":"ImageObject","inLanguage":"pt-BR","@id":"https:\/\/portalnpm.com\/#\/schema\/person\/image\/","url":"https:\/\/portalnpm.com\/wp-content\/uploads\/2024\/03\/avatar_user_4_1710097212-96x96.png","contentUrl":"https:\/\/portalnpm.com\/wp-content\/uploads\/2024\/03\/avatar_user_4_1710097212-96x96.png","caption":"Reda\u00e7\u00e3o"},"url":"https:\/\/portalnpm.com\/index.php\/author\/redacao\/"}]}},"jetpack_sharing_enabled":true,"jetpack_featured_media_url":"","_links":{"self":[{"href":"https:\/\/portalnpm.com\/index.php\/wp-json\/wp\/v2\/posts\/3542"}],"collection":[{"href":"https:\/\/portalnpm.com\/index.php\/wp-json\/wp\/v2\/posts"}],"about":[{"href":"https:\/\/portalnpm.com\/index.php\/wp-json\/wp\/v2\/types\/post"}],"author":[{"embeddable":true,"href":"https:\/\/portalnpm.com\/index.php\/wp-json\/wp\/v2\/users\/4"}],"replies":[{"embeddable":true,"href":"https:\/\/portalnpm.com\/index.php\/wp-json\/wp\/v2\/comments?post=3542"}],"version-history":[{"count":0,"href":"https:\/\/portalnpm.com\/index.php\/wp-json\/wp\/v2\/posts\/3542\/revisions"}],"wp:featuredmedia":[{"embeddable":true,"href":"https:\/\/portalnpm.com\/index.php\/wp-json\/"}],"wp:attachment":[{"href":"https:\/\/portalnpm.com\/index.php\/wp-json\/wp\/v2\/media?parent=3542"}],"wp:term":[{"taxonomy":"category","embeddable":true,"href":"https:\/\/portalnpm.com\/index.php\/wp-json\/wp\/v2\/categories?post=3542"},{"taxonomy":"post_tag","embeddable":true,"href":"https:\/\/portalnpm.com\/index.php\/wp-json\/wp\/v2\/tags?post=3542"}],"curies":[{"name":"wp","href":"https:\/\/api.w.org\/{rel}","templated":true}]}}