{"id":3551,"date":"2018-12-17T14:59:14","date_gmt":"2018-12-17T16:59:14","guid":{"rendered":"http:\/\/srv.portalnpm.com.br\/?p=3551"},"modified":"2018-12-17T14:59:14","modified_gmt":"2018-12-17T16:59:14","slug":"yamaha-faz-recall-de-mt-03-e-r3-no-brasil","status":"publish","type":"post","link":"https:\/\/portalnpm.com\/index.php\/2018\/12\/17\/yamaha-faz-recall-de-mt-03-e-r3-no-brasil\/","title":{"rendered":"Yamaha faz recall de MT-03 e R3 no Brasil"},"content":{"rendered":"<p class=\"globo-amp-article-subtitle\" style=\"text-align: justify;\">Dois defeitos podem atingir os modelos; eles afetam o radiador e o c\u00e2mbio.<\/p>\n<p style=\"text-align: justify;\">A Yamaha anunciou o\u00a0<a href=\"https:\/\/g1.globo.com\/carros\/assuntos\/recall\/\" target=\"_top\" rel=\"noopener\">recall\u00a0<\/a>das motos MT-03 e YZF-R3 por dois problemas diferentes. Os propriet\u00e1rios devem comparecer a uma concession\u00e1ria para o reparo gratuito.<\/p>\n<p style=\"text-align: justify;\"><strong>Veja os defeitos que afetam as motos:<\/strong><\/p>\n<ul class=\"content-unordered-list\" style=\"text-align: justify;\">\n<li>Modelos 2016 a 2019 &#8211; mangueira do radiador<\/li>\n<\/ul>\n<p style=\"text-align: justify;\">No comunicado, a empresa informa ter constatado que, devido a uma inconformidade na fabrica\u00e7\u00e3o da mangueira do radiador, pode ocorrer vazamento do l\u00edquido de arrefecimento do motor e, no pior dos casos, o l\u00edquido quente pode atingir o condutor ou terceiros causando ferimentos.<\/p>\n<ul class=\"content-unordered-list\" style=\"text-align: justify;\">\n<li>Modelos 2016 a 2018 &#8211; mola da alavanca de mudan\u00e7as de marcha<\/li>\n<\/ul>\n<p style=\"text-align: justify;\">Devido a uma inconformidade na fabrica\u00e7\u00e3o da mola da alavanca de mudan\u00e7a de marchas, durante a utiliza\u00e7\u00e3o da motocicleta poder\u00e1 ocorrer a quebra da referida pe\u00e7a, impossibilitando a mudan\u00e7a de marchas, prejudicando sua dirigibilidade, com risco de acidente e les\u00f5es aos usu\u00e1rios.<\/p>\n<p style=\"text-align: justify;\">Para mais informa\u00e7\u00f5es, a Yamaha disponibiliza o telefone 0800 774 3738, no hor\u00e1rio comercial, e o site www.yamaha-motor.com.br.<\/p>\n<p><img fetchpriority=\"high\" decoding=\"async\" class=\"alignnone size-medium wp-image-3553\" src=\"http:\/\/portalnpm.com.br\/wp-content\/uploads\/2018\/12\/2017-yzf-r3a-wm6-jp-3-300x224.jpg\" alt=\"\" width=\"300\" height=\"224\" \/><\/p>\n<p style=\"text-align: justify;\"><strong>Fonte: G1<\/strong><\/p>\n","protected":false},"excerpt":{"rendered":"<p>Dois defeitos podem atingir os modelos; eles afetam o radiador e o c\u00e2mbio. A Yamaha anunciou o\u00a0recall\u00a0das motos MT-03 e YZF-R3 por dois problemas diferentes. Os propriet\u00e1rios devem comparecer a uma concession\u00e1ria para o reparo gratuito. Veja os defeitos que afetam as motos: Modelos 2016 a 2019 &#8211; mangueira do radiador No comunicado, a empresa &hellip;<\/p>\n","protected":false},"author":4,"featured_media":3552,"comment_status":"open","ping_status":"open","sticky":false,"template":"","format":"standard","meta":{"content-type":"","rop_custom_images_group":[],"rop_custom_messages_group":[],"rop_publish_now":"initial","rop_publish_now_accounts":{"facebook_2648258775420054_1618374048415101":""},"rop_publish_now_history":[],"rop_publish_now_status":"pending","footnotes":"","_jetpack_memberships_contains_paid_content":false},"categories":[113,125],"tags":[674,1740,1741,1742,1743],"yoast_head":"<!-- This site is optimized with the Yoast SEO plugin v22.3 - https:\/\/yoast.com\/wordpress\/plugins\/seo\/ -->\n<title>Yamaha faz recall de MT-03 e R3 no Brasil - Portal NPM<\/title>\n<meta name=\"robots\" content=\"index, follow, max-snippet:-1, max-image-preview:large, max-video-preview:-1\" \/>\n<link rel=\"canonical\" href=\"https:\/\/portalnpm.com\/index.php\/2018\/12\/17\/yamaha-faz-recall-de-mt-03-e-r3-no-brasil\/\" \/>\n<meta property=\"og:locale\" content=\"pt_BR\" \/>\n<meta property=\"og:type\" content=\"article\" \/>\n<meta property=\"og:title\" content=\"Yamaha faz recall de MT-03 e R3 no Brasil - Portal NPM\" \/>\n<meta property=\"og:description\" content=\"Dois defeitos podem atingir os modelos; eles afetam o radiador e o c\u00e2mbio. A Yamaha anunciou o\u00a0recall\u00a0das motos MT-03 e YZF-R3 por dois problemas diferentes. Os propriet\u00e1rios devem comparecer a uma concession\u00e1ria para o reparo gratuito. Veja os defeitos que afetam as motos: Modelos 2016 a 2019 &#8211; mangueira do radiador No comunicado, a empresa &hellip;\" \/>\n<meta property=\"og:url\" content=\"https:\/\/portalnpm.com\/index.php\/2018\/12\/17\/yamaha-faz-recall-de-mt-03-e-r3-no-brasil\/\" \/>\n<meta property=\"og:site_name\" content=\"Portal NPM\" \/>\n<meta property=\"article:published_time\" content=\"2018-12-17T16:59:14+00:00\" \/>\n<meta name=\"author\" content=\"Reda\u00e7\u00e3o\" \/>\n<meta name=\"twitter:card\" content=\"summary_large_image\" \/>\n<meta name=\"twitter:label1\" content=\"Escrito por\" \/>\n\t<meta name=\"twitter:data1\" content=\"Reda\u00e7\u00e3o\" \/>\n\t<meta name=\"twitter:label2\" content=\"Est. tempo de leitura\" \/>\n\t<meta name=\"twitter:data2\" content=\"1 minuto\" \/>\n<script type=\"application\/ld+json\" class=\"yoast-schema-graph\">{\"@context\":\"https:\/\/schema.org\",\"@graph\":[{\"@type\":\"WebPage\",\"@id\":\"https:\/\/portalnpm.com\/index.php\/2018\/12\/17\/yamaha-faz-recall-de-mt-03-e-r3-no-brasil\/\",\"url\":\"https:\/\/portalnpm.com\/index.php\/2018\/12\/17\/yamaha-faz-recall-de-mt-03-e-r3-no-brasil\/\",\"name\":\"Yamaha faz recall de MT-03 e R3 no Brasil - Portal NPM\",\"isPartOf\":{\"@id\":\"https:\/\/portalnpm.com\/#website\"},\"primaryImageOfPage\":{\"@id\":\"https:\/\/portalnpm.com\/index.php\/2018\/12\/17\/yamaha-faz-recall-de-mt-03-e-r3-no-brasil\/#primaryimage\"},\"image\":{\"@id\":\"https:\/\/portalnpm.com\/index.php\/2018\/12\/17\/yamaha-faz-recall-de-mt-03-e-r3-no-brasil\/#primaryimage\"},\"thumbnailUrl\":\"\",\"datePublished\":\"2018-12-17T16:59:14+00:00\",\"dateModified\":\"2018-12-17T16:59:14+00:00\",\"author\":{\"@id\":\"https:\/\/portalnpm.com\/#\/schema\/person\/0b5f230ec96cee25504fa328e7f2b733\"},\"breadcrumb\":{\"@id\":\"https:\/\/portalnpm.com\/index.php\/2018\/12\/17\/yamaha-faz-recall-de-mt-03-e-r3-no-brasil\/#breadcrumb\"},\"inLanguage\":\"pt-BR\",\"potentialAction\":[{\"@type\":\"ReadAction\",\"target\":[\"https:\/\/portalnpm.com\/index.php\/2018\/12\/17\/yamaha-faz-recall-de-mt-03-e-r3-no-brasil\/\"]}]},{\"@type\":\"ImageObject\",\"inLanguage\":\"pt-BR\",\"@id\":\"https:\/\/portalnpm.com\/index.php\/2018\/12\/17\/yamaha-faz-recall-de-mt-03-e-r3-no-brasil\/#primaryimage\",\"url\":\"\",\"contentUrl\":\"\"},{\"@type\":\"BreadcrumbList\",\"@id\":\"https:\/\/portalnpm.com\/index.php\/2018\/12\/17\/yamaha-faz-recall-de-mt-03-e-r3-no-brasil\/#breadcrumb\",\"itemListElement\":[{\"@type\":\"ListItem\",\"position\":1,\"name\":\"In\u00edcio\",\"item\":\"https:\/\/portalnpm.com\/\"},{\"@type\":\"ListItem\",\"position\":2,\"name\":\"Yamaha faz recall de MT-03 e R3 no Brasil\"}]},{\"@type\":\"WebSite\",\"@id\":\"https:\/\/portalnpm.com\/#website\",\"url\":\"https:\/\/portalnpm.com\/\",\"name\":\"Portal NPM\",\"description\":\"Not\u00edcias em Primeira M\u00e3o\",\"potentialAction\":[{\"@type\":\"SearchAction\",\"target\":{\"@type\":\"EntryPoint\",\"urlTemplate\":\"https:\/\/portalnpm.com\/?s={search_term_string}\"},\"query-input\":\"required name=search_term_string\"}],\"inLanguage\":\"pt-BR\"},{\"@type\":\"Person\",\"@id\":\"https:\/\/portalnpm.com\/#\/schema\/person\/0b5f230ec96cee25504fa328e7f2b733\",\"name\":\"Reda\u00e7\u00e3o\",\"image\":{\"@type\":\"ImageObject\",\"inLanguage\":\"pt-BR\",\"@id\":\"https:\/\/portalnpm.com\/#\/schema\/person\/image\/\",\"url\":\"https:\/\/portalnpm.com\/wp-content\/uploads\/2024\/03\/avatar_user_4_1710097212-96x96.png\",\"contentUrl\":\"https:\/\/portalnpm.com\/wp-content\/uploads\/2024\/03\/avatar_user_4_1710097212-96x96.png\",\"caption\":\"Reda\u00e7\u00e3o\"},\"url\":\"https:\/\/portalnpm.com\/index.php\/author\/redacao\/\"}]}<\/script>\n<!-- \/ Yoast SEO plugin. -->","yoast_head_json":{"title":"Yamaha faz recall de MT-03 e R3 no Brasil - Portal NPM","robots":{"index":"index","follow":"follow","max-snippet":"max-snippet:-1","max-image-preview":"max-image-preview:large","max-video-preview":"max-video-preview:-1"},"canonical":"https:\/\/portalnpm.com\/index.php\/2018\/12\/17\/yamaha-faz-recall-de-mt-03-e-r3-no-brasil\/","og_locale":"pt_BR","og_type":"article","og_title":"Yamaha faz recall de MT-03 e R3 no Brasil - Portal NPM","og_description":"Dois defeitos podem atingir os modelos; eles afetam o radiador e o c\u00e2mbio. A Yamaha anunciou o\u00a0recall\u00a0das motos MT-03 e YZF-R3 por dois problemas diferentes. Os propriet\u00e1rios devem comparecer a uma concession\u00e1ria para o reparo gratuito. Veja os defeitos que afetam as motos: Modelos 2016 a 2019 &#8211; mangueira do radiador No comunicado, a empresa &hellip;","og_url":"https:\/\/portalnpm.com\/index.php\/2018\/12\/17\/yamaha-faz-recall-de-mt-03-e-r3-no-brasil\/","og_site_name":"Portal NPM","article_published_time":"2018-12-17T16:59:14+00:00","author":"Reda\u00e7\u00e3o","twitter_card":"summary_large_image","twitter_misc":{"Escrito por":"Reda\u00e7\u00e3o","Est. tempo de leitura":"1 minuto"},"schema":{"@context":"https:\/\/schema.org","@graph":[{"@type":"WebPage","@id":"https:\/\/portalnpm.com\/index.php\/2018\/12\/17\/yamaha-faz-recall-de-mt-03-e-r3-no-brasil\/","url":"https:\/\/portalnpm.com\/index.php\/2018\/12\/17\/yamaha-faz-recall-de-mt-03-e-r3-no-brasil\/","name":"Yamaha faz recall de MT-03 e R3 no Brasil - Portal NPM","isPartOf":{"@id":"https:\/\/portalnpm.com\/#website"},"primaryImageOfPage":{"@id":"https:\/\/portalnpm.com\/index.php\/2018\/12\/17\/yamaha-faz-recall-de-mt-03-e-r3-no-brasil\/#primaryimage"},"image":{"@id":"https:\/\/portalnpm.com\/index.php\/2018\/12\/17\/yamaha-faz-recall-de-mt-03-e-r3-no-brasil\/#primaryimage"},"thumbnailUrl":"","datePublished":"2018-12-17T16:59:14+00:00","dateModified":"2018-12-17T16:59:14+00:00","author":{"@id":"https:\/\/portalnpm.com\/#\/schema\/person\/0b5f230ec96cee25504fa328e7f2b733"},"breadcrumb":{"@id":"https:\/\/portalnpm.com\/index.php\/2018\/12\/17\/yamaha-faz-recall-de-mt-03-e-r3-no-brasil\/#breadcrumb"},"inLanguage":"pt-BR","potentialAction":[{"@type":"ReadAction","target":["https:\/\/portalnpm.com\/index.php\/2018\/12\/17\/yamaha-faz-recall-de-mt-03-e-r3-no-brasil\/"]}]},{"@type":"ImageObject","inLanguage":"pt-BR","@id":"https:\/\/portalnpm.com\/index.php\/2018\/12\/17\/yamaha-faz-recall-de-mt-03-e-r3-no-brasil\/#primaryimage","url":"","contentUrl":""},{"@type":"BreadcrumbList","@id":"https:\/\/portalnpm.com\/index.php\/2018\/12\/17\/yamaha-faz-recall-de-mt-03-e-r3-no-brasil\/#breadcrumb","itemListElement":[{"@type":"ListItem","position":1,"name":"In\u00edcio","item":"https:\/\/portalnpm.com\/"},{"@type":"ListItem","position":2,"name":"Yamaha faz recall de MT-03 e R3 no Brasil"}]},{"@type":"WebSite","@id":"https:\/\/portalnpm.com\/#website","url":"https:\/\/portalnpm.com\/","name":"Portal NPM","description":"Not\u00edcias em Primeira M\u00e3o","potentialAction":[{"@type":"SearchAction","target":{"@type":"EntryPoint","urlTemplate":"https:\/\/portalnpm.com\/?s={search_term_string}"},"query-input":"required name=search_term_string"}],"inLanguage":"pt-BR"},{"@type":"Person","@id":"https:\/\/portalnpm.com\/#\/schema\/person\/0b5f230ec96cee25504fa328e7f2b733","name":"Reda\u00e7\u00e3o","image":{"@type":"ImageObject","inLanguage":"pt-BR","@id":"https:\/\/portalnpm.com\/#\/schema\/person\/image\/","url":"https:\/\/portalnpm.com\/wp-content\/uploads\/2024\/03\/avatar_user_4_1710097212-96x96.png","contentUrl":"https:\/\/portalnpm.com\/wp-content\/uploads\/2024\/03\/avatar_user_4_1710097212-96x96.png","caption":"Reda\u00e7\u00e3o"},"url":"https:\/\/portalnpm.com\/index.php\/author\/redacao\/"}]}},"jetpack_sharing_enabled":true,"jetpack_featured_media_url":"","_links":{"self":[{"href":"https:\/\/portalnpm.com\/index.php\/wp-json\/wp\/v2\/posts\/3551"}],"collection":[{"href":"https:\/\/portalnpm.com\/index.php\/wp-json\/wp\/v2\/posts"}],"about":[{"href":"https:\/\/portalnpm.com\/index.php\/wp-json\/wp\/v2\/types\/post"}],"author":[{"embeddable":true,"href":"https:\/\/portalnpm.com\/index.php\/wp-json\/wp\/v2\/users\/4"}],"replies":[{"embeddable":true,"href":"https:\/\/portalnpm.com\/index.php\/wp-json\/wp\/v2\/comments?post=3551"}],"version-history":[{"count":0,"href":"https:\/\/portalnpm.com\/index.php\/wp-json\/wp\/v2\/posts\/3551\/revisions"}],"wp:featuredmedia":[{"embeddable":true,"href":"https:\/\/portalnpm.com\/index.php\/wp-json\/"}],"wp:attachment":[{"href":"https:\/\/portalnpm.com\/index.php\/wp-json\/wp\/v2\/media?parent=3551"}],"wp:term":[{"taxonomy":"category","embeddable":true,"href":"https:\/\/portalnpm.com\/index.php\/wp-json\/wp\/v2\/categories?post=3551"},{"taxonomy":"post_tag","embeddable":true,"href":"https:\/\/portalnpm.com\/index.php\/wp-json\/wp\/v2\/tags?post=3551"}],"curies":[{"name":"wp","href":"https:\/\/api.w.org\/{rel}","templated":true}]}}